{"id":10930,"date":"2022-11-22T09:37:30","date_gmt":"2022-11-22T12:37:30","guid":{"rendered":"https:\/\/www.auxiliadorapredial.com.br\/blog\/?p=10663"},"modified":"2022-12-26T09:38:57","modified_gmt":"2022-12-26T12:38:57","slug":"bom-fim-porto-alegre","status":"publish","type":"post","link":"https:\/\/www.auxiliadorapredial.com.br\/blog\/bom-fim-porto-alegre\/","title":{"rendered":"Bom Fim: conhe\u00e7a os encantos deste bairro de Porto Alegre"},"content":{"rendered":"<p><span style=\"font-weight: 400;\">Quem \u00e9 de Porto Alegre com certeza tem mem\u00f3rias e boas hist\u00f3rias que se passam ou envolvem de alguma forma o <\/span><b>bairro Bom Fim<\/b><span style=\"font-weight: 400;\">. <\/span><span style=\"font-weight: 400;\">A hist\u00f3ria da regi\u00e3o se mescla com a da capital ga\u00facha em muitos momentos e contribui para marcar in\u00fameras vidas porto-alegrenses.\u00a0<\/span><\/p>\n<p><span style=\"font-weight: 400;\">O \u201cqueridinho da cidade\u201d como \u00e9 chamado por alguns, mistura vida bo\u00eamia, culta e intelectual, cheio de tradi\u00e7\u00e3o, juventude e arte no mesmo lugar.\u00a0 <\/span><span style=\"font-weight: 400;\">Mas se voc\u00ea n\u00e3o \u00e9 da cidade (ainda) prepare-se para conhecer um dos melhores bairros e se apaixonar.\u00a0<\/span><\/p>\n<p><span style=\"font-weight: 400;\">Continue lendo e descubra curiosidades, lugares para visitar e pontos fortes desta regi\u00e3o em POA.<\/span><\/p>\n<p>&nbsp;<\/p>\n<p><a href=\"https:\/\/mkt.auxiliadorapredial.com.br\/bairros-poa\" target=\"_blank\" rel=\"noopener\"><img fetchpriority=\"high\" decoding=\"async\" class=\"aligncenter wp-image-10754 size-full\" src=\"https:\/\/www.auxiliadorapredial.com.br\/blog\/wp-content\/uploads\/bairros-que-valem-investimento-poa-10.png\" alt=\"Bairros que valem o investimento em Porto Alegre - Auxiliadora Predial\" width=\"967\" height=\"299\" \/><\/a><\/p>\n<p>&nbsp;<\/p>\n<div id=\"ez-toc-container\" class=\"ez-toc-v2_0_82_2 counter-hierarchy ez-toc-counter ez-toc-transparent ez-toc-container-direction\">\n<p class=\"ez-toc-title\" style=\"cursor:inherit\">Navegue pelo conte\u00fado<\/p>\n<label for=\"ez-toc-cssicon-toggle-item-69f57930c119f\" class=\"ez-toc-cssicon-toggle-label\"><span class=\"\"><span class=\"eztoc-hide\" style=\"display:none;\">Toggle<\/span><span class=\"ez-toc-icon-toggle-span\"><svg style=\"fill: #000000;color:#000000\" xmlns=\"http:\/\/www.w3.org\/2000\/svg\" class=\"list-377408\" width=\"20px\" height=\"20px\" viewBox=\"0 0 24 24\" fill=\"none\"><path d=\"M6 6H4v2h2V6zm14 0H8v2h12V6zM4 11h2v2H4v-2zm16 0H8v2h12v-2zM4 16h2v2H4v-2zm16 0H8v2h12v-2z\" fill=\"currentColor\"><\/path><\/svg><svg style=\"fill: #000000;color:#000000\" class=\"arrow-unsorted-368013\" xmlns=\"http:\/\/www.w3.org\/2000\/svg\" width=\"10px\" height=\"10px\" viewBox=\"0 0 24 24\" version=\"1.2\" baseProfile=\"tiny\"><path d=\"M18.2 9.3l-6.2-6.3-6.2 6.3c-.2.2-.3.4-.3.7s.1.5.3.7c.2.2.4.3.7.3h11c.3 0 .5-.1.7-.3.2-.2.3-.5.3-.7s-.1-.5-.3-.7zM5.8 14.7l6.2 6.3 6.2-6.3c.2-.2.3-.5.3-.7s-.1-.5-.3-.7c-.2-.2-.4-.3-.7-.3h-11c-.3 0-.5.1-.7.3-.2.2-.3.5-.3.7s.1.5.3.7z\"\/><\/svg><\/span><\/span><\/label><input type=\"checkbox\"  id=\"ez-toc-cssicon-toggle-item-69f57930c119f\"  aria-label=\"Alternar\" \/><nav><ul class='ez-toc-list ez-toc-list-level-1 ' ><li class='ez-toc-page-1 ez-toc-heading-level-2'><a class=\"ez-toc-link ez-toc-heading-1\" href=\"https:\/\/www.auxiliadorapredial.com.br\/blog\/bom-fim-porto-alegre\/#De_Campo_de_Varzea_a_Bom_Fim\" >De Campo de V\u00e1rzea a Bom Fim<\/a><\/li><li class='ez-toc-page-1 ez-toc-heading-level-2'><a class=\"ez-toc-link ez-toc-heading-2\" href=\"https:\/\/www.auxiliadorapredial.com.br\/blog\/bom-fim-porto-alegre\/#A_criacao_de_uma_identidade\" >A cria\u00e7\u00e3o de uma identidade<\/a><\/li><li class='ez-toc-page-1 ez-toc-heading-level-2'><a class=\"ez-toc-link ez-toc-heading-3\" href=\"https:\/\/www.auxiliadorapredial.com.br\/blog\/bom-fim-porto-alegre\/#O_atual_Bom_Fim_e_seus_pontos_fortes\" >O atual Bom Fim e seus pontos fortes<\/a><ul class='ez-toc-list-level-3' ><li class='ez-toc-heading-level-3'><a class=\"ez-toc-link ez-toc-heading-4\" href=\"https:\/\/www.auxiliadorapredial.com.br\/blog\/bom-fim-porto-alegre\/#Tranquilidade_e_infraestrutura\" >Tranquilidade e infraestrutura<\/a><\/li><li class='ez-toc-page-1 ez-toc-heading-level-3'><a class=\"ez-toc-link ez-toc-heading-5\" href=\"https:\/\/www.auxiliadorapredial.com.br\/blog\/bom-fim-porto-alegre\/#Comercio_diverso\" >Com\u00e9rcio diverso<\/a><\/li><li class='ez-toc-page-1 ez-toc-heading-level-3'><a class=\"ez-toc-link ez-toc-heading-6\" href=\"https:\/\/www.auxiliadorapredial.com.br\/blog\/bom-fim-porto-alegre\/#Rodeado_de_hospitais_e_instituicoes_de_ensino\" >Rodeado de hospitais e institui\u00e7\u00f5es de ensino<\/a><\/li><li class='ez-toc-page-1 ez-toc-heading-level-3'><a class=\"ez-toc-link ez-toc-heading-7\" href=\"https:\/\/www.auxiliadorapredial.com.br\/blog\/bom-fim-porto-alegre\/#Um_lugar_de_todas_as_tribos\" >Um lugar de todas as tribos<\/a><\/li><\/ul><\/li><li class='ez-toc-page-1 ez-toc-heading-level-2'><a class=\"ez-toc-link ez-toc-heading-8\" href=\"https:\/\/www.auxiliadorapredial.com.br\/blog\/bom-fim-porto-alegre\/#5_lugares_para_conhecer_a_essencia_do_bairro\" >5 lugares para conhecer a ess\u00eancia do bairro<\/a><ul class='ez-toc-list-level-3' ><li class='ez-toc-heading-level-3'><a class=\"ez-toc-link ez-toc-heading-9\" href=\"https:\/\/www.auxiliadorapredial.com.br\/blog\/bom-fim-porto-alegre\/#1_%E2%80%93_Parque_Farroupilha\" >1 &#8211; Parque Farroupilha<\/a><\/li><li class='ez-toc-page-1 ez-toc-heading-level-3'><a class=\"ez-toc-link ez-toc-heading-10\" href=\"https:\/\/www.auxiliadorapredial.com.br\/blog\/bom-fim-porto-alegre\/#2_%E2%80%93_Brique_da_Redencao\" >2 &#8211; Brique da Reden\u00e7\u00e3o<\/a><\/li><li class='ez-toc-page-1 ez-toc-heading-level-3'><a class=\"ez-toc-link ez-toc-heading-11\" href=\"https:\/\/www.auxiliadorapredial.com.br\/blog\/bom-fim-porto-alegre\/#3_%E2%80%93_Auditorio_Araujo_Viana\" >3 &#8211; Audit\u00f3rio Ara\u00fajo Viana<\/a><\/li><li class='ez-toc-page-1 ez-toc-heading-level-3'><a class=\"ez-toc-link ez-toc-heading-12\" href=\"https:\/\/www.auxiliadorapredial.com.br\/blog\/bom-fim-porto-alegre\/#4_%E2%80%93_Lancheria_do_Parque\" >4 &#8211; Lancheria do Parque<\/a><\/li><li class='ez-toc-page-1 ez-toc-heading-level-3'><a class=\"ez-toc-link ez-toc-heading-13\" href=\"https:\/\/www.auxiliadorapredial.com.br\/blog\/bom-fim-porto-alegre\/#5_%E2%80%93_Museu_da_UFRGS\" >5 &#8211; Museu da UFRGS<\/a><\/li><\/ul><\/li><li class='ez-toc-page-1 ez-toc-heading-level-2'><a class=\"ez-toc-link ez-toc-heading-14\" href=\"https:\/\/www.auxiliadorapredial.com.br\/blog\/bom-fim-porto-alegre\/#Pronto_para_morar_em_Bom_Fim_Porto_Alegre\" >Pronto para morar em Bom Fim, Porto Alegre?<\/a><\/li><\/ul><\/nav><\/div>\n<h2><span class=\"ez-toc-section\" id=\"De_Campo_de_Varzea_a_Bom_Fim\"><\/span><b>De Campo de V\u00e1rzea a Bom Fim<\/b><span class=\"ez-toc-section-end\"><\/span><\/h2>\n<p><span style=\"font-weight: 400;\">Antes de se tornar o que \u00e9 hoje, Bom Fim trilhou uma longa estrada, marcada por transforma\u00e7\u00f5es. Caminhada essa que se iniciou ainda no s\u00e9culo XIX, \u00e9poca em que era conhecido como Campo de V\u00e1rzea. A regi\u00e3o servia de casa para a col\u00f4nia africana que chegava ao pa\u00eds em consequ\u00eancia da escravid\u00e3o.<\/span><\/p>\n<p><span style=\"font-weight: 400;\">\u201cBom Fim\u201d, como esse nome, s\u00f3 ganhou vida em meados de 1870, devido \u00e0 constru\u00e7\u00e3o da capela Nosso Senhor do Bom Fim (inaugurada em 1883). Localizada em uma das principais avenidas do bairro, a Osvaldo Aranha, que tamb\u00e9m j\u00e1 teve o mesmo nome do bairro e \u00e9 popularmente chamada de \u201ccaminho do meio\u201d.\u00a0<\/span><\/p>\n<p><span style=\"font-weight: 400;\">Aos poucos, nos anos que se seguiram, a regi\u00e3o foi tomando cada vez mais forma e crescendo aos arredores. S\u00e9culos depois, a igreja que deu origem a tudo ainda existe como um dos principais pontos hist\u00f3ricos da cidade.\u00a0<\/span><\/p>\n<p>&nbsp;<\/p>\n<p><strong>Leia tamb\u00e9m:<\/strong><\/p>\n<p><a href=\"https:\/\/www.auxiliadorapredial.com.br\/blog\/menino-deus-porto-alegre\/\" target=\"_blank\" rel=\"noopener\">Menino Deus: conhe\u00e7a 7 raz\u00f5es para investir ou morar no bairro<\/a><\/p>\n<p><a href=\"https:\/\/www.auxiliadorapredial.com.br\/blog\/rio-branco-porto-alegre\/\" target=\"_blank\" rel=\"noopener\">Qualidade de vida: conhe\u00e7a o bairro Rio Branco, em Porto Alegre<\/a><\/p>\n<p><a href=\"https:\/\/www.auxiliadorapredial.com.br\/blog\/guia-cidade-baixa-porto-alegre\/\" target=\"_blank\" rel=\"noopener\">Guia de bairro: conhe\u00e7a a Cidade Baixa, em Porto Alegre<\/a><\/p>\n<p>&nbsp;<\/p>\n<h2><span class=\"ez-toc-section\" id=\"A_criacao_de_uma_identidade\"><\/span><b>A cria\u00e7\u00e3o de uma identidade<\/b><span class=\"ez-toc-section-end\"><\/span><\/h2>\n<p><span style=\"font-weight: 400;\">O ano era 1920 quando enfim o bairro Bom Fim, em Porto Alegre come\u00e7ou a construir o que viria a ser sua identidade at\u00e9 hoje. Afinal, foi nesta \u00e9poca que contou com a chegada das primeiras comunidades judaicas que se instalaram na regi\u00e3o.<\/span><\/p>\n<p><span style=\"font-weight: 400;\">De imediato, foram resid\u00eancias de arquitetura \u00fanica, pr\u00e9dios comerciais e, com isso, surgiu uma mescla entre a cultura judaica e o crescimento natural da cidade de Porto Alegre.\u00a0<\/span><\/p>\n<p><span style=\"font-weight: 400;\">Essa serviu como uma porta de entrada para diversos povoados do Brasil que migraram para o Sul. Africanos, alem\u00e3es, \u00e1rabes, judeus, entre outros. Um grande misto de culturas e hist\u00f3ria.\u00a0<\/span><\/p>\n<p><span style=\"font-weight: 400;\">Bom Fim se tornava aos poucos refer\u00eancia em autenticidade, diversidade e personalidade cultural \u00fanica e original \u00e0 \u00e9poca na capital ga\u00facha.\u00a0<\/span><\/p>\n<p>&nbsp;<\/p>\n<h2><span class=\"ez-toc-section\" id=\"O_atual_Bom_Fim_e_seus_pontos_fortes\"><\/span><b>O atual Bom Fim e seus pontos fortes<\/b><span class=\"ez-toc-section-end\"><\/span><\/h2>\n<p><span style=\"font-weight: 400;\">Entre hist\u00f3rias, mudan\u00e7as, misturas, s\u00f3 podia resultar em mais transforma\u00e7\u00e3o!\u00a0<\/span><\/p>\n<p><span style=\"font-weight: 400;\">Hoje, Bom Fim se consolidou como um dos mais antigos bairros de Porto Alegre e mant\u00e9m at\u00e9 hoje seus tra\u00e7os \u00fanicos que o tornam especial aos olhos de quem o v\u00ea.\u00a0<\/span><\/p>\n<p><span style=\"font-weight: 400;\">Como toda beleza, \u00e9 poss\u00edvel ressaltar seus pontos fortes, separamos aqui os principais da regi\u00e3o.<\/span><\/p>\n<p>&nbsp;<\/p>\n<h3><span class=\"ez-toc-section\" id=\"Tranquilidade_e_infraestrutura\"><\/span><span style=\"font-weight: 400;\">Tranquilidade e infraestrutura<\/span><span class=\"ez-toc-section-end\"><\/span><\/h3>\n<p><span style=\"font-weight: 400;\">Uma das marcas do bairro \u00e9 justamente a tranquilidade e infraestrutura dispon\u00edvel para seus moradores. Parte da zona central de Porto Alegre fornece de tudo a poucos metros de dist\u00e2ncia.\u00a0<\/span><\/p>\n<p><span style=\"font-weight: 400;\">Ruas arborizadas, vizinhan\u00e7a em pleno equil\u00edbrio entre paz e sossego. Parques, pra\u00e7as e diversos espa\u00e7os para manuten\u00e7\u00e3o da qualidade de vida tamb\u00e9m. Tudo isso \u00e9 bem f\u00e1cil de encontrar a poucos passos. Leia mais na se\u00e7\u00e3o de lugares para visitar logo abaixo.<\/span><\/p>\n<p>&nbsp;<\/p>\n<h3><span class=\"ez-toc-section\" id=\"Comercio_diverso\"><\/span><span style=\"font-weight: 400;\">Com\u00e9rcio diverso<\/span><span class=\"ez-toc-section-end\"><\/span><\/h3>\n<p><span style=\"font-weight: 400;\">Como parte de uma excelente infraestrutura n\u00e3o podemos deixar de citar o com\u00e9rcio pela riqueza de diversidade e novidades a todo momento. S\u00e3o in\u00fameros centros comerciais, shoppings, supermercados, lojas de rua e muito mais. Os moradores podem ir \u00e0s compras de forma r\u00e1pida e eficiente, sem exigir muita locomo\u00e7\u00e3o.\u00a0<\/span><\/p>\n<p><span style=\"font-weight: 400;\">Dentre as op\u00e7\u00f5es de com\u00e9rcio temos o hist\u00f3rico Mercado do Bom Fim que, desde 1928 (reinaugurado em 2000), traz diversas op\u00e7\u00f5es. Dentre elas, bares, floriculturas, lojas de artesanato, petshop, cafeterias e muito mais.<\/span><\/p>\n<p>&nbsp;<\/p>\n<p><img decoding=\"async\" class=\"aligncenter wp-image-10665 size-full\" src=\"https:\/\/www.auxiliadorapredial.com.br\/blog\/wp-content\/uploads\/bom-fim-porto-alegre-1.webp\" alt=\"Bom Fim: conhe\u00e7a os encantos deste bairro de Porto Alegre\" width=\"900\" height=\"600\" \/><\/p>\n<p>&nbsp;<\/p>\n<h3><span class=\"ez-toc-section\" id=\"Rodeado_de_hospitais_e_instituicoes_de_ensino\"><\/span><span style=\"font-weight: 400;\">Rodeado de hospitais e institui\u00e7\u00f5es de ensino<\/span><span class=\"ez-toc-section-end\"><\/span><\/h3>\n<p><span style=\"font-weight: 400;\">Esse talvez seja um dos principais motivos pela alta procura imobili\u00e1ria pelo bairro. Com sua localiza\u00e7\u00e3o central privilegiada, \u00e9 rodeado de hospitais, escolas e faculdades. Dentre os principais podemos citar:\u00a0<\/span><\/p>\n<ul>\n<li style=\"font-weight: 400;\" aria-level=\"1\"><span style=\"font-weight: 400;\">Hospital de Pronto Socorro de Porto Alegre;<\/span><\/li>\n<li style=\"font-weight: 400;\" aria-level=\"1\"><span style=\"font-weight: 400;\">Hospital F\u00eamina;<\/span><\/li>\n<li style=\"font-weight: 400;\" aria-level=\"1\"><span style=\"font-weight: 400;\">Hospital Materno Infantil Presidente Vargas;<\/span><\/li>\n<li style=\"font-weight: 400;\" aria-level=\"1\"><span style=\"font-weight: 400;\">Complexo Hospitalar da Santa Casa de Miseric\u00f3rdia de Porto Alegre;<\/span><\/li>\n<li style=\"font-weight: 400;\" aria-level=\"1\"><span style=\"font-weight: 400;\">Hospital de Cl\u00ednicas de Porto Alegre;<\/span><\/li>\n<li style=\"font-weight: 400;\" aria-level=\"1\"><span style=\"font-weight: 400;\">Universidade Federal do Rio Grande do Sul;<\/span><\/li>\n<li style=\"font-weight: 400;\" aria-level=\"1\"><span style=\"font-weight: 400;\">Instituto de Educa\u00e7\u00e3o General Flores da Cunha;<\/span><\/li>\n<li style=\"font-weight: 400;\" aria-level=\"1\"><span style=\"font-weight: 400;\">Col\u00e9gio Marista Ros\u00e1rio;<\/span><\/li>\n<li style=\"font-weight: 400;\" aria-level=\"1\"><span style=\"font-weight: 400;\">Fleming Medicina.<\/span><\/li>\n<\/ul>\n<p>&nbsp;<\/p>\n<p><img decoding=\"async\" class=\"aligncenter wp-image-10666 size-full\" src=\"https:\/\/www.auxiliadorapredial.com.br\/blog\/wp-content\/uploads\/bom-fim-porto-alegre-3.webp\" alt=\"Bom Fim: conhe\u00e7a os encantos deste bairro de Porto Alegre\" width=\"900\" height=\"600\" \/><\/p>\n<p>&nbsp;<\/p>\n<h3><span class=\"ez-toc-section\" id=\"Um_lugar_de_todas_as_tribos\"><\/span><span style=\"font-weight: 400;\">Um lugar de todas as tribos<\/span><span class=\"ez-toc-section-end\"><\/span><\/h3>\n<p><span style=\"font-weight: 400;\">Como j\u00e1 falamos, Bom Fim, desde os prim\u00f3rdios, foi casa de muitas culturas e isso se reflete at\u00e9 hoje.Por essa raz\u00e3o \u00e9 uma parte da capital ga\u00facha reconhecida por ser acolhedora a todas as tribos, por englobar m\u00faltiplas culturas e transformar tudo em um ambiente confort\u00e1vel a todos.\u00a0<\/span><\/p>\n<p><span style=\"font-weight: 400;\">Portanto, se voc\u00ea busca aconchego e liberdade, Bom Fim \u00e9 o lugar! Tradicional e moderno na mesma medida, re\u00fane artistas de diversas cenas resultando em um \u00f3timo contato com a arte em geral.<\/span><\/p>\n<p>&nbsp;<\/p>\n<h2><span class=\"ez-toc-section\" id=\"5_lugares_para_conhecer_a_essencia_do_bairro\"><\/span><b>5 lugares para conhecer a ess\u00eancia do bairro<\/b><span class=\"ez-toc-section-end\"><\/span><\/h2>\n<p><span style=\"font-weight: 400;\">Conhecer um pouco da hist\u00f3ria do bairro e as raz\u00f5es pelas quais ele \u00e9 o que \u00e9 hoje, \u00e9 fundamental, assim como descobrir os lugares que despertam a verdadeira ess\u00eancia.\u00a0<\/span><\/p>\n<p><span style=\"font-weight: 400;\">Mergulhe nas ra\u00edzes de Bom Fim, em Porto Alegre. Separamos 5 experi\u00eancias que ir\u00e3o te ajudar!<\/span><\/p>\n<p>&nbsp;<\/p>\n<h3><span class=\"ez-toc-section\" id=\"1_%E2%80%93_Parque_Farroupilha\"><\/span><span style=\"font-weight: 400;\">1 &#8211; Parque Farroupilha <\/span><span class=\"ez-toc-section-end\"><\/span><\/h3>\n<p><span style=\"font-weight: 400;\">A primeira coisa que vem \u00e0 mente de quem conhece Bom Fim com certeza \u00e9 o Parque da Farroupilha. Isso porque, al\u00e9m de hist\u00f3rico, \u00e9 um dos pontos de encontro mais importantes dos porto-alegrenses.\u00a0<\/span><\/p>\n<p><span style=\"font-weight: 400;\">Tamb\u00e9m conhecido como Parque Reden\u00e7\u00e3o, existe na cidade desde 24 de outubro de 1807, e de l\u00e1 para c\u00e1 teve in\u00fameros nomes, dentre eles:\u00a0<\/span><\/p>\n<ul>\n<li style=\"font-weight: 400;\" aria-level=\"1\"><span style=\"font-weight: 400;\">Potreiro da V\u00e1rzea;<\/span><\/li>\n<li style=\"font-weight: 400;\" aria-level=\"1\"><span style=\"font-weight: 400;\">Campos do Bom Fim.<\/span><\/li>\n<\/ul>\n<p>&nbsp;<\/p>\n<p><span style=\"font-weight: 400;\">At\u00e9 que em 1884 passou a ser chamado de Campos de Reden\u00e7\u00e3o, em homenagem \u00e0 liberta\u00e7\u00e3o dos escravos na \u00e9poca. Foi ent\u00e3o que, em 1935, devido \u00e0 exposi\u00e7\u00e3o que celebrava o centen\u00e1rio da Revolu\u00e7\u00e3o Farroupilha, o parque mudou de nome, levando ent\u00e3o o nome do marco hist\u00f3rico.\u00a0<\/span><\/p>\n<p><span style=\"font-weight: 400;\">Hoje, o parque engloba diversas op\u00e7\u00f5es de lazer. Parque de divers\u00f5es, passeios de pedalinho, feira ecol\u00f3gica, al\u00e9m de nos contemplar com belas paisagens de seus jardins de m\u00faltiplas culturas, como europeu e oriental que existem desde 1941.\u00a0<\/span><\/p>\n<p><span style=\"font-weight: 400;\">Conta tamb\u00e9m com recantos de orqu\u00eddeas, espelho d\u2019\u00e1gua, 38 monumentos, cerca de 10 mil \u00e1rvores de esp\u00e9cies como:\u00a0<\/span><\/p>\n<ul>\n<li style=\"font-weight: 400;\" aria-level=\"1\"><span style=\"font-weight: 400;\">Chal-chal;<\/span><\/li>\n<li style=\"font-weight: 400;\" aria-level=\"1\"><span style=\"font-weight: 400;\">Pitangueira;<\/span><\/li>\n<li style=\"font-weight: 400;\" aria-level=\"1\"><span style=\"font-weight: 400;\">Paineira;<\/span><\/li>\n<li style=\"font-weight: 400;\" aria-level=\"1\"><span style=\"font-weight: 400;\">Tipuana;<\/span><\/li>\n<li style=\"font-weight: 400;\" aria-level=\"1\"><span style=\"font-weight: 400;\">Coc\u00e3o;<\/span><\/li>\n<li style=\"font-weight: 400;\" aria-level=\"1\"><span style=\"font-weight: 400;\">Jacarand\u00e1;<\/span><\/li>\n<li style=\"font-weight: 400;\" aria-level=\"1\"><span style=\"font-weight: 400;\">Ip\u00ea-roxo;<\/span><\/li>\n<li style=\"font-weight: 400;\" aria-level=\"1\"><span style=\"font-weight: 400;\">Cipreste.\u00a0<\/span><\/li>\n<\/ul>\n<p><span style=\"font-weight: 400;\">S\u00e3o mais de 37,51 hectares de \u00e1rea preservada para aproveitar!\u00a0<\/span><\/p>\n<p>&nbsp;<\/p>\n<p><img loading=\"lazy\" decoding=\"async\" class=\"aligncenter wp-image-10667 size-full\" src=\"https:\/\/www.auxiliadorapredial.com.br\/blog\/wp-content\/uploads\/bom-fim-porto-alegre-2.webp\" alt=\"Bom Fim: conhe\u00e7a os encantos deste bairro de Porto Alegre\" width=\"900\" height=\"600\" \/><\/p>\n<p>&nbsp;<\/p>\n<h3><span class=\"ez-toc-section\" id=\"2_%E2%80%93_Brique_da_Redencao\"><\/span><span style=\"font-weight: 400;\">2 &#8211; Brique da Reden\u00e7\u00e3o<\/span><span class=\"ez-toc-section-end\"><\/span><\/h3>\n<p><span style=\"font-weight: 400;\">Criado em 1978 e desde 1997 tombado como patrim\u00f4nio hist\u00f3rico, cultural, natural e paisag\u00edstico de POA, o Brique da Reden\u00e7\u00e3o fica dentro do Parque Farroupilha.\u00a0<\/span><\/p>\n<p><span style=\"font-weight: 400;\">Uma tradicional feira a c\u00e9u aberto todos os domingos. S\u00e3o cerca de 300 expositores divididos em diversos setores como artesanato, alimentos, artistas pl\u00e1sticos, etc.<\/span><\/p>\n<p><span style=\"font-weight: 400;\">O objetivo \u00e9 manter um espa\u00e7o para que produtores locais, artes\u00e3os e artistas possam mostrar seus trabalhos. Tudo isso em um ambiente agrad\u00e1vel que gera momentos de qualidade a todos.<\/span><\/p>\n<p><span style=\"font-weight: 400;\">\u00c9 uma boa pedida para um domingo de manh\u00e3 no parque! Saiba mais sobre o Brique na p\u00e1gina oficial, <\/span><a href=\"https:\/\/briquedaredencao.com.br\/institucional\/\" target=\"_blank\" rel=\"noopener\"><span style=\"font-weight: 400;\">clique aqui.<\/span><\/a><\/p>\n<h3><\/h3>\n<p>&nbsp;<\/p>\n<h3><span class=\"ez-toc-section\" id=\"3_%E2%80%93_Auditorio_Araujo_Viana\"><\/span><span style=\"font-weight: 400;\">3 &#8211; Audit\u00f3rio Ara\u00fajo Viana<\/span><span class=\"ez-toc-section-end\"><\/span><\/h3>\n<p><span style=\"font-weight: 400;\">Tamb\u00e9m localizado nas depend\u00eancias do Parque Farroupilha, o Audit\u00f3rio Ara\u00fajo Viana \u00e9 palco de diversos shows, pe\u00e7as e eventos nacionais e internacionais.\u00a0<\/span><\/p>\n<p><span style=\"font-weight: 400;\">Grandes personalidades j\u00e1 passaram e ainda passam por l\u00e1. Inaugurado em 1927 e remodelado na d\u00e9cada de 60, \u00e9 hoje patrim\u00f4nio hist\u00f3rico e cultural de POA.\u00a0<\/span><\/p>\n<p><span style=\"font-weight: 400;\">Portanto, se voc\u00ea gosta de uma boa dose de arte e cultura, esse \u00e9 o lugar. Agora imagina morar a poucos minutos de tudo isso? Parece um sonho, mas que pode ser realidade!<\/span><\/p>\n<p>&nbsp;<\/p>\n<h3><span class=\"ez-toc-section\" id=\"4_%E2%80%93_Lancheria_do_Parque\"><\/span><span style=\"font-weight: 400;\">4 &#8211; Lancheria do Parque <\/span><span class=\"ez-toc-section-end\"><\/span><\/h3>\n<p><span style=\"font-weight: 400;\">Se o objetivo \u00e9 realmente sentir a ess\u00eancia de Bom Fim, n\u00e3o pode faltar um suco e um lanche na Lancheria do Parque, n\u00e9?\u00a0<\/span><\/p>\n<p><span style=\"font-weight: 400;\">Com pontua\u00e7\u00e3o 4,5\/5 em sites de avalia\u00e7\u00f5es \u00e9 o local certo para quem deseja encontrar sabor caseiro por um pre\u00e7o justo.<\/span><\/p>\n<p><span style=\"font-weight: 400;\">Se voc\u00ea pensa em se mudar para Bom Fim a chance de conhecer mais sobre a rotina local \u00e9 agora! A localiza\u00e7\u00e3o \u00e9 bem em frente ao Parque, \u00f3tima parada ap\u00f3s um passeio.\u00a0<\/span><\/p>\n<p>&nbsp;<\/p>\n<h3><span class=\"ez-toc-section\" id=\"5_%E2%80%93_Museu_da_UFRGS\"><\/span><span style=\"font-weight: 400;\">5 &#8211; Museu da UFRGS<\/span><span class=\"ez-toc-section-end\"><\/span><\/h3>\n<p><span style=\"font-weight: 400;\">N\u00e3o poder\u00edamos terminar essa lista sem falar de museus, e o da UFRGS \u00e9 um ponto obrigat\u00f3rio para conhecer a regi\u00e3o.\u00a0<\/span><\/p>\n<p><span style=\"font-weight: 400;\">Criado em 1984, o Museu da UFRGS oferece diversas exposi\u00e7\u00f5es, projetos e a\u00e7\u00f5es elaboradas a fim de difundir o patrim\u00f4nio cultural da universidade. Sempre voltado para todos os p\u00fablicos, aborda pesquisas e discuss\u00f5es tem\u00e1ticas e relevantes para o contexto social.<\/span><\/p>\n<p>&nbsp;<\/p>\n<h2><span class=\"ez-toc-section\" id=\"Pronto_para_morar_em_Bom_Fim_Porto_Alegre\"><\/span><b>Pronto para morar em Bom Fim, Porto Alegre?<\/b><span class=\"ez-toc-section-end\"><\/span><\/h2>\n<p><span style=\"font-weight: 400;\">Sabemos que tomar a decis\u00e3o de mudar de cidade, bairro, estado ou at\u00e9 mesmo pa\u00eds n\u00e3o \u00e9 f\u00e1cil.\u00a0<\/span><\/p>\n<p><span style=\"font-weight: 400;\">Mas se voc\u00ea chegou at\u00e9 aqui e ainda n\u00e3o se convenceu de que Bom Fim \u00e9 o melhor destino, que tal falarmos um pouco mais de Porto Alegre?\u00a0<\/span><\/p>\n<p><span style=\"font-weight: 400;\">No auge de seus 250 anos, POA segue firme, mesclando inova\u00e7\u00e3o e uma pitada eterna de uma boa hist\u00f3ria e tradi\u00e7\u00e3o. Em regi\u00f5es centrais, assim como a de Bom Fim, \u00e9 poss\u00edvel notar as heran\u00e7as arquitet\u00f4nicas em uma cidade que tem muito a contar.\u00a0<\/span><\/p>\n<p><span style=\"font-weight: 400;\">Constru\u00e7\u00f5es t\u00edpicas do s\u00e9culo XVIII dividindo espa\u00e7o com a contemporaneidade, traz a acessibilidade de uma metr\u00f3pole e a ess\u00eancia de um munic\u00edpio hist\u00f3rico. <\/span><span style=\"font-weight: 400;\">Tudo para receber pessoas de diversos lugares do Brasil e do mundo que busquem o melhor dos dois mundos.\u00a0<\/span><\/p>\n<p>&nbsp;<\/p>\n<p><span style=\"font-weight: 400;\">Pensando nisso, que tal explorar mais o que a capital ga\u00facha tem para oferecer? Veja as op\u00e7\u00f5es dispon\u00edveis para <\/span><a href=\"https:\/\/www.auxiliadorapredial.com.br\/alugar\/residencial\/rs+porto-alegre+bom-fim\" target=\"_blank\" rel=\"noopener\"><b>alugar<\/b><\/a><span style=\"font-weight: 400;\"> ou <\/span><a href=\"https:\/\/www.auxiliadorapredial.com.br\/comprar\/residencial\/rs+porto-alegre+bom-fim\" target=\"_blank\" rel=\"noopener\"><b>comprar im\u00f3vel em Bom Fim<\/b><\/a><span style=\"font-weight: 400;\">.<\/span><\/p>\n","protected":false},"excerpt":{"rendered":"<p>Aqui, elencamos as curiosidades, lugares para visitar e pontos fortes de Bom Fim, Porto Alegre. Clique para saber mais!<\/p>\n","protected":false},"author":2,"featured_media":11161,"comment_status":"open","ping_status":"open","sticky":false,"template":"","format":"standard","meta":{"footnotes":""},"categories":[309],"tags":[672,673,674,57],"class_list":["post-10930","post","type-post","status-publish","format-standard","has-post-thumbnail","hentry","category-morar-bem","tag-bom-fim","tag-bom-fim-porto-alegre","tag-morar-em-bom-fim","tag-porto-alegre"],"yoast_head":"<!-- This site is optimized with the Yoast SEO plugin v27.3 - https:\/\/yoast.com\/product\/yoast-seo-wordpress\/ -->\n<title>Bom Fim: conhe\u00e7a os encantos deste bairro de Porto Alegre<\/title>\n<meta name=\"description\" content=\"Aqui, elencamos as curiosidades, lugares para visitar e pontos fortes de Bom Fim, Porto Alegre. Clique para saber mais!\" \/>\n<meta name=\"robots\" content=\"index, follow, max-snippet:-1, max-image-preview:large, max-video-preview:-1\" \/>\n<link rel=\"canonical\" href=\"https:\/\/www.auxiliadorapredial.com.br\/blog\/bom-fim-porto-alegre\/\" \/>\n<meta property=\"og:locale\" content=\"pt_BR\" \/>\n<meta property=\"og:type\" content=\"article\" \/>\n<meta property=\"og:title\" content=\"Bom Fim: conhe\u00e7a os encantos deste bairro de Porto Alegre\" \/>\n<meta property=\"og:description\" content=\"Aqui, elencamos as curiosidades, lugares para visitar e pontos fortes de Bom Fim, Porto Alegre. Clique para saber mais!\" \/>\n<meta property=\"og:url\" content=\"https:\/\/www.auxiliadorapredial.com.br\/blog\/bom-fim-porto-alegre\/\" \/>\n<meta property=\"og:site_name\" content=\"Blog da Auxiliadora Predial - Tudo sobre im\u00f3veis e condom\u00ednios\" \/>\n<meta property=\"article:published_time\" content=\"2022-11-22T12:37:30+00:00\" \/>\n<meta property=\"article:modified_time\" content=\"2022-12-26T12:38:57+00:00\" \/>\n<meta property=\"og:image\" content=\"https:\/\/www.auxiliadorapredial.com.br\/blog\/wp-content\/uploads\/bom-fim-porto-alegre-2-2-pyuzfuy85khu1nci8cq5i6fwnk0ngyx0p6e72xt0ds.webp\" \/>\n\t<meta property=\"og:image:width\" content=\"860\" \/>\n\t<meta property=\"og:image:height\" content=\"440\" \/>\n\t<meta property=\"og:image:type\" content=\"image\/webp\" \/>\n<meta name=\"author\" content=\"Auxiliadora Predial\" \/>\n<meta name=\"twitter:card\" content=\"summary_large_image\" \/>\n<meta name=\"twitter:label1\" content=\"Escrito por\" \/>\n\t<meta name=\"twitter:data1\" content=\"Auxiliadora Predial\" \/>\n\t<meta name=\"twitter:label2\" content=\"Est. tempo de leitura\" \/>\n\t<meta name=\"twitter:data2\" content=\"10 minutos\" \/>\n<script type=\"application\/ld+json\" class=\"yoast-schema-graph\">{\"@context\":\"https:\\\/\\\/schema.org\",\"@graph\":[{\"@type\":\"Article\",\"@id\":\"https:\\\/\\\/www.auxiliadorapredial.com.br\\\/blog\\\/bom-fim-porto-alegre\\\/#article\",\"isPartOf\":{\"@id\":\"https:\\\/\\\/www.auxiliadorapredial.com.br\\\/blog\\\/bom-fim-porto-alegre\\\/\"},\"author\":{\"name\":\"Auxiliadora Predial\",\"@id\":\"https:\\\/\\\/www.auxiliadorapredial.com.br\\\/blog\\\/#\\\/schema\\\/person\\\/851e4e4185bc716576f2f383ed94ae33\"},\"headline\":\"Bom Fim: conhe\u00e7a os encantos deste bairro de Porto Alegre\",\"datePublished\":\"2022-11-22T12:37:30+00:00\",\"dateModified\":\"2022-12-26T12:38:57+00:00\",\"mainEntityOfPage\":{\"@id\":\"https:\\\/\\\/www.auxiliadorapredial.com.br\\\/blog\\\/bom-fim-porto-alegre\\\/\"},\"wordCount\":1705,\"commentCount\":0,\"image\":{\"@id\":\"https:\\\/\\\/www.auxiliadorapredial.com.br\\\/blog\\\/bom-fim-porto-alegre\\\/#primaryimage\"},\"thumbnailUrl\":\"https:\\\/\\\/www.auxiliadorapredial.com.br\\\/blog\\\/wp-content\\\/uploads\\\/bom-fim-porto-alegre-2-2-pyuzfuy85khu1nci8cq5i6fwnk0ngyx0p6e72xt0ds.webp\",\"keywords\":[\"Bom Fim\",\"Bom Fim Porto Alegre\",\"morar em Bom Fim\",\"Porto Alegre\"],\"articleSection\":[\"Morar Bem\"],\"inLanguage\":\"pt-BR\",\"potentialAction\":[{\"@type\":\"CommentAction\",\"name\":\"Comment\",\"target\":[\"https:\\\/\\\/www.auxiliadorapredial.com.br\\\/blog\\\/bom-fim-porto-alegre\\\/#respond\"]}]},{\"@type\":\"WebPage\",\"@id\":\"https:\\\/\\\/www.auxiliadorapredial.com.br\\\/blog\\\/bom-fim-porto-alegre\\\/\",\"url\":\"https:\\\/\\\/www.auxiliadorapredial.com.br\\\/blog\\\/bom-fim-porto-alegre\\\/\",\"name\":\"Bom Fim: conhe\u00e7a os encantos deste bairro de Porto Alegre\",\"isPartOf\":{\"@id\":\"https:\\\/\\\/www.auxiliadorapredial.com.br\\\/blog\\\/#website\"},\"primaryImageOfPage\":{\"@id\":\"https:\\\/\\\/www.auxiliadorapredial.com.br\\\/blog\\\/bom-fim-porto-alegre\\\/#primaryimage\"},\"image\":{\"@id\":\"https:\\\/\\\/www.auxiliadorapredial.com.br\\\/blog\\\/bom-fim-porto-alegre\\\/#primaryimage\"},\"thumbnailUrl\":\"https:\\\/\\\/www.auxiliadorapredial.com.br\\\/blog\\\/wp-content\\\/uploads\\\/bom-fim-porto-alegre-2-2-pyuzfuy85khu1nci8cq5i6fwnk0ngyx0p6e72xt0ds.webp\",\"datePublished\":\"2022-11-22T12:37:30+00:00\",\"dateModified\":\"2022-12-26T12:38:57+00:00\",\"author\":{\"@id\":\"https:\\\/\\\/www.auxiliadorapredial.com.br\\\/blog\\\/#\\\/schema\\\/person\\\/851e4e4185bc716576f2f383ed94ae33\"},\"description\":\"Aqui, elencamos as curiosidades, lugares para visitar e pontos fortes de Bom Fim, Porto Alegre. Clique para saber mais!\",\"inLanguage\":\"pt-BR\",\"potentialAction\":[{\"@type\":\"ReadAction\",\"target\":[\"https:\\\/\\\/www.auxiliadorapredial.com.br\\\/blog\\\/bom-fim-porto-alegre\\\/\"]}]},{\"@type\":\"ImageObject\",\"inLanguage\":\"pt-BR\",\"@id\":\"https:\\\/\\\/www.auxiliadorapredial.com.br\\\/blog\\\/bom-fim-porto-alegre\\\/#primaryimage\",\"url\":\"https:\\\/\\\/www.auxiliadorapredial.com.br\\\/blog\\\/wp-content\\\/uploads\\\/bom-fim-porto-alegre-2-2-pyuzfuy85khu1nci8cq5i6fwnk0ngyx0p6e72xt0ds.webp\",\"contentUrl\":\"https:\\\/\\\/www.auxiliadorapredial.com.br\\\/blog\\\/wp-content\\\/uploads\\\/bom-fim-porto-alegre-2-2-pyuzfuy85khu1nci8cq5i6fwnk0ngyx0p6e72xt0ds.webp\",\"width\":860,\"height\":440,\"caption\":\"Bom Fim: conhe\u00e7a os encantos deste bairro de Porto Alegre\"},{\"@type\":\"WebSite\",\"@id\":\"https:\\\/\\\/www.auxiliadorapredial.com.br\\\/blog\\\/#website\",\"url\":\"https:\\\/\\\/www.auxiliadorapredial.com.br\\\/blog\\\/\",\"name\":\"Blog da Auxiliadora Predial - Tudo sobre im\u00f3veis e condom\u00ednios\",\"description\":\"Dicas da Auxiliadora Predial sobre aluguel, compra e venda de im\u00f3veis, al\u00e9m de condom\u00ednios. Imobili\u00e1ria em Porto Alegre e interior do RS, Santa Catarina e S\u00e3o Paulo.\",\"potentialAction\":[{\"@type\":\"SearchAction\",\"target\":{\"@type\":\"EntryPoint\",\"urlTemplate\":\"https:\\\/\\\/www.auxiliadorapredial.com.br\\\/blog\\\/?s={search_term_string}\"},\"query-input\":{\"@type\":\"PropertyValueSpecification\",\"valueRequired\":true,\"valueName\":\"search_term_string\"}}],\"inLanguage\":\"pt-BR\"},{\"@type\":\"Person\",\"@id\":\"https:\\\/\\\/www.auxiliadorapredial.com.br\\\/blog\\\/#\\\/schema\\\/person\\\/851e4e4185bc716576f2f383ed94ae33\",\"name\":\"Auxiliadora Predial\",\"image\":{\"@type\":\"ImageObject\",\"inLanguage\":\"pt-BR\",\"@id\":\"https:\\\/\\\/secure.gravatar.com\\\/avatar\\\/96f819f3615570f75bc98a819541afa2cb796cbdd9086c22d71a1b162f1cd305?s=96&d=mm&r=g\",\"url\":\"https:\\\/\\\/secure.gravatar.com\\\/avatar\\\/96f819f3615570f75bc98a819541afa2cb796cbdd9086c22d71a1b162f1cd305?s=96&d=mm&r=g\",\"contentUrl\":\"https:\\\/\\\/secure.gravatar.com\\\/avatar\\\/96f819f3615570f75bc98a819541afa2cb796cbdd9086c22d71a1b162f1cd305?s=96&d=mm&r=g\",\"caption\":\"Auxiliadora Predial\"}}]}<\/script>\n<!-- \/ Yoast SEO plugin. -->","yoast_head_json":{"title":"Bom Fim: conhe\u00e7a os encantos deste bairro de Porto Alegre","description":"Aqui, elencamos as curiosidades, lugares para visitar e pontos fortes de Bom Fim, Porto Alegre. Clique para saber mais!","robots":{"index":"index","follow":"follow","max-snippet":"max-snippet:-1","max-image-preview":"max-image-preview:large","max-video-preview":"max-video-preview:-1"},"canonical":"https:\/\/www.auxiliadorapredial.com.br\/blog\/bom-fim-porto-alegre\/","og_locale":"pt_BR","og_type":"article","og_title":"Bom Fim: conhe\u00e7a os encantos deste bairro de Porto Alegre","og_description":"Aqui, elencamos as curiosidades, lugares para visitar e pontos fortes de Bom Fim, Porto Alegre. Clique para saber mais!","og_url":"https:\/\/www.auxiliadorapredial.com.br\/blog\/bom-fim-porto-alegre\/","og_site_name":"Blog da Auxiliadora Predial - Tudo sobre im\u00f3veis e condom\u00ednios","article_published_time":"2022-11-22T12:37:30+00:00","article_modified_time":"2022-12-26T12:38:57+00:00","og_image":[{"width":860,"height":440,"url":"https:\/\/www.auxiliadorapredial.com.br\/blog\/wp-content\/uploads\/bom-fim-porto-alegre-2-2-pyuzfuy85khu1nci8cq5i6fwnk0ngyx0p6e72xt0ds.webp","type":"image\/webp"}],"author":"Auxiliadora Predial","twitter_card":"summary_large_image","twitter_misc":{"Escrito por":"Auxiliadora Predial","Est. tempo de leitura":"10 minutos"},"schema":{"@context":"https:\/\/schema.org","@graph":[{"@type":"Article","@id":"https:\/\/www.auxiliadorapredial.com.br\/blog\/bom-fim-porto-alegre\/#article","isPartOf":{"@id":"https:\/\/www.auxiliadorapredial.com.br\/blog\/bom-fim-porto-alegre\/"},"author":{"name":"Auxiliadora Predial","@id":"https:\/\/www.auxiliadorapredial.com.br\/blog\/#\/schema\/person\/851e4e4185bc716576f2f383ed94ae33"},"headline":"Bom Fim: conhe\u00e7a os encantos deste bairro de Porto Alegre","datePublished":"2022-11-22T12:37:30+00:00","dateModified":"2022-12-26T12:38:57+00:00","mainEntityOfPage":{"@id":"https:\/\/www.auxiliadorapredial.com.br\/blog\/bom-fim-porto-alegre\/"},"wordCount":1705,"commentCount":0,"image":{"@id":"https:\/\/www.auxiliadorapredial.com.br\/blog\/bom-fim-porto-alegre\/#primaryimage"},"thumbnailUrl":"https:\/\/www.auxiliadorapredial.com.br\/blog\/wp-content\/uploads\/bom-fim-porto-alegre-2-2-pyuzfuy85khu1nci8cq5i6fwnk0ngyx0p6e72xt0ds.webp","keywords":["Bom Fim","Bom Fim Porto Alegre","morar em Bom Fim","Porto Alegre"],"articleSection":["Morar Bem"],"inLanguage":"pt-BR","potentialAction":[{"@type":"CommentAction","name":"Comment","target":["https:\/\/www.auxiliadorapredial.com.br\/blog\/bom-fim-porto-alegre\/#respond"]}]},{"@type":"WebPage","@id":"https:\/\/www.auxiliadorapredial.com.br\/blog\/bom-fim-porto-alegre\/","url":"https:\/\/www.auxiliadorapredial.com.br\/blog\/bom-fim-porto-alegre\/","name":"Bom Fim: conhe\u00e7a os encantos deste bairro de Porto Alegre","isPartOf":{"@id":"https:\/\/www.auxiliadorapredial.com.br\/blog\/#website"},"primaryImageOfPage":{"@id":"https:\/\/www.auxiliadorapredial.com.br\/blog\/bom-fim-porto-alegre\/#primaryimage"},"image":{"@id":"https:\/\/www.auxiliadorapredial.com.br\/blog\/bom-fim-porto-alegre\/#primaryimage"},"thumbnailUrl":"https:\/\/www.auxiliadorapredial.com.br\/blog\/wp-content\/uploads\/bom-fim-porto-alegre-2-2-pyuzfuy85khu1nci8cq5i6fwnk0ngyx0p6e72xt0ds.webp","datePublished":"2022-11-22T12:37:30+00:00","dateModified":"2022-12-26T12:38:57+00:00","author":{"@id":"https:\/\/www.auxiliadorapredial.com.br\/blog\/#\/schema\/person\/851e4e4185bc716576f2f383ed94ae33"},"description":"Aqui, elencamos as curiosidades, lugares para visitar e pontos fortes de Bom Fim, Porto Alegre. Clique para saber mais!","inLanguage":"pt-BR","potentialAction":[{"@type":"ReadAction","target":["https:\/\/www.auxiliadorapredial.com.br\/blog\/bom-fim-porto-alegre\/"]}]},{"@type":"ImageObject","inLanguage":"pt-BR","@id":"https:\/\/www.auxiliadorapredial.com.br\/blog\/bom-fim-porto-alegre\/#primaryimage","url":"https:\/\/www.auxiliadorapredial.com.br\/blog\/wp-content\/uploads\/bom-fim-porto-alegre-2-2-pyuzfuy85khu1nci8cq5i6fwnk0ngyx0p6e72xt0ds.webp","contentUrl":"https:\/\/www.auxiliadorapredial.com.br\/blog\/wp-content\/uploads\/bom-fim-porto-alegre-2-2-pyuzfuy85khu1nci8cq5i6fwnk0ngyx0p6e72xt0ds.webp","width":860,"height":440,"caption":"Bom Fim: conhe\u00e7a os encantos deste bairro de Porto Alegre"},{"@type":"WebSite","@id":"https:\/\/www.auxiliadorapredial.com.br\/blog\/#website","url":"https:\/\/www.auxiliadorapredial.com.br\/blog\/","name":"Blog da Auxiliadora Predial - Tudo sobre im\u00f3veis e condom\u00ednios","description":"Dicas da Auxiliadora Predial sobre aluguel, compra e venda de im\u00f3veis, al\u00e9m de condom\u00ednios. Imobili\u00e1ria em Porto Alegre e interior do RS, Santa Catarina e S\u00e3o Paulo.","potentialAction":[{"@type":"SearchAction","target":{"@type":"EntryPoint","urlTemplate":"https:\/\/www.auxiliadorapredial.com.br\/blog\/?s={search_term_string}"},"query-input":{"@type":"PropertyValueSpecification","valueRequired":true,"valueName":"search_term_string"}}],"inLanguage":"pt-BR"},{"@type":"Person","@id":"https:\/\/www.auxiliadorapredial.com.br\/blog\/#\/schema\/person\/851e4e4185bc716576f2f383ed94ae33","name":"Auxiliadora Predial","image":{"@type":"ImageObject","inLanguage":"pt-BR","@id":"https:\/\/secure.gravatar.com\/avatar\/96f819f3615570f75bc98a819541afa2cb796cbdd9086c22d71a1b162f1cd305?s=96&d=mm&r=g","url":"https:\/\/secure.gravatar.com\/avatar\/96f819f3615570f75bc98a819541afa2cb796cbdd9086c22d71a1b162f1cd305?s=96&d=mm&r=g","contentUrl":"https:\/\/secure.gravatar.com\/avatar\/96f819f3615570f75bc98a819541afa2cb796cbdd9086c22d71a1b162f1cd305?s=96&d=mm&r=g","caption":"Auxiliadora Predial"}}]}},"views":19507,"_links":{"self":[{"href":"https:\/\/www.auxiliadorapredial.com.br\/blog\/wp-json\/wp\/v2\/posts\/10930","targetHints":{"allow":["GET"]}}],"collection":[{"href":"https:\/\/www.auxiliadorapredial.com.br\/blog\/wp-json\/wp\/v2\/posts"}],"about":[{"href":"https:\/\/www.auxiliadorapredial.com.br\/blog\/wp-json\/wp\/v2\/types\/post"}],"author":[{"embeddable":true,"href":"https:\/\/www.auxiliadorapredial.com.br\/blog\/wp-json\/wp\/v2\/users\/2"}],"replies":[{"embeddable":true,"href":"https:\/\/www.auxiliadorapredial.com.br\/blog\/wp-json\/wp\/v2\/comments?post=10930"}],"version-history":[{"count":1,"href":"https:\/\/www.auxiliadorapredial.com.br\/blog\/wp-json\/wp\/v2\/posts\/10930\/revisions"}],"predecessor-version":[{"id":11045,"href":"https:\/\/www.auxiliadorapredial.com.br\/blog\/wp-json\/wp\/v2\/posts\/10930\/revisions\/11045"}],"wp:featuredmedia":[{"embeddable":true,"href":"https:\/\/www.auxiliadorapredial.com.br\/blog\/wp-json\/wp\/v2\/media\/11161"}],"wp:attachment":[{"href":"https:\/\/www.auxiliadorapredial.com.br\/blog\/wp-json\/wp\/v2\/media?parent=10930"}],"wp:term":[{"taxonomy":"category","embeddable":true,"href":"https:\/\/www.auxiliadorapredial.com.br\/blog\/wp-json\/wp\/v2\/categories?post=10930"},{"taxonomy":"post_tag","embeddable":true,"href":"https:\/\/www.auxiliadorapredial.com.br\/blog\/wp-json\/wp\/v2\/tags?post=10930"}],"curies":[{"name":"wp","href":"https:\/\/api.w.org\/{rel}","templated":true}]}}