{"id":12233,"date":"2023-02-22T14:22:10","date_gmt":"2023-02-22T17:22:10","guid":{"rendered":"https:\/\/www.auxiliadorapredial.com.br\/blog\/?p=12233"},"modified":"2023-06-05T09:24:47","modified_gmt":"2023-06-05T12:24:47","slug":"jardim-itu-sabara-porto-alegre","status":"publish","type":"post","link":"https:\/\/www.auxiliadorapredial.com.br\/blog\/jardim-itu-sabara-porto-alegre\/","title":{"rendered":"Jardim Itu-Sabar\u00e1: um bairro residencial na agita\u00e7\u00e3o do com\u00e9rcio"},"content":{"rendered":"<p>&nbsp;<\/p>\n<p><span style=\"font-weight: 400;\">Quem anda pelas ruas do tranquilo Jardim Itu-Sabar\u00e1, por um momento at\u00e9 se esquece que ele est\u00e1 a, aproximadamente, 11 quil\u00f4metros do movimentado Centro Hist\u00f3rico da capital ga\u00facha. Repleto de im\u00f3veis residenciais, o Jardim Itu-Sabar\u00e1 \u00e9 tradicional por ser o endere\u00e7o de muitas fam\u00edlias e moradores que fazem do bairro o seu lar h\u00e1 mais de 50 anos.\u00a0<\/span><\/p>\n<p><span style=\"font-weight: 400;\">Hoje voc\u00ea vai conhecer o Jardim Itu-Sabar\u00e1, um bairro residencial, arborizado, aconchegante e com clima de cidade do interior, que fica na <\/span><a href=\"https:\/\/www.auxiliadorapredial.com.br\/blog\/zona-norte-de-porto-alegre-para-conhecer-e-morar\/\" target=\"_blank\" rel=\"noopener\"><span style=\"font-weight: 400;\">Zona Norte<\/span><\/a><span style=\"font-weight: 400;\"> da cidade de Porto Alegre.<\/span><\/p>\n<p>&nbsp;<\/p>\n<p><a href=\"https:\/\/mkt.auxiliadorapredial.com.br\/bairros-poa\" target=\"_blank\" rel=\"noopener\"><img fetchpriority=\"high\" decoding=\"async\" class=\"aligncenter wp-image-11795 size-full\" src=\"https:\/\/www.auxiliadorapredial.com.br\/blog\/wp-content\/uploads\/bairros-que-valem-investimento-poa-19.png\" alt=\"Bairros que valem o investimento em Porto Alegre - Auxiliadora Predial\" width=\"967\" height=\"299\" srcset=\"https:\/\/www.auxiliadorapredial.com.br\/blog\/wp-content\/uploads\/bairros-que-valem-investimento-poa-19.png 967w, https:\/\/www.auxiliadorapredial.com.br\/blog\/wp-content\/uploads\/bairros-que-valem-investimento-poa-19-300x93.png 300w, https:\/\/www.auxiliadorapredial.com.br\/blog\/wp-content\/uploads\/bairros-que-valem-investimento-poa-19-768x237.png 768w\" sizes=\"(max-width: 967px) 100vw, 967px\" \/><\/a><\/p>\n<p>&nbsp;<\/p>\n<div id=\"ez-toc-container\" class=\"ez-toc-v2_0_82_2 counter-hierarchy ez-toc-counter ez-toc-transparent ez-toc-container-direction\">\n<p class=\"ez-toc-title\" style=\"cursor:inherit\">Navegue pelo conte\u00fado<\/p>\n<label for=\"ez-toc-cssicon-toggle-item-69f7312e251bc\" class=\"ez-toc-cssicon-toggle-label\"><span class=\"\"><span class=\"eztoc-hide\" style=\"display:none;\">Toggle<\/span><span class=\"ez-toc-icon-toggle-span\"><svg style=\"fill: #000000;color:#000000\" xmlns=\"http:\/\/www.w3.org\/2000\/svg\" class=\"list-377408\" width=\"20px\" height=\"20px\" viewBox=\"0 0 24 24\" fill=\"none\"><path d=\"M6 6H4v2h2V6zm14 0H8v2h12V6zM4 11h2v2H4v-2zm16 0H8v2h12v-2zM4 16h2v2H4v-2zm16 0H8v2h12v-2z\" fill=\"currentColor\"><\/path><\/svg><svg style=\"fill: #000000;color:#000000\" class=\"arrow-unsorted-368013\" xmlns=\"http:\/\/www.w3.org\/2000\/svg\" width=\"10px\" height=\"10px\" viewBox=\"0 0 24 24\" version=\"1.2\" baseProfile=\"tiny\"><path d=\"M18.2 9.3l-6.2-6.3-6.2 6.3c-.2.2-.3.4-.3.7s.1.5.3.7c.2.2.4.3.7.3h11c.3 0 .5-.1.7-.3.2-.2.3-.5.3-.7s-.1-.5-.3-.7zM5.8 14.7l6.2 6.3 6.2-6.3c.2-.2.3-.5.3-.7s-.1-.5-.3-.7c-.2-.2-.4-.3-.7-.3h-11c-.3 0-.5.1-.7.3-.2.2-.3.5-.3.7s.1.5.3.7z\"\/><\/svg><\/span><\/span><\/label><input type=\"checkbox\"  id=\"ez-toc-cssicon-toggle-item-69f7312e251bc\"  aria-label=\"Alternar\" \/><nav><ul class='ez-toc-list ez-toc-list-level-1 ' ><li class='ez-toc-page-1 ez-toc-heading-level-2'><a class=\"ez-toc-link ez-toc-heading-1\" href=\"https:\/\/www.auxiliadorapredial.com.br\/blog\/jardim-itu-sabara-porto-alegre\/#Conhecendo_o_bairro_Itu-Sabara_em_Porto_Alegre\" >Conhecendo o bairro Itu-Sabar\u00e1, em Porto Alegre<\/a><\/li><li class='ez-toc-page-1 ez-toc-heading-level-2'><a class=\"ez-toc-link ez-toc-heading-2\" href=\"https:\/\/www.auxiliadorapredial.com.br\/blog\/jardim-itu-sabara-porto-alegre\/#Curiosidade_sobre_o_Jardim_Itu-Sabara\" >Curiosidade sobre o Jardim Itu-Sabar\u00e1<\/a><\/li><li class='ez-toc-page-1 ez-toc-heading-level-2'><a class=\"ez-toc-link ez-toc-heading-3\" href=\"https:\/\/www.auxiliadorapredial.com.br\/blog\/jardim-itu-sabara-porto-alegre\/#Excelente_localizacao\" >Excelente localiza\u00e7\u00e3o\u00a0<\/a><\/li><li class='ez-toc-page-1 ez-toc-heading-level-2'><a class=\"ez-toc-link ez-toc-heading-4\" href=\"https:\/\/www.auxiliadorapredial.com.br\/blog\/jardim-itu-sabara-porto-alegre\/#Qualidade_de_vida_do_Jardim_Itu-Sabara_em_Porto_Alegre\" >Qualidade de vida do Jardim Itu-Sabar\u00e1, em Porto Alegre<\/a><\/li><li class='ez-toc-page-1 ez-toc-heading-level-2'><a class=\"ez-toc-link ez-toc-heading-5\" href=\"https:\/\/www.auxiliadorapredial.com.br\/blog\/jardim-itu-sabara-porto-alegre\/#Educacao_e_cultura\" >Educa\u00e7\u00e3o e cultura\u00a0<\/a><ul class='ez-toc-list-level-3' ><li class='ez-toc-heading-level-3'><a class=\"ez-toc-link ez-toc-heading-6\" href=\"https:\/\/www.auxiliadorapredial.com.br\/blog\/jardim-itu-sabara-porto-alegre\/#Sesc_Protasio_Alves_%E2%80%93_Porto_Alegre\" >Sesc Prot\u00e1sio Alves &#8211; Porto Alegre\u00a0<\/a><\/li><\/ul><\/li><li class='ez-toc-page-1 ez-toc-heading-level-2'><a class=\"ez-toc-link ez-toc-heading-7\" href=\"https:\/\/www.auxiliadorapredial.com.br\/blog\/jardim-itu-sabara-porto-alegre\/#Area_verde_presente_em_todo_Jardim_Itu-Sabara\" >\u00c1rea verde presente em todo Jardim Itu-Sabar\u00e1<\/a><\/li><li class='ez-toc-page-1 ez-toc-heading-level-2'><a class=\"ez-toc-link ez-toc-heading-8\" href=\"https:\/\/www.auxiliadorapredial.com.br\/blog\/jardim-itu-sabara-porto-alegre\/#Um_paraiso_para_os_investidores\" >Um para\u00edso para os investidores\u00a0<\/a><\/li><\/ul><\/nav><\/div>\n<h2><span class=\"ez-toc-section\" id=\"Conhecendo_o_bairro_Itu-Sabara_em_Porto_Alegre\"><\/span><b>Conhecendo o bairro Itu-Sabar\u00e1, em Porto <\/b><b>Alegre<\/b><span class=\"ez-toc-section-end\"><\/span><\/h2>\n<p><span style=\"font-weight: 400;\">No in\u00edcio do s\u00e9culo 20, a regi\u00e3o que hoje \u00e9 conhecida como Jardim Itu-Sabar\u00e1, era uma grande fazenda. E foi s\u00f3 em meados da d\u00e9cada de 50, no in\u00edcio da urbaniza\u00e7\u00e3o da cidade,\u00a0 que todo esse espa\u00e7o se transformou em <a href=\"https:\/\/www.auxiliadorapredial.com.br\/blog\/diferenca-entre-loteamento-e-condominio\/\">loteamento<\/a> e, mais tarde, em um dos bairros mais residenciais de POA.<\/span><\/p>\n<p><span style=\"font-weight: 400;\">Por possuir poucos com\u00e9rcios e muitos moradores, acabou chamando a aten\u00e7\u00e3o do mercado imobili\u00e1rio. Investidores que apostam na compra de im\u00f3veis em bairros dormit\u00f3rios &#8211; forma como s\u00e3o chamadas as regi\u00f5es em que seus moradores trabalham nos bairros vizinhos e voltam para descansar em casa &#8211; fez com que o Jardim Itu-Sabar\u00e1 ganhasse um certo destaque e valoriza\u00e7\u00e3o.<\/span><\/p>\n<p><span style=\"font-weight: 400;\">Ele est\u00e1 localizado bem no meio da Zona Norte da capital ga\u00facha, fazendo divisa com outros bairros de grande import\u00e2ncia para a cidade.<\/span><\/p>\n<p>&nbsp;<\/p>\n<p><strong>Leia tamb\u00e9m:<\/strong><\/p>\n<p><a href=\"https:\/\/www.auxiliadorapredial.com.br\/blog\/tres-figueiras-porto-alegre\/\" target=\"_blank\" rel=\"noopener\">Tr\u00eas Figueiras: um bairro encantador na Zona Norte de Porto Alegre<\/a><\/p>\n<p><a href=\"https:\/\/www.auxiliadorapredial.com.br\/blog\/vila-ipiranga-porto-alegre\/\" target=\"_blank\" rel=\"noopener\">Conhe\u00e7a Vila Ipiranga: um bairro residencial de Porto Alegre<\/a><\/p>\n<p><a href=\"https:\/\/www.auxiliadorapredial.com.br\/blog\/partenon-porto-alegre\/\" target=\"_blank\" rel=\"noopener\">Conhe\u00e7a as vantagens do bairro Partenon de Porto Alegre<\/a><\/p>\n<p>&nbsp;<\/p>\n<h2><span class=\"ez-toc-section\" id=\"Curiosidade_sobre_o_Jardim_Itu-Sabara\"><\/span><b>Curiosidade sobre o Jardim Itu-Sabar\u00e1<\/b><span class=\"ez-toc-section-end\"><\/span><\/h2>\n<p><span style=\"font-weight: 400;\">Pode ser que voc\u00ea entre em d\u00favidas, caso resolva procurar agora o Jardim Itu-Sabar\u00e1 no mapa de Porto Alegre. Hoje em dia, o tradicional bairro da cidade aparece dividido: Jardim Itu e Jardim Sabar\u00e1.<\/span><\/p>\n<p><span style=\"font-weight: 400;\">Em 2015, os vereadores de Porto Alegre aprovaram uma emenda que separa o bairro em dois. Na pr\u00e1tica, o Jardim Itu e Jardim Sabar\u00e1 ocupam o mesmo espa\u00e7o da \u00e9poca em que eram juntos, o que mudou foi a delimita\u00e7\u00e3o entre eles.<\/span><\/p>\n<p><span style=\"font-weight: 400;\">Os moradores reagiram de diferentes formas \u00e0 not\u00edcia: h\u00e1 quem segue chamando o bairro de Jardim Itu-Sabar\u00e1 e usa os nomes novos s\u00f3 quando \u00e9 necess\u00e1rio preencher cadastros e documentos; existem tamb\u00e9m quem ainda n\u00e3o se acostumou com a ideia e outros que n\u00e3o concordam com a mudan\u00e7a.<\/span><\/p>\n<p><span style=\"font-weight: 400;\">Na \u00e9poca do ocorrido, as emissoras da regi\u00e3o entrevistaram os moradores para saber a opini\u00e3o deles sobre a mudan\u00e7a. Alguns t\u00eam d\u00favidas sobre qual dos Jardins pertencem e outros afirmam que a separa\u00e7\u00e3o do bairro foi desnecess\u00e1ria, pois a regi\u00e3o tem outras prioridades mais urgentes para tratar. No fim das contas, o legado do Jardim Itu-Sabar\u00e1 se sobressai a essas atualiza\u00e7\u00f5es.\u00a0<\/span><\/p>\n<p>&nbsp;<\/p>\n<h2><span class=\"ez-toc-section\" id=\"Excelente_localizacao\"><\/span><b>Excelente localiza\u00e7\u00e3o\u00a0<\/b><span class=\"ez-toc-section-end\"><\/span><\/h2>\n<p><span style=\"font-weight: 400;\">O Jardim Itu-Sabar\u00e1 fica no cora\u00e7\u00e3o da Zona Norte da capital ga\u00facha, pr\u00f3ximo aos bairros Vila Jardim, Passo das Pedras, Morro Santana, Cristo Redentor, Vila Oper\u00e1ria, Sarandi e S\u00e3o Sebasti\u00e3o. Regi\u00f5es onde a concentra\u00e7\u00e3o de com\u00e9rcios e ind\u00fastria \u00e9 bem significativa. E por estar pr\u00f3ximo a esses polos, acaba sendo a escolha de moradia dos trabalhadores da regi\u00e3o.<\/span><\/p>\n<p><span style=\"font-weight: 400;\">Atualmente o Jardim Itu-Sabar\u00e1 ultrapassa a marca de 31.000 habitantes e \u00e9 conhecido por ser majoritariamente residencial. Mas n\u00e3o se engane, estamos falando de um bairro que tem mais de 60 anos de exist\u00eancia e, ao longo desse tempo, desenvolveu um pequeno com\u00e9rcio local, como mercados, academias, creches, escolas de ensino fundamental e m\u00e9dio, farm\u00e1cias, padarias, bares, sal\u00e3o de beleza e shopping. Um bairro residencial e super funcional.<\/span><\/p>\n<p><span style=\"font-weight: 400;\">E tem boas not\u00edcias aos conectados: o Jardim Itu-Sabar\u00e1 est\u00e1 entre os 40 bairros de Porto Alegre que j\u00e1 possuem o sinal 5G de, pelo menos, uma das principais operadoras em atividade no Brasil.\u00a0<\/span><\/p>\n<p>&nbsp;<\/p>\n<p><img decoding=\"async\" class=\"aligncenter wp-image-13076 size-full\" src=\"https:\/\/www.auxiliadorapredial.com.br\/blog\/wp-content\/uploads\/jardim-itu-sabara-porto-alegre-2.webp\" alt=\"Jardim Itu-Sabar\u00e1: um bairro residencial na agita\u00e7\u00e3o do com\u00e9rcio\" width=\"700\" height=\"467\" srcset=\"https:\/\/www.auxiliadorapredial.com.br\/blog\/wp-content\/uploads\/jardim-itu-sabara-porto-alegre-2.webp 700w, https:\/\/www.auxiliadorapredial.com.br\/blog\/wp-content\/uploads\/jardim-itu-sabara-porto-alegre-2-300x200.webp 300w\" sizes=\"(max-width: 700px) 100vw, 700px\" \/><\/p>\n<p>&nbsp;<\/p>\n<h2><span class=\"ez-toc-section\" id=\"Qualidade_de_vida_do_Jardim_Itu-Sabara_em_Porto_Alegre\"><\/span><b>Qualidade de vida do Jardim Itu-Sabar\u00e1, em Porto Alegre<\/b><span class=\"ez-toc-section-end\"><\/span><\/h2>\n<p><span style=\"font-weight: 400;\">Por ser um bairro residencial e super funcional, chama a aten\u00e7\u00e3o de moradores que prezam pela comodidade de viver bem e de ter acesso a tudo o que precisa, seja no pr\u00f3prio Jardim Itu-Sabar\u00e1 ou nas regi\u00f5es ao redor.<\/span><\/p>\n<p><span style=\"font-weight: 400;\">O tr\u00e2nsito \u00e9 outro ponto positivo em escolher o bairro para morar. Por ser uma regi\u00e3o planejada, as principais vias da cidade s\u00e3o estrategicamente projetadas para escoar o fluxo de carro, evitando grandes congestionamentos.<\/span><\/p>\n<p><span style=\"font-weight: 400;\">At\u00e9 as cal\u00e7adas do Jardim Itu-Sabar\u00e1 chamam a aten\u00e7\u00e3o dos olhos mais atentos. Elas s\u00e3o largas e bem iluminadas, principalmente \u00e0 noite e acaba se tornando um convite para atividades f\u00edsicas, como caminhadas ou corridas de bicicleta na ciclovia dispon\u00edvel no bairro.<\/span><\/p>\n<p><span style=\"font-weight: 400;\">Quem curte futebol tem tudo para gostar do bairro tamb\u00e9m, caso saiba aproveitar esta dica de ouro: no Parque da Brigada Militar, um dos lugares mais tradicionais da regi\u00e3o, voc\u00ea encontra um campo de futebol para marcar aquele jogo com os amigos.<\/span><\/p>\n<p><span style=\"font-weight: 400;\">N\u00e3o pense que no parque existem s\u00f3 atra\u00e7\u00f5es para quem gosta do esporte. O local tamb\u00e9m conta com uma \u00e1rea para as crian\u00e7as brincarem, pista para a pr\u00e1tica de atividades f\u00edsicas e gramados para fazer um piquenique com as crian\u00e7as ou passear com seu bichinho de estima\u00e7\u00e3o.\u00a0<\/span><\/p>\n<p>&nbsp;<\/p>\n<h2><span class=\"ez-toc-section\" id=\"Educacao_e_cultura\"><\/span><b>Educa\u00e7\u00e3o e cultura\u00a0<\/b><span class=\"ez-toc-section-end\"><\/span><\/h2>\n<p><span style=\"font-weight: 400;\">No bairro n\u00e3o faltam op\u00e7\u00f5es de ensino para crian\u00e7as e adolescentes. Dentro do Itu-Sabar\u00e1 existem 5 escolas p\u00fablicas conhecidas em Porto Alegre: a Escola Estadual de Ensino Fundamental Gustavo Armbrust; <\/span><span style=\"font-weight: 400;\">Escola<\/span><span style=\"font-weight: 400;\"> Estadual de Ensino Fundamental Toyama; Escola Estadual de Ensino M\u00e9dio It\u00e1lia; Escola Estadual de Ensino M\u00e9dio Jap\u00e3o; e o Col\u00e9gio Estadual Elmano Lauffer Leal.<\/span><\/p>\n<p><span style=\"font-weight: 400;\">Al\u00e9m das escolas, os moradores tamb\u00e9m contam com a Biblioteca P\u00fablica Leopoldo Boeck, fundada em 12 de fevereiro de 1976, gra\u00e7as \u00e0 organiza\u00e7\u00e3o e trabalho coletivo da comunidade local, que desejava um espa\u00e7o para atividades culturais h\u00e1 muito tempo. O pr\u00e9dio onde a biblioteca est\u00e1 sediada foi constru\u00eddo pelos moradores e, pouco tempo depois, passou a ser responsabilidade da Secretaria Estadual de Cultura do Rio Grande do Sul.<\/span><\/p>\n<p><span style=\"font-weight: 400;\">Atualmente, a biblioteca conta com mais de 16 mil obras em seu acervo, entre livros, revistas, dicion\u00e1rios e peri\u00f3dicos dispon\u00edveis para empr\u00e9stimos e consulta local. Em determinados momentos, \u00e9 poss\u00edvel aproveitar as atividades l\u00fadicas desenvolvidas para as crian\u00e7as, como desenho, pintura, apresenta\u00e7\u00e3o de filmes, jogos de mesa e a hora do conto. Consulte a programa\u00e7\u00e3o na Biblioteca P\u00fablica Leopoldo Boeck.<\/span><\/p>\n<p>&nbsp;<\/p>\n<h3><span class=\"ez-toc-section\" id=\"Sesc_Protasio_Alves_%E2%80%93_Porto_Alegre\"><\/span><span style=\"font-weight: 400;\"><a href=\"https:\/\/www.sesc-rs.com.br\/protasioalves\/\" target=\"_blank\" rel=\"noopener\">Sesc Prot\u00e1sio Alves &#8211; Porto Alegre<\/a>\u00a0<\/span><span class=\"ez-toc-section-end\"><\/span><\/h3>\n<p><span style=\"font-weight: 400;\">O antigo Sesc Campestre, atual Sesc Prot\u00e1sio Alves, que fica na avenida de mesmo nome, conta com uma extensa \u00e1rea de 24 hectares, bem no cora\u00e7\u00e3o da cidade de Porto Alegre<\/span><\/p>\n<p><span style=\"font-weight: 400;\">Inaugurado em 1958, o Sesc se desenvolveu respeitando a natureza local e hoje realiza atividades esportivas, culturais e de lazer neste espa\u00e7o, com quadras poliesportivas, pista atl\u00e9tica e ol\u00edmpica, campo de futebol, \u00e1rea para shows, gin\u00e1sio de esportes, parque aqu\u00e1tico com piscinas para adultos e crian\u00e7as. Al\u00e9m de possuir churrasqueiras ao ar livre, lanchonetes, estacionamento, restaurante e playground.<\/span><\/p>\n<p><span style=\"font-weight: 400;\">Recentemente, o Sesc Prot\u00e1sio Alves passou por melhorias estruturais: a piscina ol\u00edmpica foi coberta e agora \u00e9 aquecida; a piscina externa para adultos foi reformada e conta com um espa\u00e7o fam\u00edlia e academia moderna e climatizada.<\/span><\/p>\n<p>&nbsp;<\/p>\n<h2><span class=\"ez-toc-section\" id=\"Area_verde_presente_em_todo_Jardim_Itu-Sabara\"><\/span><b>\u00c1rea verde presente em todo Jardim Itu-Sabar\u00e1<\/b><span class=\"ez-toc-section-end\"><\/span><\/h2>\n<p><span style=\"font-weight: 400;\">Como todo bom bairro residencial, o Jardim Itu-Sabar\u00e1 em Porto Alegre possui in\u00fameras pra\u00e7as e parques bem arborizados ao longo de toda sua extens\u00e3o. O acesso a essas <a href=\"https:\/\/www.auxiliadorapredial.com.br\/blog\/morar-perto-de-areas-verdes-beneficios-para-saude-e-qualidade-de-vida\/\">\u00e1reas verdes<\/a> permite que seus moradores usufruam de todos os recursos da melhor forma poss\u00edvel.<\/span><\/p>\n<p><span style=\"font-weight: 400;\">Entre parques e pra\u00e7as, o bairro possui, em m\u00e9dia, 25 pontos de sombra e tranquilidade, com destaque ao Parque Vinte de Maio, que fica localizado entre o Vila Ipiranga e Jardim Itu-Sabar\u00e1. Um ponto de refer\u00eancia entre os moradores dos dois bairros.<\/span><\/p>\n<p><span style=\"font-weight: 400;\">O parque possui <a href=\"https:\/\/www.auxiliadorapredial.com.br\/blog\/quadra-poliesportiva-o-que-e-e-como-usar-a-favor-da-sua-saude\/\">quadra poliesportiva<\/a> de concreto, duas quadras de areia, um bosque, pracinhas para as crian\u00e7as, pista para a pr\u00e1tica de corrida ou caminhada, cancha de bocha coberta e um lago cheio de animais, como patos, tartarugas, gansos e aves aqu\u00e1ticos.<\/span><\/p>\n<p><span style=\"font-weight: 400;\">Os moradores usam esses espa\u00e7os para encontrar os amigos, praticar atividade f\u00edsica ao ar livre, brincar com as crian\u00e7as e passear com os pets.<\/span><\/p>\n<p>&nbsp;<\/p>\n<figure id=\"attachment_13079\" aria-describedby=\"caption-attachment-13079\" style=\"width: 700px\" class=\"wp-caption aligncenter\"><img decoding=\"async\" class=\"wp-image-13079 size-full\" src=\"https:\/\/www.auxiliadorapredial.com.br\/blog\/wp-content\/uploads\/jardim-itu-sabara-porto-alegre.webp\" alt=\"Jardim Itu-Sabar\u00e1: um bairro residencial na agita\u00e7\u00e3o do com\u00e9rcio\" width=\"700\" height=\"466\" srcset=\"https:\/\/www.auxiliadorapredial.com.br\/blog\/wp-content\/uploads\/jardim-itu-sabara-porto-alegre.webp 700w, https:\/\/www.auxiliadorapredial.com.br\/blog\/wp-content\/uploads\/jardim-itu-sabara-porto-alegre-300x200.webp 300w\" sizes=\"(max-width: 700px) 100vw, 700px\" \/><figcaption id=\"caption-attachment-13079\" class=\"wp-caption-text\">Pra\u00e7a Capit\u00e3o Aviador Francisco Aur\u00e9lio Pacheco (Cristine Rochol \/ PMPA)<\/figcaption><\/figure>\n<p>&nbsp;<\/p>\n<h2><span class=\"ez-toc-section\" id=\"Um_paraiso_para_os_investidores\"><\/span><b>Um para\u00edso para os investidores\u00a0<\/b><span class=\"ez-toc-section-end\"><\/span><\/h2>\n<p><span style=\"font-weight: 400;\">Quem sonha em viver de renda, tem grandes possibilidades de conseguir realizar esta vontade com a compra de im\u00f3veis no Jardim Itu-Sabar\u00e1. O bairro de Porto Alegre conta com diversas op\u00e7\u00f5es de casas e apartamentos, perfeito para quem trabalha nas regi\u00f5es vizinhas que s\u00e3o mais agitadas, mas que prefere viver em um bairro mais tranquilo e com op\u00e7\u00f5es de aluguel mais em conta.<\/span><\/p>\n<p><span style=\"font-weight: 400;\">Atualmente \u00e9 poss\u00edvel encontrar im\u00f3veis para morar com alugu\u00e9is a partir de R$ 1.200,00 at\u00e9 R$ 5.000,00. Se o seu perfil for de investidor, considere dar mais aten\u00e7\u00e3o a essa tradicional regi\u00e3o da capital do Rio Grande do Sul para fechar bons neg\u00f3cios.<\/span><\/p>\n<p>&nbsp;<\/p>\n<p><span style=\"font-weight: 400;\">Agora que voc\u00ea j\u00e1 conhece tudo o que o Jardim Itu-Sabar\u00e1 pode oferecer a voc\u00ea e sua fam\u00edlia, que tal considerar o bairro para ser seu pr\u00f3ximo endere\u00e7o?<\/span><\/p>\n<p><span style=\"font-weight: 400;\">Al\u00e9m de toda a tranquilidade de morar em um espa\u00e7o residencial, voc\u00ea ainda ter\u00e1 a praticidade de estar pr\u00f3ximo a regi\u00f5es mais movimentadas da cidade e ter acesso a estrutura desses locais.<\/span><\/p>\n<p><span style=\"font-weight: 400;\">Entre em contato com a <\/span><a href=\"https:\/\/www.auxiliadorapredial.com.br\/\" target=\"_blank\" rel=\"noopener\"><span style=\"font-weight: 400;\">Auxiliadora Predial<\/span><\/a><span style=\"font-weight: 400;\"> e conhe\u00e7a todas oportunidades de neg\u00f3cio dispon\u00edveis. E caso encontre alguma que atenda seu or\u00e7amento e expectativas, o corretor respons\u00e1vel j\u00e1 d\u00e1 in\u00edcio \u00e0 visita\u00e7\u00e3o, negocia\u00e7\u00e3o e todas as quest\u00f5es envolvendo <\/span><a href=\"https:\/\/www.auxiliadorapredial.com.br\/comprar\/residencial\/rs+porto-alegre+jardim-itu-sabara\" target=\"_blank\" rel=\"noopener\"><b>comprar<\/b><\/a><span style=\"font-weight: 400;\"> ou <\/span><a href=\"https:\/\/www.auxiliadorapredial.com.br\/alugar\/residencial\/rs+porto-alegre+jardim-itu-sabara\" target=\"_blank\" rel=\"noopener\"><b>alugar<\/b><\/a><span style=\"font-weight: 400;\"> um im\u00f3vel no Jardim Itu-Sabar\u00e1.<\/span><\/p>\n<p><span style=\"font-weight: 400;\">Antes de iniciar qualquer transa\u00e7\u00e3o de compra e venda, fale com nossos especialistas. Eles est\u00e3o preparados e s\u00e3o habilitados a encontrar a melhor negocia\u00e7\u00e3o para voc\u00ea.\u00a0<\/span><\/p>\n","protected":false},"excerpt":{"rendered":"<p>Veja os encantos, a tranquilidade e o desenvolvimento constante do bairro Jardim Itu-Sabar\u00e1, na Zona Norte de Porto Alegre! Boa leitura!<\/p>\n","protected":false},"author":8,"featured_media":13075,"comment_status":"open","ping_status":"open","sticky":false,"template":"","format":"standard","meta":{"footnotes":""},"categories":[309],"tags":[750,751,57,384],"class_list":["post-12233","post","type-post","status-publish","format-standard","has-post-thumbnail","hentry","category-morar-bem","tag-jardim-itu-sabara","tag-jardim-itu-sabara-porto-alegre","tag-porto-alegre","tag-rio-grande-do-sul"],"yoast_head":"<!-- This site is optimized with the Yoast SEO plugin v27.3 - https:\/\/yoast.com\/product\/yoast-seo-wordpress\/ -->\n<title>Jardim Itu-Sabar\u00e1: um bairro residencial na agita\u00e7\u00e3o do com\u00e9rcio<\/title>\n<meta name=\"description\" content=\"Veja os encantos, a tranquilidade e o desenvolvimento constante do bairro Jardim Itu-Sabar\u00e1, na Zona Norte de Porto Alegre! Boa leitura!\" \/>\n<meta name=\"robots\" content=\"index, follow, max-snippet:-1, max-image-preview:large, max-video-preview:-1\" \/>\n<link rel=\"canonical\" href=\"https:\/\/auxiliadorapredial.com.br\/blog\/jardim-itu-sabara-porto-alegre\/\" \/>\n<meta property=\"og:locale\" content=\"pt_BR\" \/>\n<meta property=\"og:type\" content=\"article\" \/>\n<meta property=\"og:title\" content=\"Jardim Itu-Sabar\u00e1: um bairro residencial na agita\u00e7\u00e3o do com\u00e9rcio\" \/>\n<meta property=\"og:description\" content=\"Veja os encantos, a tranquilidade e o desenvolvimento constante do bairro Jardim Itu-Sabar\u00e1, na Zona Norte de Porto Alegre! Boa leitura!\" \/>\n<meta property=\"og:url\" content=\"https:\/\/auxiliadorapredial.com.br\/blog\/jardim-itu-sabara-porto-alegre\/\" \/>\n<meta property=\"og:site_name\" content=\"Blog da Auxiliadora Predial - Tudo sobre im\u00f3veis e condom\u00ednios\" \/>\n<meta property=\"article:published_time\" content=\"2023-02-22T17:22:10+00:00\" \/>\n<meta property=\"article:modified_time\" content=\"2023-06-05T12:24:47+00:00\" \/>\n<meta property=\"og:image\" content=\"https:\/\/auxiliadorapredial.com.br\/blog\/wp-content\/uploads\/jardim-itu-sabara-porto-alegre-capa.webp\" \/>\n\t<meta property=\"og:image:width\" content=\"700\" \/>\n\t<meta property=\"og:image:height\" content=\"467\" \/>\n\t<meta property=\"og:image:type\" content=\"image\/webp\" \/>\n<meta name=\"author\" content=\"Auxiliadora Predial\" \/>\n<meta name=\"twitter:card\" content=\"summary_large_image\" \/>\n<meta name=\"twitter:label1\" content=\"Escrito por\" \/>\n\t<meta name=\"twitter:data1\" content=\"Auxiliadora Predial\" \/>\n\t<meta name=\"twitter:label2\" content=\"Est. tempo de leitura\" \/>\n\t<meta name=\"twitter:data2\" content=\"10 minutos\" \/>\n<script type=\"application\/ld+json\" class=\"yoast-schema-graph\">{\"@context\":\"https:\\\/\\\/schema.org\",\"@graph\":[{\"@type\":\"Article\",\"@id\":\"https:\\\/\\\/auxiliadorapredial.com.br\\\/blog\\\/jardim-itu-sabara-porto-alegre\\\/#article\",\"isPartOf\":{\"@id\":\"https:\\\/\\\/auxiliadorapredial.com.br\\\/blog\\\/jardim-itu-sabara-porto-alegre\\\/\"},\"author\":{\"name\":\"Auxiliadora Predial\",\"@id\":\"https:\\\/\\\/www.auxiliadorapredial.com.br\\\/blog\\\/#\\\/schema\\\/person\\\/6f18fc59c4e49f77084c0b79db558b94\"},\"headline\":\"Jardim Itu-Sabar\u00e1: um bairro residencial na agita\u00e7\u00e3o do com\u00e9rcio\",\"datePublished\":\"2023-02-22T17:22:10+00:00\",\"dateModified\":\"2023-06-05T12:24:47+00:00\",\"mainEntityOfPage\":{\"@id\":\"https:\\\/\\\/auxiliadorapredial.com.br\\\/blog\\\/jardim-itu-sabara-porto-alegre\\\/\"},\"wordCount\":1730,\"commentCount\":0,\"image\":{\"@id\":\"https:\\\/\\\/auxiliadorapredial.com.br\\\/blog\\\/jardim-itu-sabara-porto-alegre\\\/#primaryimage\"},\"thumbnailUrl\":\"https:\\\/\\\/www.auxiliadorapredial.com.br\\\/blog\\\/wp-content\\\/uploads\\\/jardim-itu-sabara-porto-alegre-capa.webp\",\"keywords\":[\"jardim itu-sabar\u00e1\",\"jardim itu-sabar\u00e1 porto alegre\",\"Porto Alegre\",\"rio grande do sul\"],\"articleSection\":[\"Morar Bem\"],\"inLanguage\":\"pt-BR\",\"potentialAction\":[{\"@type\":\"CommentAction\",\"name\":\"Comment\",\"target\":[\"https:\\\/\\\/auxiliadorapredial.com.br\\\/blog\\\/jardim-itu-sabara-porto-alegre\\\/#respond\"]}]},{\"@type\":\"WebPage\",\"@id\":\"https:\\\/\\\/auxiliadorapredial.com.br\\\/blog\\\/jardim-itu-sabara-porto-alegre\\\/\",\"url\":\"https:\\\/\\\/auxiliadorapredial.com.br\\\/blog\\\/jardim-itu-sabara-porto-alegre\\\/\",\"name\":\"Jardim Itu-Sabar\u00e1: um bairro residencial na agita\u00e7\u00e3o do com\u00e9rcio\",\"isPartOf\":{\"@id\":\"https:\\\/\\\/www.auxiliadorapredial.com.br\\\/blog\\\/#website\"},\"primaryImageOfPage\":{\"@id\":\"https:\\\/\\\/auxiliadorapredial.com.br\\\/blog\\\/jardim-itu-sabara-porto-alegre\\\/#primaryimage\"},\"image\":{\"@id\":\"https:\\\/\\\/auxiliadorapredial.com.br\\\/blog\\\/jardim-itu-sabara-porto-alegre\\\/#primaryimage\"},\"thumbnailUrl\":\"https:\\\/\\\/www.auxiliadorapredial.com.br\\\/blog\\\/wp-content\\\/uploads\\\/jardim-itu-sabara-porto-alegre-capa.webp\",\"datePublished\":\"2023-02-22T17:22:10+00:00\",\"dateModified\":\"2023-06-05T12:24:47+00:00\",\"author\":{\"@id\":\"https:\\\/\\\/www.auxiliadorapredial.com.br\\\/blog\\\/#\\\/schema\\\/person\\\/6f18fc59c4e49f77084c0b79db558b94\"},\"description\":\"Veja os encantos, a tranquilidade e o desenvolvimento constante do bairro Jardim Itu-Sabar\u00e1, na Zona Norte de Porto Alegre! Boa leitura!\",\"inLanguage\":\"pt-BR\",\"potentialAction\":[{\"@type\":\"ReadAction\",\"target\":[\"https:\\\/\\\/auxiliadorapredial.com.br\\\/blog\\\/jardim-itu-sabara-porto-alegre\\\/\"]}]},{\"@type\":\"ImageObject\",\"inLanguage\":\"pt-BR\",\"@id\":\"https:\\\/\\\/auxiliadorapredial.com.br\\\/blog\\\/jardim-itu-sabara-porto-alegre\\\/#primaryimage\",\"url\":\"https:\\\/\\\/www.auxiliadorapredial.com.br\\\/blog\\\/wp-content\\\/uploads\\\/jardim-itu-sabara-porto-alegre-capa.webp\",\"contentUrl\":\"https:\\\/\\\/www.auxiliadorapredial.com.br\\\/blog\\\/wp-content\\\/uploads\\\/jardim-itu-sabara-porto-alegre-capa.webp\",\"width\":700,\"height\":467,\"caption\":\"Jardim Itu-Sabar\u00e1: um bairro residencial na agita\u00e7\u00e3o do com\u00e9rcio\"},{\"@type\":\"WebSite\",\"@id\":\"https:\\\/\\\/www.auxiliadorapredial.com.br\\\/blog\\\/#website\",\"url\":\"https:\\\/\\\/www.auxiliadorapredial.com.br\\\/blog\\\/\",\"name\":\"Blog da Auxiliadora Predial - Tudo sobre im\u00f3veis e condom\u00ednios\",\"description\":\"Dicas da Auxiliadora Predial sobre aluguel, compra e venda de im\u00f3veis, al\u00e9m de condom\u00ednios. Imobili\u00e1ria em Porto Alegre e interior do RS, Santa Catarina e S\u00e3o Paulo.\",\"potentialAction\":[{\"@type\":\"SearchAction\",\"target\":{\"@type\":\"EntryPoint\",\"urlTemplate\":\"https:\\\/\\\/www.auxiliadorapredial.com.br\\\/blog\\\/?s={search_term_string}\"},\"query-input\":{\"@type\":\"PropertyValueSpecification\",\"valueRequired\":true,\"valueName\":\"search_term_string\"}}],\"inLanguage\":\"pt-BR\"},{\"@type\":\"Person\",\"@id\":\"https:\\\/\\\/www.auxiliadorapredial.com.br\\\/blog\\\/#\\\/schema\\\/person\\\/6f18fc59c4e49f77084c0b79db558b94\",\"name\":\"Auxiliadora Predial\",\"image\":{\"@type\":\"ImageObject\",\"inLanguage\":\"pt-BR\",\"@id\":\"https:\\\/\\\/secure.gravatar.com\\\/avatar\\\/35e2e024be01cb7ad8d58228a0e85f870bdc4fcffc251c71ad386ea38ee05234?s=96&d=mm&r=g\",\"url\":\"https:\\\/\\\/secure.gravatar.com\\\/avatar\\\/35e2e024be01cb7ad8d58228a0e85f870bdc4fcffc251c71ad386ea38ee05234?s=96&d=mm&r=g\",\"contentUrl\":\"https:\\\/\\\/secure.gravatar.com\\\/avatar\\\/35e2e024be01cb7ad8d58228a0e85f870bdc4fcffc251c71ad386ea38ee05234?s=96&d=mm&r=g\",\"caption\":\"Auxiliadora Predial\"},\"sameAs\":[\"https:\\\/\\\/www.auxiliadorapredial.com.br\\\/\"]}]}<\/script>\n<!-- \/ Yoast SEO plugin. -->","yoast_head_json":{"title":"Jardim Itu-Sabar\u00e1: um bairro residencial na agita\u00e7\u00e3o do com\u00e9rcio","description":"Veja os encantos, a tranquilidade e o desenvolvimento constante do bairro Jardim Itu-Sabar\u00e1, na Zona Norte de Porto Alegre! Boa leitura!","robots":{"index":"index","follow":"follow","max-snippet":"max-snippet:-1","max-image-preview":"max-image-preview:large","max-video-preview":"max-video-preview:-1"},"canonical":"https:\/\/auxiliadorapredial.com.br\/blog\/jardim-itu-sabara-porto-alegre\/","og_locale":"pt_BR","og_type":"article","og_title":"Jardim Itu-Sabar\u00e1: um bairro residencial na agita\u00e7\u00e3o do com\u00e9rcio","og_description":"Veja os encantos, a tranquilidade e o desenvolvimento constante do bairro Jardim Itu-Sabar\u00e1, na Zona Norte de Porto Alegre! Boa leitura!","og_url":"https:\/\/auxiliadorapredial.com.br\/blog\/jardim-itu-sabara-porto-alegre\/","og_site_name":"Blog da Auxiliadora Predial - Tudo sobre im\u00f3veis e condom\u00ednios","article_published_time":"2023-02-22T17:22:10+00:00","article_modified_time":"2023-06-05T12:24:47+00:00","og_image":[{"width":700,"height":467,"url":"https:\/\/auxiliadorapredial.com.br\/blog\/wp-content\/uploads\/jardim-itu-sabara-porto-alegre-capa.webp","type":"image\/webp"}],"author":"Auxiliadora Predial","twitter_card":"summary_large_image","twitter_misc":{"Escrito por":"Auxiliadora Predial","Est. tempo de leitura":"10 minutos"},"schema":{"@context":"https:\/\/schema.org","@graph":[{"@type":"Article","@id":"https:\/\/auxiliadorapredial.com.br\/blog\/jardim-itu-sabara-porto-alegre\/#article","isPartOf":{"@id":"https:\/\/auxiliadorapredial.com.br\/blog\/jardim-itu-sabara-porto-alegre\/"},"author":{"name":"Auxiliadora Predial","@id":"https:\/\/www.auxiliadorapredial.com.br\/blog\/#\/schema\/person\/6f18fc59c4e49f77084c0b79db558b94"},"headline":"Jardim Itu-Sabar\u00e1: um bairro residencial na agita\u00e7\u00e3o do com\u00e9rcio","datePublished":"2023-02-22T17:22:10+00:00","dateModified":"2023-06-05T12:24:47+00:00","mainEntityOfPage":{"@id":"https:\/\/auxiliadorapredial.com.br\/blog\/jardim-itu-sabara-porto-alegre\/"},"wordCount":1730,"commentCount":0,"image":{"@id":"https:\/\/auxiliadorapredial.com.br\/blog\/jardim-itu-sabara-porto-alegre\/#primaryimage"},"thumbnailUrl":"https:\/\/www.auxiliadorapredial.com.br\/blog\/wp-content\/uploads\/jardim-itu-sabara-porto-alegre-capa.webp","keywords":["jardim itu-sabar\u00e1","jardim itu-sabar\u00e1 porto alegre","Porto Alegre","rio grande do sul"],"articleSection":["Morar Bem"],"inLanguage":"pt-BR","potentialAction":[{"@type":"CommentAction","name":"Comment","target":["https:\/\/auxiliadorapredial.com.br\/blog\/jardim-itu-sabara-porto-alegre\/#respond"]}]},{"@type":"WebPage","@id":"https:\/\/auxiliadorapredial.com.br\/blog\/jardim-itu-sabara-porto-alegre\/","url":"https:\/\/auxiliadorapredial.com.br\/blog\/jardim-itu-sabara-porto-alegre\/","name":"Jardim Itu-Sabar\u00e1: um bairro residencial na agita\u00e7\u00e3o do com\u00e9rcio","isPartOf":{"@id":"https:\/\/www.auxiliadorapredial.com.br\/blog\/#website"},"primaryImageOfPage":{"@id":"https:\/\/auxiliadorapredial.com.br\/blog\/jardim-itu-sabara-porto-alegre\/#primaryimage"},"image":{"@id":"https:\/\/auxiliadorapredial.com.br\/blog\/jardim-itu-sabara-porto-alegre\/#primaryimage"},"thumbnailUrl":"https:\/\/www.auxiliadorapredial.com.br\/blog\/wp-content\/uploads\/jardim-itu-sabara-porto-alegre-capa.webp","datePublished":"2023-02-22T17:22:10+00:00","dateModified":"2023-06-05T12:24:47+00:00","author":{"@id":"https:\/\/www.auxiliadorapredial.com.br\/blog\/#\/schema\/person\/6f18fc59c4e49f77084c0b79db558b94"},"description":"Veja os encantos, a tranquilidade e o desenvolvimento constante do bairro Jardim Itu-Sabar\u00e1, na Zona Norte de Porto Alegre! Boa leitura!","inLanguage":"pt-BR","potentialAction":[{"@type":"ReadAction","target":["https:\/\/auxiliadorapredial.com.br\/blog\/jardim-itu-sabara-porto-alegre\/"]}]},{"@type":"ImageObject","inLanguage":"pt-BR","@id":"https:\/\/auxiliadorapredial.com.br\/blog\/jardim-itu-sabara-porto-alegre\/#primaryimage","url":"https:\/\/www.auxiliadorapredial.com.br\/blog\/wp-content\/uploads\/jardim-itu-sabara-porto-alegre-capa.webp","contentUrl":"https:\/\/www.auxiliadorapredial.com.br\/blog\/wp-content\/uploads\/jardim-itu-sabara-porto-alegre-capa.webp","width":700,"height":467,"caption":"Jardim Itu-Sabar\u00e1: um bairro residencial na agita\u00e7\u00e3o do com\u00e9rcio"},{"@type":"WebSite","@id":"https:\/\/www.auxiliadorapredial.com.br\/blog\/#website","url":"https:\/\/www.auxiliadorapredial.com.br\/blog\/","name":"Blog da Auxiliadora Predial - Tudo sobre im\u00f3veis e condom\u00ednios","description":"Dicas da Auxiliadora Predial sobre aluguel, compra e venda de im\u00f3veis, al\u00e9m de condom\u00ednios. Imobili\u00e1ria em Porto Alegre e interior do RS, Santa Catarina e S\u00e3o Paulo.","potentialAction":[{"@type":"SearchAction","target":{"@type":"EntryPoint","urlTemplate":"https:\/\/www.auxiliadorapredial.com.br\/blog\/?s={search_term_string}"},"query-input":{"@type":"PropertyValueSpecification","valueRequired":true,"valueName":"search_term_string"}}],"inLanguage":"pt-BR"},{"@type":"Person","@id":"https:\/\/www.auxiliadorapredial.com.br\/blog\/#\/schema\/person\/6f18fc59c4e49f77084c0b79db558b94","name":"Auxiliadora Predial","image":{"@type":"ImageObject","inLanguage":"pt-BR","@id":"https:\/\/secure.gravatar.com\/avatar\/35e2e024be01cb7ad8d58228a0e85f870bdc4fcffc251c71ad386ea38ee05234?s=96&d=mm&r=g","url":"https:\/\/secure.gravatar.com\/avatar\/35e2e024be01cb7ad8d58228a0e85f870bdc4fcffc251c71ad386ea38ee05234?s=96&d=mm&r=g","contentUrl":"https:\/\/secure.gravatar.com\/avatar\/35e2e024be01cb7ad8d58228a0e85f870bdc4fcffc251c71ad386ea38ee05234?s=96&d=mm&r=g","caption":"Auxiliadora Predial"},"sameAs":["https:\/\/www.auxiliadorapredial.com.br\/"]}]}},"views":5485,"_links":{"self":[{"href":"https:\/\/www.auxiliadorapredial.com.br\/blog\/wp-json\/wp\/v2\/posts\/12233","targetHints":{"allow":["GET"]}}],"collection":[{"href":"https:\/\/www.auxiliadorapredial.com.br\/blog\/wp-json\/wp\/v2\/posts"}],"about":[{"href":"https:\/\/www.auxiliadorapredial.com.br\/blog\/wp-json\/wp\/v2\/types\/post"}],"author":[{"embeddable":true,"href":"https:\/\/www.auxiliadorapredial.com.br\/blog\/wp-json\/wp\/v2\/users\/8"}],"replies":[{"embeddable":true,"href":"https:\/\/www.auxiliadorapredial.com.br\/blog\/wp-json\/wp\/v2\/comments?post=12233"}],"version-history":[{"count":7,"href":"https:\/\/www.auxiliadorapredial.com.br\/blog\/wp-json\/wp\/v2\/posts\/12233\/revisions"}],"predecessor-version":[{"id":13081,"href":"https:\/\/www.auxiliadorapredial.com.br\/blog\/wp-json\/wp\/v2\/posts\/12233\/revisions\/13081"}],"wp:featuredmedia":[{"embeddable":true,"href":"https:\/\/www.auxiliadorapredial.com.br\/blog\/wp-json\/wp\/v2\/media\/13075"}],"wp:attachment":[{"href":"https:\/\/www.auxiliadorapredial.com.br\/blog\/wp-json\/wp\/v2\/media?parent=12233"}],"wp:term":[{"taxonomy":"category","embeddable":true,"href":"https:\/\/www.auxiliadorapredial.com.br\/blog\/wp-json\/wp\/v2\/categories?post=12233"},{"taxonomy":"post_tag","embeddable":true,"href":"https:\/\/www.auxiliadorapredial.com.br\/blog\/wp-json\/wp\/v2\/tags?post=12233"}],"curies":[{"name":"wp","href":"https:\/\/api.w.org\/{rel}","templated":true}]}}