{"id":12471,"date":"2023-03-21T11:44:54","date_gmt":"2023-03-21T14:44:54","guid":{"rendered":"https:\/\/www.auxiliadorapredial.com.br\/blog\/?p=12471"},"modified":"2023-11-13T15:14:08","modified_gmt":"2023-11-13T18:14:08","slug":"aniversario-de-porto-alegre-veja-onde-curtir-a-data","status":"publish","type":"post","link":"https:\/\/www.auxiliadorapredial.com.br\/blog\/aniversario-de-porto-alegre-veja-onde-curtir-a-data\/","title":{"rendered":"Anivers\u00e1rio de Porto Alegre: veja onde curtir a data"},"content":{"rendered":"<p><span style=\"font-weight: 400;\">Uma das melhores capitais do Brasil para morar, trabalhar, estudar e se divertir. N\u00e3o \u00e9 exagero lembrar, \u00e0s v\u00e9speras d<\/span>o<b> anivers\u00e1rio de Porto Alegre<\/b><span style=\"font-weight: 400;\">, que essa cidade \u00e9 simplesmente cheia de encantos.<\/span><\/p>\n<p><span style=\"font-weight: 400;\">Para celebrar o m\u00eas de mar\u00e7o, que \u00e9 comemorativo ao seu anivers\u00e1rio de funda\u00e7\u00e3o, vamos te mostrar alguns dos<\/span><b> lugares mais legais para visitar em Porto Alegre<\/b><span style=\"font-weight: 400;\"> e aproveitar a data &#8211; ou qualquer outro dia do ano.<\/span><\/p>\n<p>&nbsp;<\/p>\n<div id=\"ez-toc-container\" class=\"ez-toc-v2_0_82_2 counter-hierarchy ez-toc-counter ez-toc-transparent ez-toc-container-direction\">\n<p class=\"ez-toc-title\" style=\"cursor:inherit\">Navegue pelo conte\u00fado<\/p>\n<label for=\"ez-toc-cssicon-toggle-item-69f5114007ce5\" class=\"ez-toc-cssicon-toggle-label\"><span class=\"\"><span class=\"eztoc-hide\" style=\"display:none;\">Toggle<\/span><span class=\"ez-toc-icon-toggle-span\"><svg style=\"fill: #000000;color:#000000\" xmlns=\"http:\/\/www.w3.org\/2000\/svg\" class=\"list-377408\" width=\"20px\" height=\"20px\" viewBox=\"0 0 24 24\" fill=\"none\"><path d=\"M6 6H4v2h2V6zm14 0H8v2h12V6zM4 11h2v2H4v-2zm16 0H8v2h12v-2zM4 16h2v2H4v-2zm16 0H8v2h12v-2z\" fill=\"currentColor\"><\/path><\/svg><svg style=\"fill: #000000;color:#000000\" class=\"arrow-unsorted-368013\" xmlns=\"http:\/\/www.w3.org\/2000\/svg\" width=\"10px\" height=\"10px\" viewBox=\"0 0 24 24\" version=\"1.2\" baseProfile=\"tiny\"><path d=\"M18.2 9.3l-6.2-6.3-6.2 6.3c-.2.2-.3.4-.3.7s.1.5.3.7c.2.2.4.3.7.3h11c.3 0 .5-.1.7-.3.2-.2.3-.5.3-.7s-.1-.5-.3-.7zM5.8 14.7l6.2 6.3 6.2-6.3c.2-.2.3-.5.3-.7s-.1-.5-.3-.7c-.2-.2-.4-.3-.7-.3h-11c-.3 0-.5.1-.7.3-.2.2-.3.5-.3.7s.1.5.3.7z\"\/><\/svg><\/span><\/span><\/label><input type=\"checkbox\"  id=\"ez-toc-cssicon-toggle-item-69f5114007ce5\"  aria-label=\"Alternar\" \/><nav><ul class='ez-toc-list ez-toc-list-level-1 ' ><li class='ez-toc-page-1 ez-toc-heading-level-2'><a class=\"ez-toc-link ez-toc-heading-1\" href=\"https:\/\/www.auxiliadorapredial.com.br\/blog\/aniversario-de-porto-alegre-veja-onde-curtir-a-data\/#Conhecendo_Porto_Alegre\" >Conhecendo Porto Alegre<\/a><\/li><li class='ez-toc-page-1 ez-toc-heading-level-2'><a class=\"ez-toc-link ez-toc-heading-2\" href=\"https:\/\/www.auxiliadorapredial.com.br\/blog\/aniversario-de-porto-alegre-veja-onde-curtir-a-data\/#Encantos_naturais_da_capital_gaucha\" >Encantos naturais da capital ga\u00facha<\/a><\/li><li class='ez-toc-page-1 ez-toc-heading-level-2'><a class=\"ez-toc-link ez-toc-heading-3\" href=\"https:\/\/www.auxiliadorapredial.com.br\/blog\/aniversario-de-porto-alegre-veja-onde-curtir-a-data\/#Onde_ir_no_aniversario_de_Porto_Alegre\" >Onde ir no anivers\u00e1rio de Porto Alegre?<\/a><ul class='ez-toc-list-level-3' ><li class='ez-toc-heading-level-3'><a class=\"ez-toc-link ez-toc-heading-4\" href=\"https:\/\/www.auxiliadorapredial.com.br\/blog\/aniversario-de-porto-alegre-veja-onde-curtir-a-data\/#Tour_pela_cidade_com_a_Linha_Turismo\" >Tour pela cidade com a Linha Turismo<\/a><\/li><li class='ez-toc-page-1 ez-toc-heading-level-3'><a class=\"ez-toc-link ez-toc-heading-5\" href=\"https:\/\/www.auxiliadorapredial.com.br\/blog\/aniversario-de-porto-alegre-veja-onde-curtir-a-data\/#Visita_a_Casa_de_Cultura_Mario_Quintana_e_outros_predios_historicos_do_Centro\" >Visita \u00e0 Casa de Cultura Mario Quintana (e outros pr\u00e9dios hist\u00f3ricos do Centro)<\/a><\/li><li class='ez-toc-page-1 ez-toc-heading-level-3'><a class=\"ez-toc-link ez-toc-heading-6\" href=\"https:\/\/www.auxiliadorapredial.com.br\/blog\/aniversario-de-porto-alegre-veja-onde-curtir-a-data\/#Passeio_pela_orla_do_Guaiba\" >Passeio pela orla do Gua\u00edba<\/a><\/li><li class='ez-toc-page-1 ez-toc-heading-level-3'><a class=\"ez-toc-link ez-toc-heading-7\" href=\"https:\/\/www.auxiliadorapredial.com.br\/blog\/aniversario-de-porto-alegre-veja-onde-curtir-a-data\/#Navegar_com_o_Cisne_Branco\" >Navegar com o Cisne Branco<\/a><\/li><li class='ez-toc-page-1 ez-toc-heading-level-3'><a class=\"ez-toc-link ez-toc-heading-8\" href=\"https:\/\/www.auxiliadorapredial.com.br\/blog\/aniversario-de-porto-alegre-veja-onde-curtir-a-data\/#Visitar_o_Mercado_Publico\" >Visitar o Mercado P\u00fablico<\/a><\/li><li class='ez-toc-page-1 ez-toc-heading-level-3'><a class=\"ez-toc-link ez-toc-heading-9\" href=\"https:\/\/www.auxiliadorapredial.com.br\/blog\/aniversario-de-porto-alegre-veja-onde-curtir-a-data\/#Relaxar_na_Redencao\" >Relaxar na Reden\u00e7\u00e3o<\/a><\/li><\/ul><\/li><li class='ez-toc-page-1 ez-toc-heading-level-2'><a class=\"ez-toc-link ez-toc-heading-10\" href=\"https:\/\/www.auxiliadorapredial.com.br\/blog\/aniversario-de-porto-alegre-veja-onde-curtir-a-data\/#Programacao_do_aniversario_de_Porto_Alegre_2023\" >Programa\u00e7\u00e3o do anivers\u00e1rio de Porto Alegre 2023<\/a><ul class='ez-toc-list-level-3' ><li class='ez-toc-heading-level-3'><a class=\"ez-toc-link ez-toc-heading-11\" href=\"https:\/\/www.auxiliadorapredial.com.br\/blog\/aniversario-de-porto-alegre-veja-onde-curtir-a-data\/#Brique_da_Redencao\" >Brique da Reden\u00e7\u00e3o<\/a><\/li><li class='ez-toc-page-1 ez-toc-heading-level-3'><a class=\"ez-toc-link ez-toc-heading-12\" href=\"https:\/\/www.auxiliadorapredial.com.br\/blog\/aniversario-de-porto-alegre-veja-onde-curtir-a-data\/#Porto_Alegre_em_Cena\" >Porto Alegre em Cena<\/a><\/li><li class='ez-toc-page-1 ez-toc-heading-level-3'><a class=\"ez-toc-link ez-toc-heading-13\" href=\"https:\/\/www.auxiliadorapredial.com.br\/blog\/aniversario-de-porto-alegre-veja-onde-curtir-a-data\/#Acoes_ambientais\" >A\u00e7\u00f5es ambientais<\/a><\/li><li class='ez-toc-page-1 ez-toc-heading-level-3'><a class=\"ez-toc-link ez-toc-heading-14\" href=\"https:\/\/www.auxiliadorapredial.com.br\/blog\/aniversario-de-porto-alegre-veja-onde-curtir-a-data\/#Mostra_de_arte_textil_no_Theatro_Sao_Pedro\" >Mostra de arte t\u00eaxtil no Theatro S\u00e3o Pedro<\/a><\/li><\/ul><\/li><\/ul><\/nav><\/div>\n<h2><span class=\"ez-toc-section\" id=\"Conhecendo_Porto_Alegre\"><\/span><b>Conhecendo Porto Alegre<\/b><span class=\"ez-toc-section-end\"><\/span><\/h2>\n<p><span style=\"font-weight: 400;\">Se voc\u00ea ainda n\u00e3o conhece muito de Porto Alegre, ent\u00e3o prepare-se. Estamos falando de uma das capitais mais bem preparadas do Brasil para abrigar e receber seus moradores, novos habitantes e turistas.<\/span><\/p>\n<p><span style=\"font-weight: 400;\">Tem 500 km\u00b2 de \u00e1rea e mais de 1.490.000 habitantes, al\u00e9m de sua marca registrada famos\u00edssima: \u00e9 banhada pelo grande <\/span><b>lago Gua\u00edba<\/b><span style=\"font-weight: 400;\">.<\/span><\/p>\n<p><span style=\"font-weight: 400;\">Porto Alegre ostenta diversos t\u00edtulos que justamente condecoram sua fama de um excelente lugar para viver. Ao todo, s\u00e3o mais de 80 pr\u00eamios que exaltam suas condi\u00e7\u00f5es de infraestrutura, seguran\u00e7a, ensino, trabalho, entre outros fatores.<\/span><\/p>\n<p><span style=\"font-weight: 400;\">Por exemplo, em 2010, a cidade foi considerada pela Organiza\u00e7\u00e3o das Na\u00e7\u00f5es Unidas (<\/span><a href=\"https:\/\/brasil.un.org\/pt-br\" target=\"_blank\" rel=\"noopener\"><span style=\"font-weight: 400;\">ONU<\/span><\/a><span style=\"font-weight: 400;\">) como a <\/span><b>Metr\u00f3pole n\u00ba 1 em qualidade de vida do Brasil<\/b><span style=\"font-weight: 400;\">. Outros dados, como \u00f3timo \u00cdndice de Desenvolvimento Humano (IDH), baixa taxa de desemprego e grande atra\u00e7\u00e3o de investidores, fazem da \u201ccapital dos ga\u00fachos\u201d um lugar cheio de oportunidades e tranquilidade.<\/span><\/p>\n<p>&nbsp;<\/p>\n<p><strong>Leia tamb\u00e9m:<\/strong><\/p>\n<p><a href=\"https:\/\/www.auxiliadorapredial.com.br\/blog\/morar-centro-historico-porto-alegre\/\" target=\"_blank\" rel=\"noopener\">Como \u00e9 morar no Centro Hist\u00f3rico de Porto Alegre?<\/a><\/p>\n<p><a href=\"https:\/\/www.auxiliadorapredial.com.br\/blog\/onde-ir-para-jogar-futebol-em-porto-alegre-com-os-amigos\/\" target=\"_blank\" rel=\"noopener\">Onde ir para jogar futebol em Porto Alegre com os amigos<\/a><\/p>\n<p><a href=\"https:\/\/www.auxiliadorapredial.com.br\/blog\/quiz-quais-bairros-de-porto-alegre-tem-a-sua-cara\/\" target=\"_blank\" rel=\"noopener\">Quiz: quais bairros de Porto Alegre t\u00eam a sua cara?<\/a><\/p>\n<p><a href=\"https:\/\/www.auxiliadorapredial.com.br\/blog\/bairros-de-porto-alegre-7-opcoes-para-escolher-onde-morar\/\" target=\"_blank\" rel=\"noopener\">Bairros de Porto Alegre: 7 op\u00e7\u00f5es para escolher onde morar<\/a><\/p>\n<p>&nbsp;<\/p>\n<h2><span class=\"ez-toc-section\" id=\"Encantos_naturais_da_capital_gaucha\"><\/span><b>Encantos naturais da capital ga\u00facha<\/b><span class=\"ez-toc-section-end\"><\/span><\/h2>\n<p><span style=\"font-weight: 400;\">S\u00e3o tantos pontos positivos em dados oficiais, \u00edndices e rankings, que \u00e9 claro que tudo isso iria se refletir nas belezas vis\u00edveis a olho nu.<\/span><\/p>\n<p><span style=\"font-weight: 400;\">Estamos falando de <\/span><b>uma das cidades mais arborizadas do pa\u00eds<\/b><span style=\"font-weight: 400;\">. Porto Alegre tem como uma das suas marcas registradas as ruas que chegam a ter \u201ct\u00faneis\u201d feitos de copas de \u00e1rvores &#8211; seja na regi\u00e3o central ou nos bairros mais descentralizados.<\/span><\/p>\n<p><span style=\"font-weight: 400;\">Al\u00e9m do cen\u00e1rio urbano, Porto Alegre tamb\u00e9m chama a aten\u00e7\u00e3o pelo seu lado cultural sempre ativo e rico, seja ao longo dos anos, seja nos tempos atuais.<\/span><\/p>\n<p><span style=\"font-weight: 400;\">A <\/span><b>cena cultural <\/b><span style=\"font-weight: 400;\">\u00e9 impressionante por seu calend\u00e1rio intenso nas artes, esportes e ci\u00eancias. Isso tamb\u00e9m se reflete no seu roteiro de museus e pr\u00e9dios hist\u00f3ricos, que podem ser facilmente encontrados a partir do Centro da cidade.<\/span><\/p>\n<p>&nbsp;<\/p>\n<h2><span class=\"ez-toc-section\" id=\"Onde_ir_no_aniversario_de_Porto_Alegre\"><\/span><b>Onde ir no anivers\u00e1rio de Porto Alegre?<\/b><span class=\"ez-toc-section-end\"><\/span><\/h2>\n<p><span style=\"font-weight: 400;\">Bom, agora que voc\u00ea j\u00e1 conhece um pouco mais de algumas das principais caracter\u00edsticas marcantes da capital, que tal descobrir alguns passeios e programa\u00e7\u00f5es para o anivers\u00e1rio de Porto Alegre?<\/span><\/p>\n<p><span style=\"font-weight: 400;\">\u00c9 claro que voc\u00ea pode aproveitar o dia comemorativo, em<\/span><b> 26 de mar\u00e7o<\/b><span style=\"font-weight: 400;\">, para fazer um ou mais programas dentre esses que vamos indicar. Por\u00e9m, vale salvar cada dica para curtir essas atra\u00e7\u00f5es ao longo de todo o ano.<\/span><\/p>\n<p>&nbsp;<\/p>\n<h3><span class=\"ez-toc-section\" id=\"Tour_pela_cidade_com_a_Linha_Turismo\"><\/span><span style=\"font-weight: 400;\">Tour pela cidade com a Linha Turismo<\/span><span class=\"ez-toc-section-end\"><\/span><\/h3>\n<p><span style=\"font-weight: 400;\">Imagine um<\/span><b> city tour<\/b><span style=\"font-weight: 400;\"> com a vista panor\u00e2mica de um \u00f4nibus que leva voc\u00ea aos principais pontos tur\u00edsticos da cidade? Essa \u00e9 a Linha Turismo, que tem um roteiro completo pelo Centro Hist\u00f3rico.<\/span><\/p>\n<p><span style=\"font-weight: 400;\">Pra\u00e7a da Matriz, Usina do Gas\u00f4metro, margens do Gua\u00edba e Parque da Reden\u00e7\u00e3o s\u00e3o alguns dos pontos que o \u00f4nibus contempla. Saiba mais sobre os hor\u00e1rios e ingressos no site da <\/span><a href=\"https:\/\/www.linhaturismo.com.br\/#\" target=\"_blank\" rel=\"noopener\"><span style=\"font-weight: 400;\">Linha Turismo<\/span><\/a><span style=\"font-weight: 400;\">.<\/span><\/p>\n<p>&nbsp;<\/p>\n<h3><span class=\"ez-toc-section\" id=\"Visita_a_Casa_de_Cultura_Mario_Quintana_e_outros_predios_historicos_do_Centro\"><\/span><span style=\"font-weight: 400;\">Visita \u00e0 Casa de Cultura Mario Quintana (e outros pr\u00e9dios hist\u00f3ricos do Centro)<\/span><span class=\"ez-toc-section-end\"><\/span><\/h3>\n<p><span style=\"font-weight: 400;\">Esse passeio reserva surpresas e mais surpresas. Trata-se de um espa\u00e7o gigantesco no cora\u00e7\u00e3o da cidade com cultura de sobra. S\u00e3o m\u00faltiplos espa\u00e7os voltados para o cinema, m\u00fasica, artes visuais, teatro, dan\u00e7a e literatura.<\/span><\/p>\n<p><span style=\"font-weight: 400;\">A homenagem aos grandes artistas ga\u00fachos \u00e9 permanente, at\u00e9 porque o lugar s\u00f3 leva esse nome por ter sido, no passado, o Majestic Hotel, moradia do poeta Mario Quintana.<\/span><\/p>\n<p><span style=\"font-weight: 400;\">A visita \u00e0 Casa de Cultura fica completa depois que voc\u00ea visita o jardim a c\u00e9u aberto e o caf\u00e9, que fica no \u00faltimo andar, com uma vista incr\u00edvel.<\/span><\/p>\n<p><span style=\"font-weight: 400;\">Por fim, voc\u00ea pode dar continuidade \u00e0 agenda visitando outros<\/span><b> pr\u00e9dios hist\u00f3ricos <\/b><span style=\"font-weight: 400;\">que tamb\u00e9m ficam ali perto, no Centro da cidade, como:<\/span><\/p>\n<ul>\n<li style=\"font-weight: 400;\" aria-level=\"1\"><span style=\"font-weight: 400;\">Museu de Artes do Rio Grande do Sul (MARGS)<\/span><\/li>\n<li style=\"font-weight: 400;\" aria-level=\"1\"><span style=\"font-weight: 400;\">Museu Santander Cultural<\/span><\/li>\n<li style=\"font-weight: 400;\" aria-level=\"1\"><span style=\"font-weight: 400;\">Museu J\u00falio de Castilhos<\/span><\/li>\n<li style=\"font-weight: 400;\" aria-level=\"1\"><span style=\"font-weight: 400;\">Memorial do Rio Grande do Sul<\/span><\/li>\n<\/ul>\n<p>&nbsp;<\/p>\n<figure id=\"attachment_12473\" aria-describedby=\"caption-attachment-12473\" style=\"width: 800px\" class=\"wp-caption aligncenter\"><img fetchpriority=\"high\" decoding=\"async\" class=\"wp-image-12473 size-full\" src=\"https:\/\/www.auxiliadorapredial.com.br\/blog\/wp-content\/uploads\/aniversario-de-porto-alegre-casa-de-cultura.jpg\" alt=\"Anivers\u00e1rio de Porto Alegre: imagem de cima para baixo da Casa de Cultura Mario Quintana.\" width=\"800\" height=\"534\" srcset=\"https:\/\/www.auxiliadorapredial.com.br\/blog\/wp-content\/uploads\/aniversario-de-porto-alegre-casa-de-cultura.jpg 800w, https:\/\/www.auxiliadorapredial.com.br\/blog\/wp-content\/uploads\/aniversario-de-porto-alegre-casa-de-cultura-300x200.jpg 300w, https:\/\/www.auxiliadorapredial.com.br\/blog\/wp-content\/uploads\/aniversario-de-porto-alegre-casa-de-cultura-768x513.jpg 768w\" sizes=\"(max-width: 800px) 100vw, 800px\" \/><figcaption id=\"caption-attachment-12473\" class=\"wp-caption-text\">Casa de Cultura Mario Quintana (Foto: Giulian Serafim\/PMPA)<\/figcaption><\/figure>\n<p>&nbsp;<\/p>\n<h3><span class=\"ez-toc-section\" id=\"Passeio_pela_orla_do_Guaiba\"><\/span><span style=\"font-weight: 400;\">Passeio pela orla do Gua\u00edba<\/span><span class=\"ez-toc-section-end\"><\/span><\/h3>\n<p><span style=\"font-weight: 400;\">N\u00e3o pode faltar um dos passeios porto-alegrenses mais cl\u00e1ssicos de todos. O Lago Gua\u00edba, que banha a capital, oferece um espet\u00e1culo de cen\u00e1rio no p\u00f4r do sol.<\/span><\/p>\n<p><span style=\"font-weight: 400;\">A <\/span><b>Avenida Beira-Rio <\/b><span style=\"font-weight: 400;\">\u00e9 o extenso trecho que costeia o lago. Fechada para carros aos finais de semana, tem espa\u00e7o para todos os gostos: ciclistas, skatistas, corredores e, claro, pedestres que desejam apreciar a vista com calma.<\/span><\/p>\n<p><span style=\"font-weight: 400;\">Ainda, os estabelecimentos gastron\u00f4micos diversificados fazem da regi\u00e3o uma op\u00e7\u00e3o completa de lazer fora de casa.<\/span><\/p>\n<p><span style=\"font-weight: 400;\">Esse roteiro tamb\u00e9m pode ganhar continuidade na <\/span><a href=\"http:\/\/iberecamargo.org.br\/\" target=\"_blank\" rel=\"noopener\"><b>Funda\u00e7\u00e3o Iber\u00ea Camargo<\/b><\/a><span style=\"font-weight: 400;\">. Projetado pelo pr\u00f3prio arquiteto, o espa\u00e7o re\u00fane as obras mais importantes do artista pl\u00e1stico ga\u00facho Iber\u00ea Camargo<\/span><\/p>\n<p><span style=\"font-weight: 400;\">Um lugar de encontro com a cultura e que rende visuais incr\u00edveis com sua arquitetura \u00fanica &#8211; al\u00e9m, \u00e9 claro, da vista natural para o Gua\u00edba.<\/span><\/p>\n<p>&nbsp;<\/p>\n<figure id=\"attachment_12474\" aria-describedby=\"caption-attachment-12474\" style=\"width: 800px\" class=\"wp-caption aligncenter\"><img decoding=\"async\" class=\"wp-image-12474 size-full\" src=\"https:\/\/www.auxiliadorapredial.com.br\/blog\/wp-content\/uploads\/aniversario-de-porto-alegre-orla-2.jpg\" alt=\"Anivers\u00e1rio de Porto Alegre: Trecho 3 da Orla do Gua\u00edba\" width=\"800\" height=\"450\" srcset=\"https:\/\/www.auxiliadorapredial.com.br\/blog\/wp-content\/uploads\/aniversario-de-porto-alegre-orla-2.jpg 800w, https:\/\/www.auxiliadorapredial.com.br\/blog\/wp-content\/uploads\/aniversario-de-porto-alegre-orla-2-300x169.jpg 300w, https:\/\/www.auxiliadorapredial.com.br\/blog\/wp-content\/uploads\/aniversario-de-porto-alegre-orla-2-768x432.jpg 768w\" sizes=\"(max-width: 800px) 100vw, 800px\" \/><figcaption id=\"caption-attachment-12474\" class=\"wp-caption-text\">Trecho 3 da Orla do Gua\u00edba (Foto: Filipe Karam\/PMPA)<\/figcaption><\/figure>\n<p>&nbsp;<\/p>\n<figure id=\"attachment_12475\" aria-describedby=\"caption-attachment-12475\" style=\"width: 800px\" class=\"wp-caption aligncenter\"><img decoding=\"async\" class=\"wp-image-12475 size-full\" src=\"https:\/\/www.auxiliadorapredial.com.br\/blog\/wp-content\/uploads\/aniversario-de-porto-alegre-gasometro-2.jpg\" alt=\"Anivers\u00e1rio de Porto Alegre: veja onde curtir a data - Auxiliadora Predial\" width=\"800\" height=\"533\" srcset=\"https:\/\/www.auxiliadorapredial.com.br\/blog\/wp-content\/uploads\/aniversario-de-porto-alegre-gasometro-2.jpg 800w, https:\/\/www.auxiliadorapredial.com.br\/blog\/wp-content\/uploads\/aniversario-de-porto-alegre-gasometro-2-300x200.jpg 300w, https:\/\/www.auxiliadorapredial.com.br\/blog\/wp-content\/uploads\/aniversario-de-porto-alegre-gasometro-2-768x512.jpg 768w\" sizes=\"(max-width: 800px) 100vw, 800px\" \/><figcaption id=\"caption-attachment-12475\" class=\"wp-caption-text\">Usina do Gas\u00f4metro (Foto: Vinny Vanoni\/PMPA)<\/figcaption><\/figure>\n<p>&nbsp;<\/p>\n<h3><span class=\"ez-toc-section\" id=\"Navegar_com_o_Cisne_Branco\"><\/span><span style=\"font-weight: 400;\">Navegar com o Cisne Branco<\/span><span class=\"ez-toc-section-end\"><\/span><\/h3>\n<p><span style=\"font-weight: 400;\">Que tal aprofundar esse passeio pelo Gua\u00edba e embarcar no Cisne Branco para conhecer as \u00e1guas de uma outra perspectiva?<\/span><\/p>\n<p><span style=\"font-weight: 400;\">A embarca\u00e7\u00e3o realiza o <\/span><b>tour<\/b><span style=\"font-weight: 400;\">, que tem uma hora de dura\u00e7\u00e3o, e passa pelas principais ilhas do Gua\u00edba.<\/span><\/p>\n<p><span style=\"font-weight: 400;\">A experi\u00eancia tamb\u00e9m proporciona o conhecimento da hist\u00f3ria e das curiosidades de Porto Alegre. Informa\u00e7\u00f5es de agendamento e valores podem ser conferidas no <\/span><a href=\"https:\/\/www.barcocisnebranco.com.br\/\" target=\"_blank\" rel=\"noopener\"><span style=\"font-weight: 400;\">site Cisne Branco<\/span><\/a><span style=\"font-weight: 400;\">.<\/span><\/p>\n<p>&nbsp;<\/p>\n<h3><span class=\"ez-toc-section\" id=\"Visitar_o_Mercado_Publico\"><\/span><span style=\"font-weight: 400;\">Visitar o Mercado P\u00fablico<\/span><span class=\"ez-toc-section-end\"><\/span><\/h3>\n<p><span style=\"font-weight: 400;\">Nada mais \u201ccart\u00e3o-postal\u201d de uma cidade do que o seu Mercado P\u00fablico. Al\u00e9m de um <\/span><b>centro de compras<\/b><span style=\"font-weight: 400;\"> completo, visitar o Mercado P\u00fablico de Porto Alegre significa se aprofundar na hist\u00f3ria de toda a cidade atrav\u00e9s de uma constru\u00e7\u00e3o centen\u00e1ria.<\/span><\/p>\n<p><span style=\"font-weight: 400;\">Os <\/span><b>restaurantes <\/b><span style=\"font-weight: 400;\">tradicionais dentro do espa\u00e7o tamb\u00e9m s\u00e3o uma \u00f3tima pedida, com seus menus e culin\u00e1rias variadas.<\/span><\/p>\n<p>&nbsp;<\/p>\n<figure id=\"attachment_12476\" aria-describedby=\"caption-attachment-12476\" style=\"width: 800px\" class=\"wp-caption aligncenter\"><img loading=\"lazy\" decoding=\"async\" class=\"wp-image-12476 size-full\" src=\"https:\/\/www.auxiliadorapredial.com.br\/blog\/wp-content\/uploads\/aniversario-de-porto-alegre-mercado-publico.jpg\" alt=\"Anivers\u00e1rio de Porto Alegre: Mercado P\u00fablico de Porto Alegre\" width=\"800\" height=\"533\" srcset=\"https:\/\/www.auxiliadorapredial.com.br\/blog\/wp-content\/uploads\/aniversario-de-porto-alegre-mercado-publico.jpg 800w, https:\/\/www.auxiliadorapredial.com.br\/blog\/wp-content\/uploads\/aniversario-de-porto-alegre-mercado-publico-300x200.jpg 300w, https:\/\/www.auxiliadorapredial.com.br\/blog\/wp-content\/uploads\/aniversario-de-porto-alegre-mercado-publico-768x512.jpg 768w\" sizes=\"(max-width: 800px) 100vw, 800px\" \/><figcaption id=\"caption-attachment-12476\" class=\"wp-caption-text\">Segundo andar do Mercado P\u00fablico Municipal de Porto Alegre (Foto: Vinny Vanoni\/PMPA)<\/figcaption><\/figure>\n<p>&nbsp;<\/p>\n<h3><span class=\"ez-toc-section\" id=\"Relaxar_na_Redencao\"><\/span><span style=\"font-weight: 400;\">Relaxar na Reden\u00e7\u00e3o<\/span><span class=\"ez-toc-section-end\"><\/span><\/h3>\n<p><span style=\"font-weight: 400;\">Reden\u00e7\u00e3o \u00e9 como \u00e9 carinhosamente chamado o Parque Farroupilha. Um parque imenso, completamente arborizado, com seu espelho d\u2019\u00e1gua imponente e muito espa\u00e7o para relaxar ou praticar atividades f\u00edsicas.<\/span><\/p>\n<p><span style=\"font-weight: 400;\">Al\u00e9m de toda a beleza dos dias comuns, tamb\u00e9m recebe a <\/span><b>feira org\u00e2nica <\/b><span style=\"font-weight: 400;\">em uma das suas laterais, aos s\u00e1bados de manh\u00e3; e a famosa feira de artesanato e antiguidades, o <\/span><b>Brique da Reden\u00e7\u00e3o<\/b><span style=\"font-weight: 400;\">, ao longo de todo o domingo.<\/span><\/p>\n<p><span style=\"font-weight: 400;\">Porto Alegre \u00e9 extremamente famosa por seus parques, e voc\u00ea tamb\u00e9m pode conhecer outros locais, como:<\/span><\/p>\n<ul>\n<li style=\"font-weight: 400;\" aria-level=\"1\"><span style=\"font-weight: 400;\">Parque Moinhos de Vento (Parc\u00e3o)<\/span><\/li>\n<li style=\"font-weight: 400;\" aria-level=\"1\"><span style=\"font-weight: 400;\">Parque Marinha do Brasil<\/span><\/li>\n<li style=\"font-weight: 400;\" aria-level=\"1\"><span style=\"font-weight: 400;\">Parque Germ\u00e2nia<\/span><\/li>\n<\/ul>\n<p>&nbsp;<\/p>\n<figure id=\"attachment_12477\" aria-describedby=\"caption-attachment-12477\" style=\"width: 800px\" class=\"wp-caption aligncenter\"><img loading=\"lazy\" decoding=\"async\" class=\"wp-image-12477 size-full\" src=\"https:\/\/www.auxiliadorapredial.com.br\/blog\/wp-content\/uploads\/aniversario-de-porto-alegre-redencao.jpg\" alt=\"Anivers\u00e1rio de Porto Alegre: Parque da Reden\u00e7\u00e3o\" width=\"800\" height=\"534\" srcset=\"https:\/\/www.auxiliadorapredial.com.br\/blog\/wp-content\/uploads\/aniversario-de-porto-alegre-redencao.jpg 800w, https:\/\/www.auxiliadorapredial.com.br\/blog\/wp-content\/uploads\/aniversario-de-porto-alegre-redencao-300x200.jpg 300w, https:\/\/www.auxiliadorapredial.com.br\/blog\/wp-content\/uploads\/aniversario-de-porto-alegre-redencao-768x513.jpg 768w\" sizes=\"(max-width: 800px) 100vw, 800px\" \/><figcaption id=\"caption-attachment-12477\" class=\"wp-caption-text\">Espelho d&#8217;\u00e1gua da Reden\u00e7\u00e3o (Foto: Maia Rubim\/PMPA)<\/figcaption><\/figure>\n<p>&nbsp;<\/p>\n<h2><span class=\"ez-toc-section\" id=\"Programacao_do_aniversario_de_Porto_Alegre_2023\"><\/span><b>Programa\u00e7\u00e3o do anivers\u00e1rio de Porto Alegre 2023<\/b><span class=\"ez-toc-section-end\"><\/span><\/h2>\n<p><span style=\"font-weight: 400;\">Voc\u00ea viu at\u00e9 aqui alguns passeios que s\u00e3o fundamentais para conhecer &#8211; ou revisitar &#8211; lugares muito especiais da cidade. E que voc\u00ea pode faz\u00ea-los para comemorar a data ou a qualquer momento do ano.<\/span><\/p>\n<p><span style=\"font-weight: 400;\">Agora, voc\u00ea confere algumas dicas do que fazer na capital ga\u00facha com as programa\u00e7\u00f5es do <\/span><b>anivers\u00e1rio de Porto Alegre 2023<\/b><span style=\"font-weight: 400;\">:<\/span><\/p>\n<p>&nbsp;<\/p>\n<h3><span class=\"ez-toc-section\" id=\"Brique_da_Redencao\"><\/span><span style=\"font-weight: 400;\">Brique da Reden\u00e7\u00e3o<\/span><span class=\"ez-toc-section-end\"><\/span><\/h3>\n<p><span style=\"font-weight: 400;\">Falamos aqui que essa grande feira a c\u00e9u aberto ocorre aos domingos, no Parque Farroupilha, certo?<\/span><\/p>\n<p><span style=\"font-weight: 400;\">Para celebrar a data, uma programa\u00e7\u00e3o especial foi organizada e a \u00faltima parte da agenda acontecer\u00e1 no pr\u00f3prio dia do anivers\u00e1rio, 26 de mar\u00e7o.<\/span><\/p>\n<p><span style=\"font-weight: 400;\">Ser\u00e1 o desfile e chegada de caravana com carros antigos do Veteran Car Clube\/RS, de Porto Alegre. A exposi\u00e7\u00e3o de carros antigos come\u00e7a \u00e0s 10h30 do domingo e segue at\u00e9 12h.<\/span><\/p>\n<p>&nbsp;<\/p>\n<figure id=\"attachment_12478\" aria-describedby=\"caption-attachment-12478\" style=\"width: 800px\" class=\"wp-caption aligncenter\"><img loading=\"lazy\" decoding=\"async\" class=\"wp-image-12478 size-full\" src=\"https:\/\/www.auxiliadorapredial.com.br\/blog\/wp-content\/uploads\/aniversario-de-porto-alegre-brique.jpeg\" alt=\"Anivers\u00e1rio de Porto Alegre: Brique da Reden\u00e7\u00e3o\" width=\"800\" height=\"535\" srcset=\"https:\/\/www.auxiliadorapredial.com.br\/blog\/wp-content\/uploads\/aniversario-de-porto-alegre-brique.jpeg 800w, https:\/\/www.auxiliadorapredial.com.br\/blog\/wp-content\/uploads\/aniversario-de-porto-alegre-brique-300x201.jpeg 300w, https:\/\/www.auxiliadorapredial.com.br\/blog\/wp-content\/uploads\/aniversario-de-porto-alegre-brique-768x514.jpeg 768w\" sizes=\"(max-width: 800px) 100vw, 800px\" \/><figcaption id=\"caption-attachment-12478\" class=\"wp-caption-text\">Brique da Reden\u00e7\u00e3o (Foto: Cesar Lopes\/PMPA)<\/figcaption><\/figure>\n<p>&nbsp;<\/p>\n<h3><span class=\"ez-toc-section\" id=\"Porto_Alegre_em_Cena\"><\/span><span style=\"font-weight: 400;\">Porto Alegre em Cena<\/span><span class=\"ez-toc-section-end\"><\/span><\/h3>\n<p><span style=\"font-weight: 400;\">A segunda parte do Porto Alegre em Cena, festival de teatro da cidade, tamb\u00e9m acontece no per\u00edodo de anivers\u00e1rio, de 16 a 26 de mar\u00e7o.<\/span><\/p>\n<p><span style=\"font-weight: 400;\">As apresenta\u00e7\u00f5es est\u00e3o sendo realizadas em diversos espa\u00e7os, como o Teatro Renascen\u00e7a, a Esquina Democr\u00e1tica, o Teatro da PUCRS, o Theatro S\u00e3o Pedro, entre outros, com agendas gratuitas.<\/span><\/p>\n<p><span style=\"font-weight: 400;\">A programa\u00e7\u00e3o completa e mais informa\u00e7\u00f5es podem ser conferidas no site do <\/span><a href=\"https:\/\/www.portoalegreemcena.com\/\" target=\"_blank\" rel=\"noopener\"><span style=\"font-weight: 400;\">Porto Alegre em Cena<\/span><\/a><span style=\"font-weight: 400;\">.<\/span><\/p>\n<p>&nbsp;<\/p>\n<h3><span class=\"ez-toc-section\" id=\"Acoes_ambientais\"><\/span><span style=\"font-weight: 400;\">A\u00e7\u00f5es ambientais<\/span><span class=\"ez-toc-section-end\"><\/span><\/h3>\n<p><span style=\"font-weight: 400;\">Promovidas pela Secretaria Municipal do Meio Ambiente, Urbanismo e Sustentabilidade (Smamus), as atividades em comemora\u00e7\u00e3o ao anivers\u00e1rio de Porto Alegre come\u00e7aram no dia 20 e seguem at\u00e9 o final do m\u00eas:<\/span><\/p>\n<p>&nbsp;<\/p>\n<p><span style=\"font-weight: 400;\">20\/03 a 31\/03 &#8211; Exposi\u00e7\u00e3o fotogr\u00e1fica (Biblioteca Jornalista Roberto Eduardo Xavier)<\/span><\/p>\n<p><span style=\"font-weight: 400;\">22\/03 &#8211; Trilha interpretativa na Reserva Biol\u00f3gica do Lami Jos\u00e9 Lutzenberger<\/span><\/p>\n<p><span style=\"font-weight: 400;\">23\/03 a 31\/03 &#8211; Feira de troca de livros (sede da Smamus)<\/span><\/p>\n<p><span style=\"font-weight: 400;\">25\/03 &#8211; Oficina de observa\u00e7\u00e3o de aves no Parque Farroupilha<\/span><\/p>\n<p><span style=\"font-weight: 400;\">27\/03 &#8211; Trilha interpretativa no Parque Germ\u00e2nia<\/span><\/p>\n<p><span style=\"font-weight: 400;\">29\/03 &#8211; Oficina de conta\u00e7\u00e3o de hist\u00f3ria para alunos do Centro Social Pedro Leonardi<\/span><\/p>\n<p>&nbsp;<\/p>\n<h3><span class=\"ez-toc-section\" id=\"Mostra_de_arte_textil_no_Theatro_Sao_Pedro\"><\/span><span style=\"font-weight: 400;\">Mostra de arte t\u00eaxtil no Theatro S\u00e3o Pedro<\/span><span class=\"ez-toc-section-end\"><\/span><\/h3>\n<p><span style=\"font-weight: 400;\">Tamb\u00e9m integrando as comemora\u00e7\u00f5es de anivers\u00e1rio, o Theatro S\u00e3o Pedro, outro grande ponto tur\u00edstico da cidade, recebe uma programa\u00e7\u00e3o especial.<\/span><\/p>\n<p><span style=\"font-weight: 400;\">\u00c9 a mostra Arte Vest\u00edvel de Jeaninne Krischke, que acontece de 22 de mar\u00e7o a 2 de abril. A arte t\u00eaxtil entra em destaque nessa exposi\u00e7\u00e3o que pode ser conferida gratuitamente.<\/span><\/p>\n<p>&nbsp;<\/p>\n<p><span style=\"font-weight: 400;\">Gostou de saber mais sobre as paradas obrigat\u00f3rias de Porto Alegre? Com tantos atrativos em seus in\u00fameros bairros, voc\u00ea viu aqui apenas uma parte dos diversos lugares incr\u00edveis para visitar na capital ga\u00facha.<\/span><\/p>\n<p><span style=\"font-weight: 400;\">Aproveite o final de semana de comemora\u00e7\u00e3o e fa\u00e7a seu roteiro pela cidade! Curta o anivers\u00e1rio de Porto Alegre da melhor forma!<\/span><\/p>\n<p><span style=\"font-weight: 400;\">Quer entender como investir ou morar em Porto Alegre? <\/span><span style=\"font-weight: 400;\">Conhe\u00e7a as op\u00e7\u00f5es da Auxiliadora Predial com <\/span><a href=\"https:\/\/www.auxiliadorapredial.com.br\/comprar\/residencial\/rs+porto-alegre\" target=\"_blank\" rel=\"noopener\"><span style=\"font-weight: 400;\">im\u00f3veis para comprar em Porto Alegre<\/span><\/a><span style=\"font-weight: 400;\">.<\/span><\/p>\n<p>&nbsp;<\/p>\n<p>(Foto Capa: Filipe Karam\/PMPA)<\/p>\n","protected":false},"excerpt":{"rendered":"<p>Dicas para n\u00e3o errar e passear pelos lugares mais encantadores da Capital Ga\u00facha, seja no anivers\u00e1rio de Porto Alegre ou ao longo do ano todo!<\/p>\n","protected":false},"author":8,"featured_media":12629,"comment_status":"open","ping_status":"open","sticky":false,"template":"","format":"standard","meta":{"footnotes":""},"categories":[309],"tags":[785,427,57,384],"class_list":["post-12471","post","type-post","status-publish","format-standard","has-post-thumbnail","hentry","category-morar-bem","tag-aniversario-de-porto-alegre","tag-morar-em-porto-alegre","tag-porto-alegre","tag-rio-grande-do-sul"],"yoast_head":"<!-- This site is optimized with the Yoast SEO plugin v27.3 - https:\/\/yoast.com\/product\/yoast-seo-wordpress\/ -->\n<title>Anivers\u00e1rio de Porto Alegre: veja onde curtir a data<\/title>\n<meta name=\"description\" content=\"Dicas para n\u00e3o errar e passear pelos lugares mais encantadores da Capital Ga\u00facha, seja no anivers\u00e1rio de Porto Alegre ou ao longo do ano todo\" \/>\n<meta name=\"robots\" content=\"index, follow, max-snippet:-1, max-image-preview:large, max-video-preview:-1\" \/>\n<link rel=\"canonical\" href=\"https:\/\/www.auxiliadorapredial.com.br\/blog\/aniversario-de-porto-alegre-veja-onde-curtir-a-data\/\" \/>\n<meta property=\"og:locale\" content=\"pt_BR\" \/>\n<meta property=\"og:type\" content=\"article\" \/>\n<meta property=\"og:title\" content=\"Anivers\u00e1rio de Porto Alegre: veja onde curtir a data\" \/>\n<meta property=\"og:description\" content=\"Dicas para n\u00e3o errar e passear pelos lugares mais encantadores da Capital Ga\u00facha, seja no anivers\u00e1rio de Porto Alegre ou ao longo do ano todo\" \/>\n<meta property=\"og:url\" content=\"https:\/\/www.auxiliadorapredial.com.br\/blog\/aniversario-de-porto-alegre-veja-onde-curtir-a-data\/\" \/>\n<meta property=\"og:site_name\" content=\"Blog da Auxiliadora Predial - Tudo sobre im\u00f3veis e condom\u00ednios\" \/>\n<meta property=\"article:published_time\" content=\"2023-03-21T14:44:54+00:00\" \/>\n<meta property=\"article:modified_time\" content=\"2023-11-13T18:14:08+00:00\" \/>\n<meta property=\"og:image\" content=\"https:\/\/www.auxiliadorapredial.com.br\/blog\/wp-content\/uploads\/aniversario-de-porto-alegre-capa.webp\" \/>\n\t<meta property=\"og:image:width\" content=\"800\" \/>\n\t<meta property=\"og:image:height\" content=\"450\" \/>\n\t<meta property=\"og:image:type\" content=\"image\/webp\" \/>\n<meta name=\"author\" content=\"Auxiliadora Predial\" \/>\n<meta name=\"twitter:card\" content=\"summary_large_image\" \/>\n<meta name=\"twitter:label1\" content=\"Escrito por\" \/>\n\t<meta name=\"twitter:data1\" content=\"Auxiliadora Predial\" \/>\n\t<meta name=\"twitter:label2\" content=\"Est. tempo de leitura\" \/>\n\t<meta name=\"twitter:data2\" content=\"10 minutos\" \/>\n<script type=\"application\/ld+json\" class=\"yoast-schema-graph\">{\"@context\":\"https:\\\/\\\/schema.org\",\"@graph\":[{\"@type\":\"Article\",\"@id\":\"https:\\\/\\\/www.auxiliadorapredial.com.br\\\/blog\\\/aniversario-de-porto-alegre-veja-onde-curtir-a-data\\\/#article\",\"isPartOf\":{\"@id\":\"https:\\\/\\\/www.auxiliadorapredial.com.br\\\/blog\\\/aniversario-de-porto-alegre-veja-onde-curtir-a-data\\\/\"},\"author\":{\"name\":\"Auxiliadora Predial\",\"@id\":\"https:\\\/\\\/www.auxiliadorapredial.com.br\\\/blog\\\/#\\\/schema\\\/person\\\/6f18fc59c4e49f77084c0b79db558b94\"},\"headline\":\"Anivers\u00e1rio de Porto Alegre: veja onde curtir a data\",\"datePublished\":\"2023-03-21T14:44:54+00:00\",\"dateModified\":\"2023-11-13T18:14:08+00:00\",\"mainEntityOfPage\":{\"@id\":\"https:\\\/\\\/www.auxiliadorapredial.com.br\\\/blog\\\/aniversario-de-porto-alegre-veja-onde-curtir-a-data\\\/\"},\"wordCount\":1789,\"commentCount\":0,\"image\":{\"@id\":\"https:\\\/\\\/www.auxiliadorapredial.com.br\\\/blog\\\/aniversario-de-porto-alegre-veja-onde-curtir-a-data\\\/#primaryimage\"},\"thumbnailUrl\":\"https:\\\/\\\/www.auxiliadorapredial.com.br\\\/blog\\\/wp-content\\\/uploads\\\/aniversario-de-porto-alegre-capa.webp\",\"keywords\":[\"anivers\u00e1rio de porto alegre\",\"morar em porto alegre\",\"Porto Alegre\",\"rio grande do sul\"],\"articleSection\":[\"Morar Bem\"],\"inLanguage\":\"pt-BR\",\"potentialAction\":[{\"@type\":\"CommentAction\",\"name\":\"Comment\",\"target\":[\"https:\\\/\\\/www.auxiliadorapredial.com.br\\\/blog\\\/aniversario-de-porto-alegre-veja-onde-curtir-a-data\\\/#respond\"]}]},{\"@type\":\"WebPage\",\"@id\":\"https:\\\/\\\/www.auxiliadorapredial.com.br\\\/blog\\\/aniversario-de-porto-alegre-veja-onde-curtir-a-data\\\/\",\"url\":\"https:\\\/\\\/www.auxiliadorapredial.com.br\\\/blog\\\/aniversario-de-porto-alegre-veja-onde-curtir-a-data\\\/\",\"name\":\"Anivers\u00e1rio de Porto Alegre: veja onde curtir a data\",\"isPartOf\":{\"@id\":\"https:\\\/\\\/www.auxiliadorapredial.com.br\\\/blog\\\/#website\"},\"primaryImageOfPage\":{\"@id\":\"https:\\\/\\\/www.auxiliadorapredial.com.br\\\/blog\\\/aniversario-de-porto-alegre-veja-onde-curtir-a-data\\\/#primaryimage\"},\"image\":{\"@id\":\"https:\\\/\\\/www.auxiliadorapredial.com.br\\\/blog\\\/aniversario-de-porto-alegre-veja-onde-curtir-a-data\\\/#primaryimage\"},\"thumbnailUrl\":\"https:\\\/\\\/www.auxiliadorapredial.com.br\\\/blog\\\/wp-content\\\/uploads\\\/aniversario-de-porto-alegre-capa.webp\",\"datePublished\":\"2023-03-21T14:44:54+00:00\",\"dateModified\":\"2023-11-13T18:14:08+00:00\",\"author\":{\"@id\":\"https:\\\/\\\/www.auxiliadorapredial.com.br\\\/blog\\\/#\\\/schema\\\/person\\\/6f18fc59c4e49f77084c0b79db558b94\"},\"description\":\"Dicas para n\u00e3o errar e passear pelos lugares mais encantadores da Capital Ga\u00facha, seja no anivers\u00e1rio de Porto Alegre ou ao longo do ano todo\",\"inLanguage\":\"pt-BR\",\"potentialAction\":[{\"@type\":\"ReadAction\",\"target\":[\"https:\\\/\\\/www.auxiliadorapredial.com.br\\\/blog\\\/aniversario-de-porto-alegre-veja-onde-curtir-a-data\\\/\"]}]},{\"@type\":\"ImageObject\",\"inLanguage\":\"pt-BR\",\"@id\":\"https:\\\/\\\/www.auxiliadorapredial.com.br\\\/blog\\\/aniversario-de-porto-alegre-veja-onde-curtir-a-data\\\/#primaryimage\",\"url\":\"https:\\\/\\\/www.auxiliadorapredial.com.br\\\/blog\\\/wp-content\\\/uploads\\\/aniversario-de-porto-alegre-capa.webp\",\"contentUrl\":\"https:\\\/\\\/www.auxiliadorapredial.com.br\\\/blog\\\/wp-content\\\/uploads\\\/aniversario-de-porto-alegre-capa.webp\",\"width\":800,\"height\":450,\"caption\":\"Anivers\u00e1rio de Porto Alegre: veja onde curtir a data - Auxiliadora Predial\"},{\"@type\":\"WebSite\",\"@id\":\"https:\\\/\\\/www.auxiliadorapredial.com.br\\\/blog\\\/#website\",\"url\":\"https:\\\/\\\/www.auxiliadorapredial.com.br\\\/blog\\\/\",\"name\":\"Blog da Auxiliadora Predial - Tudo sobre im\u00f3veis e condom\u00ednios\",\"description\":\"Dicas da Auxiliadora Predial sobre aluguel, compra e venda de im\u00f3veis, al\u00e9m de condom\u00ednios. Imobili\u00e1ria em Porto Alegre e interior do RS, Santa Catarina e S\u00e3o Paulo.\",\"potentialAction\":[{\"@type\":\"SearchAction\",\"target\":{\"@type\":\"EntryPoint\",\"urlTemplate\":\"https:\\\/\\\/www.auxiliadorapredial.com.br\\\/blog\\\/?s={search_term_string}\"},\"query-input\":{\"@type\":\"PropertyValueSpecification\",\"valueRequired\":true,\"valueName\":\"search_term_string\"}}],\"inLanguage\":\"pt-BR\"},{\"@type\":\"Person\",\"@id\":\"https:\\\/\\\/www.auxiliadorapredial.com.br\\\/blog\\\/#\\\/schema\\\/person\\\/6f18fc59c4e49f77084c0b79db558b94\",\"name\":\"Auxiliadora Predial\",\"image\":{\"@type\":\"ImageObject\",\"inLanguage\":\"pt-BR\",\"@id\":\"https:\\\/\\\/secure.gravatar.com\\\/avatar\\\/35e2e024be01cb7ad8d58228a0e85f870bdc4fcffc251c71ad386ea38ee05234?s=96&d=mm&r=g\",\"url\":\"https:\\\/\\\/secure.gravatar.com\\\/avatar\\\/35e2e024be01cb7ad8d58228a0e85f870bdc4fcffc251c71ad386ea38ee05234?s=96&d=mm&r=g\",\"contentUrl\":\"https:\\\/\\\/secure.gravatar.com\\\/avatar\\\/35e2e024be01cb7ad8d58228a0e85f870bdc4fcffc251c71ad386ea38ee05234?s=96&d=mm&r=g\",\"caption\":\"Auxiliadora Predial\"},\"sameAs\":[\"https:\\\/\\\/www.auxiliadorapredial.com.br\\\/\"]}]}<\/script>\n<!-- \/ Yoast SEO plugin. -->","yoast_head_json":{"title":"Anivers\u00e1rio de Porto Alegre: veja onde curtir a data","description":"Dicas para n\u00e3o errar e passear pelos lugares mais encantadores da Capital Ga\u00facha, seja no anivers\u00e1rio de Porto Alegre ou ao longo do ano todo","robots":{"index":"index","follow":"follow","max-snippet":"max-snippet:-1","max-image-preview":"max-image-preview:large","max-video-preview":"max-video-preview:-1"},"canonical":"https:\/\/www.auxiliadorapredial.com.br\/blog\/aniversario-de-porto-alegre-veja-onde-curtir-a-data\/","og_locale":"pt_BR","og_type":"article","og_title":"Anivers\u00e1rio de Porto Alegre: veja onde curtir a data","og_description":"Dicas para n\u00e3o errar e passear pelos lugares mais encantadores da Capital Ga\u00facha, seja no anivers\u00e1rio de Porto Alegre ou ao longo do ano todo","og_url":"https:\/\/www.auxiliadorapredial.com.br\/blog\/aniversario-de-porto-alegre-veja-onde-curtir-a-data\/","og_site_name":"Blog da Auxiliadora Predial - Tudo sobre im\u00f3veis e condom\u00ednios","article_published_time":"2023-03-21T14:44:54+00:00","article_modified_time":"2023-11-13T18:14:08+00:00","og_image":[{"width":800,"height":450,"url":"https:\/\/www.auxiliadorapredial.com.br\/blog\/wp-content\/uploads\/aniversario-de-porto-alegre-capa.webp","type":"image\/webp"}],"author":"Auxiliadora Predial","twitter_card":"summary_large_image","twitter_misc":{"Escrito por":"Auxiliadora Predial","Est. tempo de leitura":"10 minutos"},"schema":{"@context":"https:\/\/schema.org","@graph":[{"@type":"Article","@id":"https:\/\/www.auxiliadorapredial.com.br\/blog\/aniversario-de-porto-alegre-veja-onde-curtir-a-data\/#article","isPartOf":{"@id":"https:\/\/www.auxiliadorapredial.com.br\/blog\/aniversario-de-porto-alegre-veja-onde-curtir-a-data\/"},"author":{"name":"Auxiliadora Predial","@id":"https:\/\/www.auxiliadorapredial.com.br\/blog\/#\/schema\/person\/6f18fc59c4e49f77084c0b79db558b94"},"headline":"Anivers\u00e1rio de Porto Alegre: veja onde curtir a data","datePublished":"2023-03-21T14:44:54+00:00","dateModified":"2023-11-13T18:14:08+00:00","mainEntityOfPage":{"@id":"https:\/\/www.auxiliadorapredial.com.br\/blog\/aniversario-de-porto-alegre-veja-onde-curtir-a-data\/"},"wordCount":1789,"commentCount":0,"image":{"@id":"https:\/\/www.auxiliadorapredial.com.br\/blog\/aniversario-de-porto-alegre-veja-onde-curtir-a-data\/#primaryimage"},"thumbnailUrl":"https:\/\/www.auxiliadorapredial.com.br\/blog\/wp-content\/uploads\/aniversario-de-porto-alegre-capa.webp","keywords":["anivers\u00e1rio de porto alegre","morar em porto alegre","Porto Alegre","rio grande do sul"],"articleSection":["Morar Bem"],"inLanguage":"pt-BR","potentialAction":[{"@type":"CommentAction","name":"Comment","target":["https:\/\/www.auxiliadorapredial.com.br\/blog\/aniversario-de-porto-alegre-veja-onde-curtir-a-data\/#respond"]}]},{"@type":"WebPage","@id":"https:\/\/www.auxiliadorapredial.com.br\/blog\/aniversario-de-porto-alegre-veja-onde-curtir-a-data\/","url":"https:\/\/www.auxiliadorapredial.com.br\/blog\/aniversario-de-porto-alegre-veja-onde-curtir-a-data\/","name":"Anivers\u00e1rio de Porto Alegre: veja onde curtir a data","isPartOf":{"@id":"https:\/\/www.auxiliadorapredial.com.br\/blog\/#website"},"primaryImageOfPage":{"@id":"https:\/\/www.auxiliadorapredial.com.br\/blog\/aniversario-de-porto-alegre-veja-onde-curtir-a-data\/#primaryimage"},"image":{"@id":"https:\/\/www.auxiliadorapredial.com.br\/blog\/aniversario-de-porto-alegre-veja-onde-curtir-a-data\/#primaryimage"},"thumbnailUrl":"https:\/\/www.auxiliadorapredial.com.br\/blog\/wp-content\/uploads\/aniversario-de-porto-alegre-capa.webp","datePublished":"2023-03-21T14:44:54+00:00","dateModified":"2023-11-13T18:14:08+00:00","author":{"@id":"https:\/\/www.auxiliadorapredial.com.br\/blog\/#\/schema\/person\/6f18fc59c4e49f77084c0b79db558b94"},"description":"Dicas para n\u00e3o errar e passear pelos lugares mais encantadores da Capital Ga\u00facha, seja no anivers\u00e1rio de Porto Alegre ou ao longo do ano todo","inLanguage":"pt-BR","potentialAction":[{"@type":"ReadAction","target":["https:\/\/www.auxiliadorapredial.com.br\/blog\/aniversario-de-porto-alegre-veja-onde-curtir-a-data\/"]}]},{"@type":"ImageObject","inLanguage":"pt-BR","@id":"https:\/\/www.auxiliadorapredial.com.br\/blog\/aniversario-de-porto-alegre-veja-onde-curtir-a-data\/#primaryimage","url":"https:\/\/www.auxiliadorapredial.com.br\/blog\/wp-content\/uploads\/aniversario-de-porto-alegre-capa.webp","contentUrl":"https:\/\/www.auxiliadorapredial.com.br\/blog\/wp-content\/uploads\/aniversario-de-porto-alegre-capa.webp","width":800,"height":450,"caption":"Anivers\u00e1rio de Porto Alegre: veja onde curtir a data - Auxiliadora Predial"},{"@type":"WebSite","@id":"https:\/\/www.auxiliadorapredial.com.br\/blog\/#website","url":"https:\/\/www.auxiliadorapredial.com.br\/blog\/","name":"Blog da Auxiliadora Predial - Tudo sobre im\u00f3veis e condom\u00ednios","description":"Dicas da Auxiliadora Predial sobre aluguel, compra e venda de im\u00f3veis, al\u00e9m de condom\u00ednios. Imobili\u00e1ria em Porto Alegre e interior do RS, Santa Catarina e S\u00e3o Paulo.","potentialAction":[{"@type":"SearchAction","target":{"@type":"EntryPoint","urlTemplate":"https:\/\/www.auxiliadorapredial.com.br\/blog\/?s={search_term_string}"},"query-input":{"@type":"PropertyValueSpecification","valueRequired":true,"valueName":"search_term_string"}}],"inLanguage":"pt-BR"},{"@type":"Person","@id":"https:\/\/www.auxiliadorapredial.com.br\/blog\/#\/schema\/person\/6f18fc59c4e49f77084c0b79db558b94","name":"Auxiliadora Predial","image":{"@type":"ImageObject","inLanguage":"pt-BR","@id":"https:\/\/secure.gravatar.com\/avatar\/35e2e024be01cb7ad8d58228a0e85f870bdc4fcffc251c71ad386ea38ee05234?s=96&d=mm&r=g","url":"https:\/\/secure.gravatar.com\/avatar\/35e2e024be01cb7ad8d58228a0e85f870bdc4fcffc251c71ad386ea38ee05234?s=96&d=mm&r=g","contentUrl":"https:\/\/secure.gravatar.com\/avatar\/35e2e024be01cb7ad8d58228a0e85f870bdc4fcffc251c71ad386ea38ee05234?s=96&d=mm&r=g","caption":"Auxiliadora Predial"},"sameAs":["https:\/\/www.auxiliadorapredial.com.br\/"]}]}},"views":1473,"_links":{"self":[{"href":"https:\/\/www.auxiliadorapredial.com.br\/blog\/wp-json\/wp\/v2\/posts\/12471","targetHints":{"allow":["GET"]}}],"collection":[{"href":"https:\/\/www.auxiliadorapredial.com.br\/blog\/wp-json\/wp\/v2\/posts"}],"about":[{"href":"https:\/\/www.auxiliadorapredial.com.br\/blog\/wp-json\/wp\/v2\/types\/post"}],"author":[{"embeddable":true,"href":"https:\/\/www.auxiliadorapredial.com.br\/blog\/wp-json\/wp\/v2\/users\/8"}],"replies":[{"embeddable":true,"href":"https:\/\/www.auxiliadorapredial.com.br\/blog\/wp-json\/wp\/v2\/comments?post=12471"}],"version-history":[{"count":6,"href":"https:\/\/www.auxiliadorapredial.com.br\/blog\/wp-json\/wp\/v2\/posts\/12471\/revisions"}],"predecessor-version":[{"id":14191,"href":"https:\/\/www.auxiliadorapredial.com.br\/blog\/wp-json\/wp\/v2\/posts\/12471\/revisions\/14191"}],"wp:featuredmedia":[{"embeddable":true,"href":"https:\/\/www.auxiliadorapredial.com.br\/blog\/wp-json\/wp\/v2\/media\/12629"}],"wp:attachment":[{"href":"https:\/\/www.auxiliadorapredial.com.br\/blog\/wp-json\/wp\/v2\/media?parent=12471"}],"wp:term":[{"taxonomy":"category","embeddable":true,"href":"https:\/\/www.auxiliadorapredial.com.br\/blog\/wp-json\/wp\/v2\/categories?post=12471"},{"taxonomy":"post_tag","embeddable":true,"href":"https:\/\/www.auxiliadorapredial.com.br\/blog\/wp-json\/wp\/v2\/tags?post=12471"}],"curies":[{"name":"wp","href":"https:\/\/api.w.org\/{rel}","templated":true}]}}