{"id":12644,"date":"2023-04-25T15:12:54","date_gmt":"2023-04-25T18:12:54","guid":{"rendered":"https:\/\/www.auxiliadorapredial.com.br\/blog\/?p=12644"},"modified":"2024-04-08T10:03:47","modified_gmt":"2024-04-08T13:03:47","slug":"5-dicas-sobre-uso-da-lareira-nos-dias-frios","status":"publish","type":"post","link":"https:\/\/www.auxiliadorapredial.com.br\/blog\/5-dicas-sobre-uso-da-lareira-nos-dias-frios\/","title":{"rendered":"5 dicas sobre uso da lareira nos dias frios"},"content":{"rendered":"<p><span style=\"font-weight: 400;\">Vai uma <\/span><b>lareira <\/b><span style=\"font-weight: 400;\">quentinha a\u00ed? Quando as temperaturas come\u00e7am a baixar, n\u00e3o h\u00e1 outro caminho: o jeito \u00e9 aderir a todas as formas de aquecer a casa. A tentativa de deixar os ambientes mais quentes reflete a nossa necessidade de espa\u00e7os &#8211; e momentos &#8211; mais aconchegantes durante as esta\u00e7\u00f5es do outono e do <a href=\"https:\/\/www.auxiliadorapredial.com.br\/blog\/como-evitar-umidade-no-inverno-e-manter-o-bem-estar-em-casa\/\">inverno<\/a>.<\/span><\/p>\n<p><span style=\"font-weight: 400;\">\u00c9 por isso que a lareira \u00e9 um dos itens mais procurados nas resid\u00eancias: o calor do fogo aquece corpos e almas, como costumam dizer quem gosta desse recurso, seja na sala ou at\u00e9 mesmo no quarto.<\/span><\/p>\n<p><span style=\"font-weight: 400;\">Neste post voc\u00ea vai conferir dicas fundamentais para aproveitar o <strong>melhor aconchego dos dias mais frios com a sua lareira<\/strong> em seguran\u00e7a e bom funcionamento. Vamos l\u00e1?<\/span><\/p>\n<div id=\"ez-toc-container\" class=\"ez-toc-v2_0_82_2 counter-hierarchy ez-toc-counter ez-toc-transparent ez-toc-container-direction\">\n<p class=\"ez-toc-title\" style=\"cursor:inherit\">Navegue pelo conte\u00fado<\/p>\n<label for=\"ez-toc-cssicon-toggle-item-69f22f76d6b53\" class=\"ez-toc-cssicon-toggle-label\"><span class=\"\"><span class=\"eztoc-hide\" style=\"display:none;\">Toggle<\/span><span class=\"ez-toc-icon-toggle-span\"><svg style=\"fill: #000000;color:#000000\" xmlns=\"http:\/\/www.w3.org\/2000\/svg\" class=\"list-377408\" width=\"20px\" height=\"20px\" viewBox=\"0 0 24 24\" fill=\"none\"><path d=\"M6 6H4v2h2V6zm14 0H8v2h12V6zM4 11h2v2H4v-2zm16 0H8v2h12v-2zM4 16h2v2H4v-2zm16 0H8v2h12v-2z\" fill=\"currentColor\"><\/path><\/svg><svg style=\"fill: #000000;color:#000000\" class=\"arrow-unsorted-368013\" xmlns=\"http:\/\/www.w3.org\/2000\/svg\" width=\"10px\" height=\"10px\" viewBox=\"0 0 24 24\" version=\"1.2\" baseProfile=\"tiny\"><path d=\"M18.2 9.3l-6.2-6.3-6.2 6.3c-.2.2-.3.4-.3.7s.1.5.3.7c.2.2.4.3.7.3h11c.3 0 .5-.1.7-.3.2-.2.3-.5.3-.7s-.1-.5-.3-.7zM5.8 14.7l6.2 6.3 6.2-6.3c.2-.2.3-.5.3-.7s-.1-.5-.3-.7c-.2-.2-.4-.3-.7-.3h-11c-.3 0-.5.1-.7.3-.2.2-.3.5-.3.7s.1.5.3.7z\"\/><\/svg><\/span><\/span><\/label><input type=\"checkbox\"  id=\"ez-toc-cssicon-toggle-item-69f22f76d6b53\"  aria-label=\"Alternar\" \/><nav><ul class='ez-toc-list ez-toc-list-level-1 ' ><li class='ez-toc-page-1 ez-toc-heading-level-2'><a class=\"ez-toc-link ez-toc-heading-1\" href=\"https:\/\/www.auxiliadorapredial.com.br\/blog\/5-dicas-sobre-uso-da-lareira-nos-dias-frios\/#Saiba_escolher_bem_o_tipo_de_lareira_que_voce_quer\" >Saiba escolher bem o tipo de lareira que voc\u00ea quer<\/a><\/li><li class='ez-toc-page-1 ez-toc-heading-level-2'><a class=\"ez-toc-link ez-toc-heading-2\" href=\"https:\/\/www.auxiliadorapredial.com.br\/blog\/5-dicas-sobre-uso-da-lareira-nos-dias-frios\/#Use_sua_lareira_considerando_o_aquecimento_por_zonas\" >Use sua lareira considerando o aquecimento por zonas<\/a><\/li><li class='ez-toc-page-1 ez-toc-heading-level-2'><a class=\"ez-toc-link ez-toc-heading-3\" href=\"https:\/\/www.auxiliadorapredial.com.br\/blog\/5-dicas-sobre-uso-da-lareira-nos-dias-frios\/#Cuide_do_armazenamento_da_lenha\" >Cuide do armazenamento da lenha<\/a><\/li><li class='ez-toc-page-1 ez-toc-heading-level-2'><a class=\"ez-toc-link ez-toc-heading-4\" href=\"https:\/\/www.auxiliadorapredial.com.br\/blog\/5-dicas-sobre-uso-da-lareira-nos-dias-frios\/#Saiba_acender_o_fogo_da_maneira_correta\" >Saiba acender o fogo da maneira correta<\/a><\/li><li class='ez-toc-page-1 ez-toc-heading-level-2'><a class=\"ez-toc-link ez-toc-heading-5\" href=\"https:\/\/www.auxiliadorapredial.com.br\/blog\/5-dicas-sobre-uso-da-lareira-nos-dias-frios\/#Regule_a_lareira_conforme_a_sua_necessidade\" >Regule a lareira conforme a sua necessidade<\/a><\/li><\/ul><\/nav><\/div>\n<h2><span class=\"ez-toc-section\" id=\"Saiba_escolher_bem_o_tipo_de_lareira_que_voce_quer\"><\/span><b>Saiba escolher bem o tipo de lareira que voc\u00ea quer<\/b><b><\/b><span class=\"ez-toc-section-end\"><\/span><\/h2>\n<p><span style=\"font-weight: 400;\">Muitas pessoas optam por alugar ou comprar uma casa ou apartamento que j\u00e1 conte com lareira em um dos ambientes. Por outro lado, algumas fam\u00edlias s\u00f3 chegam \u00e0 necessidade depois de j\u00e1 estarem morando em algum lugar.<\/span><\/p>\n<p><span style=\"font-weight: 400;\">E \u00e9 por isso que a primeira dica \u00e9 come\u00e7ar escolhendo muito bem <\/span><b>qual tipo de lareira<\/b><span style=\"font-weight: 400;\">, dentre as op\u00e7\u00f5es mais populares do mercado, combina com o seu objetivo e estrutura. At\u00e9 mesmo suas prefer\u00eancias sustent\u00e1veis contam nessa decis\u00e3o, j\u00e1 que, atualmente, \u00e9 poss\u00edvel optar por uma <a href=\"https:\/\/www.tuacasa.com.br\/lareira-ecologica\/\" target=\"_blank\" rel=\"noopener\">lareira ecol\u00f3gica<\/a>, por exemplo.<\/span><\/p>\n<p><span style=\"font-weight: 400;\">Os modelos mais famosos s\u00e3o:<\/span><\/p>\n<ul>\n<li style=\"font-weight: 400;\" aria-level=\"1\"><b>\u00c0 lenha: <\/b><span style=\"font-weight: 400;\">op\u00e7\u00e3o tradicional que pode ser de alvenaria, concreto ou metal. Usa chamin\u00e9 para liberar a fuma\u00e7a gerada pelas toras de madeira;<\/span><\/li>\n<li style=\"font-weight: 400;\" aria-level=\"1\"><b>Lareira ecol\u00f3gica:<\/b><span style=\"font-weight: 400;\"> sem lenha e sem chamin\u00e9, faz uso de \u00e1lcool ou do etanol. Gera pouca sujeira e tem um acendimento muito r\u00e1pido. A praticidade da lareira ecol\u00f3gica tem se popularizado na escolha entre os brasileiros, at\u00e9 mesmo em fun\u00e7\u00e3o de serem port\u00e1teis;<\/span><\/li>\n<li style=\"font-weight: 400;\" aria-level=\"1\"><b>\u00c0 g\u00e1s:<\/b><span style=\"font-weight: 400;\"> sem lenha, mas faz um de um sistema de exaust\u00e3o em fun\u00e7\u00e3o do uso do g\u00e1s;<\/span><\/li>\n<li style=\"font-weight: 400;\" aria-level=\"1\"><b>El\u00e9trica: <\/b><span style=\"font-weight: 400;\">usando de energia el\u00e9trica, as labaredas s\u00e3o reproduzidas em tela, criando um clima para as ocasi\u00f5es de aconchego.\n<p><\/span><\/li>\n<\/ul>\n<p><b>Leia tamb\u00e9m:<\/b><\/p>\n<p><a href=\"https:\/\/www.auxiliadorapredial.com.br\/blog\/casa-e-ambiente-aprenda-a-decorar-para-relaxar\/\" target=\"_blank\" rel=\"noopener\"><span style=\"font-weight: 400;\">Casa e ambiente: aprenda a decorar para relaxar<\/span><\/a><\/p>\n<p><a href=\"https:\/\/www.auxiliadorapredial.com.br\/blog\/entenda-o-que-e-um-apartamento-garden-e-a-alta-procura-por-imoveis-com-area-de-lazer\/\" target=\"_blank\" rel=\"noopener\"><span style=\"font-weight: 400;\">Entenda o que \u00e9 um apartamento garden e a alta procura por im\u00f3veis com \u00e1rea de lazer<\/span><\/a><\/p>\n<p><a href=\"https:\/\/www.auxiliadorapredial.com.br\/blog\/o-que-considerar-na-busca-do-imovel-para-alugar\/\" target=\"_blank\" rel=\"noopener\"><span style=\"font-weight: 400;\">O que considerar na busca do im\u00f3vel para alugar<\/span><\/a><\/p>\n<h2><span class=\"ez-toc-section\" id=\"Use_sua_lareira_considerando_o_aquecimento_por_zonas\"><\/span><b>Use sua lareira considerando o aquecimento por zonas<\/b><b><\/b><span class=\"ez-toc-section-end\"><\/span><\/h2>\n<p><span style=\"font-weight: 400;\">A dica na hora de adquirir uma lareira e tomar a decis\u00e3o sobre qual ambiente ela deve ficar, \u00e9 lembrar que ela opera em um <\/span><b>aquecimento por zonas<\/b><span style=\"font-weight: 400;\">.<\/span><\/p>\n<p><span style=\"font-weight: 400;\">Ou seja, essa lareira que aquece ambientes \u00e9 respons\u00e1vel por manter a temperatura do c\u00f4modo em que se encontra. Al\u00e9m disso, os ambientes que est\u00e3o integrados tamb\u00e9m s\u00e3o beneficiados.<\/span><\/p>\n<p><span style=\"font-weight: 400;\">Por exemplo, se pr\u00f3ximo \u00e0 sala, onde est\u00e1 instalada a lareira, tamb\u00e9m h\u00e1 um espa\u00e7o de home office integrado, significa que ele tamb\u00e9m receber\u00e1 o calor, mas em menor intensidade.<\/span><\/p>\n<p><span style=\"font-weight: 400;\">Ent\u00e3o, na hora de decidir qual ambiente faz mais sentido receber a lareira, lembre-se que \u00e9 necess\u00e1rio pensar no c\u00f4modo em que voc\u00ea e\/ou a sua fam\u00edlia passam a maior parte do tempo. Isso vai impactar diretamente na sensa\u00e7\u00e3o de conforto.<\/span><\/p>\n<p><img fetchpriority=\"high\" decoding=\"async\" class=\"aligncenter wp-image-12646 size-full\" src=\"https:\/\/www.auxiliadorapredial.com.br\/blog\/wp-content\/uploads\/lareira-2.webp\" alt=\"5 dicas sobre uso da lareira nos dias frios: apartamento embutido com cama, cozinha, sala de estar e lareira\" width=\"2000\" height=\"1333\" srcset=\"https:\/\/www.auxiliadorapredial.com.br\/blog\/wp-content\/uploads\/lareira-2.webp 2000w, https:\/\/www.auxiliadorapredial.com.br\/blog\/wp-content\/uploads\/lareira-2-300x200.webp 300w, https:\/\/www.auxiliadorapredial.com.br\/blog\/wp-content\/uploads\/lareira-2-1024x682.webp 1024w, https:\/\/www.auxiliadorapredial.com.br\/blog\/wp-content\/uploads\/lareira-2-768x512.webp 768w, https:\/\/www.auxiliadorapredial.com.br\/blog\/wp-content\/uploads\/lareira-2-1536x1024.webp 1536w\" sizes=\"(max-width: 2000px) 100vw, 2000px\" \/><\/p>\n<h2><span class=\"ez-toc-section\" id=\"Cuide_do_armazenamento_da_lenha\"><\/span><b>Cuide do armazenamento da lenha<\/b><b><\/b><span class=\"ez-toc-section-end\"><\/span><\/h2>\n<p><span style=\"font-weight: 400;\">Para lareira \u00e0 lenha, existe um fator determinante para o bom uso e resultado. E \u00e9 justamente a mat\u00e9ria-prima para a produ\u00e7\u00e3o do fogo.<\/span><\/p>\n<p><span style=\"font-weight: 400;\">Entender a import\u00e2ncia da<strong> qualidade e do armazenamento da lenha<\/strong> que ser\u00e1 usada \u00e9 essencial para n\u00e3o ter problemas com a sua lareira.<\/span><\/p>\n<p><span style=\"font-weight: 400;\">Portanto, a lenha ideal a ser usada \u00e9 aquela que foi cortada, est\u00e1 seca e bem guardada em um lugar com ventila\u00e7\u00e3o. Esse armazenamento fica ainda mais completo se estiver tamb\u00e9m em local coberto e mantido nessas condi\u00e7\u00f5es h\u00e1 1 ano.<\/span><\/p>\n<p><span style=\"font-weight: 400;\">O motivo desse cuidado com a lenha? Se ela receber tratamento, ir\u00e1 produzir mais calor e bem menos fuma\u00e7a. Tudo isso resultando em um menor dep\u00f3sito de alcatr\u00e3o na lareira.<\/span><\/p>\n<h2><span class=\"ez-toc-section\" id=\"Saiba_acender_o_fogo_da_maneira_correta\"><\/span><b>Saiba acender o fogo da maneira correta<\/b><b><\/b><span class=\"ez-toc-section-end\"><\/span><\/h2>\n<p><span style=\"font-weight: 400;\">Outro ponto fundamental no uso e no <strong>bom funcionamento da sua lareira tem a ver com o fogo em si<\/strong> e como voc\u00ea costuma acender a sua lareira.<\/span><\/p>\n<p><span style=\"font-weight: 400;\">Primeiramente, n\u00e3o se deixe enganar: n\u00e3o \u00e9 necess\u00e1rio deixar sua lareira lotada de lenha. Pode parecer que isso far\u00e1 o calor se manter por mais tempo, mas sabe o que realmente conta? O peso da lenha. \u00c9 isso que influencia na quantidade do calor e na queima e seu bom aproveitamento. Ent\u00e3o, pense nisso quando for acender.<\/span><\/p>\n<p><span style=\"font-weight: 400;\">Para dar in\u00edcio ao fogo, voc\u00ea pode usar um acendedor ou jornais. Se for os jornais, insira primeiro o papel, depois as aparas de lenha e, por \u00faltimo, a lenha mi\u00fada. S\u00f3 a\u00ed acenda o fogo e n\u00e3o tente inserir as lenhas maiores logo de in\u00edcio. Elas s\u00f3 devem entrar na lareira depois que o fogo estiver bem encaminhado. E n\u00e3o utilize qualquer outro material na lareira que n\u00e3o seja a lenha, ok?!<\/span><\/p>\n<p><span style=\"font-weight: 400;\">Por fim, o fogo da lareira se apaga sozinho e naturalmente. Voc\u00ea pode, depois, limpar as brasas, desde que tudo j\u00e1 tenha esfriado. Fa\u00e7a isso, de prefer\u00eancia, no dia seguinte.<\/span><\/p>\n<p><span style=\"font-weight: 400;\">Lembre-se, tamb\u00e9m, que a sua lareira tamb\u00e9m deve receber uma limpeza cuidadosa. Ao menos uma vez no ano se programe para agendar uma higieniza\u00e7\u00e3o na chamin\u00e9.<\/span><\/p>\n<h2><span class=\"ez-toc-section\" id=\"Regule_a_lareira_conforme_a_sua_necessidade\"><\/span><b>Regule a lareira conforme a sua necessidade<\/b><b><\/b><span class=\"ez-toc-section-end\"><\/span><\/h2>\n<p><strong>Voc\u00ea n\u00e3o precisa &#8211; e nem deve &#8211; fazer um fogo alto em todas as vezes em que resolver acender a lareira.<\/strong><\/p>\n<p><span style=\"font-weight: 400;\">Por quest\u00f5es at\u00e9 mesmo de economia, vale a pena avaliar se voc\u00ea j\u00e1 deseja fazer o uso dela no outono, ou se pode esperar at\u00e9 o inverno para acend\u00ea-la com uma maior frequ\u00eancia.<\/span><\/p>\n<p><span style=\"font-weight: 400;\">Portanto, saiba que voc\u00ea pode regular a intensidade e durabilidade do fogo da sua lareira conforme a necessidade de cada momento.<\/span><\/p>\n<p><span style=\"font-weight: 400;\">Se a casa est\u00e1 muito gelada como um todo, fa\u00e7a um fogo menor, que deve durar cerca de 4 horas, com as madeiras entrela\u00e7adas, s\u00f3 para quebrar esse \u201cgelo\u201d no ar.<\/span><\/p>\n<p><span style=\"font-weight: 400;\">Vai receber visitas e quer um fogo na lareira mais duradouro, mas sem tanto calor? Ele pode durar at\u00e9 8 horas se voc\u00ea unir bem os toros de lenha e esperar um pouco mais para reduzir o ar da fornalha.<\/span><\/p>\n<p><span style=\"font-weight: 400;\">Use as lenhas maiores e com madeira resistente na traseira da fornalha para os dias realmente frios. Essa queima vai ser mais intensa e tamb\u00e9m ir\u00e1 durar mais.<\/span><\/p>\n<p><span style=\"font-weight: 400;\">Gostou das dicas? Agora voc\u00ea pode deixar seu lar mais aconchegante para o outono e para o inverno com os cuidados necess\u00e1rios que uma lareira exige.<\/span><\/p>\n<p><span style=\"font-weight: 400;\">Com a lareira, os ambientes ficam mais quentinhos e, ao mesmo tempo, charmosos. Aproveite!<\/span><\/p>\n","protected":false},"excerpt":{"rendered":"<p>Para deixar a casa mais aconchegante no outono e no inverno, saiba como cuidar e usar bem a sua lareira com as dicas desse post! Boa leitura!<\/p>\n","protected":false},"author":8,"featured_media":12645,"comment_status":"open","ping_status":"open","sticky":false,"template":"","format":"standard","meta":{"footnotes":""},"categories":[307],"tags":[800,797,798,799],"class_list":["post-12644","post","type-post","status-publish","format-standard","has-post-thumbnail","hentry","category-meu-lar","tag-inverno","tag-lareira","tag-lareira-ecologica","tag-selecao-de-inverno"],"yoast_head":"<!-- This site is optimized with the Yoast SEO plugin v27.3 - https:\/\/yoast.com\/product\/yoast-seo-wordpress\/ -->\n<title>5 dicas sobre uso da lareira nos dias frios<\/title>\n<meta name=\"description\" content=\"Para deixar a casa mais aconchegante no outono e no inverno, saiba como cuidar e usar bem a sua lareira com as dicas desse post!\" \/>\n<meta name=\"robots\" content=\"index, follow, max-snippet:-1, max-image-preview:large, max-video-preview:-1\" \/>\n<link rel=\"canonical\" href=\"https:\/\/www.auxiliadorapredial.com.br\/blog\/5-dicas-sobre-uso-da-lareira-nos-dias-frios\/\" \/>\n<meta property=\"og:locale\" content=\"pt_BR\" \/>\n<meta property=\"og:type\" content=\"article\" \/>\n<meta property=\"og:title\" content=\"5 dicas sobre uso da lareira nos dias frios\" \/>\n<meta property=\"og:description\" content=\"Para deixar a casa mais aconchegante no outono e no inverno, saiba como cuidar e usar bem a sua lareira com as dicas desse post!\" \/>\n<meta property=\"og:url\" content=\"https:\/\/www.auxiliadorapredial.com.br\/blog\/5-dicas-sobre-uso-da-lareira-nos-dias-frios\/\" \/>\n<meta property=\"og:site_name\" content=\"Blog da Auxiliadora Predial - Tudo sobre im\u00f3veis e condom\u00ednios\" \/>\n<meta property=\"article:published_time\" content=\"2023-04-25T18:12:54+00:00\" \/>\n<meta property=\"article:modified_time\" content=\"2024-04-08T13:03:47+00:00\" \/>\n<meta property=\"og:image\" content=\"https:\/\/www.auxiliadorapredial.com.br\/blog\/wp-content\/uploads\/lareira-capa.webp\" \/>\n\t<meta property=\"og:image:width\" content=\"2000\" \/>\n\t<meta property=\"og:image:height\" content=\"1333\" \/>\n\t<meta property=\"og:image:type\" content=\"image\/webp\" \/>\n<meta name=\"author\" content=\"Auxiliadora Predial\" \/>\n<meta name=\"twitter:card\" content=\"summary_large_image\" \/>\n<meta name=\"twitter:label1\" content=\"Escrito por\" \/>\n\t<meta name=\"twitter:data1\" content=\"Auxiliadora Predial\" \/>\n\t<meta name=\"twitter:label2\" content=\"Est. tempo de leitura\" \/>\n\t<meta name=\"twitter:data2\" content=\"7 minutos\" \/>\n<script type=\"application\/ld+json\" class=\"yoast-schema-graph\">{\"@context\":\"https:\\\/\\\/schema.org\",\"@graph\":[{\"@type\":\"Article\",\"@id\":\"https:\\\/\\\/www.auxiliadorapredial.com.br\\\/blog\\\/5-dicas-sobre-uso-da-lareira-nos-dias-frios\\\/#article\",\"isPartOf\":{\"@id\":\"https:\\\/\\\/www.auxiliadorapredial.com.br\\\/blog\\\/5-dicas-sobre-uso-da-lareira-nos-dias-frios\\\/\"},\"author\":{\"name\":\"Auxiliadora Predial\",\"@id\":\"https:\\\/\\\/www.auxiliadorapredial.com.br\\\/blog\\\/#\\\/schema\\\/person\\\/6f18fc59c4e49f77084c0b79db558b94\"},\"headline\":\"5 dicas sobre uso da lareira nos dias frios\",\"datePublished\":\"2023-04-25T18:12:54+00:00\",\"dateModified\":\"2024-04-08T13:03:47+00:00\",\"mainEntityOfPage\":{\"@id\":\"https:\\\/\\\/www.auxiliadorapredial.com.br\\\/blog\\\/5-dicas-sobre-uso-da-lareira-nos-dias-frios\\\/\"},\"wordCount\":1131,\"commentCount\":0,\"image\":{\"@id\":\"https:\\\/\\\/www.auxiliadorapredial.com.br\\\/blog\\\/5-dicas-sobre-uso-da-lareira-nos-dias-frios\\\/#primaryimage\"},\"thumbnailUrl\":\"https:\\\/\\\/www.auxiliadorapredial.com.br\\\/blog\\\/wp-content\\\/uploads\\\/lareira-capa.webp\",\"keywords\":[\"inverno\",\"lareira\",\"lareira ecol\u00f3gica\",\"sele\u00e7\u00e3o de inverno\"],\"articleSection\":[\"Meu Lar\"],\"inLanguage\":\"pt-BR\",\"potentialAction\":[{\"@type\":\"CommentAction\",\"name\":\"Comment\",\"target\":[\"https:\\\/\\\/www.auxiliadorapredial.com.br\\\/blog\\\/5-dicas-sobre-uso-da-lareira-nos-dias-frios\\\/#respond\"]}]},{\"@type\":\"WebPage\",\"@id\":\"https:\\\/\\\/www.auxiliadorapredial.com.br\\\/blog\\\/5-dicas-sobre-uso-da-lareira-nos-dias-frios\\\/\",\"url\":\"https:\\\/\\\/www.auxiliadorapredial.com.br\\\/blog\\\/5-dicas-sobre-uso-da-lareira-nos-dias-frios\\\/\",\"name\":\"5 dicas sobre uso da lareira nos dias frios\",\"isPartOf\":{\"@id\":\"https:\\\/\\\/www.auxiliadorapredial.com.br\\\/blog\\\/#website\"},\"primaryImageOfPage\":{\"@id\":\"https:\\\/\\\/www.auxiliadorapredial.com.br\\\/blog\\\/5-dicas-sobre-uso-da-lareira-nos-dias-frios\\\/#primaryimage\"},\"image\":{\"@id\":\"https:\\\/\\\/www.auxiliadorapredial.com.br\\\/blog\\\/5-dicas-sobre-uso-da-lareira-nos-dias-frios\\\/#primaryimage\"},\"thumbnailUrl\":\"https:\\\/\\\/www.auxiliadorapredial.com.br\\\/blog\\\/wp-content\\\/uploads\\\/lareira-capa.webp\",\"datePublished\":\"2023-04-25T18:12:54+00:00\",\"dateModified\":\"2024-04-08T13:03:47+00:00\",\"author\":{\"@id\":\"https:\\\/\\\/www.auxiliadorapredial.com.br\\\/blog\\\/#\\\/schema\\\/person\\\/6f18fc59c4e49f77084c0b79db558b94\"},\"description\":\"Para deixar a casa mais aconchegante no outono e no inverno, saiba como cuidar e usar bem a sua lareira com as dicas desse post!\",\"inLanguage\":\"pt-BR\",\"potentialAction\":[{\"@type\":\"ReadAction\",\"target\":[\"https:\\\/\\\/www.auxiliadorapredial.com.br\\\/blog\\\/5-dicas-sobre-uso-da-lareira-nos-dias-frios\\\/\"]}]},{\"@type\":\"ImageObject\",\"inLanguage\":\"pt-BR\",\"@id\":\"https:\\\/\\\/www.auxiliadorapredial.com.br\\\/blog\\\/5-dicas-sobre-uso-da-lareira-nos-dias-frios\\\/#primaryimage\",\"url\":\"https:\\\/\\\/www.auxiliadorapredial.com.br\\\/blog\\\/wp-content\\\/uploads\\\/lareira-capa.webp\",\"contentUrl\":\"https:\\\/\\\/www.auxiliadorapredial.com.br\\\/blog\\\/wp-content\\\/uploads\\\/lareira-capa.webp\",\"width\":2000,\"height\":1333,\"caption\":\"Uso da lareira nos dias frios: mulher se aquecendo pr\u00f3xima a lareira\"},{\"@type\":\"WebSite\",\"@id\":\"https:\\\/\\\/www.auxiliadorapredial.com.br\\\/blog\\\/#website\",\"url\":\"https:\\\/\\\/www.auxiliadorapredial.com.br\\\/blog\\\/\",\"name\":\"Blog da Auxiliadora Predial - Tudo sobre im\u00f3veis e condom\u00ednios\",\"description\":\"Dicas da Auxiliadora Predial sobre aluguel, compra e venda de im\u00f3veis, al\u00e9m de condom\u00ednios. Imobili\u00e1ria em Porto Alegre e interior do RS, Santa Catarina e S\u00e3o Paulo.\",\"potentialAction\":[{\"@type\":\"SearchAction\",\"target\":{\"@type\":\"EntryPoint\",\"urlTemplate\":\"https:\\\/\\\/www.auxiliadorapredial.com.br\\\/blog\\\/?s={search_term_string}\"},\"query-input\":{\"@type\":\"PropertyValueSpecification\",\"valueRequired\":true,\"valueName\":\"search_term_string\"}}],\"inLanguage\":\"pt-BR\"},{\"@type\":\"Person\",\"@id\":\"https:\\\/\\\/www.auxiliadorapredial.com.br\\\/blog\\\/#\\\/schema\\\/person\\\/6f18fc59c4e49f77084c0b79db558b94\",\"name\":\"Auxiliadora Predial\",\"image\":{\"@type\":\"ImageObject\",\"inLanguage\":\"pt-BR\",\"@id\":\"https:\\\/\\\/secure.gravatar.com\\\/avatar\\\/35e2e024be01cb7ad8d58228a0e85f870bdc4fcffc251c71ad386ea38ee05234?s=96&d=mm&r=g\",\"url\":\"https:\\\/\\\/secure.gravatar.com\\\/avatar\\\/35e2e024be01cb7ad8d58228a0e85f870bdc4fcffc251c71ad386ea38ee05234?s=96&d=mm&r=g\",\"contentUrl\":\"https:\\\/\\\/secure.gravatar.com\\\/avatar\\\/35e2e024be01cb7ad8d58228a0e85f870bdc4fcffc251c71ad386ea38ee05234?s=96&d=mm&r=g\",\"caption\":\"Auxiliadora Predial\"},\"sameAs\":[\"https:\\\/\\\/www.auxiliadorapredial.com.br\\\/\"]}]}<\/script>\n<!-- \/ Yoast SEO plugin. -->","yoast_head_json":{"title":"5 dicas sobre uso da lareira nos dias frios","description":"Para deixar a casa mais aconchegante no outono e no inverno, saiba como cuidar e usar bem a sua lareira com as dicas desse post!","robots":{"index":"index","follow":"follow","max-snippet":"max-snippet:-1","max-image-preview":"max-image-preview:large","max-video-preview":"max-video-preview:-1"},"canonical":"https:\/\/www.auxiliadorapredial.com.br\/blog\/5-dicas-sobre-uso-da-lareira-nos-dias-frios\/","og_locale":"pt_BR","og_type":"article","og_title":"5 dicas sobre uso da lareira nos dias frios","og_description":"Para deixar a casa mais aconchegante no outono e no inverno, saiba como cuidar e usar bem a sua lareira com as dicas desse post!","og_url":"https:\/\/www.auxiliadorapredial.com.br\/blog\/5-dicas-sobre-uso-da-lareira-nos-dias-frios\/","og_site_name":"Blog da Auxiliadora Predial - Tudo sobre im\u00f3veis e condom\u00ednios","article_published_time":"2023-04-25T18:12:54+00:00","article_modified_time":"2024-04-08T13:03:47+00:00","og_image":[{"width":2000,"height":1333,"url":"https:\/\/www.auxiliadorapredial.com.br\/blog\/wp-content\/uploads\/lareira-capa.webp","type":"image\/webp"}],"author":"Auxiliadora Predial","twitter_card":"summary_large_image","twitter_misc":{"Escrito por":"Auxiliadora Predial","Est. tempo de leitura":"7 minutos"},"schema":{"@context":"https:\/\/schema.org","@graph":[{"@type":"Article","@id":"https:\/\/www.auxiliadorapredial.com.br\/blog\/5-dicas-sobre-uso-da-lareira-nos-dias-frios\/#article","isPartOf":{"@id":"https:\/\/www.auxiliadorapredial.com.br\/blog\/5-dicas-sobre-uso-da-lareira-nos-dias-frios\/"},"author":{"name":"Auxiliadora Predial","@id":"https:\/\/www.auxiliadorapredial.com.br\/blog\/#\/schema\/person\/6f18fc59c4e49f77084c0b79db558b94"},"headline":"5 dicas sobre uso da lareira nos dias frios","datePublished":"2023-04-25T18:12:54+00:00","dateModified":"2024-04-08T13:03:47+00:00","mainEntityOfPage":{"@id":"https:\/\/www.auxiliadorapredial.com.br\/blog\/5-dicas-sobre-uso-da-lareira-nos-dias-frios\/"},"wordCount":1131,"commentCount":0,"image":{"@id":"https:\/\/www.auxiliadorapredial.com.br\/blog\/5-dicas-sobre-uso-da-lareira-nos-dias-frios\/#primaryimage"},"thumbnailUrl":"https:\/\/www.auxiliadorapredial.com.br\/blog\/wp-content\/uploads\/lareira-capa.webp","keywords":["inverno","lareira","lareira ecol\u00f3gica","sele\u00e7\u00e3o de inverno"],"articleSection":["Meu Lar"],"inLanguage":"pt-BR","potentialAction":[{"@type":"CommentAction","name":"Comment","target":["https:\/\/www.auxiliadorapredial.com.br\/blog\/5-dicas-sobre-uso-da-lareira-nos-dias-frios\/#respond"]}]},{"@type":"WebPage","@id":"https:\/\/www.auxiliadorapredial.com.br\/blog\/5-dicas-sobre-uso-da-lareira-nos-dias-frios\/","url":"https:\/\/www.auxiliadorapredial.com.br\/blog\/5-dicas-sobre-uso-da-lareira-nos-dias-frios\/","name":"5 dicas sobre uso da lareira nos dias frios","isPartOf":{"@id":"https:\/\/www.auxiliadorapredial.com.br\/blog\/#website"},"primaryImageOfPage":{"@id":"https:\/\/www.auxiliadorapredial.com.br\/blog\/5-dicas-sobre-uso-da-lareira-nos-dias-frios\/#primaryimage"},"image":{"@id":"https:\/\/www.auxiliadorapredial.com.br\/blog\/5-dicas-sobre-uso-da-lareira-nos-dias-frios\/#primaryimage"},"thumbnailUrl":"https:\/\/www.auxiliadorapredial.com.br\/blog\/wp-content\/uploads\/lareira-capa.webp","datePublished":"2023-04-25T18:12:54+00:00","dateModified":"2024-04-08T13:03:47+00:00","author":{"@id":"https:\/\/www.auxiliadorapredial.com.br\/blog\/#\/schema\/person\/6f18fc59c4e49f77084c0b79db558b94"},"description":"Para deixar a casa mais aconchegante no outono e no inverno, saiba como cuidar e usar bem a sua lareira com as dicas desse post!","inLanguage":"pt-BR","potentialAction":[{"@type":"ReadAction","target":["https:\/\/www.auxiliadorapredial.com.br\/blog\/5-dicas-sobre-uso-da-lareira-nos-dias-frios\/"]}]},{"@type":"ImageObject","inLanguage":"pt-BR","@id":"https:\/\/www.auxiliadorapredial.com.br\/blog\/5-dicas-sobre-uso-da-lareira-nos-dias-frios\/#primaryimage","url":"https:\/\/www.auxiliadorapredial.com.br\/blog\/wp-content\/uploads\/lareira-capa.webp","contentUrl":"https:\/\/www.auxiliadorapredial.com.br\/blog\/wp-content\/uploads\/lareira-capa.webp","width":2000,"height":1333,"caption":"Uso da lareira nos dias frios: mulher se aquecendo pr\u00f3xima a lareira"},{"@type":"WebSite","@id":"https:\/\/www.auxiliadorapredial.com.br\/blog\/#website","url":"https:\/\/www.auxiliadorapredial.com.br\/blog\/","name":"Blog da Auxiliadora Predial - Tudo sobre im\u00f3veis e condom\u00ednios","description":"Dicas da Auxiliadora Predial sobre aluguel, compra e venda de im\u00f3veis, al\u00e9m de condom\u00ednios. Imobili\u00e1ria em Porto Alegre e interior do RS, Santa Catarina e S\u00e3o Paulo.","potentialAction":[{"@type":"SearchAction","target":{"@type":"EntryPoint","urlTemplate":"https:\/\/www.auxiliadorapredial.com.br\/blog\/?s={search_term_string}"},"query-input":{"@type":"PropertyValueSpecification","valueRequired":true,"valueName":"search_term_string"}}],"inLanguage":"pt-BR"},{"@type":"Person","@id":"https:\/\/www.auxiliadorapredial.com.br\/blog\/#\/schema\/person\/6f18fc59c4e49f77084c0b79db558b94","name":"Auxiliadora Predial","image":{"@type":"ImageObject","inLanguage":"pt-BR","@id":"https:\/\/secure.gravatar.com\/avatar\/35e2e024be01cb7ad8d58228a0e85f870bdc4fcffc251c71ad386ea38ee05234?s=96&d=mm&r=g","url":"https:\/\/secure.gravatar.com\/avatar\/35e2e024be01cb7ad8d58228a0e85f870bdc4fcffc251c71ad386ea38ee05234?s=96&d=mm&r=g","contentUrl":"https:\/\/secure.gravatar.com\/avatar\/35e2e024be01cb7ad8d58228a0e85f870bdc4fcffc251c71ad386ea38ee05234?s=96&d=mm&r=g","caption":"Auxiliadora Predial"},"sameAs":["https:\/\/www.auxiliadorapredial.com.br\/"]}]}},"views":2746,"_links":{"self":[{"href":"https:\/\/www.auxiliadorapredial.com.br\/blog\/wp-json\/wp\/v2\/posts\/12644","targetHints":{"allow":["GET"]}}],"collection":[{"href":"https:\/\/www.auxiliadorapredial.com.br\/blog\/wp-json\/wp\/v2\/posts"}],"about":[{"href":"https:\/\/www.auxiliadorapredial.com.br\/blog\/wp-json\/wp\/v2\/types\/post"}],"author":[{"embeddable":true,"href":"https:\/\/www.auxiliadorapredial.com.br\/blog\/wp-json\/wp\/v2\/users\/8"}],"replies":[{"embeddable":true,"href":"https:\/\/www.auxiliadorapredial.com.br\/blog\/wp-json\/wp\/v2\/comments?post=12644"}],"version-history":[{"count":7,"href":"https:\/\/www.auxiliadorapredial.com.br\/blog\/wp-json\/wp\/v2\/posts\/12644\/revisions"}],"predecessor-version":[{"id":15168,"href":"https:\/\/www.auxiliadorapredial.com.br\/blog\/wp-json\/wp\/v2\/posts\/12644\/revisions\/15168"}],"wp:featuredmedia":[{"embeddable":true,"href":"https:\/\/www.auxiliadorapredial.com.br\/blog\/wp-json\/wp\/v2\/media\/12645"}],"wp:attachment":[{"href":"https:\/\/www.auxiliadorapredial.com.br\/blog\/wp-json\/wp\/v2\/media?parent=12644"}],"wp:term":[{"taxonomy":"category","embeddable":true,"href":"https:\/\/www.auxiliadorapredial.com.br\/blog\/wp-json\/wp\/v2\/categories?post=12644"},{"taxonomy":"post_tag","embeddable":true,"href":"https:\/\/www.auxiliadorapredial.com.br\/blog\/wp-json\/wp\/v2\/tags?post=12644"}],"curies":[{"name":"wp","href":"https:\/\/api.w.org\/{rel}","templated":true}]}}