{"id":12666,"date":"2023-04-25T18:38:38","date_gmt":"2023-04-25T21:38:38","guid":{"rendered":"https:\/\/www.auxiliadorapredial.com.br\/blog\/?p=12666"},"modified":"2023-11-10T15:24:42","modified_gmt":"2023-11-10T18:24:42","slug":"carros-eletricos-em-condominio","status":"publish","type":"post","link":"https:\/\/www.auxiliadorapredial.com.br\/blog\/carros-eletricos-em-condominio\/","title":{"rendered":"Carros el\u00e9tricos em condom\u00ednio: como se preparar para o futuro?"},"content":{"rendered":"<p><span style=\"font-weight: 400;\">De acordo com not\u00edcias, a <\/span><a href=\"https:\/\/autoesporte.globo.com\/eletricos-e-hibridos\/noticia\/2023\/01\/venda-de-carros-eletrificados-cresce-41percent-no-brasil-e-frota-ultrapassa-os-126-mil-em-2022.ghtml\" target=\"_blank\" rel=\"noopener\"><span style=\"font-weight: 400;\">venda de carros el\u00e9tricos cresceu 41% no Brasil em 2022.<\/span><\/a><span style=\"font-weight: 400;\"> Com o objetivo de ser uma alternativa sustent\u00e1vel para os combust\u00edveis f\u00f3sseis, esta \u00e9 uma tend\u00eancia que deve aumentar ainda mais nos pr\u00f3ximos anos.<\/span><\/p>\n<p><span style=\"font-weight: 400;\">Contudo, a maioria dos lugares ainda n\u00e3o possui a infraestrutura adequada para o suporte, carregamento e manuten\u00e7\u00e3o.<\/span><\/p>\n<p><span style=\"font-weight: 400;\">Neste texto, falaremos mais sobre como os <\/span><b>carros el\u00e9tricos <\/b><span style=\"font-weight: 400;\">mudar\u00e3o a base dos condom\u00ednios e como voc\u00ea pode se preparar.<\/span><\/p>\n<p>&nbsp;<\/p>\n<div id=\"ez-toc-container\" class=\"ez-toc-v2_0_82_2 counter-hierarchy ez-toc-counter ez-toc-transparent ez-toc-container-direction\">\n<p class=\"ez-toc-title\" style=\"cursor:inherit\">Navegue pelo conte\u00fado<\/p>\n<label for=\"ez-toc-cssicon-toggle-item-69f70b8129ea6\" class=\"ez-toc-cssicon-toggle-label\"><span class=\"\"><span class=\"eztoc-hide\" style=\"display:none;\">Toggle<\/span><span class=\"ez-toc-icon-toggle-span\"><svg style=\"fill: #000000;color:#000000\" xmlns=\"http:\/\/www.w3.org\/2000\/svg\" class=\"list-377408\" width=\"20px\" height=\"20px\" viewBox=\"0 0 24 24\" fill=\"none\"><path d=\"M6 6H4v2h2V6zm14 0H8v2h12V6zM4 11h2v2H4v-2zm16 0H8v2h12v-2zM4 16h2v2H4v-2zm16 0H8v2h12v-2z\" fill=\"currentColor\"><\/path><\/svg><svg style=\"fill: #000000;color:#000000\" class=\"arrow-unsorted-368013\" xmlns=\"http:\/\/www.w3.org\/2000\/svg\" width=\"10px\" height=\"10px\" viewBox=\"0 0 24 24\" version=\"1.2\" baseProfile=\"tiny\"><path d=\"M18.2 9.3l-6.2-6.3-6.2 6.3c-.2.2-.3.4-.3.7s.1.5.3.7c.2.2.4.3.7.3h11c.3 0 .5-.1.7-.3.2-.2.3-.5.3-.7s-.1-.5-.3-.7zM5.8 14.7l6.2 6.3 6.2-6.3c.2-.2.3-.5.3-.7s-.1-.5-.3-.7c-.2-.2-.4-.3-.7-.3h-11c-.3 0-.5.1-.7.3-.2.2-.3.5-.3.7s.1.5.3.7z\"\/><\/svg><\/span><\/span><\/label><input type=\"checkbox\"  id=\"ez-toc-cssicon-toggle-item-69f70b8129ea6\"  aria-label=\"Alternar\" \/><nav><ul class='ez-toc-list ez-toc-list-level-1 ' ><li class='ez-toc-page-1 ez-toc-heading-level-2'><a class=\"ez-toc-link ez-toc-heading-1\" href=\"https:\/\/www.auxiliadorapredial.com.br\/blog\/carros-eletricos-em-condominio\/#Como_funciona_um_carro_eletrico\" >Como funciona um carro el\u00e9trico?<\/a><\/li><li class='ez-toc-page-1 ez-toc-heading-level-2'><a class=\"ez-toc-link ez-toc-heading-2\" href=\"https:\/\/www.auxiliadorapredial.com.br\/blog\/carros-eletricos-em-condominio\/#Carros_eletricos_no_Brasil\" >Carros el\u00e9tricos no Brasil<\/a><\/li><li class='ez-toc-page-1 ez-toc-heading-level-2'><a class=\"ez-toc-link ez-toc-heading-3\" href=\"https:\/\/www.auxiliadorapredial.com.br\/blog\/carros-eletricos-em-condominio\/#Carros_eletricos_em_condominios\" >Carros el\u00e9tricos em condom\u00ednios<\/a><\/li><li class='ez-toc-page-1 ez-toc-heading-level-2'><a class=\"ez-toc-link ez-toc-heading-4\" href=\"https:\/\/www.auxiliadorapredial.com.br\/blog\/carros-eletricos-em-condominio\/#Instalacao_de_carregadores_para_carros_eletricos\" >Instala\u00e7\u00e3o de carregadores para carros el\u00e9tricos<\/a><\/li><li class='ez-toc-page-1 ez-toc-heading-level-2'><a class=\"ez-toc-link ez-toc-heading-5\" href=\"https:\/\/www.auxiliadorapredial.com.br\/blog\/carros-eletricos-em-condominio\/#Como_administrar_os_carregadores_de_carros_eletricos\" >Como administrar os carregadores de carros el\u00e9tricos<\/a><\/li><\/ul><\/nav><\/div>\n<h2><span class=\"ez-toc-section\" id=\"Como_funciona_um_carro_eletrico\"><\/span><b>Como funciona um carro el\u00e9trico?<\/b><span class=\"ez-toc-section-end\"><\/span><\/h2>\n<p><span style=\"font-weight: 400;\">Diferente de ve\u00edculos tradicionais, o carro el\u00e9trico n\u00e3o requer o uso de qualquer combust\u00edvel prejudicial para o meio ambiente, j\u00e1 que funciona \u00e0 base de <\/span><b>correntes el\u00e9tricas <\/b><span style=\"font-weight: 400;\">que ficam armazenadas na sua bateria.<\/span><\/p>\n<p><span style=\"font-weight: 400;\">Os carros el\u00e9tricos, por utilizarem combust\u00edveis renov\u00e1veis, tamb\u00e9m contribuem para o meio ambiente e se tornam uma alternativa muito mais <\/span><b>sustent\u00e1vel <\/b><span style=\"font-weight: 400;\">na luta contra o aquecimento global. Os<\/span><a href=\"https:\/\/summitmobilidade.estadao.com.br\/ir-e-vir-no-mundo\/automoveis-sao-a-principal-fonte-de-emissao-de-gases-poluentes\/#:~:text=Segundo%20o%20documento%2C%20os%20carros,de%20apenas%2030%25%20da%20popula%C3%A7%C3%A3o.\" target=\"_blank\" rel=\"noopener\"><span style=\"font-weight: 400;\"> ve\u00edculos atuais s\u00e3o respons\u00e1veis por mais de 70% do efeito estufa<\/span><\/a><span style=\"font-weight: 400;\">, de acordo com pesquisas.<\/span><\/p>\n<p><span style=\"font-weight: 400;\">Desta forma, teoricamente, os carros el\u00e9tricos abrem possibilidades de <\/span><b>economia <\/b><span style=\"font-weight: 400;\">e maior <\/span><b>praticidade <\/b><span style=\"font-weight: 400;\">para carregar seu combust\u00edvel. Contudo, os desafios estruturais em certos pa\u00edses podem dificultar e encarecer esta transi\u00e7\u00e3o, como \u00e9 o caso do Brasil.<\/span><\/p>\n<p>&nbsp;<\/p>\n<p><b><br \/>\n<\/b><b>Leia tamb\u00e9m:<\/b><\/p>\n<p><a href=\"https:\/\/www.auxiliadorapredial.com.br\/blog\/6-ideias-de-inovacoes-para-condominio-para-adotar\/\" target=\"_blank\" rel=\"noopener\"><span style=\"font-weight: 400;\">6 ideias de inova\u00e7\u00f5es para condom\u00ednio para adotar<\/span><\/a><\/p>\n<p><a href=\"https:\/\/www.auxiliadorapredial.com.br\/blog\/corretora-de-seguros-e-condominios\/\" target=\"_blank\" rel=\"noopener\"><span style=\"font-weight: 400;\">Corretora de Seguros e condom\u00ednios: 6 maneiras de se proteger<\/span><\/a><\/p>\n<p><a href=\"https:\/\/www.auxiliadorapredial.com.br\/blog\/o-que-fazer-para-ter-uma-boa-convivencia-no-condominio\/\" target=\"_blank\" rel=\"noopener\"><span style=\"font-weight: 400;\">O que fazer para ter uma boa conviv\u00eancia em condom\u00ednio<\/span><\/a><\/p>\n<p>&nbsp;<\/p>\n<h2><span class=\"ez-toc-section\" id=\"Carros_eletricos_no_Brasil\"><\/span><b>Carros el\u00e9tricos no Brasil<\/b><span class=\"ez-toc-section-end\"><\/span><\/h2>\n<p><span style=\"font-weight: 400;\">No Brasil, em contraponto a pa\u00edses como Reino Unido e \u00cdndia, que j\u00e1 estabeleceram metas para acabar com a venda de ve\u00edculos utilizadores de combust\u00edveis f\u00f3sseis, n\u00e3o existe nenhuma meta ou regulamenta\u00e7\u00e3o mais clara em rela\u00e7\u00e3o aos carros el\u00e9tricos.<\/span><\/p>\n<p><span style=\"font-weight: 400;\">Al\u00e9m disso, a falta de incentivos para a produ\u00e7\u00e3o dos transportes no Brasil acaba encarecendo o produto. Atualmente, existem alguns estados onde os carros el\u00e9tricos est\u00e3o isentos de IPVA, como o Rio Grande do Norte, Sergipe, Paran\u00e1 e outros.<\/span><\/p>\n<p><span style=\"font-weight: 400;\">Por isso, o Brasil, em compara\u00e7\u00e3o com outros pa\u00edses, ainda tem <\/span><a href=\"https:\/\/quatrorodas.abril.com.br\/carros-eletricos\/nunca-se-vendeu-tanto-carro-eletrico-no-brasil-mas-ha-muito-para-crescer\/\" target=\"_blank\" rel=\"noopener\"><span style=\"font-weight: 400;\">uma frota diminuta de ve\u00edculos el\u00e9tricos: cerca de 3%<\/span><\/a><span style=\"font-weight: 400;\">. Algumas montadoras j\u00e1 come\u00e7aram projetos para baratear os produtos com produ\u00e7\u00e3o nacional, mas existem impeditivos que desestimulam o mercado.<\/span><\/p>\n<p><span style=\"font-weight: 400;\">A falta de incentivo de produ\u00e7\u00e3o, junto com as quest\u00f5es relacionadas \u00e0 infraestrutura urbana para suporte dos carros el\u00e9tricos e a falta de divulga\u00e7\u00e3o sobre os seus benef\u00edcios acabam dificultando a inser\u00e7\u00e3o destes nas cidades, ruas e condom\u00ednios.<\/span><\/p>\n<p>&nbsp;<\/p>\n<p><img fetchpriority=\"high\" decoding=\"async\" class=\"aligncenter wp-image-12667 size-full\" src=\"https:\/\/www.auxiliadorapredial.com.br\/blog\/wp-content\/uploads\/carros-eletricos-2.webp\" alt=\"Carros el\u00e9tricos em condom\u00ednio: carro estacionado em vaga enquanto faz recarga.\" width=\"2000\" height=\"1333\" srcset=\"https:\/\/www.auxiliadorapredial.com.br\/blog\/wp-content\/uploads\/carros-eletricos-2.webp 2000w, https:\/\/www.auxiliadorapredial.com.br\/blog\/wp-content\/uploads\/carros-eletricos-2-300x200.webp 300w, https:\/\/www.auxiliadorapredial.com.br\/blog\/wp-content\/uploads\/carros-eletricos-2-1024x682.webp 1024w, https:\/\/www.auxiliadorapredial.com.br\/blog\/wp-content\/uploads\/carros-eletricos-2-768x512.webp 768w, https:\/\/www.auxiliadorapredial.com.br\/blog\/wp-content\/uploads\/carros-eletricos-2-1536x1024.webp 1536w\" sizes=\"(max-width: 2000px) 100vw, 2000px\" \/><\/p>\n<p>&nbsp;<\/p>\n<h2><span class=\"ez-toc-section\" id=\"Carros_eletricos_em_condominios\"><\/span><b>Carros el\u00e9tricos em condom\u00ednios<\/b><span class=\"ez-toc-section-end\"><\/span><\/h2>\n<p><span style=\"font-weight: 400;\">Uma das maiores d\u00favidas sobre este novo tipo de ve\u00edculo \u00e9 referente ao seu carregamento de energia. Afinal, \u00e9 poss\u00edvel carregar utilizando apenas tomadas comuns, sem a estrutura adequada?<\/span><\/p>\n<p><span style=\"font-weight: 400;\">A resposta \u00e9 <\/span><b>sim<\/b><span style=\"font-weight: 400;\">. Por\u00e9m, algumas complica\u00e7\u00f5es podem acontecer, j\u00e1 que o carregamento \u00e9 muito mais devagar em compara\u00e7\u00e3o aos lugares de estrutura adequada. Junto a isso, podem ocorrer alguns problemas com a bateria do carro e a conta de energia ir\u00e1 aumentar.<\/span><\/p>\n<p><span style=\"font-weight: 400;\">N\u00e3o existe nenhuma legisla\u00e7\u00e3o nacional referente aos carros el\u00e9tricos em condom\u00ednios, portanto, fica a cargo dos pr\u00f3prios decidirem como ser\u00e1 feita a organiza\u00e7\u00e3o e estrutura\u00e7\u00e3o desta nova tend\u00eancia.<\/span><\/p>\n<p>&nbsp;<\/p>\n<h2><span class=\"ez-toc-section\" id=\"Instalacao_de_carregadores_para_carros_eletricos\"><\/span><b>Instala\u00e7\u00e3o de carregadores para carros el\u00e9tricos<\/b><span class=\"ez-toc-section-end\"><\/span><\/h2>\n<p><span style=\"font-weight: 400;\">Existem pouqu\u00edssimos pontos de carregamento para autom\u00f3veis el\u00e9tricos no Brasil, o que encarece e inviabiliza a compra dos ve\u00edculos e, consequentemente, o avan\u00e7o do mercado. Por isso, discutir esta quest\u00e3o no seu <a href=\"https:\/\/www.auxiliadorapredial.com.br\/blog\/gestao-financeira-em-condominio-como-garantir-mais-transparencia-e-seguranca\/\">condom\u00ednio<\/a> pode ser uma boa solu\u00e7\u00e3o.<\/span><\/p>\n<p><span style=\"font-weight: 400;\">Alguns pontos precisam ser levantados antes da instala\u00e7\u00e3o de carregadores, como a avalia\u00e7\u00e3o da infraestrutura dos pr\u00e9dios, o or\u00e7amento para a pesquisa de produtos e a forma com que a conta de luz e a manuten\u00e7\u00e3o dos equipamentos ser\u00e3o pagos.<\/span><\/p>\n<p>&nbsp;<\/p>\n<h2><span class=\"ez-toc-section\" id=\"Como_administrar_os_carregadores_de_carros_eletricos\"><\/span><strong>Como administrar os carregadores de carros el\u00e9tricos<\/strong><span class=\"ez-toc-section-end\"><\/span><\/h2>\n<p><span style=\"font-weight: 400;\">J\u00e1 existem empresas no pa\u00eds que est\u00e3o se especializando no carregamento e no suporte de carros el\u00e9tricos em condom\u00ednio e casas com os equipamentos necess\u00e1rios e at\u00e9 gerenciadores de consumo por morador.<\/span><\/p>\n<p><span style=\"font-weight: 400;\">Com o passar dos anos, este \u00e9 um mercado que tende a crescer e trazer mais possibilidades, especialmente com a melhor regulamenta\u00e7\u00e3o nacional e a tend\u00eancia mundial de incentivos para quem produz. Portanto, fique de olho e esteja pronto para o futuro!<\/span><\/p>\n<p><span style=\"font-weight: 400;\">Para mais dicas sobre condom\u00ednios, acesse o <\/span><a href=\"https:\/\/www.auxiliadorapredial.com.br\/blog\/\" target=\"_blank\" rel=\"noopener\"><span style=\"font-weight: 400;\">nosso Blog<\/span><\/a><span style=\"font-weight: 400;\">. <\/span><span style=\"font-weight: 400;\">Caso esteja com dificuldades na<\/span><b> administra\u00e7\u00e3o do condom\u00ednio<\/b><span style=\"font-weight: 400;\"> e queira contar com uma empresa de qualidade para te ajudar nos desafios or\u00e7ament\u00e1rios, gerenciais e estruturais dos carros el\u00e9tricos e carregadores, entre no nosso site e veja nossos <\/span><a href=\"https:\/\/www.auxiliadorapredial.com.br\/condominios\" target=\"_blank\" rel=\"noopener\"><span style=\"font-weight: 400;\">servi\u00e7os para condom\u00ednios<\/span><\/a><span style=\"font-weight: 400;\">!<\/span><b><br \/>\n<\/b><span style=\"font-weight: 400;\"><br \/>\n<\/span><\/p>\n","protected":false},"excerpt":{"rendered":"<p>O futuro j\u00e1 chegou e os s\u00edndicos e moradores devem se adaptar \u00e0 realidade dos carros el\u00e9tricos. Veja como funciona com os condom\u00ednios! Boa leitura!<\/p>\n","protected":false},"author":8,"featured_media":12668,"comment_status":"open","ping_status":"open","sticky":false,"template":"","format":"standard","meta":{"footnotes":""},"categories":[308],"tags":[360,804,805,185,112],"class_list":["post-12666","post","type-post","status-publish","format-standard","has-post-thumbnail","hentry","category-chama-o-sindico","tag-administracao-de-condominio","tag-carros-eletricos","tag-carros-eletricos-em-condominios","tag-condominio","tag-sindico"],"yoast_head":"<!-- This site is optimized with the Yoast SEO plugin v27.3 - https:\/\/yoast.com\/product\/yoast-seo-wordpress\/ -->\n<title>Carros el\u00e9tricos em condom\u00ednio: como se preparar para o futuro?<\/title>\n<meta name=\"description\" content=\"O futuro j\u00e1 chegou e os s\u00edndicos e moradores devem se adaptar \u00e0 realidade dos carros el\u00e9tricos. Veja como funciona com os condom\u00ednios!\" \/>\n<meta name=\"robots\" content=\"index, follow, max-snippet:-1, max-image-preview:large, max-video-preview:-1\" \/>\n<link rel=\"canonical\" href=\"https:\/\/www.auxiliadorapredial.com.br\/blog\/carros-eletricos-em-condominio\/\" \/>\n<meta property=\"og:locale\" content=\"pt_BR\" \/>\n<meta property=\"og:type\" content=\"article\" \/>\n<meta property=\"og:title\" content=\"Carros el\u00e9tricos em condom\u00ednio: como se preparar para o futuro?\" \/>\n<meta property=\"og:description\" content=\"O futuro j\u00e1 chegou e os s\u00edndicos e moradores devem se adaptar \u00e0 realidade dos carros el\u00e9tricos. Veja como funciona com os condom\u00ednios!\" \/>\n<meta property=\"og:url\" content=\"https:\/\/www.auxiliadorapredial.com.br\/blog\/carros-eletricos-em-condominio\/\" \/>\n<meta property=\"og:site_name\" content=\"Blog da Auxiliadora Predial - Tudo sobre im\u00f3veis e condom\u00ednios\" \/>\n<meta property=\"article:published_time\" content=\"2023-04-25T21:38:38+00:00\" \/>\n<meta property=\"article:modified_time\" content=\"2023-11-10T18:24:42+00:00\" \/>\n<meta property=\"og:image\" content=\"https:\/\/www.auxiliadorapredial.com.br\/blog\/wp-content\/uploads\/carros-eletricos-capa.webp\" \/>\n\t<meta property=\"og:image:width\" content=\"2000\" \/>\n\t<meta property=\"og:image:height\" content=\"1333\" \/>\n\t<meta property=\"og:image:type\" content=\"image\/webp\" \/>\n<meta name=\"author\" content=\"Auxiliadora Predial\" \/>\n<meta name=\"twitter:card\" content=\"summary_large_image\" \/>\n<meta name=\"twitter:label1\" content=\"Escrito por\" \/>\n\t<meta name=\"twitter:data1\" content=\"Auxiliadora Predial\" \/>\n\t<meta name=\"twitter:label2\" content=\"Est. tempo de leitura\" \/>\n\t<meta name=\"twitter:data2\" content=\"5 minutos\" \/>\n<script type=\"application\/ld+json\" class=\"yoast-schema-graph\">{\"@context\":\"https:\\\/\\\/schema.org\",\"@graph\":[{\"@type\":\"Article\",\"@id\":\"https:\\\/\\\/www.auxiliadorapredial.com.br\\\/blog\\\/carros-eletricos-em-condominio\\\/#article\",\"isPartOf\":{\"@id\":\"https:\\\/\\\/www.auxiliadorapredial.com.br\\\/blog\\\/carros-eletricos-em-condominio\\\/\"},\"author\":{\"name\":\"Auxiliadora Predial\",\"@id\":\"https:\\\/\\\/www.auxiliadorapredial.com.br\\\/blog\\\/#\\\/schema\\\/person\\\/6f18fc59c4e49f77084c0b79db558b94\"},\"headline\":\"Carros el\u00e9tricos em condom\u00ednio: como se preparar para o futuro?\",\"datePublished\":\"2023-04-25T21:38:38+00:00\",\"dateModified\":\"2023-11-10T18:24:42+00:00\",\"mainEntityOfPage\":{\"@id\":\"https:\\\/\\\/www.auxiliadorapredial.com.br\\\/blog\\\/carros-eletricos-em-condominio\\\/\"},\"wordCount\":814,\"commentCount\":0,\"image\":{\"@id\":\"https:\\\/\\\/www.auxiliadorapredial.com.br\\\/blog\\\/carros-eletricos-em-condominio\\\/#primaryimage\"},\"thumbnailUrl\":\"https:\\\/\\\/www.auxiliadorapredial.com.br\\\/blog\\\/wp-content\\\/uploads\\\/carros-eletricos-capa.webp\",\"keywords\":[\"administra\u00e7\u00e3o de condom\u00ednio\",\"carros el\u00e9tricos\",\"carros el\u00e9tricos em condom\u00ednios\",\"condom\u00ednio\",\"s\u00edndico\"],\"articleSection\":[\"Chama o S\u00edndico\"],\"inLanguage\":\"pt-BR\",\"potentialAction\":[{\"@type\":\"CommentAction\",\"name\":\"Comment\",\"target\":[\"https:\\\/\\\/www.auxiliadorapredial.com.br\\\/blog\\\/carros-eletricos-em-condominio\\\/#respond\"]}]},{\"@type\":\"WebPage\",\"@id\":\"https:\\\/\\\/www.auxiliadorapredial.com.br\\\/blog\\\/carros-eletricos-em-condominio\\\/\",\"url\":\"https:\\\/\\\/www.auxiliadorapredial.com.br\\\/blog\\\/carros-eletricos-em-condominio\\\/\",\"name\":\"Carros el\u00e9tricos em condom\u00ednio: como se preparar para o futuro?\",\"isPartOf\":{\"@id\":\"https:\\\/\\\/www.auxiliadorapredial.com.br\\\/blog\\\/#website\"},\"primaryImageOfPage\":{\"@id\":\"https:\\\/\\\/www.auxiliadorapredial.com.br\\\/blog\\\/carros-eletricos-em-condominio\\\/#primaryimage\"},\"image\":{\"@id\":\"https:\\\/\\\/www.auxiliadorapredial.com.br\\\/blog\\\/carros-eletricos-em-condominio\\\/#primaryimage\"},\"thumbnailUrl\":\"https:\\\/\\\/www.auxiliadorapredial.com.br\\\/blog\\\/wp-content\\\/uploads\\\/carros-eletricos-capa.webp\",\"datePublished\":\"2023-04-25T21:38:38+00:00\",\"dateModified\":\"2023-11-10T18:24:42+00:00\",\"author\":{\"@id\":\"https:\\\/\\\/www.auxiliadorapredial.com.br\\\/blog\\\/#\\\/schema\\\/person\\\/6f18fc59c4e49f77084c0b79db558b94\"},\"description\":\"O futuro j\u00e1 chegou e os s\u00edndicos e moradores devem se adaptar \u00e0 realidade dos carros el\u00e9tricos. Veja como funciona com os condom\u00ednios!\",\"inLanguage\":\"pt-BR\",\"potentialAction\":[{\"@type\":\"ReadAction\",\"target\":[\"https:\\\/\\\/www.auxiliadorapredial.com.br\\\/blog\\\/carros-eletricos-em-condominio\\\/\"]}]},{\"@type\":\"ImageObject\",\"inLanguage\":\"pt-BR\",\"@id\":\"https:\\\/\\\/www.auxiliadorapredial.com.br\\\/blog\\\/carros-eletricos-em-condominio\\\/#primaryimage\",\"url\":\"https:\\\/\\\/www.auxiliadorapredial.com.br\\\/blog\\\/wp-content\\\/uploads\\\/carros-eletricos-capa.webp\",\"contentUrl\":\"https:\\\/\\\/www.auxiliadorapredial.com.br\\\/blog\\\/wp-content\\\/uploads\\\/carros-eletricos-capa.webp\",\"width\":2000,\"height\":1333,\"caption\":\"Carros el\u00e9tricos em condom\u00ednio: pessoa carregando seu carro el\u00e9trico.\"},{\"@type\":\"WebSite\",\"@id\":\"https:\\\/\\\/www.auxiliadorapredial.com.br\\\/blog\\\/#website\",\"url\":\"https:\\\/\\\/www.auxiliadorapredial.com.br\\\/blog\\\/\",\"name\":\"Blog da Auxiliadora Predial - Tudo sobre im\u00f3veis e condom\u00ednios\",\"description\":\"Dicas da Auxiliadora Predial sobre aluguel, compra e venda de im\u00f3veis, al\u00e9m de condom\u00ednios. Imobili\u00e1ria em Porto Alegre e interior do RS, Santa Catarina e S\u00e3o Paulo.\",\"potentialAction\":[{\"@type\":\"SearchAction\",\"target\":{\"@type\":\"EntryPoint\",\"urlTemplate\":\"https:\\\/\\\/www.auxiliadorapredial.com.br\\\/blog\\\/?s={search_term_string}\"},\"query-input\":{\"@type\":\"PropertyValueSpecification\",\"valueRequired\":true,\"valueName\":\"search_term_string\"}}],\"inLanguage\":\"pt-BR\"},{\"@type\":\"Person\",\"@id\":\"https:\\\/\\\/www.auxiliadorapredial.com.br\\\/blog\\\/#\\\/schema\\\/person\\\/6f18fc59c4e49f77084c0b79db558b94\",\"name\":\"Auxiliadora Predial\",\"image\":{\"@type\":\"ImageObject\",\"inLanguage\":\"pt-BR\",\"@id\":\"https:\\\/\\\/secure.gravatar.com\\\/avatar\\\/35e2e024be01cb7ad8d58228a0e85f870bdc4fcffc251c71ad386ea38ee05234?s=96&d=mm&r=g\",\"url\":\"https:\\\/\\\/secure.gravatar.com\\\/avatar\\\/35e2e024be01cb7ad8d58228a0e85f870bdc4fcffc251c71ad386ea38ee05234?s=96&d=mm&r=g\",\"contentUrl\":\"https:\\\/\\\/secure.gravatar.com\\\/avatar\\\/35e2e024be01cb7ad8d58228a0e85f870bdc4fcffc251c71ad386ea38ee05234?s=96&d=mm&r=g\",\"caption\":\"Auxiliadora Predial\"},\"sameAs\":[\"https:\\\/\\\/www.auxiliadorapredial.com.br\\\/\"]}]}<\/script>\n<!-- \/ Yoast SEO plugin. -->","yoast_head_json":{"title":"Carros el\u00e9tricos em condom\u00ednio: como se preparar para o futuro?","description":"O futuro j\u00e1 chegou e os s\u00edndicos e moradores devem se adaptar \u00e0 realidade dos carros el\u00e9tricos. Veja como funciona com os condom\u00ednios!","robots":{"index":"index","follow":"follow","max-snippet":"max-snippet:-1","max-image-preview":"max-image-preview:large","max-video-preview":"max-video-preview:-1"},"canonical":"https:\/\/www.auxiliadorapredial.com.br\/blog\/carros-eletricos-em-condominio\/","og_locale":"pt_BR","og_type":"article","og_title":"Carros el\u00e9tricos em condom\u00ednio: como se preparar para o futuro?","og_description":"O futuro j\u00e1 chegou e os s\u00edndicos e moradores devem se adaptar \u00e0 realidade dos carros el\u00e9tricos. Veja como funciona com os condom\u00ednios!","og_url":"https:\/\/www.auxiliadorapredial.com.br\/blog\/carros-eletricos-em-condominio\/","og_site_name":"Blog da Auxiliadora Predial - Tudo sobre im\u00f3veis e condom\u00ednios","article_published_time":"2023-04-25T21:38:38+00:00","article_modified_time":"2023-11-10T18:24:42+00:00","og_image":[{"width":2000,"height":1333,"url":"https:\/\/www.auxiliadorapredial.com.br\/blog\/wp-content\/uploads\/carros-eletricos-capa.webp","type":"image\/webp"}],"author":"Auxiliadora Predial","twitter_card":"summary_large_image","twitter_misc":{"Escrito por":"Auxiliadora Predial","Est. tempo de leitura":"5 minutos"},"schema":{"@context":"https:\/\/schema.org","@graph":[{"@type":"Article","@id":"https:\/\/www.auxiliadorapredial.com.br\/blog\/carros-eletricos-em-condominio\/#article","isPartOf":{"@id":"https:\/\/www.auxiliadorapredial.com.br\/blog\/carros-eletricos-em-condominio\/"},"author":{"name":"Auxiliadora Predial","@id":"https:\/\/www.auxiliadorapredial.com.br\/blog\/#\/schema\/person\/6f18fc59c4e49f77084c0b79db558b94"},"headline":"Carros el\u00e9tricos em condom\u00ednio: como se preparar para o futuro?","datePublished":"2023-04-25T21:38:38+00:00","dateModified":"2023-11-10T18:24:42+00:00","mainEntityOfPage":{"@id":"https:\/\/www.auxiliadorapredial.com.br\/blog\/carros-eletricos-em-condominio\/"},"wordCount":814,"commentCount":0,"image":{"@id":"https:\/\/www.auxiliadorapredial.com.br\/blog\/carros-eletricos-em-condominio\/#primaryimage"},"thumbnailUrl":"https:\/\/www.auxiliadorapredial.com.br\/blog\/wp-content\/uploads\/carros-eletricos-capa.webp","keywords":["administra\u00e7\u00e3o de condom\u00ednio","carros el\u00e9tricos","carros el\u00e9tricos em condom\u00ednios","condom\u00ednio","s\u00edndico"],"articleSection":["Chama o S\u00edndico"],"inLanguage":"pt-BR","potentialAction":[{"@type":"CommentAction","name":"Comment","target":["https:\/\/www.auxiliadorapredial.com.br\/blog\/carros-eletricos-em-condominio\/#respond"]}]},{"@type":"WebPage","@id":"https:\/\/www.auxiliadorapredial.com.br\/blog\/carros-eletricos-em-condominio\/","url":"https:\/\/www.auxiliadorapredial.com.br\/blog\/carros-eletricos-em-condominio\/","name":"Carros el\u00e9tricos em condom\u00ednio: como se preparar para o futuro?","isPartOf":{"@id":"https:\/\/www.auxiliadorapredial.com.br\/blog\/#website"},"primaryImageOfPage":{"@id":"https:\/\/www.auxiliadorapredial.com.br\/blog\/carros-eletricos-em-condominio\/#primaryimage"},"image":{"@id":"https:\/\/www.auxiliadorapredial.com.br\/blog\/carros-eletricos-em-condominio\/#primaryimage"},"thumbnailUrl":"https:\/\/www.auxiliadorapredial.com.br\/blog\/wp-content\/uploads\/carros-eletricos-capa.webp","datePublished":"2023-04-25T21:38:38+00:00","dateModified":"2023-11-10T18:24:42+00:00","author":{"@id":"https:\/\/www.auxiliadorapredial.com.br\/blog\/#\/schema\/person\/6f18fc59c4e49f77084c0b79db558b94"},"description":"O futuro j\u00e1 chegou e os s\u00edndicos e moradores devem se adaptar \u00e0 realidade dos carros el\u00e9tricos. Veja como funciona com os condom\u00ednios!","inLanguage":"pt-BR","potentialAction":[{"@type":"ReadAction","target":["https:\/\/www.auxiliadorapredial.com.br\/blog\/carros-eletricos-em-condominio\/"]}]},{"@type":"ImageObject","inLanguage":"pt-BR","@id":"https:\/\/www.auxiliadorapredial.com.br\/blog\/carros-eletricos-em-condominio\/#primaryimage","url":"https:\/\/www.auxiliadorapredial.com.br\/blog\/wp-content\/uploads\/carros-eletricos-capa.webp","contentUrl":"https:\/\/www.auxiliadorapredial.com.br\/blog\/wp-content\/uploads\/carros-eletricos-capa.webp","width":2000,"height":1333,"caption":"Carros el\u00e9tricos em condom\u00ednio: pessoa carregando seu carro el\u00e9trico."},{"@type":"WebSite","@id":"https:\/\/www.auxiliadorapredial.com.br\/blog\/#website","url":"https:\/\/www.auxiliadorapredial.com.br\/blog\/","name":"Blog da Auxiliadora Predial - Tudo sobre im\u00f3veis e condom\u00ednios","description":"Dicas da Auxiliadora Predial sobre aluguel, compra e venda de im\u00f3veis, al\u00e9m de condom\u00ednios. Imobili\u00e1ria em Porto Alegre e interior do RS, Santa Catarina e S\u00e3o Paulo.","potentialAction":[{"@type":"SearchAction","target":{"@type":"EntryPoint","urlTemplate":"https:\/\/www.auxiliadorapredial.com.br\/blog\/?s={search_term_string}"},"query-input":{"@type":"PropertyValueSpecification","valueRequired":true,"valueName":"search_term_string"}}],"inLanguage":"pt-BR"},{"@type":"Person","@id":"https:\/\/www.auxiliadorapredial.com.br\/blog\/#\/schema\/person\/6f18fc59c4e49f77084c0b79db558b94","name":"Auxiliadora Predial","image":{"@type":"ImageObject","inLanguage":"pt-BR","@id":"https:\/\/secure.gravatar.com\/avatar\/35e2e024be01cb7ad8d58228a0e85f870bdc4fcffc251c71ad386ea38ee05234?s=96&d=mm&r=g","url":"https:\/\/secure.gravatar.com\/avatar\/35e2e024be01cb7ad8d58228a0e85f870bdc4fcffc251c71ad386ea38ee05234?s=96&d=mm&r=g","contentUrl":"https:\/\/secure.gravatar.com\/avatar\/35e2e024be01cb7ad8d58228a0e85f870bdc4fcffc251c71ad386ea38ee05234?s=96&d=mm&r=g","caption":"Auxiliadora Predial"},"sameAs":["https:\/\/www.auxiliadorapredial.com.br\/"]}]}},"views":1422,"_links":{"self":[{"href":"https:\/\/www.auxiliadorapredial.com.br\/blog\/wp-json\/wp\/v2\/posts\/12666","targetHints":{"allow":["GET"]}}],"collection":[{"href":"https:\/\/www.auxiliadorapredial.com.br\/blog\/wp-json\/wp\/v2\/posts"}],"about":[{"href":"https:\/\/www.auxiliadorapredial.com.br\/blog\/wp-json\/wp\/v2\/types\/post"}],"author":[{"embeddable":true,"href":"https:\/\/www.auxiliadorapredial.com.br\/blog\/wp-json\/wp\/v2\/users\/8"}],"replies":[{"embeddable":true,"href":"https:\/\/www.auxiliadorapredial.com.br\/blog\/wp-json\/wp\/v2\/comments?post=12666"}],"version-history":[{"count":3,"href":"https:\/\/www.auxiliadorapredial.com.br\/blog\/wp-json\/wp\/v2\/posts\/12666\/revisions"}],"predecessor-version":[{"id":14154,"href":"https:\/\/www.auxiliadorapredial.com.br\/blog\/wp-json\/wp\/v2\/posts\/12666\/revisions\/14154"}],"wp:featuredmedia":[{"embeddable":true,"href":"https:\/\/www.auxiliadorapredial.com.br\/blog\/wp-json\/wp\/v2\/media\/12668"}],"wp:attachment":[{"href":"https:\/\/www.auxiliadorapredial.com.br\/blog\/wp-json\/wp\/v2\/media?parent=12666"}],"wp:term":[{"taxonomy":"category","embeddable":true,"href":"https:\/\/www.auxiliadorapredial.com.br\/blog\/wp-json\/wp\/v2\/categories?post=12666"},{"taxonomy":"post_tag","embeddable":true,"href":"https:\/\/www.auxiliadorapredial.com.br\/blog\/wp-json\/wp\/v2\/tags?post=12666"}],"curies":[{"name":"wp","href":"https:\/\/api.w.org\/{rel}","templated":true}]}}