{"id":13259,"date":"2023-07-26T12:15:20","date_gmt":"2023-07-26T15:15:20","guid":{"rendered":"https:\/\/www.auxiliadorapredial.com.br\/blog\/?p=13259"},"modified":"2023-11-06T10:24:55","modified_gmt":"2023-11-06T13:24:55","slug":"dia-do-gaucho-conheca-as-cidades-e-bairros-historicos-do-rs","status":"publish","type":"post","link":"https:\/\/www.auxiliadorapredial.com.br\/blog\/dia-do-gaucho-conheca-as-cidades-e-bairros-historicos-do-rs\/","title":{"rendered":"Dia do Ga\u00facho: conhe\u00e7a as cidades e bairros hist\u00f3ricos do RS"},"content":{"rendered":"<p><span style=\"font-weight: 400;\">O estado do <\/span><b>Rio Grande do Sul<\/b><span style=\"font-weight: 400;\"> tem uma data para chamar de sua. \u00c9 o dia<\/span><b> 20 de setembro<\/b><span style=\"font-weight: 400;\">, quando comemora-se o <\/span><b>Dia do Ga\u00facho.<\/b><\/p>\n<p><span style=\"font-weight: 400;\">A data representa marcos importantes para a hist\u00f3ria local, e neste texto voc\u00ea vai ver que algumas cidades e at\u00e9 mesmo bairros t\u00eam tudo a ver com a hist\u00f3ria do RS. Ser\u00e1 que voc\u00ea mora ou conhece algum deles? Vamos descobrir!<\/span><\/p>\n<p>&nbsp;<\/p>\n<div id=\"ez-toc-container\" class=\"ez-toc-v2_0_82_2 counter-hierarchy ez-toc-counter ez-toc-transparent ez-toc-container-direction\">\n<p class=\"ez-toc-title\" style=\"cursor:inherit\">Navegue pelo conte\u00fado<\/p>\n<label for=\"ez-toc-cssicon-toggle-item-69f725be37f73\" class=\"ez-toc-cssicon-toggle-label\"><span class=\"\"><span class=\"eztoc-hide\" style=\"display:none;\">Toggle<\/span><span class=\"ez-toc-icon-toggle-span\"><svg style=\"fill: #000000;color:#000000\" xmlns=\"http:\/\/www.w3.org\/2000\/svg\" class=\"list-377408\" width=\"20px\" height=\"20px\" viewBox=\"0 0 24 24\" fill=\"none\"><path d=\"M6 6H4v2h2V6zm14 0H8v2h12V6zM4 11h2v2H4v-2zm16 0H8v2h12v-2zM4 16h2v2H4v-2zm16 0H8v2h12v-2z\" fill=\"currentColor\"><\/path><\/svg><svg style=\"fill: #000000;color:#000000\" class=\"arrow-unsorted-368013\" xmlns=\"http:\/\/www.w3.org\/2000\/svg\" width=\"10px\" height=\"10px\" viewBox=\"0 0 24 24\" version=\"1.2\" baseProfile=\"tiny\"><path d=\"M18.2 9.3l-6.2-6.3-6.2 6.3c-.2.2-.3.4-.3.7s.1.5.3.7c.2.2.4.3.7.3h11c.3 0 .5-.1.7-.3.2-.2.3-.5.3-.7s-.1-.5-.3-.7zM5.8 14.7l6.2 6.3 6.2-6.3c.2-.2.3-.5.3-.7s-.1-.5-.3-.7c-.2-.2-.4-.3-.7-.3h-11c-.3 0-.5.1-.7.3-.2.2-.3.5-.3.7s.1.5.3.7z\"\/><\/svg><\/span><\/span><\/label><input type=\"checkbox\"  id=\"ez-toc-cssicon-toggle-item-69f725be37f73\"  aria-label=\"Alternar\" \/><nav><ul class='ez-toc-list ez-toc-list-level-1 ' ><li class='ez-toc-page-1 ez-toc-heading-level-2'><a class=\"ez-toc-link ez-toc-heading-1\" href=\"https:\/\/www.auxiliadorapredial.com.br\/blog\/dia-do-gaucho-conheca-as-cidades-e-bairros-historicos-do-rs\/#Revolucao_Farroupilha_e_a_historia_do_20_de_setembro\" >Revolu\u00e7\u00e3o Farroupilha e a hist\u00f3ria do 20 de setembro<\/a><\/li><li class='ez-toc-page-1 ez-toc-heading-level-2'><a class=\"ez-toc-link ez-toc-heading-2\" href=\"https:\/\/www.auxiliadorapredial.com.br\/blog\/dia-do-gaucho-conheca-as-cidades-e-bairros-historicos-do-rs\/#Cidades_historicas_do_RS\" >Cidades hist\u00f3ricas do RS<\/a><ul class='ez-toc-list-level-3' ><li class='ez-toc-heading-level-3'><a class=\"ez-toc-link ez-toc-heading-3\" href=\"https:\/\/www.auxiliadorapredial.com.br\/blog\/dia-do-gaucho-conheca-as-cidades-e-bairros-historicos-do-rs\/#Pelotas\" >Pelotas<\/a><\/li><li class='ez-toc-page-1 ez-toc-heading-level-3'><a class=\"ez-toc-link ez-toc-heading-4\" href=\"https:\/\/www.auxiliadorapredial.com.br\/blog\/dia-do-gaucho-conheca-as-cidades-e-bairros-historicos-do-rs\/#Gramado\" >Gramado<\/a><\/li><li class='ez-toc-page-1 ez-toc-heading-level-3'><a class=\"ez-toc-link ez-toc-heading-5\" href=\"https:\/\/www.auxiliadorapredial.com.br\/blog\/dia-do-gaucho-conheca-as-cidades-e-bairros-historicos-do-rs\/#Sao_Miguel_das_Missoes\" >S\u00e3o Miguel das Miss\u00f5es<\/a><\/li><li class='ez-toc-page-1 ez-toc-heading-level-3'><a class=\"ez-toc-link ez-toc-heading-6\" href=\"https:\/\/www.auxiliadorapredial.com.br\/blog\/dia-do-gaucho-conheca-as-cidades-e-bairros-historicos-do-rs\/#Antonio_Prado\" >Ant\u00f4nio Prado<\/a><\/li><li class='ez-toc-page-1 ez-toc-heading-level-3'><a class=\"ez-toc-link ez-toc-heading-7\" href=\"https:\/\/www.auxiliadorapredial.com.br\/blog\/dia-do-gaucho-conheca-as-cidades-e-bairros-historicos-do-rs\/#Rio_Grande\" >Rio Grande<\/a><\/li><\/ul><\/li><li class='ez-toc-page-1 ez-toc-heading-level-2'><a class=\"ez-toc-link ez-toc-heading-8\" href=\"https:\/\/www.auxiliadorapredial.com.br\/blog\/dia-do-gaucho-conheca-as-cidades-e-bairros-historicos-do-rs\/#Bairros_historicos_do_RS\" >Bairros hist\u00f3ricos do RS<\/a><\/li><\/ul><\/nav><\/div>\n<h2><span class=\"ez-toc-section\" id=\"Revolucao_Farroupilha_e_a_historia_do_20_de_setembro\"><\/span><b>Revolu\u00e7\u00e3o Farroupilha e a hist\u00f3ria do 20 de setembro<\/b><span class=\"ez-toc-section-end\"><\/span><\/h2>\n<p><span style=\"font-weight: 400;\">Conforme adiantamos, esse dia, que \u00e9 apenas uma simples data no calend\u00e1rio para o restante do Brasil, no Rio Grande do Sul (RS), al\u00e9m de um <\/span><b>feriado <\/b><span style=\"font-weight: 400;\">estadual, importa muito para a hist\u00f3ria local.<\/span><\/p>\n<p><span style=\"font-weight: 400;\">No ano de 1835, exatamente no dia 20 de setembro, foi iniciada a <\/span><b>Revolu\u00e7\u00e3o Farroupilha <\/b><span style=\"font-weight: 400;\">&#8211; ou <\/span><b>Guerra dos Farrapos<\/b><span style=\"font-weight: 400;\"> &#8211; no estado. Nesse evento hist\u00f3rico, a elite ga\u00facha organizou uma luta contra o poder imperial do pa\u00eds.<\/span><\/p>\n<p><span style=\"font-weight: 400;\">De forma resumida, o que ocorreu \u00e9 que os donos de est\u00e2ncias ficaram incomodados com a pol\u00edtica fiscal que era aplicada pelo governo brasileiro. Portanto, a cobran\u00e7a de impostos, sobretudo em rela\u00e7\u00e3o ao produto do charque (carne seca), que movimentava toda a economia local, motivou a guerra.<\/span><\/p>\n<p><span style=\"font-weight: 400;\">Ent\u00e3o, diante do grande marco hist\u00f3rico para a comunidade ga\u00facha, a <\/span><a href=\"http:\/\/www.al.rs.gov.br\/FileRepository\/repLegisComp\/Lei%20n%C2%BA%2004.850.pdf\" target=\"_blank\" rel=\"noopener\"><span style=\"font-weight: 400;\">Lei n\u00ba 4.850, de 1964<\/span><\/a><span style=\"font-weight: 400;\">, instituiu a Semana Farroupilha, de forma que em 20 de setembro celebra-se o <\/span><b>Dia do Ga\u00facho<\/b><span style=\"font-weight: 400;\">.<\/span><\/p>\n<p><span style=\"font-weight: 400;\">Durante o per\u00edodo de festividade os ga\u00fachos promovem e exaltam a sua cultura: realizam acampamentos, comemora\u00e7\u00f5es, desfiles, apresenta\u00e7\u00f5es art\u00edsticas, uso de roupas t\u00edpicas e muito mais.<\/span><\/p>\n<p>&nbsp;<\/p>\n<p><b>Leia tamb\u00e9m:<\/b><\/p>\n<p><a href=\"https:\/\/www.auxiliadorapredial.com.br\/blog\/confira-6-bairros-de-porto-alegre-que-esbanjam-cultura\/\" target=\"_blank\" rel=\"noopener\"><span style=\"font-weight: 400;\">Confira 6 bairros de Porto Alegre que esbanjam cultura<\/span><\/a><\/p>\n<p><a href=\"https:\/\/www.auxiliadorapredial.com.br\/blog\/aniversario-de-porto-alegre-veja-onde-curtir-a-data\/\" target=\"_blank\" rel=\"noopener\"><span style=\"font-weight: 400;\">Anivers\u00e1rio de Porto Alegre: veja onde curtir a data<\/span><\/a><\/p>\n<p><a href=\"https:\/\/www.auxiliadorapredial.com.br\/blog\/guia-quarto-distrito-poa\/\" target=\"_blank\" rel=\"noopener\"><span style=\"font-weight: 400;\">Quarto Distrito: Guia completo da regi\u00e3o mais inovadora de POA<\/span><\/a><\/p>\n<p>&nbsp;<\/p>\n<h2><span class=\"ez-toc-section\" id=\"Cidades_historicas_do_RS\"><\/span><b>Cidades hist\u00f3ricas do RS<\/b><span class=\"ez-toc-section-end\"><\/span><\/h2>\n<p><span style=\"font-weight: 400;\">E com tanta hist\u00f3ria para contar, o estado do Rio Grande do Sul conta com<\/span><b> cidades que s\u00e3o especialmente hist\u00f3ricas<\/b><span style=\"font-weight: 400;\">, com caracter\u00edsticas mais marcantes do que as outras.<\/span><\/p>\n<p><span style=\"font-weight: 400;\">Seja pela arquitetura, pelos contos populares, pela gastronomia ou por outra particularidade, alguns munic\u00edpios do estado est\u00e3o totalmente interligados com a hist\u00f3ria do RS.<\/span><\/p>\n<p><span style=\"font-weight: 400;\">Vamos saber quais s\u00e3o alguns deles?<\/span><\/p>\n<p>&nbsp;<\/p>\n<p><img fetchpriority=\"high\" decoding=\"async\" class=\"aligncenter wp-image-13261 size-full\" src=\"https:\/\/www.auxiliadorapredial.com.br\/blog\/wp-content\/uploads\/dia-do-gaucho-1.webp\" alt=\"Dia do Ga\u00facho: duas pessoas segurando um chimarr\u00e3o juntas.\" width=\"2000\" height=\"1333\" srcset=\"https:\/\/www.auxiliadorapredial.com.br\/blog\/wp-content\/uploads\/dia-do-gaucho-1.webp 2000w, https:\/\/www.auxiliadorapredial.com.br\/blog\/wp-content\/uploads\/dia-do-gaucho-1-300x200.webp 300w, https:\/\/www.auxiliadorapredial.com.br\/blog\/wp-content\/uploads\/dia-do-gaucho-1-1024x682.webp 1024w, https:\/\/www.auxiliadorapredial.com.br\/blog\/wp-content\/uploads\/dia-do-gaucho-1-768x512.webp 768w, https:\/\/www.auxiliadorapredial.com.br\/blog\/wp-content\/uploads\/dia-do-gaucho-1-1536x1024.webp 1536w\" sizes=\"(max-width: 2000px) 100vw, 2000px\" \/><\/p>\n<p>&nbsp;<\/p>\n<h3><span class=\"ez-toc-section\" id=\"Pelotas\"><\/span>Pelotas<span class=\"ez-toc-section-end\"><\/span><\/h3>\n<p><span style=\"font-weight: 400;\">A cidade de <\/span><b>Pelotas<\/b><span style=\"font-weight: 400;\">, localizada na Zona Sul do Rio Grande do Sul e a terceira maior do RS, tem na beleza arquitet\u00f4nica suas ra\u00edzes bem conectadas ao estado como um todo.<\/span><\/p>\n<p><span style=\"font-weight: 400;\">S\u00e3o diversas edifica\u00e7\u00f5es registradas como patrim\u00f4nio cultural, especialmente aquelas localizadas na regi\u00e3o central, deixando o Centro repleto de atrativos tur\u00edsticos.<\/span><\/p>\n<p>&nbsp;<\/p>\n<h3><span class=\"ez-toc-section\" id=\"Gramado\"><\/span><a href=\"https:\/\/www.auxiliadorapredial.com.br\/blog\/o-que-fazer-em-gramado-dicas-de-turismo-e-gastronomia\/\" target=\"_blank\" rel=\"noopener\">Gramado<\/a><span class=\"ez-toc-section-end\"><\/span><\/h3>\n<p><span style=\"font-weight: 400;\">Um dos destinos tur\u00edsticos mais procurados do Brasil, tamb\u00e9m \u00e9 ber\u00e7o de muita hist\u00f3ria.<\/span><\/p>\n<p><span style=\"font-weight: 400;\">Com suas influ\u00eancias alem\u00e3s e italianas, <\/span><b>Gramado <\/b><span style=\"font-weight: 400;\">oferece passeios culturais com muito resgate hist\u00f3rico, como, por exemplo, a igreja da cidade, parques, a Rua Coberta e muito mais.<\/span><\/p>\n<p>&nbsp;<\/p>\n<h3><span class=\"ez-toc-section\" id=\"Sao_Miguel_das_Missoes\"><\/span>S\u00e3o Miguel das Miss\u00f5es<span class=\"ez-toc-section-end\"><\/span><\/h3>\n<p><span style=\"font-weight: 400;\">Nada mais hist\u00f3rico do que as <\/span><b>Ru\u00ednas de S\u00e3o Miguel.<\/b><span style=\"font-weight: 400;\"> Esse patrim\u00f4nio localizado na cidade mostra a impon\u00eancia de uma grande constru\u00e7\u00e3o que conta mais de quatro s\u00e9culos de hist\u00f3ria.<\/span><\/p>\n<p><span style=\"font-weight: 400;\">A miss\u00e3o jesu\u00edtica, que faz parte da hist\u00f3ria de desenvolvimento do RS, \u00e9 retratada atrav\u00e9s das ru\u00ednas da igreja, que foi constru\u00edda em 1687.<\/span><\/p>\n<p>&nbsp;<\/p>\n<h3><span class=\"ez-toc-section\" id=\"Antonio_Prado\"><\/span>Ant\u00f4nio Prado<span class=\"ez-toc-section-end\"><\/span><\/h3>\n<p><span style=\"font-weight: 400;\">Um munic\u00edpio que traz muita hist\u00f3ria ga\u00facha combinada com a hist\u00f3ria italiana. No Centro de <\/span><b>Ant\u00f4nio Prado<\/b><span style=\"font-weight: 400;\">, amplos casar\u00f5es e todo o estilo arquitet\u00f4nico remontam a outras \u00e9pocas.<\/span><\/p>\n<p><span style=\"font-weight: 400;\">Entre os moradores, o costume de conversar no idioma italiano refor\u00e7a essas ra\u00edzes hist\u00f3ricas.<\/span><\/p>\n<p>&nbsp;<\/p>\n<h3><span class=\"ez-toc-section\" id=\"Rio_Grande\"><\/span>Rio Grande<span class=\"ez-toc-section-end\"><\/span><\/h3>\n<p><span style=\"font-weight: 400;\">Quer uma curiosidade logo de cara? A igreja mais antiga do estado fica localizada na cidade. Com esse e tantos outros pontos tur\u00edsticos, <\/span><b>Rio Grande<\/b><span style=\"font-weight: 400;\"> est\u00e1 completamente interligada \u00e0 hist\u00f3ria do estado.<\/span><\/p>\n<p><span style=\"font-weight: 400;\">Pr\u00e9dios comerciais de hoje em dia contam a hist\u00f3ria de f\u00e1bricas dos s\u00e9culos XIX e XX, al\u00e9m de outras que marcam o in\u00edcio da industrializa\u00e7\u00e3o no RS.<\/span><\/p>\n<p>&nbsp;<\/p>\n<h2><span class=\"ez-toc-section\" id=\"Bairros_historicos_do_RS\"><\/span><b>Bairros hist\u00f3ricos do RS<\/b><span class=\"ez-toc-section-end\"><\/span><\/h2>\n<p><span style=\"font-weight: 400;\">J\u00e1 quando o assunto \u00e9 bairro, temos uma cidade que recebe um grande destaque. Estamos falando de <\/span><a href=\"https:\/\/www.auxiliadorapredial.com.br\/blog\/bairros-de-porto-alegre-7-opcoes-para-escolher-onde-morar\/\" target=\"_blank\" rel=\"noopener\"><b>Porto Alegre<\/b><\/a><span style=\"font-weight: 400;\">, a capital do estado.<\/span><\/p>\n<p><span style=\"font-weight: 400;\">Fundada no ano de 1809, Porto Alegre tem muita hist\u00f3ria para contar, o que se reflete em suas macrorregi\u00f5es e seus bairros, \u00e9 claro.<\/span><\/p>\n<p>&nbsp;<\/p>\n<p><span style=\"font-weight: 400;\">A come\u00e7ar pelo seu <\/span><b>Centro Hist\u00f3rico<\/b><span style=\"font-weight: 400;\">, em que o pr\u00f3prio nome j\u00e1 se encarrega de mostrar seu tra\u00e7o mais forte.<\/span><\/p>\n<p><span style=\"font-weight: 400;\">Alguns dos pontos tur\u00edsticos mais famosos do bairro, como a Casa de Cultura Mario Quintana, o Mercado P\u00fablico, a Usina do Gas\u00f4metro e o Theatro S\u00e3o Pedro, s\u00e3o alguns exemplos de constru\u00e7\u00f5es carregadas de hist\u00f3ria.<\/span><\/p>\n<p>&nbsp;<\/p>\n<p><img decoding=\"async\" class=\"aligncenter wp-image-13262 size-full\" src=\"https:\/\/www.auxiliadorapredial.com.br\/blog\/wp-content\/uploads\/dia-do-gaucho-2.webp\" alt=\"Dia do Ga\u00facho: centro hist\u00f3rico de Porto Alegre.\" width=\"2400\" height=\"1600\" srcset=\"https:\/\/www.auxiliadorapredial.com.br\/blog\/wp-content\/uploads\/dia-do-gaucho-2.webp 2400w, https:\/\/www.auxiliadorapredial.com.br\/blog\/wp-content\/uploads\/dia-do-gaucho-2-300x200.webp 300w, https:\/\/www.auxiliadorapredial.com.br\/blog\/wp-content\/uploads\/dia-do-gaucho-2-1024x683.webp 1024w, https:\/\/www.auxiliadorapredial.com.br\/blog\/wp-content\/uploads\/dia-do-gaucho-2-768x512.webp 768w, https:\/\/www.auxiliadorapredial.com.br\/blog\/wp-content\/uploads\/dia-do-gaucho-2-1536x1024.webp 1536w, https:\/\/www.auxiliadorapredial.com.br\/blog\/wp-content\/uploads\/dia-do-gaucho-2-2048x1365.webp 2048w\" sizes=\"(max-width: 2400px) 100vw, 2400px\" \/><\/p>\n<p>&nbsp;<\/p>\n<p><span style=\"font-weight: 400;\">Outro bairro que ganha visibilidade nesse tema \u00e9 a<\/span><b> Cidade Baixa<\/b><span style=\"font-weight: 400;\">. Seu clima de bairro bo\u00eamio se mistura com hist\u00f3ria, em trechos como a Travessa dos Venezianos, por exemplo, com suas casas antigas e coloridas do in\u00edcio do s\u00e9culo XX &#8211; e tombadas pelo Patrim\u00f4nio Hist\u00f3rico e Cultural de Porto Alegre.<\/span><\/p>\n<p>&nbsp;<\/p>\n<p><b>Floresta <\/b><span style=\"font-weight: 400;\">tamb\u00e9m \u00e9 mais um bairro que serve como \u00f3timo exemplo de regi\u00e3o com muita hist\u00f3ria para contar. \u00c9 nele que uma antiga f\u00e1brica de cervejas, de 1911, se tornou um grande shopping para a popula\u00e7\u00e3o local.<\/span><\/p>\n<p><span style=\"font-weight: 400;\">Al\u00e9m disso, o Floresta tamb\u00e9m tem o Vila Flores, um espa\u00e7o cultural do bairro, com suas casas e constru\u00e7\u00f5es antigas.<\/span><\/p>\n<p>&nbsp;<\/p>\n<p><span style=\"font-weight: 400;\">Gostou de conhecer um pouco mais sobre a hist\u00f3ria ga\u00facha, suas cidades e seus bairros, e tudo que envolve o <strong>Dia do Ga\u00facho<\/strong>? Saiba que se voc\u00ea est\u00e1 pensando em morar em Porto Alegre, a <\/span><b>Auxiliadora Predial <\/b><span style=\"font-weight: 400;\">pode te ajudar.<\/span><\/p>\n<p><span style=\"font-weight: 400;\">Conhe\u00e7a as op\u00e7\u00f5es de<\/span><b> im\u00f3veis para alugar no <\/b><a href=\"https:\/\/www.auxiliadorapredial.com.br\/alugar\/residencial\/rs+porto-alegre+centro-historico?page=1\" target=\"_blank\" rel=\"noopener\"><b>Centro Hist\u00f3rico<\/b><\/a><b> e <\/b><a href=\"https:\/\/www.auxiliadorapredial.com.br\/alugar\/residencial\/rs+porto-alegre+cidade-baixa?page=1\" target=\"_blank\" rel=\"noopener\"><b>Cidade Baixa<\/b><\/a><span style=\"font-weight: 400;\">, al\u00e9m de milhares de im\u00f3veis em toda a cidade, tudo atrav\u00e9s do <\/span><a href=\"https:\/\/www.auxiliadorapredial.com.br\/\" target=\"_blank\" rel=\"noopener\"><b>nosso site<\/b><\/a><span style=\"font-weight: 400;\">.<\/span><\/p>\n","protected":false},"excerpt":{"rendered":"<p>Descubra quais as cidades do RS e os bairros que contam muita hist\u00f3ria e t\u00eam tudo a ver com o Dia do Ga\u00facho e a Semana Farroupilha<\/p>\n","protected":false},"author":8,"featured_media":13260,"comment_status":"open","ping_status":"open","sticky":false,"template":"","format":"standard","meta":{"footnotes":""},"categories":[309],"tags":[64,122,881,57,384],"class_list":["post-13259","post","type-post","status-publish","format-standard","has-post-thumbnail","hentry","category-morar-bem","tag-centro-historico","tag-cidade-baixa","tag-dia-do-gaucho","tag-porto-alegre","tag-rio-grande-do-sul"],"yoast_head":"<!-- This site is optimized with the Yoast SEO plugin v27.3 - https:\/\/yoast.com\/product\/yoast-seo-wordpress\/ -->\n<title>Dia do Ga\u00facho: conhe\u00e7a as cidades e bairros hist\u00f3ricos do RS<\/title>\n<meta name=\"description\" content=\"Descubra quais as cidades do RS e os bairros que contam muita hist\u00f3ria e t\u00eam tudo a ver com o Dia do Ga\u00facho e a Semana Farroupilha\" \/>\n<meta name=\"robots\" content=\"index, follow, max-snippet:-1, max-image-preview:large, max-video-preview:-1\" \/>\n<link rel=\"canonical\" href=\"https:\/\/www.auxiliadorapredial.com.br\/blog\/dia-do-gaucho-conheca-as-cidades-e-bairros-historicos-do-rs\/\" \/>\n<meta property=\"og:locale\" content=\"pt_BR\" \/>\n<meta property=\"og:type\" content=\"article\" \/>\n<meta property=\"og:title\" content=\"Dia do Ga\u00facho: conhe\u00e7a as cidades e bairros hist\u00f3ricos do RS\" \/>\n<meta property=\"og:description\" content=\"Descubra quais as cidades do RS e os bairros que contam muita hist\u00f3ria e t\u00eam tudo a ver com o Dia do Ga\u00facho e a Semana Farroupilha\" \/>\n<meta property=\"og:url\" content=\"https:\/\/www.auxiliadorapredial.com.br\/blog\/dia-do-gaucho-conheca-as-cidades-e-bairros-historicos-do-rs\/\" \/>\n<meta property=\"og:site_name\" content=\"Blog da Auxiliadora Predial - Tudo sobre im\u00f3veis e condom\u00ednios\" \/>\n<meta property=\"article:published_time\" content=\"2023-07-26T15:15:20+00:00\" \/>\n<meta property=\"article:modified_time\" content=\"2023-11-06T13:24:55+00:00\" \/>\n<meta property=\"og:image\" content=\"https:\/\/www.auxiliadorapredial.com.br\/blog\/wp-content\/uploads\/dia-do-gaucho-capa.webp\" \/>\n\t<meta property=\"og:image:width\" content=\"2000\" \/>\n\t<meta property=\"og:image:height\" content=\"1333\" \/>\n\t<meta property=\"og:image:type\" content=\"image\/webp\" \/>\n<meta name=\"author\" content=\"Auxiliadora Predial\" \/>\n<meta name=\"twitter:card\" content=\"summary_large_image\" \/>\n<meta name=\"twitter:label1\" content=\"Escrito por\" \/>\n\t<meta name=\"twitter:data1\" content=\"Auxiliadora Predial\" \/>\n\t<meta name=\"twitter:label2\" content=\"Est. tempo de leitura\" \/>\n\t<meta name=\"twitter:data2\" content=\"6 minutos\" \/>\n<script type=\"application\/ld+json\" class=\"yoast-schema-graph\">{\"@context\":\"https:\\\/\\\/schema.org\",\"@graph\":[{\"@type\":\"Article\",\"@id\":\"https:\\\/\\\/www.auxiliadorapredial.com.br\\\/blog\\\/dia-do-gaucho-conheca-as-cidades-e-bairros-historicos-do-rs\\\/#article\",\"isPartOf\":{\"@id\":\"https:\\\/\\\/www.auxiliadorapredial.com.br\\\/blog\\\/dia-do-gaucho-conheca-as-cidades-e-bairros-historicos-do-rs\\\/\"},\"author\":{\"name\":\"Auxiliadora Predial\",\"@id\":\"https:\\\/\\\/www.auxiliadorapredial.com.br\\\/blog\\\/#\\\/schema\\\/person\\\/6f18fc59c4e49f77084c0b79db558b94\"},\"headline\":\"Dia do Ga\u00facho: conhe\u00e7a as cidades e bairros hist\u00f3ricos do RS\",\"datePublished\":\"2023-07-26T15:15:20+00:00\",\"dateModified\":\"2023-11-06T13:24:55+00:00\",\"mainEntityOfPage\":{\"@id\":\"https:\\\/\\\/www.auxiliadorapredial.com.br\\\/blog\\\/dia-do-gaucho-conheca-as-cidades-e-bairros-historicos-do-rs\\\/\"},\"wordCount\":1020,\"commentCount\":0,\"image\":{\"@id\":\"https:\\\/\\\/www.auxiliadorapredial.com.br\\\/blog\\\/dia-do-gaucho-conheca-as-cidades-e-bairros-historicos-do-rs\\\/#primaryimage\"},\"thumbnailUrl\":\"https:\\\/\\\/www.auxiliadorapredial.com.br\\\/blog\\\/wp-content\\\/uploads\\\/dia-do-gaucho-capa.webp\",\"keywords\":[\"centro hist\u00f3rico\",\"cidade baixa\",\"dia do ga\u00facho\",\"Porto Alegre\",\"rio grande do sul\"],\"articleSection\":[\"Morar Bem\"],\"inLanguage\":\"pt-BR\",\"potentialAction\":[{\"@type\":\"CommentAction\",\"name\":\"Comment\",\"target\":[\"https:\\\/\\\/www.auxiliadorapredial.com.br\\\/blog\\\/dia-do-gaucho-conheca-as-cidades-e-bairros-historicos-do-rs\\\/#respond\"]}]},{\"@type\":\"WebPage\",\"@id\":\"https:\\\/\\\/www.auxiliadorapredial.com.br\\\/blog\\\/dia-do-gaucho-conheca-as-cidades-e-bairros-historicos-do-rs\\\/\",\"url\":\"https:\\\/\\\/www.auxiliadorapredial.com.br\\\/blog\\\/dia-do-gaucho-conheca-as-cidades-e-bairros-historicos-do-rs\\\/\",\"name\":\"Dia do Ga\u00facho: conhe\u00e7a as cidades e bairros hist\u00f3ricos do RS\",\"isPartOf\":{\"@id\":\"https:\\\/\\\/www.auxiliadorapredial.com.br\\\/blog\\\/#website\"},\"primaryImageOfPage\":{\"@id\":\"https:\\\/\\\/www.auxiliadorapredial.com.br\\\/blog\\\/dia-do-gaucho-conheca-as-cidades-e-bairros-historicos-do-rs\\\/#primaryimage\"},\"image\":{\"@id\":\"https:\\\/\\\/www.auxiliadorapredial.com.br\\\/blog\\\/dia-do-gaucho-conheca-as-cidades-e-bairros-historicos-do-rs\\\/#primaryimage\"},\"thumbnailUrl\":\"https:\\\/\\\/www.auxiliadorapredial.com.br\\\/blog\\\/wp-content\\\/uploads\\\/dia-do-gaucho-capa.webp\",\"datePublished\":\"2023-07-26T15:15:20+00:00\",\"dateModified\":\"2023-11-06T13:24:55+00:00\",\"author\":{\"@id\":\"https:\\\/\\\/www.auxiliadorapredial.com.br\\\/blog\\\/#\\\/schema\\\/person\\\/6f18fc59c4e49f77084c0b79db558b94\"},\"description\":\"Descubra quais as cidades do RS e os bairros que contam muita hist\u00f3ria e t\u00eam tudo a ver com o Dia do Ga\u00facho e a Semana Farroupilha\",\"inLanguage\":\"pt-BR\",\"potentialAction\":[{\"@type\":\"ReadAction\",\"target\":[\"https:\\\/\\\/www.auxiliadorapredial.com.br\\\/blog\\\/dia-do-gaucho-conheca-as-cidades-e-bairros-historicos-do-rs\\\/\"]}]},{\"@type\":\"ImageObject\",\"inLanguage\":\"pt-BR\",\"@id\":\"https:\\\/\\\/www.auxiliadorapredial.com.br\\\/blog\\\/dia-do-gaucho-conheca-as-cidades-e-bairros-historicos-do-rs\\\/#primaryimage\",\"url\":\"https:\\\/\\\/www.auxiliadorapredial.com.br\\\/blog\\\/wp-content\\\/uploads\\\/dia-do-gaucho-capa.webp\",\"contentUrl\":\"https:\\\/\\\/www.auxiliadorapredial.com.br\\\/blog\\\/wp-content\\\/uploads\\\/dia-do-gaucho-capa.webp\",\"width\":2000,\"height\":1333,\"caption\":\"Dia do Ga\u00facho: imagem com silhueta de pessoas montadas em cavalos no por do sol.\"},{\"@type\":\"WebSite\",\"@id\":\"https:\\\/\\\/www.auxiliadorapredial.com.br\\\/blog\\\/#website\",\"url\":\"https:\\\/\\\/www.auxiliadorapredial.com.br\\\/blog\\\/\",\"name\":\"Blog da Auxiliadora Predial - Tudo sobre im\u00f3veis e condom\u00ednios\",\"description\":\"Dicas da Auxiliadora Predial sobre aluguel, compra e venda de im\u00f3veis, al\u00e9m de condom\u00ednios. Imobili\u00e1ria em Porto Alegre e interior do RS, Santa Catarina e S\u00e3o Paulo.\",\"potentialAction\":[{\"@type\":\"SearchAction\",\"target\":{\"@type\":\"EntryPoint\",\"urlTemplate\":\"https:\\\/\\\/www.auxiliadorapredial.com.br\\\/blog\\\/?s={search_term_string}\"},\"query-input\":{\"@type\":\"PropertyValueSpecification\",\"valueRequired\":true,\"valueName\":\"search_term_string\"}}],\"inLanguage\":\"pt-BR\"},{\"@type\":\"Person\",\"@id\":\"https:\\\/\\\/www.auxiliadorapredial.com.br\\\/blog\\\/#\\\/schema\\\/person\\\/6f18fc59c4e49f77084c0b79db558b94\",\"name\":\"Auxiliadora Predial\",\"image\":{\"@type\":\"ImageObject\",\"inLanguage\":\"pt-BR\",\"@id\":\"https:\\\/\\\/secure.gravatar.com\\\/avatar\\\/35e2e024be01cb7ad8d58228a0e85f870bdc4fcffc251c71ad386ea38ee05234?s=96&d=mm&r=g\",\"url\":\"https:\\\/\\\/secure.gravatar.com\\\/avatar\\\/35e2e024be01cb7ad8d58228a0e85f870bdc4fcffc251c71ad386ea38ee05234?s=96&d=mm&r=g\",\"contentUrl\":\"https:\\\/\\\/secure.gravatar.com\\\/avatar\\\/35e2e024be01cb7ad8d58228a0e85f870bdc4fcffc251c71ad386ea38ee05234?s=96&d=mm&r=g\",\"caption\":\"Auxiliadora Predial\"},\"sameAs\":[\"https:\\\/\\\/www.auxiliadorapredial.com.br\\\/\"]}]}<\/script>\n<!-- \/ Yoast SEO plugin. -->","yoast_head_json":{"title":"Dia do Ga\u00facho: conhe\u00e7a as cidades e bairros hist\u00f3ricos do RS","description":"Descubra quais as cidades do RS e os bairros que contam muita hist\u00f3ria e t\u00eam tudo a ver com o Dia do Ga\u00facho e a Semana Farroupilha","robots":{"index":"index","follow":"follow","max-snippet":"max-snippet:-1","max-image-preview":"max-image-preview:large","max-video-preview":"max-video-preview:-1"},"canonical":"https:\/\/www.auxiliadorapredial.com.br\/blog\/dia-do-gaucho-conheca-as-cidades-e-bairros-historicos-do-rs\/","og_locale":"pt_BR","og_type":"article","og_title":"Dia do Ga\u00facho: conhe\u00e7a as cidades e bairros hist\u00f3ricos do RS","og_description":"Descubra quais as cidades do RS e os bairros que contam muita hist\u00f3ria e t\u00eam tudo a ver com o Dia do Ga\u00facho e a Semana Farroupilha","og_url":"https:\/\/www.auxiliadorapredial.com.br\/blog\/dia-do-gaucho-conheca-as-cidades-e-bairros-historicos-do-rs\/","og_site_name":"Blog da Auxiliadora Predial - Tudo sobre im\u00f3veis e condom\u00ednios","article_published_time":"2023-07-26T15:15:20+00:00","article_modified_time":"2023-11-06T13:24:55+00:00","og_image":[{"width":2000,"height":1333,"url":"https:\/\/www.auxiliadorapredial.com.br\/blog\/wp-content\/uploads\/dia-do-gaucho-capa.webp","type":"image\/webp"}],"author":"Auxiliadora Predial","twitter_card":"summary_large_image","twitter_misc":{"Escrito por":"Auxiliadora Predial","Est. tempo de leitura":"6 minutos"},"schema":{"@context":"https:\/\/schema.org","@graph":[{"@type":"Article","@id":"https:\/\/www.auxiliadorapredial.com.br\/blog\/dia-do-gaucho-conheca-as-cidades-e-bairros-historicos-do-rs\/#article","isPartOf":{"@id":"https:\/\/www.auxiliadorapredial.com.br\/blog\/dia-do-gaucho-conheca-as-cidades-e-bairros-historicos-do-rs\/"},"author":{"name":"Auxiliadora Predial","@id":"https:\/\/www.auxiliadorapredial.com.br\/blog\/#\/schema\/person\/6f18fc59c4e49f77084c0b79db558b94"},"headline":"Dia do Ga\u00facho: conhe\u00e7a as cidades e bairros hist\u00f3ricos do RS","datePublished":"2023-07-26T15:15:20+00:00","dateModified":"2023-11-06T13:24:55+00:00","mainEntityOfPage":{"@id":"https:\/\/www.auxiliadorapredial.com.br\/blog\/dia-do-gaucho-conheca-as-cidades-e-bairros-historicos-do-rs\/"},"wordCount":1020,"commentCount":0,"image":{"@id":"https:\/\/www.auxiliadorapredial.com.br\/blog\/dia-do-gaucho-conheca-as-cidades-e-bairros-historicos-do-rs\/#primaryimage"},"thumbnailUrl":"https:\/\/www.auxiliadorapredial.com.br\/blog\/wp-content\/uploads\/dia-do-gaucho-capa.webp","keywords":["centro hist\u00f3rico","cidade baixa","dia do ga\u00facho","Porto Alegre","rio grande do sul"],"articleSection":["Morar Bem"],"inLanguage":"pt-BR","potentialAction":[{"@type":"CommentAction","name":"Comment","target":["https:\/\/www.auxiliadorapredial.com.br\/blog\/dia-do-gaucho-conheca-as-cidades-e-bairros-historicos-do-rs\/#respond"]}]},{"@type":"WebPage","@id":"https:\/\/www.auxiliadorapredial.com.br\/blog\/dia-do-gaucho-conheca-as-cidades-e-bairros-historicos-do-rs\/","url":"https:\/\/www.auxiliadorapredial.com.br\/blog\/dia-do-gaucho-conheca-as-cidades-e-bairros-historicos-do-rs\/","name":"Dia do Ga\u00facho: conhe\u00e7a as cidades e bairros hist\u00f3ricos do RS","isPartOf":{"@id":"https:\/\/www.auxiliadorapredial.com.br\/blog\/#website"},"primaryImageOfPage":{"@id":"https:\/\/www.auxiliadorapredial.com.br\/blog\/dia-do-gaucho-conheca-as-cidades-e-bairros-historicos-do-rs\/#primaryimage"},"image":{"@id":"https:\/\/www.auxiliadorapredial.com.br\/blog\/dia-do-gaucho-conheca-as-cidades-e-bairros-historicos-do-rs\/#primaryimage"},"thumbnailUrl":"https:\/\/www.auxiliadorapredial.com.br\/blog\/wp-content\/uploads\/dia-do-gaucho-capa.webp","datePublished":"2023-07-26T15:15:20+00:00","dateModified":"2023-11-06T13:24:55+00:00","author":{"@id":"https:\/\/www.auxiliadorapredial.com.br\/blog\/#\/schema\/person\/6f18fc59c4e49f77084c0b79db558b94"},"description":"Descubra quais as cidades do RS e os bairros que contam muita hist\u00f3ria e t\u00eam tudo a ver com o Dia do Ga\u00facho e a Semana Farroupilha","inLanguage":"pt-BR","potentialAction":[{"@type":"ReadAction","target":["https:\/\/www.auxiliadorapredial.com.br\/blog\/dia-do-gaucho-conheca-as-cidades-e-bairros-historicos-do-rs\/"]}]},{"@type":"ImageObject","inLanguage":"pt-BR","@id":"https:\/\/www.auxiliadorapredial.com.br\/blog\/dia-do-gaucho-conheca-as-cidades-e-bairros-historicos-do-rs\/#primaryimage","url":"https:\/\/www.auxiliadorapredial.com.br\/blog\/wp-content\/uploads\/dia-do-gaucho-capa.webp","contentUrl":"https:\/\/www.auxiliadorapredial.com.br\/blog\/wp-content\/uploads\/dia-do-gaucho-capa.webp","width":2000,"height":1333,"caption":"Dia do Ga\u00facho: imagem com silhueta de pessoas montadas em cavalos no por do sol."},{"@type":"WebSite","@id":"https:\/\/www.auxiliadorapredial.com.br\/blog\/#website","url":"https:\/\/www.auxiliadorapredial.com.br\/blog\/","name":"Blog da Auxiliadora Predial - Tudo sobre im\u00f3veis e condom\u00ednios","description":"Dicas da Auxiliadora Predial sobre aluguel, compra e venda de im\u00f3veis, al\u00e9m de condom\u00ednios. Imobili\u00e1ria em Porto Alegre e interior do RS, Santa Catarina e S\u00e3o Paulo.","potentialAction":[{"@type":"SearchAction","target":{"@type":"EntryPoint","urlTemplate":"https:\/\/www.auxiliadorapredial.com.br\/blog\/?s={search_term_string}"},"query-input":{"@type":"PropertyValueSpecification","valueRequired":true,"valueName":"search_term_string"}}],"inLanguage":"pt-BR"},{"@type":"Person","@id":"https:\/\/www.auxiliadorapredial.com.br\/blog\/#\/schema\/person\/6f18fc59c4e49f77084c0b79db558b94","name":"Auxiliadora Predial","image":{"@type":"ImageObject","inLanguage":"pt-BR","@id":"https:\/\/secure.gravatar.com\/avatar\/35e2e024be01cb7ad8d58228a0e85f870bdc4fcffc251c71ad386ea38ee05234?s=96&d=mm&r=g","url":"https:\/\/secure.gravatar.com\/avatar\/35e2e024be01cb7ad8d58228a0e85f870bdc4fcffc251c71ad386ea38ee05234?s=96&d=mm&r=g","contentUrl":"https:\/\/secure.gravatar.com\/avatar\/35e2e024be01cb7ad8d58228a0e85f870bdc4fcffc251c71ad386ea38ee05234?s=96&d=mm&r=g","caption":"Auxiliadora Predial"},"sameAs":["https:\/\/www.auxiliadorapredial.com.br\/"]}]}},"views":2308,"_links":{"self":[{"href":"https:\/\/www.auxiliadorapredial.com.br\/blog\/wp-json\/wp\/v2\/posts\/13259","targetHints":{"allow":["GET"]}}],"collection":[{"href":"https:\/\/www.auxiliadorapredial.com.br\/blog\/wp-json\/wp\/v2\/posts"}],"about":[{"href":"https:\/\/www.auxiliadorapredial.com.br\/blog\/wp-json\/wp\/v2\/types\/post"}],"author":[{"embeddable":true,"href":"https:\/\/www.auxiliadorapredial.com.br\/blog\/wp-json\/wp\/v2\/users\/8"}],"replies":[{"embeddable":true,"href":"https:\/\/www.auxiliadorapredial.com.br\/blog\/wp-json\/wp\/v2\/comments?post=13259"}],"version-history":[{"count":4,"href":"https:\/\/www.auxiliadorapredial.com.br\/blog\/wp-json\/wp\/v2\/posts\/13259\/revisions"}],"predecessor-version":[{"id":14075,"href":"https:\/\/www.auxiliadorapredial.com.br\/blog\/wp-json\/wp\/v2\/posts\/13259\/revisions\/14075"}],"wp:featuredmedia":[{"embeddable":true,"href":"https:\/\/www.auxiliadorapredial.com.br\/blog\/wp-json\/wp\/v2\/media\/13260"}],"wp:attachment":[{"href":"https:\/\/www.auxiliadorapredial.com.br\/blog\/wp-json\/wp\/v2\/media?parent=13259"}],"wp:term":[{"taxonomy":"category","embeddable":true,"href":"https:\/\/www.auxiliadorapredial.com.br\/blog\/wp-json\/wp\/v2\/categories?post=13259"},{"taxonomy":"post_tag","embeddable":true,"href":"https:\/\/www.auxiliadorapredial.com.br\/blog\/wp-json\/wp\/v2\/tags?post=13259"}],"curies":[{"name":"wp","href":"https:\/\/api.w.org\/{rel}","templated":true}]}}