{"id":1393,"date":"2020-04-09T18:34:51","date_gmt":"2020-04-09T21:34:51","guid":{"rendered":"https:\/\/www.auxiliadorapredial.com.br\/blog\/?p=1388"},"modified":"2023-02-14T09:34:46","modified_gmt":"2023-02-14T12:34:46","slug":"um-morar-mais-leve-e-verde","status":"publish","type":"post","link":"https:\/\/www.auxiliadorapredial.com.br\/blog\/um-morar-mais-leve-e-verde\/","title":{"rendered":"Um morar mais leve e verde"},"content":{"rendered":"<p><span style=\"font-weight: 400;\">Morar bem tem muito a ver com se sentir bem, n\u00e9? Para isso, \u00e9 necess\u00e1rio um ambiente aconchegante, pr\u00e1tico e que forne\u00e7a as necessidades m\u00ednimas para um conforto ideal. Igual \u00e0s plantas! Voc\u00ea deve estar se perguntando \u201ccomo assim?\u201d, mas calma, eu j\u00e1 te explico.\u00a0<\/span><\/p>\n<p><span style=\"font-weight: 400;\">Nesse momento em que manter uma rela\u00e7\u00e3o tranquila com o ambiente se faz t\u00e3o importante, decidi mostrar que um mMorar mais verde pode ser um lar mais feliz. Por isso, preparei algumas dicas para quem tem aquele espa\u00e7o na sacada esperando para ser coberto de vida. Mas, antes de mais nada\u2026<\/span><\/p>\n<p>&nbsp;<\/p>\n<div id=\"ez-toc-container\" class=\"ez-toc-v2_0_82_2 counter-hierarchy ez-toc-counter ez-toc-transparent ez-toc-container-direction\">\n<p class=\"ez-toc-title\" style=\"cursor:inherit\">Navegue pelo conte\u00fado<\/p>\n<label for=\"ez-toc-cssicon-toggle-item-69f70c9fd3ead\" class=\"ez-toc-cssicon-toggle-label\"><span class=\"\"><span class=\"eztoc-hide\" style=\"display:none;\">Toggle<\/span><span class=\"ez-toc-icon-toggle-span\"><svg style=\"fill: #000000;color:#000000\" xmlns=\"http:\/\/www.w3.org\/2000\/svg\" class=\"list-377408\" width=\"20px\" height=\"20px\" viewBox=\"0 0 24 24\" fill=\"none\"><path d=\"M6 6H4v2h2V6zm14 0H8v2h12V6zM4 11h2v2H4v-2zm16 0H8v2h12v-2zM4 16h2v2H4v-2zm16 0H8v2h12v-2z\" fill=\"currentColor\"><\/path><\/svg><svg style=\"fill: #000000;color:#000000\" class=\"arrow-unsorted-368013\" xmlns=\"http:\/\/www.w3.org\/2000\/svg\" width=\"10px\" height=\"10px\" viewBox=\"0 0 24 24\" version=\"1.2\" baseProfile=\"tiny\"><path d=\"M18.2 9.3l-6.2-6.3-6.2 6.3c-.2.2-.3.4-.3.7s.1.5.3.7c.2.2.4.3.7.3h11c.3 0 .5-.1.7-.3.2-.2.3-.5.3-.7s-.1-.5-.3-.7zM5.8 14.7l6.2 6.3 6.2-6.3c.2-.2.3-.5.3-.7s-.1-.5-.3-.7c-.2-.2-.4-.3-.7-.3h-11c-.3 0-.5.1-.7.3-.2.2-.3.5-.3.7s.1.5.3.7z\"\/><\/svg><\/span><\/span><\/label><input type=\"checkbox\"  id=\"ez-toc-cssicon-toggle-item-69f70c9fd3ead\"  aria-label=\"Alternar\" \/><nav><ul class='ez-toc-list ez-toc-list-level-1 ' ><li class='ez-toc-page-1 ez-toc-heading-level-2'><a class=\"ez-toc-link ez-toc-heading-1\" href=\"https:\/\/www.auxiliadorapredial.com.br\/blog\/um-morar-mais-leve-e-verde\/#Qual_o_valor_do_contato_com_o_verde\" >Qual o valor do contato com o verde?<\/a><\/li><li class='ez-toc-page-1 ez-toc-heading-level-2'><a class=\"ez-toc-link ez-toc-heading-2\" href=\"https:\/\/www.auxiliadorapredial.com.br\/blog\/um-morar-mais-leve-e-verde\/#Andares_mais_baixos\" >Andares mais baixos<\/a><\/li><li class='ez-toc-page-1 ez-toc-heading-level-2'><a class=\"ez-toc-link ez-toc-heading-3\" href=\"https:\/\/www.auxiliadorapredial.com.br\/blog\/um-morar-mais-leve-e-verde\/#Andares_mais_altos\" >Andares mais altos<\/a><\/li><li class='ez-toc-page-1 ez-toc-heading-level-2'><a class=\"ez-toc-link ez-toc-heading-4\" href=\"https:\/\/www.auxiliadorapredial.com.br\/blog\/um-morar-mais-leve-e-verde\/#Com_muito_vento\" >Com muito vento<\/a><\/li><li class='ez-toc-page-1 ez-toc-heading-level-2'><a class=\"ez-toc-link ez-toc-heading-5\" href=\"https:\/\/www.auxiliadorapredial.com.br\/blog\/um-morar-mais-leve-e-verde\/#Sol_durante_a_tarde\" >Sol durante a tarde\u00a0<\/a><\/li><\/ul><\/nav><\/div>\n<h2><span class=\"ez-toc-section\" id=\"Qual_o_valor_do_contato_com_o_verde\"><\/span><strong>Qual o valor do contato com o verde?<\/strong><span class=\"ez-toc-section-end\"><\/span><\/h2>\n<p><span style=\"font-weight: 400;\">Este contato \u00e9 importante porque te lembra do tempo e do ciclo de tudo que \u00e9 natural. Al\u00e9m disso, \u00e9 \u00f3timo para crian\u00e7as, pois desde cedo, j\u00e1 podem receber a conscientiza\u00e7\u00e3o sobre a import\u00e2ncia da sustentabilidade: regando, vendo a diferen\u00e7a de cada esp\u00e9cie e at\u00e9 como se faz uma poda.\u00a0<\/span><\/p>\n<p>&nbsp;<\/p>\n<h2><span class=\"ez-toc-section\" id=\"Andares_mais_baixos\"><\/span><strong>Andares mais baixos<\/strong><span class=\"ez-toc-section-end\"><\/span><\/h2>\n<p><span style=\"font-weight: 400;\">Grande parte das plantas se desenvolvem em locais baixos, como \u00e9 o caso da Cl\u00fasia, que pode ser encontrada como arbusto ou arvoreta. Fica a dica: ela pode atingir at\u00e9 seis metros de altura se n\u00e3o tiver um cuidado especial com a sua poda. Mas, vale a pena: suas folhas brilhantes e as flores pequenas e brancas deixam qualquer canto mais tranquilo e aconchegante. <\/span><\/p>\n<p>&nbsp;<\/p>\n<h2><span class=\"ez-toc-section\" id=\"Andares_mais_altos\"><\/span><strong>Andares mais altos<\/strong><span class=\"ez-toc-section-end\"><\/span><\/h2>\n<p><span style=\"font-weight: 400;\">Nestes, ainda mais se a sacada for aberta, a dica \u00e9 evitar plantas muito altas e\/ou com troncos finos, j\u00e1 que o vento pode facilmente quebr\u00e1-las. Uma sugest\u00e3o interessante \u00e9 a pata-de-elefante, que tem um tronco mais grosso, folhas fortes e uma vida mais independente da incid\u00eancia de luz.\u00a0<\/span><\/p>\n<p>&nbsp;<\/p>\n<h2><span class=\"ez-toc-section\" id=\"Com_muito_vento\"><\/span><strong>Com muito vento<\/strong><span class=\"ez-toc-section-end\"><\/span><\/h2>\n<p><span style=\"font-weight: 400;\">Aqui a ideia \u00e9 escolher plantas mais r\u00fasticas e utilizar vasos maiores. A Azaleia e a Gard\u00eania s\u00e3o exemplos de plantas que se adaptam a esse ambiente, sendo mais do tipo que tem um crescimento lento. Al\u00e9m disso, elas toleram com mais facilidade o frio de ambientes externos. <\/span><\/p>\n<h5><\/h5>\n<p>&nbsp;<\/p>\n<h2><span class=\"ez-toc-section\" id=\"Sol_durante_a_tarde\"><\/span><strong>Sol durante a tarde\u00a0<\/strong><span class=\"ez-toc-section-end\"><\/span><\/h2>\n<p><span style=\"font-weight: 400;\">As chamadas plantas de sol pleno s\u00e3o as melhores op\u00e7\u00f5es para sacadas em que o sol reina absoluto. A Solano \u00e9 um exemplo: suas flores coloridas chamam aten\u00e7\u00e3o de uma maneira delicada. Mas a delicadeza \u00e9 s\u00f3 na cor, geralmente roxa. Elas aguentam muito bem, obrigada, a presen\u00e7a do sol, mesmo que seja o dia inteiro.<\/span><\/p>\n<p>&nbsp;<\/p>\n<p><span style=\"font-weight: 400;\">Escolher as plantas para a sua sacada \u00e9 tamb\u00e9m um compromisso com a natureza. Cuidados b\u00e1sicos como irrigar, limpar e adubar s\u00e3o sempre importantes. E, como qualquer rela\u00e7\u00e3o positiva, \u00e9 tudo uma troca: fornecemos condi\u00e7\u00f5es de vida a elas e elas nos fornecem a beleza das suas formas.<\/span><\/p>\n","protected":false},"excerpt":{"rendered":"<p>Morar bem tem muito a ver com se sentir bem, n\u00e9? Para isso, \u00e9 necess\u00e1rio um ambiente aconchegante, pr\u00e1tico e que forne\u00e7a as necessidades m\u00ednimas para um conforto ideal. Igual \u00e0s plantas! Voc\u00ea deve estar se perguntando \u201ccomo assim?\u201d, mas calma, eu j\u00e1 te explico.\u00a0 Nesse momento em que manter uma rela\u00e7\u00e3o tranquila com o [&hellip;]<\/p>\n","protected":false},"author":2,"featured_media":1435,"comment_status":"closed","ping_status":"open","sticky":false,"template":"","format":"standard","meta":{"footnotes":""},"categories":[307],"tags":[610,611,617],"class_list":["post-1393","post","type-post","status-publish","format-standard","has-post-thumbnail","hentry","category-meu-lar","tag-area-verde","tag-area-verde-para-morar","tag-moradia-verde"],"yoast_head":"<!-- This site is optimized with the Yoast SEO plugin v27.3 - https:\/\/yoast.com\/product\/yoast-seo-wordpress\/ -->\n<title>Um morar mais leve e verde - Blog da Auxiliadora Predial - Tudo sobre im\u00f3veis e condom\u00ednios<\/title>\n<meta name=\"description\" content=\"Nesse momento em que manter uma boa rela\u00e7\u00e3o com o ambiente \u00e9 importante, decidimos mostrar que um morar mais verde pode ser um lar mais feliz.\" \/>\n<meta name=\"robots\" content=\"index, follow, max-snippet:-1, max-image-preview:large, max-video-preview:-1\" \/>\n<link rel=\"canonical\" href=\"https:\/\/www.auxiliadorapredial.com.br\/blog\/um-morar-mais-leve-e-verde\/\" \/>\n<meta property=\"og:locale\" content=\"pt_BR\" \/>\n<meta property=\"og:type\" content=\"article\" \/>\n<meta property=\"og:title\" content=\"Um morar mais leve e verde - Blog da Auxiliadora Predial - Tudo sobre im\u00f3veis e condom\u00ednios\" \/>\n<meta property=\"og:description\" content=\"Nesse momento em que manter uma boa rela\u00e7\u00e3o com o ambiente \u00e9 importante, decidimos mostrar que um morar mais verde pode ser um lar mais feliz.\" \/>\n<meta property=\"og:url\" content=\"https:\/\/www.auxiliadorapredial.com.br\/blog\/um-morar-mais-leve-e-verde\/\" \/>\n<meta property=\"og:site_name\" content=\"Blog da Auxiliadora Predial - Tudo sobre im\u00f3veis e condom\u00ednios\" \/>\n<meta property=\"article:published_time\" content=\"2020-04-09T21:34:51+00:00\" \/>\n<meta property=\"article:modified_time\" content=\"2023-02-14T12:34:46+00:00\" \/>\n<meta property=\"og:image\" content=\"https:\/\/www.auxiliadorapredial.com.br\/blog\/wp-content\/uploads\/0904-blog-sacadas-verdes-1-1.jpg\" \/>\n\t<meta property=\"og:image:width\" content=\"1920\" \/>\n\t<meta property=\"og:image:height\" content=\"1080\" \/>\n\t<meta property=\"og:image:type\" content=\"image\/jpeg\" \/>\n<meta name=\"author\" content=\"Auxiliadora Predial\" \/>\n<meta name=\"twitter:card\" content=\"summary_large_image\" \/>\n<meta name=\"twitter:label1\" content=\"Escrito por\" \/>\n\t<meta name=\"twitter:data1\" content=\"Auxiliadora Predial\" \/>\n\t<meta name=\"twitter:label2\" content=\"Est. tempo de leitura\" \/>\n\t<meta name=\"twitter:data2\" content=\"3 minutos\" \/>\n<script type=\"application\/ld+json\" class=\"yoast-schema-graph\">{\"@context\":\"https:\\\/\\\/schema.org\",\"@graph\":[{\"@type\":\"Article\",\"@id\":\"https:\\\/\\\/www.auxiliadorapredial.com.br\\\/blog\\\/um-morar-mais-leve-e-verde\\\/#article\",\"isPartOf\":{\"@id\":\"https:\\\/\\\/www.auxiliadorapredial.com.br\\\/blog\\\/um-morar-mais-leve-e-verde\\\/\"},\"author\":{\"name\":\"Auxiliadora Predial\",\"@id\":\"https:\\\/\\\/www.auxiliadorapredial.com.br\\\/blog\\\/#\\\/schema\\\/person\\\/851e4e4185bc716576f2f383ed94ae33\"},\"headline\":\"Um morar mais leve e verde\",\"datePublished\":\"2020-04-09T21:34:51+00:00\",\"dateModified\":\"2023-02-14T12:34:46+00:00\",\"mainEntityOfPage\":{\"@id\":\"https:\\\/\\\/www.auxiliadorapredial.com.br\\\/blog\\\/um-morar-mais-leve-e-verde\\\/\"},\"wordCount\":464,\"image\":{\"@id\":\"https:\\\/\\\/www.auxiliadorapredial.com.br\\\/blog\\\/um-morar-mais-leve-e-verde\\\/#primaryimage\"},\"thumbnailUrl\":\"https:\\\/\\\/www.auxiliadorapredial.com.br\\\/blog\\\/wp-content\\\/uploads\\\/0904-blog-sacadas-verdes-1-1.jpg\",\"keywords\":[\"\u00e1rea verde\",\"\u00e1rea verde para morar\",\"moradia verde\"],\"articleSection\":[\"Meu Lar\"],\"inLanguage\":\"pt-BR\"},{\"@type\":\"WebPage\",\"@id\":\"https:\\\/\\\/www.auxiliadorapredial.com.br\\\/blog\\\/um-morar-mais-leve-e-verde\\\/\",\"url\":\"https:\\\/\\\/www.auxiliadorapredial.com.br\\\/blog\\\/um-morar-mais-leve-e-verde\\\/\",\"name\":\"Um morar mais leve e verde - Blog da Auxiliadora Predial - Tudo sobre im\u00f3veis e condom\u00ednios\",\"isPartOf\":{\"@id\":\"https:\\\/\\\/www.auxiliadorapredial.com.br\\\/blog\\\/#website\"},\"primaryImageOfPage\":{\"@id\":\"https:\\\/\\\/www.auxiliadorapredial.com.br\\\/blog\\\/um-morar-mais-leve-e-verde\\\/#primaryimage\"},\"image\":{\"@id\":\"https:\\\/\\\/www.auxiliadorapredial.com.br\\\/blog\\\/um-morar-mais-leve-e-verde\\\/#primaryimage\"},\"thumbnailUrl\":\"https:\\\/\\\/www.auxiliadorapredial.com.br\\\/blog\\\/wp-content\\\/uploads\\\/0904-blog-sacadas-verdes-1-1.jpg\",\"datePublished\":\"2020-04-09T21:34:51+00:00\",\"dateModified\":\"2023-02-14T12:34:46+00:00\",\"author\":{\"@id\":\"https:\\\/\\\/www.auxiliadorapredial.com.br\\\/blog\\\/#\\\/schema\\\/person\\\/851e4e4185bc716576f2f383ed94ae33\"},\"description\":\"Nesse momento em que manter uma boa rela\u00e7\u00e3o com o ambiente \u00e9 importante, decidimos mostrar que um morar mais verde pode ser um lar mais feliz.\",\"inLanguage\":\"pt-BR\",\"potentialAction\":[{\"@type\":\"ReadAction\",\"target\":[\"https:\\\/\\\/www.auxiliadorapredial.com.br\\\/blog\\\/um-morar-mais-leve-e-verde\\\/\"]}]},{\"@type\":\"ImageObject\",\"inLanguage\":\"pt-BR\",\"@id\":\"https:\\\/\\\/www.auxiliadorapredial.com.br\\\/blog\\\/um-morar-mais-leve-e-verde\\\/#primaryimage\",\"url\":\"https:\\\/\\\/www.auxiliadorapredial.com.br\\\/blog\\\/wp-content\\\/uploads\\\/0904-blog-sacadas-verdes-1-1.jpg\",\"contentUrl\":\"https:\\\/\\\/www.auxiliadorapredial.com.br\\\/blog\\\/wp-content\\\/uploads\\\/0904-blog-sacadas-verdes-1-1.jpg\",\"width\":1920,\"height\":1080,\"caption\":\"Vila Flores, em Porto Alegre\"},{\"@type\":\"WebSite\",\"@id\":\"https:\\\/\\\/www.auxiliadorapredial.com.br\\\/blog\\\/#website\",\"url\":\"https:\\\/\\\/www.auxiliadorapredial.com.br\\\/blog\\\/\",\"name\":\"Blog da Auxiliadora Predial - Tudo sobre im\u00f3veis e condom\u00ednios\",\"description\":\"Dicas da Auxiliadora Predial sobre aluguel, compra e venda de im\u00f3veis, al\u00e9m de condom\u00ednios. Imobili\u00e1ria em Porto Alegre e interior do RS, Santa Catarina e S\u00e3o Paulo.\",\"potentialAction\":[{\"@type\":\"SearchAction\",\"target\":{\"@type\":\"EntryPoint\",\"urlTemplate\":\"https:\\\/\\\/www.auxiliadorapredial.com.br\\\/blog\\\/?s={search_term_string}\"},\"query-input\":{\"@type\":\"PropertyValueSpecification\",\"valueRequired\":true,\"valueName\":\"search_term_string\"}}],\"inLanguage\":\"pt-BR\"},{\"@type\":\"Person\",\"@id\":\"https:\\\/\\\/www.auxiliadorapredial.com.br\\\/blog\\\/#\\\/schema\\\/person\\\/851e4e4185bc716576f2f383ed94ae33\",\"name\":\"Auxiliadora Predial\",\"image\":{\"@type\":\"ImageObject\",\"inLanguage\":\"pt-BR\",\"@id\":\"https:\\\/\\\/secure.gravatar.com\\\/avatar\\\/96f819f3615570f75bc98a819541afa2cb796cbdd9086c22d71a1b162f1cd305?s=96&d=mm&r=g\",\"url\":\"https:\\\/\\\/secure.gravatar.com\\\/avatar\\\/96f819f3615570f75bc98a819541afa2cb796cbdd9086c22d71a1b162f1cd305?s=96&d=mm&r=g\",\"contentUrl\":\"https:\\\/\\\/secure.gravatar.com\\\/avatar\\\/96f819f3615570f75bc98a819541afa2cb796cbdd9086c22d71a1b162f1cd305?s=96&d=mm&r=g\",\"caption\":\"Auxiliadora Predial\"}}]}<\/script>\n<!-- \/ Yoast SEO plugin. -->","yoast_head_json":{"title":"Um morar mais leve e verde - Blog da Auxiliadora Predial - Tudo sobre im\u00f3veis e condom\u00ednios","description":"Nesse momento em que manter uma boa rela\u00e7\u00e3o com o ambiente \u00e9 importante, decidimos mostrar que um morar mais verde pode ser um lar mais feliz.","robots":{"index":"index","follow":"follow","max-snippet":"max-snippet:-1","max-image-preview":"max-image-preview:large","max-video-preview":"max-video-preview:-1"},"canonical":"https:\/\/www.auxiliadorapredial.com.br\/blog\/um-morar-mais-leve-e-verde\/","og_locale":"pt_BR","og_type":"article","og_title":"Um morar mais leve e verde - Blog da Auxiliadora Predial - Tudo sobre im\u00f3veis e condom\u00ednios","og_description":"Nesse momento em que manter uma boa rela\u00e7\u00e3o com o ambiente \u00e9 importante, decidimos mostrar que um morar mais verde pode ser um lar mais feliz.","og_url":"https:\/\/www.auxiliadorapredial.com.br\/blog\/um-morar-mais-leve-e-verde\/","og_site_name":"Blog da Auxiliadora Predial - Tudo sobre im\u00f3veis e condom\u00ednios","article_published_time":"2020-04-09T21:34:51+00:00","article_modified_time":"2023-02-14T12:34:46+00:00","og_image":[{"width":1920,"height":1080,"url":"https:\/\/www.auxiliadorapredial.com.br\/blog\/wp-content\/uploads\/0904-blog-sacadas-verdes-1-1.jpg","type":"image\/jpeg"}],"author":"Auxiliadora Predial","twitter_card":"summary_large_image","twitter_misc":{"Escrito por":"Auxiliadora Predial","Est. tempo de leitura":"3 minutos"},"schema":{"@context":"https:\/\/schema.org","@graph":[{"@type":"Article","@id":"https:\/\/www.auxiliadorapredial.com.br\/blog\/um-morar-mais-leve-e-verde\/#article","isPartOf":{"@id":"https:\/\/www.auxiliadorapredial.com.br\/blog\/um-morar-mais-leve-e-verde\/"},"author":{"name":"Auxiliadora Predial","@id":"https:\/\/www.auxiliadorapredial.com.br\/blog\/#\/schema\/person\/851e4e4185bc716576f2f383ed94ae33"},"headline":"Um morar mais leve e verde","datePublished":"2020-04-09T21:34:51+00:00","dateModified":"2023-02-14T12:34:46+00:00","mainEntityOfPage":{"@id":"https:\/\/www.auxiliadorapredial.com.br\/blog\/um-morar-mais-leve-e-verde\/"},"wordCount":464,"image":{"@id":"https:\/\/www.auxiliadorapredial.com.br\/blog\/um-morar-mais-leve-e-verde\/#primaryimage"},"thumbnailUrl":"https:\/\/www.auxiliadorapredial.com.br\/blog\/wp-content\/uploads\/0904-blog-sacadas-verdes-1-1.jpg","keywords":["\u00e1rea verde","\u00e1rea verde para morar","moradia verde"],"articleSection":["Meu Lar"],"inLanguage":"pt-BR"},{"@type":"WebPage","@id":"https:\/\/www.auxiliadorapredial.com.br\/blog\/um-morar-mais-leve-e-verde\/","url":"https:\/\/www.auxiliadorapredial.com.br\/blog\/um-morar-mais-leve-e-verde\/","name":"Um morar mais leve e verde - Blog da Auxiliadora Predial - Tudo sobre im\u00f3veis e condom\u00ednios","isPartOf":{"@id":"https:\/\/www.auxiliadorapredial.com.br\/blog\/#website"},"primaryImageOfPage":{"@id":"https:\/\/www.auxiliadorapredial.com.br\/blog\/um-morar-mais-leve-e-verde\/#primaryimage"},"image":{"@id":"https:\/\/www.auxiliadorapredial.com.br\/blog\/um-morar-mais-leve-e-verde\/#primaryimage"},"thumbnailUrl":"https:\/\/www.auxiliadorapredial.com.br\/blog\/wp-content\/uploads\/0904-blog-sacadas-verdes-1-1.jpg","datePublished":"2020-04-09T21:34:51+00:00","dateModified":"2023-02-14T12:34:46+00:00","author":{"@id":"https:\/\/www.auxiliadorapredial.com.br\/blog\/#\/schema\/person\/851e4e4185bc716576f2f383ed94ae33"},"description":"Nesse momento em que manter uma boa rela\u00e7\u00e3o com o ambiente \u00e9 importante, decidimos mostrar que um morar mais verde pode ser um lar mais feliz.","inLanguage":"pt-BR","potentialAction":[{"@type":"ReadAction","target":["https:\/\/www.auxiliadorapredial.com.br\/blog\/um-morar-mais-leve-e-verde\/"]}]},{"@type":"ImageObject","inLanguage":"pt-BR","@id":"https:\/\/www.auxiliadorapredial.com.br\/blog\/um-morar-mais-leve-e-verde\/#primaryimage","url":"https:\/\/www.auxiliadorapredial.com.br\/blog\/wp-content\/uploads\/0904-blog-sacadas-verdes-1-1.jpg","contentUrl":"https:\/\/www.auxiliadorapredial.com.br\/blog\/wp-content\/uploads\/0904-blog-sacadas-verdes-1-1.jpg","width":1920,"height":1080,"caption":"Vila Flores, em Porto Alegre"},{"@type":"WebSite","@id":"https:\/\/www.auxiliadorapredial.com.br\/blog\/#website","url":"https:\/\/www.auxiliadorapredial.com.br\/blog\/","name":"Blog da Auxiliadora Predial - Tudo sobre im\u00f3veis e condom\u00ednios","description":"Dicas da Auxiliadora Predial sobre aluguel, compra e venda de im\u00f3veis, al\u00e9m de condom\u00ednios. Imobili\u00e1ria em Porto Alegre e interior do RS, Santa Catarina e S\u00e3o Paulo.","potentialAction":[{"@type":"SearchAction","target":{"@type":"EntryPoint","urlTemplate":"https:\/\/www.auxiliadorapredial.com.br\/blog\/?s={search_term_string}"},"query-input":{"@type":"PropertyValueSpecification","valueRequired":true,"valueName":"search_term_string"}}],"inLanguage":"pt-BR"},{"@type":"Person","@id":"https:\/\/www.auxiliadorapredial.com.br\/blog\/#\/schema\/person\/851e4e4185bc716576f2f383ed94ae33","name":"Auxiliadora Predial","image":{"@type":"ImageObject","inLanguage":"pt-BR","@id":"https:\/\/secure.gravatar.com\/avatar\/96f819f3615570f75bc98a819541afa2cb796cbdd9086c22d71a1b162f1cd305?s=96&d=mm&r=g","url":"https:\/\/secure.gravatar.com\/avatar\/96f819f3615570f75bc98a819541afa2cb796cbdd9086c22d71a1b162f1cd305?s=96&d=mm&r=g","contentUrl":"https:\/\/secure.gravatar.com\/avatar\/96f819f3615570f75bc98a819541afa2cb796cbdd9086c22d71a1b162f1cd305?s=96&d=mm&r=g","caption":"Auxiliadora Predial"}}]}},"views":732,"_links":{"self":[{"href":"https:\/\/www.auxiliadorapredial.com.br\/blog\/wp-json\/wp\/v2\/posts\/1393","targetHints":{"allow":["GET"]}}],"collection":[{"href":"https:\/\/www.auxiliadorapredial.com.br\/blog\/wp-json\/wp\/v2\/posts"}],"about":[{"href":"https:\/\/www.auxiliadorapredial.com.br\/blog\/wp-json\/wp\/v2\/types\/post"}],"author":[{"embeddable":true,"href":"https:\/\/www.auxiliadorapredial.com.br\/blog\/wp-json\/wp\/v2\/users\/2"}],"replies":[{"embeddable":true,"href":"https:\/\/www.auxiliadorapredial.com.br\/blog\/wp-json\/wp\/v2\/comments?post=1393"}],"version-history":[{"count":4,"href":"https:\/\/www.auxiliadorapredial.com.br\/blog\/wp-json\/wp\/v2\/posts\/1393\/revisions"}],"predecessor-version":[{"id":9563,"href":"https:\/\/www.auxiliadorapredial.com.br\/blog\/wp-json\/wp\/v2\/posts\/1393\/revisions\/9563"}],"wp:featuredmedia":[{"embeddable":true,"href":"https:\/\/www.auxiliadorapredial.com.br\/blog\/wp-json\/wp\/v2\/media\/1435"}],"wp:attachment":[{"href":"https:\/\/www.auxiliadorapredial.com.br\/blog\/wp-json\/wp\/v2\/media?parent=1393"}],"wp:term":[{"taxonomy":"category","embeddable":true,"href":"https:\/\/www.auxiliadorapredial.com.br\/blog\/wp-json\/wp\/v2\/categories?post=1393"},{"taxonomy":"post_tag","embeddable":true,"href":"https:\/\/www.auxiliadorapredial.com.br\/blog\/wp-json\/wp\/v2\/tags?post=1393"}],"curies":[{"name":"wp","href":"https:\/\/api.w.org\/{rel}","templated":true}]}}