{"id":1456,"date":"2020-05-19T16:00:36","date_gmt":"2020-05-19T19:00:36","guid":{"rendered":"https:\/\/www.auxiliadorapredial.com.br\/blog\/?p=1456"},"modified":"2023-02-14T09:15:06","modified_gmt":"2023-02-14T12:15:06","slug":"o-que-mudou-na-nossa-forma-de-morar","status":"publish","type":"post","link":"https:\/\/www.auxiliadorapredial.com.br\/blog\/o-que-mudou-na-nossa-forma-de-morar\/","title":{"rendered":"O que mudou na nossa forma de morar?"},"content":{"rendered":"<p><span style=\"font-weight: 400;\">Com a mudan\u00e7a na rotina das pessoas ocasionada pelo coronav\u00edrus (COVID-19), as fam\u00edlias, cada vez mais, est\u00e3o readaptando a sua forma de morar. Antes, os lares eram considerados ref\u00fagios, onde o foco era o descanso, momentos em fam\u00edlia, e afins. Hoje, o lar tamb\u00e9m \u00e9 o local de trabalho, a escola das crian\u00e7as, o happy hour, etc. Ou seja, o centro de todas as atividades.<\/span><\/p>\n<p><span style=\"font-weight: 400;\">Pensando nisso, os espa\u00e7os nas casas e apartamentos tamb\u00e9m precisam ser repensados para que exista um local apropriado para executar cada tipo de tarefa. Ent\u00e3o, siga lendo para saber mais sobre essa mudan\u00e7a e como adaptar seus espa\u00e7os para esse novo momento:<\/span><\/p>\n<p><span style=\"font-weight: 400;\">\u00a0<\/span><\/p>\n<ul>\n<li style=\"font-weight: 400;\"><b>O espa\u00e7o do home office<\/b><\/li>\n<\/ul>\n<p><span style=\"font-weight: 400;\">\u00a0<\/span><\/p>\n<p><span style=\"font-weight: 400;\">Uma pesquisa recente <\/span><a href=\"https:\/\/www.metropoles.com\/brasil\/economia-br\/seis-em-10-brasileiros-estao-em-home-office-registra-pesquisa\"><span style=\"font-weight: 400;\">revelou que quase 60% dos brasileiros e brasileiras est\u00e3o trabalhando em home office<\/span><\/a><span style=\"font-weight: 400;\">, em decorr\u00eancia do novo coronav\u00edrus. Muitas dessas pessoas nunca trabalharam de tal forma exigindo um n\u00edvel de adapta\u00e7\u00e3o delas ainda maior.<\/span><\/p>\n<p><span style=\"font-weight: 400;\">Servi\u00e7os que n\u00e3o s\u00e3o considerados essenciais, devem permanecer neste formato de trabalho por ainda mais tempo, al\u00e9m de reacender o debate sobre a implementa\u00e7\u00e3o deste modelo para redu\u00e7\u00e3o de custos em um futuro pr\u00f3ximo.<\/span><\/p>\n<p><span style=\"font-weight: 400;\">Desta forma, a necessidade de ter um espa\u00e7o adequado ao home office torna-se essencial. Em outro post falamos sobre a <\/span><a href=\"https:\/\/www.auxiliadorapredial.com.br\/blog\/home-office-como-ter-um-ambiente-saudavel-para-trabalhar-em-casa\/\"><span style=\"font-weight: 400;\">import\u00e2ncia de um ambiente saud\u00e1vel para trabalhar em casa<\/span><\/a><span style=\"font-weight: 400;\">, cujo\u00a0 o ponto chave \u00e9 a cria\u00e7\u00e3o de um espa\u00e7o exclusivo para exercer esse tipo de atividade.\u00a0<\/span><\/p>\n<p><span style=\"font-weight: 400;\">Quando n\u00e3o separamos os ambientes, podemos nos distrair com mais facilidade, acabar nos ocupando com coisas da casa e termos dificuldade em focar no trabalho. Assim, o mais indicado \u00e9 dedicar um espa\u00e7o exclusivo para o trabalho. Caso n\u00e3o tenha um quarto extra para isso, invista em algum c\u00f4modo mais calmo, aonde voc\u00ea possa colocar uma mesa e com cadeira. Outro ponto importante: caso voc\u00ea esteja considerando se mudar, <\/span><a href=\"https:\/\/auxiliadorapredial.com.br\/\"><span style=\"font-weight: 400;\">procure por im\u00f3veis com c\u00f4modos extras<\/span><\/a><span style=\"font-weight: 400;\">, assim, o espa\u00e7o dedicado ao home office fica ainda mais bem organizado e produtivo para voc\u00ea!<\/span><\/p>\n<p><span style=\"font-weight: 400;\">\u00a0<\/span><\/p>\n<ul>\n<li style=\"font-weight: 400;\"><b>E as aulas \u00e0 dist\u00e2ncia?<\/b><\/li>\n<\/ul>\n<p><span style=\"font-weight: 400;\">\u00a0<\/span><\/p>\n<p><span style=\"font-weight: 400;\">Em mar\u00e7o deste ano, o <\/span><a href=\"https:\/\/g1.globo.com\/educacao\/noticia\/2020\/03\/18\/coronavirus-mec-autoriza-substituir-aulas-presenciais-por-ead-nas-federais-de-ensino-superior.ghtml\"><span style=\"font-weight: 400;\">MEC autorizou que as aulas presenciais das faculdades fossem migradas para ambientes virtuais<\/span><\/a><span style=\"font-weight: 400;\">. As escolas infantis tamb\u00e9m est\u00e3o passando por um processo de readapta\u00e7\u00e3o por conta do novo cen\u00e1rio,com aulas \u00e0 dist\u00e2ncia ou envio de atividades. Assim, filhos e filhas passam mais tempo em casa, precisando, tamb\u00e9m, delimitar os momentos de aprendizado com os momentos de divers\u00e3o.<\/span><\/p>\n<p><span style=\"font-weight: 400;\">Como no caso do home office, ter um espa\u00e7o exclusivo para as aulas facilita o entendimento de qual \u00e9 o momento do estudo, principalmente para as crian\u00e7as, fica mais claro. Outro ponto levantado por <\/span><a href=\"https:\/\/sae.digital\/educacao-infantil-orientacoes-para-as-familias\/\"><span style=\"font-weight: 400;\">especialistas<\/span><\/a><span style=\"font-weight: 400;\"> \u00e9 de que as crian\u00e7as precisam de uma rotina clara, com hor\u00e1rios para cada tipo de atividade. Por exemplo, se voc\u00ea delimitar que o hor\u00e1rio das atividades da escola ser\u00e1 das 15h \u00e0s 17h, prepare a crian\u00e7a para isso. Vale colocar uniforme, e preparar o ambiente como se realmente fosse ir at\u00e9 a escola.<\/span><\/p>\n<p><span style=\"font-weight: 400;\">J\u00e1 no caso da faculdade, al\u00e9m dessa rotina e determina\u00e7\u00e3o de hor\u00e1rios, aposte em planners e calend\u00e1rios para organizar seus roteiros de estudos, trabalhos e provas.<\/span><\/p>\n<p><span style=\"font-weight: 400;\">\u00a0<\/span><\/p>\n<p><b>Dicas importantes:<\/b><\/p>\n<p><span style=\"font-weight: 400;\">\u00a0<\/span><\/p>\n<ul>\n<li style=\"font-weight: 400;\"><span style=\"font-weight: 400;\">Escolha uma mesa e cadeira confort\u00e1veis;<\/span><\/li>\n<li style=\"font-weight: 400;\"><span style=\"font-weight: 400;\">Se poss\u00edvel, opte por um c\u00f4modo com ilumina\u00e7\u00e3o natural. Caso tenha que estudar no per\u00edodo da noite, invista em l\u00e2mpadas de led brancas;<\/span><\/li>\n<li style=\"font-weight: 400;\"><span style=\"font-weight: 400;\">O ambiente precisa ser calmo e tranquilo para favorecer o aprendizado;<\/span><\/li>\n<li style=\"font-weight: 400;\"><span style=\"font-weight: 400;\">Tenha ao alcance cadernos, pap\u00e9is, canetas, materiais que s\u00e3o realmente necess\u00e1rios para as aulas;<\/span><\/li>\n<li style=\"font-weight: 400;\"><span style=\"font-weight: 400;\">Evite ter brinquedos e distra\u00e7\u00f5es no ambiente, para que a aten\u00e7\u00e3o seja 100% nos estudos;<\/span><\/li>\n<li style=\"font-weight: 400;\"><span style=\"font-weight: 400;\">Um planner ou painel com todas as datas importantes, atividades e trabalhos pode ajudar na organiza\u00e7\u00e3o, tanto para universit\u00e1rios(as) quanto para os papais e mam\u00e3es que organizam a rotina dos(as)\u00a0 filhos(as);<\/span><\/li>\n<li style=\"font-weight: 400;\"><span style=\"font-weight: 400;\">Determine a rotina para que o novo formato de estudo se torne um h\u00e1bito;<\/span><\/li>\n<li style=\"font-weight: 400;\"><span style=\"font-weight: 400;\">Pais e m\u00e3es, aten\u00e7\u00e3o ao determinar a rotina: escolha um hor\u00e1rio que n\u00e3o interfira nas atividades que a crian\u00e7a gosta. Por exemplo, deixe o hor\u00e1rio do estudo para antes ou depois do hor\u00e1rio do desenho favorito, assim, a crian\u00e7a n\u00e3o tem a aten\u00e7\u00e3o disputada.<\/span><\/li>\n<\/ul>\n<p><span style=\"font-weight: 400;\">\u00a0<\/span><\/p>\n<p><span style=\"font-weight: 400;\">Caso n\u00e3o tenha como investir em uma mesa e cadeiras novas, ou at\u00e9 mesmo um c\u00f4modo extra neste momento, leve em considera\u00e7\u00e3o as dicas para escolher o ambiente. Se o quarto for o local mais calmo e mais iluminado, por exemplo, coloque uma escrivaninha neste ambiente e fa\u00e7a arruma\u00e7\u00f5es que deixem as distra\u00e7\u00f5es longe do campo de vis\u00e3o. O importante \u00e9 ter um espa\u00e7o dedicado para criar este novo h\u00e1bito, aos pouquinhos.<\/span><\/p>\n<p><span style=\"font-weight: 400;\">\u00a0<\/span><\/p>\n<ul>\n<li style=\"font-weight: 400;\"><b>Ser\u00e1 que a rotina volta ao normal?<\/b><\/li>\n<\/ul>\n<p><span style=\"font-weight: 400;\">\u00a0<\/span><\/p>\n<p><span style=\"font-weight: 400;\">Diversos estudos est\u00e3o sendo realizados para entender as possibilidades que se desenham para o futuro. O cientista chefe da OMS (Organiza\u00e7\u00e3o Mundial da Sa\u00fade) declarou que ainda <\/span><a href=\"https:\/\/www1.folha.uol.com.br\/equilibrioesaude\/2020\/05\/controle-do-coronavirus-pode-levar-5-anos-diz-cientista-chefe-da-oms.shtml\"><span style=\"font-weight: 400;\">podem levar alguns anos para conseguirmos conter o coronav\u00edrus<\/span><\/a><span style=\"font-weight: 400;\">, ent\u00e3o \u00e9 de suma import\u00e2ncia que tenhamos em vista que mudan\u00e7as na rotina e nos costumes ser\u00e3o cruciais para cuidarmos de n\u00f3s, nossa fam\u00edlia e pessoas que amamos.<\/span><\/p>\n<p><span style=\"font-weight: 400;\">\u00a0<\/span><b>Tudo indica que o lar vai seguir como protagonista nas atividades cotidianas, ent\u00e3o cuide dele e reinvente-o para adaptar-se \u00e0s mudan\u00e7as. <\/b><span style=\"font-weight: 400;\">Caso voc\u00ea esteja pensando em mudar para um lar com mais espa\u00e7o e, quem sabe, at\u00e9 mesmo com p\u00e1tio, <\/span><a href=\"https:\/\/auxiliadorapredial.com.br\/\"><span style=\"font-weight: 400;\">n\u00e3o deixe de espiar os im\u00f3veis dispon\u00edveis l\u00e1 no site<\/span><\/a><span style=\"font-weight: 400;\">! Atrav\u00e9s dos filtros de busca fica ainda mais f\u00e1cil procurar o lar ideal para voc\u00ea, sua fam\u00edlia e suas necessidades.\u00a0<\/span><\/p>\n","protected":false},"excerpt":{"rendered":"<p>Com a mudan\u00e7a na rotina das pessoas ocasionada pelo coronav\u00edrus (COVID-19), as fam\u00edlias, cada vez mais, est\u00e3o readaptando a sua forma de morar. Antes, os lares eram considerados ref\u00fagios, onde o foco era o descanso, momentos em fam\u00edlia, e afins. Hoje, o lar tamb\u00e9m \u00e9 o local de trabalho, a escola das crian\u00e7as, o happy [&hellip;]<\/p>\n","protected":false},"author":2,"featured_media":1457,"comment_status":"closed","ping_status":"open","sticky":false,"template":"","format":"standard","meta":{"footnotes":""},"categories":[307],"tags":[604,582,585,603],"class_list":["post-1456","post","type-post","status-publish","format-standard","has-post-thumbnail","hentry","category-meu-lar","tag-home-office","tag-lar","tag-moradia","tag-morar"],"yoast_head":"<!-- This site is optimized with the Yoast SEO plugin v27.3 - https:\/\/yoast.com\/product\/yoast-seo-wordpress\/ -->\n<title>O que mudou na nossa forma de morar? - Blog da Auxiliadora Predial - Tudo sobre im\u00f3veis e condom\u00ednios<\/title>\n<meta name=\"description\" content=\"As fam\u00edlias, cada vez mais, est\u00e3o readaptando a sua forma de morar. Aqui, mostramos as principais mudan\u00e7as e como se organizar!\" \/>\n<meta name=\"robots\" content=\"index, follow, max-snippet:-1, max-image-preview:large, max-video-preview:-1\" \/>\n<link rel=\"canonical\" href=\"https:\/\/auxiliadorapredial.com.br\/blog\/o-que-mudou-na-nossa-forma-de-morar\/\" \/>\n<meta property=\"og:locale\" content=\"pt_BR\" \/>\n<meta property=\"og:type\" content=\"article\" \/>\n<meta property=\"og:title\" content=\"O que mudou na nossa forma de morar? - Blog da Auxiliadora Predial - Tudo sobre im\u00f3veis e condom\u00ednios\" \/>\n<meta property=\"og:description\" content=\"As fam\u00edlias, cada vez mais, est\u00e3o readaptando a sua forma de morar. Aqui, mostramos as principais mudan\u00e7as e como se organizar!\" \/>\n<meta property=\"og:url\" content=\"https:\/\/auxiliadorapredial.com.br\/blog\/o-que-mudou-na-nossa-forma-de-morar\/\" \/>\n<meta property=\"og:site_name\" content=\"Blog da Auxiliadora Predial - Tudo sobre im\u00f3veis e condom\u00ednios\" \/>\n<meta property=\"article:published_time\" content=\"2020-05-19T19:00:36+00:00\" \/>\n<meta property=\"article:modified_time\" content=\"2023-02-14T12:15:06+00:00\" \/>\n<meta property=\"og:image\" content=\"https:\/\/auxiliadorapredial.com.br\/blog\/wp-content\/uploads\/1505-blog-um-novo-morar.jpg\" \/>\n\t<meta property=\"og:image:width\" content=\"1920\" \/>\n\t<meta property=\"og:image:height\" content=\"1080\" \/>\n\t<meta property=\"og:image:type\" content=\"image\/jpeg\" \/>\n<meta name=\"author\" content=\"Auxiliadora Predial\" \/>\n<meta name=\"twitter:card\" content=\"summary_large_image\" \/>\n<meta name=\"twitter:label1\" content=\"Escrito por\" \/>\n\t<meta name=\"twitter:data1\" content=\"Auxiliadora Predial\" \/>\n\t<meta name=\"twitter:label2\" content=\"Est. tempo de leitura\" \/>\n\t<meta name=\"twitter:data2\" content=\"5 minutos\" \/>\n<script type=\"application\/ld+json\" class=\"yoast-schema-graph\">{\"@context\":\"https:\\\/\\\/schema.org\",\"@graph\":[{\"@type\":\"Article\",\"@id\":\"https:\\\/\\\/auxiliadorapredial.com.br\\\/blog\\\/o-que-mudou-na-nossa-forma-de-morar\\\/#article\",\"isPartOf\":{\"@id\":\"https:\\\/\\\/auxiliadorapredial.com.br\\\/blog\\\/o-que-mudou-na-nossa-forma-de-morar\\\/\"},\"author\":{\"name\":\"Auxiliadora Predial\",\"@id\":\"https:\\\/\\\/www.auxiliadorapredial.com.br\\\/blog\\\/#\\\/schema\\\/person\\\/851e4e4185bc716576f2f383ed94ae33\"},\"headline\":\"O que mudou na nossa forma de morar?\",\"datePublished\":\"2020-05-19T19:00:36+00:00\",\"dateModified\":\"2023-02-14T12:15:06+00:00\",\"mainEntityOfPage\":{\"@id\":\"https:\\\/\\\/auxiliadorapredial.com.br\\\/blog\\\/o-que-mudou-na-nossa-forma-de-morar\\\/\"},\"wordCount\":987,\"image\":{\"@id\":\"https:\\\/\\\/auxiliadorapredial.com.br\\\/blog\\\/o-que-mudou-na-nossa-forma-de-morar\\\/#primaryimage\"},\"thumbnailUrl\":\"https:\\\/\\\/www.auxiliadorapredial.com.br\\\/blog\\\/wp-content\\\/uploads\\\/1505-blog-um-novo-morar.jpg\",\"keywords\":[\"home office\",\"lar\",\"Moradia\",\"morar\"],\"articleSection\":[\"Meu Lar\"],\"inLanguage\":\"pt-BR\"},{\"@type\":\"WebPage\",\"@id\":\"https:\\\/\\\/auxiliadorapredial.com.br\\\/blog\\\/o-que-mudou-na-nossa-forma-de-morar\\\/\",\"url\":\"https:\\\/\\\/auxiliadorapredial.com.br\\\/blog\\\/o-que-mudou-na-nossa-forma-de-morar\\\/\",\"name\":\"O que mudou na nossa forma de morar? - Blog da Auxiliadora Predial - Tudo sobre im\u00f3veis e condom\u00ednios\",\"isPartOf\":{\"@id\":\"https:\\\/\\\/www.auxiliadorapredial.com.br\\\/blog\\\/#website\"},\"primaryImageOfPage\":{\"@id\":\"https:\\\/\\\/auxiliadorapredial.com.br\\\/blog\\\/o-que-mudou-na-nossa-forma-de-morar\\\/#primaryimage\"},\"image\":{\"@id\":\"https:\\\/\\\/auxiliadorapredial.com.br\\\/blog\\\/o-que-mudou-na-nossa-forma-de-morar\\\/#primaryimage\"},\"thumbnailUrl\":\"https:\\\/\\\/www.auxiliadorapredial.com.br\\\/blog\\\/wp-content\\\/uploads\\\/1505-blog-um-novo-morar.jpg\",\"datePublished\":\"2020-05-19T19:00:36+00:00\",\"dateModified\":\"2023-02-14T12:15:06+00:00\",\"author\":{\"@id\":\"https:\\\/\\\/www.auxiliadorapredial.com.br\\\/blog\\\/#\\\/schema\\\/person\\\/851e4e4185bc716576f2f383ed94ae33\"},\"description\":\"As fam\u00edlias, cada vez mais, est\u00e3o readaptando a sua forma de morar. Aqui, mostramos as principais mudan\u00e7as e como se organizar!\",\"inLanguage\":\"pt-BR\",\"potentialAction\":[{\"@type\":\"ReadAction\",\"target\":[\"https:\\\/\\\/auxiliadorapredial.com.br\\\/blog\\\/o-que-mudou-na-nossa-forma-de-morar\\\/\"]}]},{\"@type\":\"ImageObject\",\"inLanguage\":\"pt-BR\",\"@id\":\"https:\\\/\\\/auxiliadorapredial.com.br\\\/blog\\\/o-que-mudou-na-nossa-forma-de-morar\\\/#primaryimage\",\"url\":\"https:\\\/\\\/www.auxiliadorapredial.com.br\\\/blog\\\/wp-content\\\/uploads\\\/1505-blog-um-novo-morar.jpg\",\"contentUrl\":\"https:\\\/\\\/www.auxiliadorapredial.com.br\\\/blog\\\/wp-content\\\/uploads\\\/1505-blog-um-novo-morar.jpg\",\"width\":1920,\"height\":1080,\"caption\":\"O que mudou na nossa forma de morar\"},{\"@type\":\"WebSite\",\"@id\":\"https:\\\/\\\/www.auxiliadorapredial.com.br\\\/blog\\\/#website\",\"url\":\"https:\\\/\\\/www.auxiliadorapredial.com.br\\\/blog\\\/\",\"name\":\"Blog da Auxiliadora Predial - Tudo sobre im\u00f3veis e condom\u00ednios\",\"description\":\"Dicas da Auxiliadora Predial sobre aluguel, compra e venda de im\u00f3veis, al\u00e9m de condom\u00ednios. Imobili\u00e1ria em Porto Alegre e interior do RS, Santa Catarina e S\u00e3o Paulo.\",\"potentialAction\":[{\"@type\":\"SearchAction\",\"target\":{\"@type\":\"EntryPoint\",\"urlTemplate\":\"https:\\\/\\\/www.auxiliadorapredial.com.br\\\/blog\\\/?s={search_term_string}\"},\"query-input\":{\"@type\":\"PropertyValueSpecification\",\"valueRequired\":true,\"valueName\":\"search_term_string\"}}],\"inLanguage\":\"pt-BR\"},{\"@type\":\"Person\",\"@id\":\"https:\\\/\\\/www.auxiliadorapredial.com.br\\\/blog\\\/#\\\/schema\\\/person\\\/851e4e4185bc716576f2f383ed94ae33\",\"name\":\"Auxiliadora Predial\",\"image\":{\"@type\":\"ImageObject\",\"inLanguage\":\"pt-BR\",\"@id\":\"https:\\\/\\\/secure.gravatar.com\\\/avatar\\\/96f819f3615570f75bc98a819541afa2cb796cbdd9086c22d71a1b162f1cd305?s=96&d=mm&r=g\",\"url\":\"https:\\\/\\\/secure.gravatar.com\\\/avatar\\\/96f819f3615570f75bc98a819541afa2cb796cbdd9086c22d71a1b162f1cd305?s=96&d=mm&r=g\",\"contentUrl\":\"https:\\\/\\\/secure.gravatar.com\\\/avatar\\\/96f819f3615570f75bc98a819541afa2cb796cbdd9086c22d71a1b162f1cd305?s=96&d=mm&r=g\",\"caption\":\"Auxiliadora Predial\"}}]}<\/script>\n<!-- \/ Yoast SEO plugin. -->","yoast_head_json":{"title":"O que mudou na nossa forma de morar? - Blog da Auxiliadora Predial - Tudo sobre im\u00f3veis e condom\u00ednios","description":"As fam\u00edlias, cada vez mais, est\u00e3o readaptando a sua forma de morar. Aqui, mostramos as principais mudan\u00e7as e como se organizar!","robots":{"index":"index","follow":"follow","max-snippet":"max-snippet:-1","max-image-preview":"max-image-preview:large","max-video-preview":"max-video-preview:-1"},"canonical":"https:\/\/auxiliadorapredial.com.br\/blog\/o-que-mudou-na-nossa-forma-de-morar\/","og_locale":"pt_BR","og_type":"article","og_title":"O que mudou na nossa forma de morar? - Blog da Auxiliadora Predial - Tudo sobre im\u00f3veis e condom\u00ednios","og_description":"As fam\u00edlias, cada vez mais, est\u00e3o readaptando a sua forma de morar. Aqui, mostramos as principais mudan\u00e7as e como se organizar!","og_url":"https:\/\/auxiliadorapredial.com.br\/blog\/o-que-mudou-na-nossa-forma-de-morar\/","og_site_name":"Blog da Auxiliadora Predial - Tudo sobre im\u00f3veis e condom\u00ednios","article_published_time":"2020-05-19T19:00:36+00:00","article_modified_time":"2023-02-14T12:15:06+00:00","og_image":[{"width":1920,"height":1080,"url":"https:\/\/auxiliadorapredial.com.br\/blog\/wp-content\/uploads\/1505-blog-um-novo-morar.jpg","type":"image\/jpeg"}],"author":"Auxiliadora Predial","twitter_card":"summary_large_image","twitter_misc":{"Escrito por":"Auxiliadora Predial","Est. tempo de leitura":"5 minutos"},"schema":{"@context":"https:\/\/schema.org","@graph":[{"@type":"Article","@id":"https:\/\/auxiliadorapredial.com.br\/blog\/o-que-mudou-na-nossa-forma-de-morar\/#article","isPartOf":{"@id":"https:\/\/auxiliadorapredial.com.br\/blog\/o-que-mudou-na-nossa-forma-de-morar\/"},"author":{"name":"Auxiliadora Predial","@id":"https:\/\/www.auxiliadorapredial.com.br\/blog\/#\/schema\/person\/851e4e4185bc716576f2f383ed94ae33"},"headline":"O que mudou na nossa forma de morar?","datePublished":"2020-05-19T19:00:36+00:00","dateModified":"2023-02-14T12:15:06+00:00","mainEntityOfPage":{"@id":"https:\/\/auxiliadorapredial.com.br\/blog\/o-que-mudou-na-nossa-forma-de-morar\/"},"wordCount":987,"image":{"@id":"https:\/\/auxiliadorapredial.com.br\/blog\/o-que-mudou-na-nossa-forma-de-morar\/#primaryimage"},"thumbnailUrl":"https:\/\/www.auxiliadorapredial.com.br\/blog\/wp-content\/uploads\/1505-blog-um-novo-morar.jpg","keywords":["home office","lar","Moradia","morar"],"articleSection":["Meu Lar"],"inLanguage":"pt-BR"},{"@type":"WebPage","@id":"https:\/\/auxiliadorapredial.com.br\/blog\/o-que-mudou-na-nossa-forma-de-morar\/","url":"https:\/\/auxiliadorapredial.com.br\/blog\/o-que-mudou-na-nossa-forma-de-morar\/","name":"O que mudou na nossa forma de morar? - Blog da Auxiliadora Predial - Tudo sobre im\u00f3veis e condom\u00ednios","isPartOf":{"@id":"https:\/\/www.auxiliadorapredial.com.br\/blog\/#website"},"primaryImageOfPage":{"@id":"https:\/\/auxiliadorapredial.com.br\/blog\/o-que-mudou-na-nossa-forma-de-morar\/#primaryimage"},"image":{"@id":"https:\/\/auxiliadorapredial.com.br\/blog\/o-que-mudou-na-nossa-forma-de-morar\/#primaryimage"},"thumbnailUrl":"https:\/\/www.auxiliadorapredial.com.br\/blog\/wp-content\/uploads\/1505-blog-um-novo-morar.jpg","datePublished":"2020-05-19T19:00:36+00:00","dateModified":"2023-02-14T12:15:06+00:00","author":{"@id":"https:\/\/www.auxiliadorapredial.com.br\/blog\/#\/schema\/person\/851e4e4185bc716576f2f383ed94ae33"},"description":"As fam\u00edlias, cada vez mais, est\u00e3o readaptando a sua forma de morar. Aqui, mostramos as principais mudan\u00e7as e como se organizar!","inLanguage":"pt-BR","potentialAction":[{"@type":"ReadAction","target":["https:\/\/auxiliadorapredial.com.br\/blog\/o-que-mudou-na-nossa-forma-de-morar\/"]}]},{"@type":"ImageObject","inLanguage":"pt-BR","@id":"https:\/\/auxiliadorapredial.com.br\/blog\/o-que-mudou-na-nossa-forma-de-morar\/#primaryimage","url":"https:\/\/www.auxiliadorapredial.com.br\/blog\/wp-content\/uploads\/1505-blog-um-novo-morar.jpg","contentUrl":"https:\/\/www.auxiliadorapredial.com.br\/blog\/wp-content\/uploads\/1505-blog-um-novo-morar.jpg","width":1920,"height":1080,"caption":"O que mudou na nossa forma de morar"},{"@type":"WebSite","@id":"https:\/\/www.auxiliadorapredial.com.br\/blog\/#website","url":"https:\/\/www.auxiliadorapredial.com.br\/blog\/","name":"Blog da Auxiliadora Predial - Tudo sobre im\u00f3veis e condom\u00ednios","description":"Dicas da Auxiliadora Predial sobre aluguel, compra e venda de im\u00f3veis, al\u00e9m de condom\u00ednios. Imobili\u00e1ria em Porto Alegre e interior do RS, Santa Catarina e S\u00e3o Paulo.","potentialAction":[{"@type":"SearchAction","target":{"@type":"EntryPoint","urlTemplate":"https:\/\/www.auxiliadorapredial.com.br\/blog\/?s={search_term_string}"},"query-input":{"@type":"PropertyValueSpecification","valueRequired":true,"valueName":"search_term_string"}}],"inLanguage":"pt-BR"},{"@type":"Person","@id":"https:\/\/www.auxiliadorapredial.com.br\/blog\/#\/schema\/person\/851e4e4185bc716576f2f383ed94ae33","name":"Auxiliadora Predial","image":{"@type":"ImageObject","inLanguage":"pt-BR","@id":"https:\/\/secure.gravatar.com\/avatar\/96f819f3615570f75bc98a819541afa2cb796cbdd9086c22d71a1b162f1cd305?s=96&d=mm&r=g","url":"https:\/\/secure.gravatar.com\/avatar\/96f819f3615570f75bc98a819541afa2cb796cbdd9086c22d71a1b162f1cd305?s=96&d=mm&r=g","contentUrl":"https:\/\/secure.gravatar.com\/avatar\/96f819f3615570f75bc98a819541afa2cb796cbdd9086c22d71a1b162f1cd305?s=96&d=mm&r=g","caption":"Auxiliadora Predial"}}]}},"views":864,"_links":{"self":[{"href":"https:\/\/www.auxiliadorapredial.com.br\/blog\/wp-json\/wp\/v2\/posts\/1456","targetHints":{"allow":["GET"]}}],"collection":[{"href":"https:\/\/www.auxiliadorapredial.com.br\/blog\/wp-json\/wp\/v2\/posts"}],"about":[{"href":"https:\/\/www.auxiliadorapredial.com.br\/blog\/wp-json\/wp\/v2\/types\/post"}],"author":[{"embeddable":true,"href":"https:\/\/www.auxiliadorapredial.com.br\/blog\/wp-json\/wp\/v2\/users\/2"}],"replies":[{"embeddable":true,"href":"https:\/\/www.auxiliadorapredial.com.br\/blog\/wp-json\/wp\/v2\/comments?post=1456"}],"version-history":[{"count":3,"href":"https:\/\/www.auxiliadorapredial.com.br\/blog\/wp-json\/wp\/v2\/posts\/1456\/revisions"}],"predecessor-version":[{"id":9490,"href":"https:\/\/www.auxiliadorapredial.com.br\/blog\/wp-json\/wp\/v2\/posts\/1456\/revisions\/9490"}],"wp:featuredmedia":[{"embeddable":true,"href":"https:\/\/www.auxiliadorapredial.com.br\/blog\/wp-json\/wp\/v2\/media\/1457"}],"wp:attachment":[{"href":"https:\/\/www.auxiliadorapredial.com.br\/blog\/wp-json\/wp\/v2\/media?parent=1456"}],"wp:term":[{"taxonomy":"category","embeddable":true,"href":"https:\/\/www.auxiliadorapredial.com.br\/blog\/wp-json\/wp\/v2\/categories?post=1456"},{"taxonomy":"post_tag","embeddable":true,"href":"https:\/\/www.auxiliadorapredial.com.br\/blog\/wp-json\/wp\/v2\/tags?post=1456"}],"curies":[{"name":"wp","href":"https:\/\/api.w.org\/{rel}","templated":true}]}}