{"id":15474,"date":"2024-08-26T08:30:47","date_gmt":"2024-08-26T11:30:47","guid":{"rendered":"https:\/\/www.auxiliadorapredial.com.br\/blog\/?p=15474"},"modified":"2024-08-26T08:34:40","modified_gmt":"2024-08-26T11:34:40","slug":"dia-do-corretor-de-imoveis","status":"publish","type":"post","link":"https:\/\/www.auxiliadorapredial.com.br\/blog\/dia-do-corretor-de-imoveis\/","title":{"rendered":"Dia do Corretor de Im\u00f3veis: qual a import\u00e2ncia da profiss\u00e3o?"},"content":{"rendered":"\n<p>No dia 27 de agosto, celebramos o Dia do Corretor de Im\u00f3veis, uma data que vai al\u00e9m de simples comemora\u00e7\u00f5es. \u00c9 uma oportunidade para reconhecer o trabalho desses profissionais que atuam como verdadeiros guias em um dos momentos mais importantes da vida das pessoas: a aquisi\u00e7\u00e3o de um lar.<\/p>\n\n\n\n<p>Por isso, vamos explorar n\u00e3o apenas o que torna essa profiss\u00e3o t\u00e3o essencial, mas tamb\u00e9m as habilidades necess\u00e1rias, os desafios enfrentados e o impacto positivo que um bom corretor pode ter na experi\u00eancia do cliente. Se voc\u00ea \u00e9 um corretor ou est\u00e1 pensando em contar com um profissional para suas transa\u00e7\u00f5es imobili\u00e1rias, continue lendo e descubra como essa profiss\u00e3o faz a diferen\u00e7a!<\/p>\n\n\n\n<div id=\"ez-toc-container\" class=\"ez-toc-v2_0_82_2 counter-hierarchy ez-toc-counter ez-toc-transparent ez-toc-container-direction\">\n<p class=\"ez-toc-title\" style=\"cursor:inherit\">Navegue pelo conte\u00fado<\/p>\n<label for=\"ez-toc-cssicon-toggle-item-69f70ddcd21f8\" class=\"ez-toc-cssicon-toggle-label\"><span class=\"\"><span class=\"eztoc-hide\" style=\"display:none;\">Toggle<\/span><span class=\"ez-toc-icon-toggle-span\"><svg style=\"fill: #000000;color:#000000\" xmlns=\"http:\/\/www.w3.org\/2000\/svg\" class=\"list-377408\" width=\"20px\" height=\"20px\" viewBox=\"0 0 24 24\" fill=\"none\"><path d=\"M6 6H4v2h2V6zm14 0H8v2h12V6zM4 11h2v2H4v-2zm16 0H8v2h12v-2zM4 16h2v2H4v-2zm16 0H8v2h12v-2z\" fill=\"currentColor\"><\/path><\/svg><svg style=\"fill: #000000;color:#000000\" class=\"arrow-unsorted-368013\" xmlns=\"http:\/\/www.w3.org\/2000\/svg\" width=\"10px\" height=\"10px\" viewBox=\"0 0 24 24\" version=\"1.2\" baseProfile=\"tiny\"><path d=\"M18.2 9.3l-6.2-6.3-6.2 6.3c-.2.2-.3.4-.3.7s.1.5.3.7c.2.2.4.3.7.3h11c.3 0 .5-.1.7-.3.2-.2.3-.5.3-.7s-.1-.5-.3-.7zM5.8 14.7l6.2 6.3 6.2-6.3c.2-.2.3-.5.3-.7s-.1-.5-.3-.7c-.2-.2-.4-.3-.7-.3h-11c-.3 0-.5.1-.7.3-.2.2-.3.5-.3.7s.1.5.3.7z\"\/><\/svg><\/span><\/span><\/label><input type=\"checkbox\"  id=\"ez-toc-cssicon-toggle-item-69f70ddcd21f8\"  aria-label=\"Alternar\" \/><nav><ul class='ez-toc-list ez-toc-list-level-1 ' ><li class='ez-toc-page-1 ez-toc-heading-level-2'><a class=\"ez-toc-link ez-toc-heading-1\" href=\"https:\/\/www.auxiliadorapredial.com.br\/blog\/dia-do-corretor-de-imoveis\/#O_que_e_o_Dia_do_Corretor_de_Imoveis\" >O que \u00e9 o Dia do Corretor de Im\u00f3veis?<\/a><\/li><li class='ez-toc-page-1 ez-toc-heading-level-2'><a class=\"ez-toc-link ez-toc-heading-2\" href=\"https:\/\/www.auxiliadorapredial.com.br\/blog\/dia-do-corretor-de-imoveis\/#Conheca_o_impacto_do_Corretor_de_Imoveis_no_setor\" >Conhe\u00e7a o impacto do Corretor de Im\u00f3veis no setor<\/a><\/li><li class='ez-toc-page-1 ez-toc-heading-level-2'><a class=\"ez-toc-link ez-toc-heading-3\" href=\"https:\/\/www.auxiliadorapredial.com.br\/blog\/dia-do-corretor-de-imoveis\/#Habilidades_e_competencias_essenciais_para_corretores\" >Habilidades e compet\u00eancias essenciais para corretores<\/a><\/li><li class='ez-toc-page-1 ez-toc-heading-level-2'><a class=\"ez-toc-link ez-toc-heading-4\" href=\"https:\/\/www.auxiliadorapredial.com.br\/blog\/dia-do-corretor-de-imoveis\/#Juntos_construimos_mais\" >Juntos, constru\u00edmos mais!<\/a><\/li><\/ul><\/nav><\/div>\n<h2 class=\"wp-block-heading\"><span class=\"ez-toc-section\" id=\"O_que_e_o_Dia_do_Corretor_de_Imoveis\"><\/span><strong>O que \u00e9 o Dia do Corretor de Im\u00f3veis?<\/strong><span class=\"ez-toc-section-end\"><\/span><\/h2>\n\n\n\n<p>O Dia do Corretor de Im\u00f3veis \u00e9 uma data especial dedicada a reconhecer e celebrar a dedica\u00e7\u00e3o desses profissionais que, diariamente, desempenham um papel fundamental na realiza\u00e7\u00e3o dos sonhos de muitas pessoas. Comemorado em 27 de agosto, o dia foi escolhido em homenagem \u00e0 promulga\u00e7\u00e3o da Lei n\u00ba 4.116, em 1962, que regulamentou a profiss\u00e3o de corretor de im\u00f3veis no Brasil.&nbsp;<\/p>\n\n\n\n<p>Essa lei foi um marco importante, pois estabeleceu as diretrizes para o exerc\u00edcio da profiss\u00e3o, garantindo que apenas profissionais devidamente registrados nos Conselhos Regionais de Corretores de Im\u00f3veis pudessem atuar no mercado. A regulamenta\u00e7\u00e3o trouxe um novo padr\u00e3o de \u00e9tica e responsabilidade na media\u00e7\u00e3o de neg\u00f3cios imobili\u00e1rios, conferindo maior credibilidade \u00e0 profiss\u00e3o e assegurando que os corretores atuassem com compet\u00eancia e respeito \u00e0s normas legais.<\/p>\n\n\n\n<figure class=\"wp-block-image size-large\"><img fetchpriority=\"high\" decoding=\"async\" width=\"1024\" height=\"576\" src=\"https:\/\/www.auxiliadorapredial.com.br\/blog\/wp-content\/uploads\/dia-do-corretor-de-imoveis-1-1024x576.webp\" alt=\"Dia do Corretor de Im\u00f3veis | Auxiliadora Predial\" class=\"wp-image-15475\" srcset=\"https:\/\/www.auxiliadorapredial.com.br\/blog\/wp-content\/uploads\/dia-do-corretor-de-imoveis-1-1024x576.webp 1024w, https:\/\/www.auxiliadorapredial.com.br\/blog\/wp-content\/uploads\/dia-do-corretor-de-imoveis-1-300x169.webp 300w, https:\/\/www.auxiliadorapredial.com.br\/blog\/wp-content\/uploads\/dia-do-corretor-de-imoveis-1-768x432.webp 768w, https:\/\/www.auxiliadorapredial.com.br\/blog\/wp-content\/uploads\/dia-do-corretor-de-imoveis-1.webp 1380w\" sizes=\"(max-width: 1024px) 100vw, 1024px\" \/><\/figure>\n\n\n\n<h2 class=\"wp-block-heading\"><span class=\"ez-toc-section\" id=\"Conheca_o_impacto_do_Corretor_de_Imoveis_no_setor\"><\/span><strong>Conhe\u00e7a o impacto do Corretor de Im\u00f3veis no setor<\/strong><span class=\"ez-toc-section-end\"><\/span><\/h2>\n\n\n\n<p>Se voc\u00ea n\u00e3o conhece muito sobre este profissional, pode se perguntar: \u201cMas afinal, o que \u00e9 um corretor imobili\u00e1rio?\u201d. A resposta \u00e9 que s\u00e3o profissionais essenciais em um setor complexo e em constante evolu\u00e7\u00e3o. Com responsabilidades que v\u00e3o da avalia\u00e7\u00e3o de propriedades \u00e0 negocia\u00e7\u00e3o de contratos, garantem que cada etapa do processo de compra, venda ou loca\u00e7\u00e3o seja conduzida com \u00e9tica e efici\u00eancia.<\/p>\n\n\n\n<p>E por que contar com um corretor de im\u00f3veis? Eles possuem o conhecimento e a experi\u00eancia necess\u00e1rios para facilitar qualquer processo imobili\u00e1rio, tornando-o mais eficiente e menos estressante. Afinal, um dos principais diferenciais do corretor de im\u00f3veis \u00e9 seu profundo conhecimento do mercado. Ao acompanhar de perto as tend\u00eancias e oportunidades, podem oferecer informa\u00e7\u00f5es valiosas a seus clientes, auxiliando-os a tomar decis\u00f5es mais assertivas.<\/p>\n\n\n\n<p>Essa expertise \u00e9 especialmente importante em um setor onde os pre\u00e7os e as condi\u00e7\u00f5es do mercado est\u00e3o em constante mudan\u00e7a. E ainda, em um tipo de investimento para aquisi\u00e7\u00e3o de algo que, para boa parte da popula\u00e7\u00e3o brasileira, \u00e9 considerado muito al\u00e9m de um bem material: \u00e9 a conquista de um lar, da independ\u00eancia e tudo o que ela traz.<\/p>\n\n\n\n<p>Outro ponto importante sobre o mercado imobili\u00e1rio, que causa preocupa\u00e7\u00e3o em pessoas que n\u00e3o t\u00eam muito contato com o setor \u00e9 que a burocracia pode ser complexa, por isso, contar com um profissional experiente faz toda a diferen\u00e7a. O corretor n\u00e3o apenas orienta seus clientes sobre os aspectos legais e financeiros envolvidos, mas tamb\u00e9m oferece suporte emocional, ajudando a aliviar a ansiedade que muitas vezes acompanha a aquisi\u00e7\u00e3o ou venda de um im\u00f3vel.<\/p>\n\n\n\n<p>Inclusive, confian\u00e7a \u00e9 a chave entre um corretor e seu cliente, afinal, s\u00f3 assim \u00e9 poss\u00edvel criar um ambiente seguro para a tomada de decis\u00f5es importantes. Por isso \u00e9 comum que existam diferentes tipos de corretores de im\u00f3veis, especializados em diferentes \u00e1reas, como vendas, loca\u00e7\u00e3o ou administra\u00e7\u00e3o, o que permite aos clientes encontrar o profissional mais adequado \u00e0s suas necessidades.<\/p>\n\n\n\n<h2 class=\"wp-block-heading\"><span class=\"ez-toc-section\" id=\"Habilidades_e_competencias_essenciais_para_corretores\"><\/span><strong>Habilidades e compet\u00eancias essenciais para corretores<\/strong><span class=\"ez-toc-section-end\"><\/span><\/h2>\n\n\n\n<p>Para se destacar no mercado, um corretor de im\u00f3veis precisa de um conjunto diversificado de habilidades. Independentemente da especializa\u00e7\u00e3o do profissional, a <strong>comunica\u00e7\u00e3o eficaz \u00e9 indispens\u00e1vel<\/strong>, pois o corretor interage com diferentes p\u00fablicos, desde compradores e vendedores at\u00e9 outros profissionais do setor.<\/p>\n\n\n\n<p>Outra habilidade essencial \u00e9 a capacidade de negocia\u00e7\u00e3o. Para garantir um acordo satisfat\u00f3rio, um corretor deve ser capaz de encontrar solu\u00e7\u00f5es que atendam \u00e0s necessidades de ambas as partes. Al\u00e9m disso, um bom conhecimento das leis imobili\u00e1rias e do mercado \u00e9 crucial para oferecer um servi\u00e7o de qualidade e proteger compradores e vendedores durante as transa\u00e7\u00f5es imobili\u00e1rias.<\/p>\n\n\n\n<figure class=\"wp-block-image size-full\"><img decoding=\"async\" width=\"996\" height=\"664\" src=\"https:\/\/www.auxiliadorapredial.com.br\/blog\/wp-content\/uploads\/dia-do-corretor-de-imoveis-2.webp\" alt=\"Dia do Corretor de Im\u00f3veis | Auxiliadora Predial\" class=\"wp-image-15476\" srcset=\"https:\/\/www.auxiliadorapredial.com.br\/blog\/wp-content\/uploads\/dia-do-corretor-de-imoveis-2.webp 996w, https:\/\/www.auxiliadorapredial.com.br\/blog\/wp-content\/uploads\/dia-do-corretor-de-imoveis-2-300x200.webp 300w, https:\/\/www.auxiliadorapredial.com.br\/blog\/wp-content\/uploads\/dia-do-corretor-de-imoveis-2-768x512.webp 768w\" sizes=\"(max-width: 996px) 100vw, 996px\" \/><\/figure>\n\n\n\n<p>Em um mercado que muitas vezes pode parecer intimidador e nebuloso, o corretor de im\u00f3veis se torna um verdadeiro facilitador. S\u00e3o fundamentais para desmistificar as complexidades do setor, ajudando seus clientes a navegar por quest\u00f5es como financiamento, documenta\u00e7\u00e3o e condi\u00e7\u00f5es de pagamento. Por isso, \u00e9tica e responsabilidade profissional s\u00e3o pilares que sustentam a credibilidade do corretor.<\/p>\n\n\n\n<p>O Dia do Corretor de Im\u00f3veis \u00e9 uma oportunidade para reconhecer o impacto positivo que os corretores t\u00eam na jornada de compra, venda ou aluguel de im\u00f3veis. Eles n\u00e3o apenas oferecem suporte t\u00e9cnico, mas tamb\u00e9m proporcionam confian\u00e7a e seguran\u00e7a, permitindo que seus clientes tomem as melhores decis\u00f5es poss\u00edveis.<\/p>\n\n\n\n<h2 class=\"wp-block-heading\"><span class=\"ez-toc-section\" id=\"Juntos_construimos_mais\"><\/span><strong>Juntos, constru\u00edmos mais!<\/strong><span class=\"ez-toc-section-end\"><\/span><\/h2>\n\n\n\n<p>Na Auxiliadora Predial, temos uma longa hist\u00f3ria de sucesso no mercado imobili\u00e1rio. Ao longo de d\u00e9cadas, constru\u00edmos uma s\u00f3lida reputa\u00e7\u00e3o, baseada na confian\u00e7a, na transpar\u00eancia e na \u00e9tica profissional. Nossos corretores s\u00e3o a nossa maior for\u00e7a. Apaixonados pelo que fazem, se dedicam a oferecer o melhor atendimento aos nossos clientes.&nbsp;<\/p>\n\n\n\n<p>Para n\u00f3s, ser corretor de im\u00f3veis \u00e9 muito mais do que uma profiss\u00e3o, \u00e9 uma miss\u00e3o. \u00c9 a miss\u00e3o de ajudar as pessoas a realizarem seus sonhos, seja ele a <a href=\"https:\/\/auxiliadorapredial.com.br\/blog\/como-comprar-um-imovel-7-formas-de-garantir-a-casa-propria\/\" target=\"_blank\" rel=\"noreferrer noopener\">compra da casa pr\u00f3pria<\/a>, a venda de um im\u00f3vel ou a loca\u00e7\u00e3o de um espa\u00e7o comercial.<\/p>\n\n\n\n<p><br>Neste Dia do Corretor de Im\u00f3veis, queremos agradecer a todos os profissionais pela dedica\u00e7\u00e3o. Voc\u00eas fazem a diferen\u00e7a na vida de muitas pessoas! E para voc\u00ea que est\u00e1 buscando um im\u00f3vel, conte com a gente. Nossa equipe de corretores est\u00e1 pronta para te ajudar a encontrar o im\u00f3vel perfeito para voc\u00ea. <a href=\"https:\/\/www.auxiliadorapredial.com.br\/\" target=\"_blank\" rel=\"noreferrer noopener\">Confira as op\u00e7\u00f5es de im\u00f3veis dispon\u00edveis<\/a> com os corretores especializados da Auxiliadora Predial.<\/p>\n","protected":false},"excerpt":{"rendered":"<p>No dia 27 de agosto, celebramos o Dia do Corretor de Im\u00f3veis, uma data que vai al\u00e9m de simples comemora\u00e7\u00f5es. \u00c9 uma oportunidade para reconhecer o trabalho desses profissionais que atuam como verdadeiros guias em um dos momentos mais importantes da vida das pessoas: a aquisi\u00e7\u00e3o de um lar. Por isso, vamos explorar n\u00e3o apenas [&hellip;]<\/p>\n","protected":false},"author":16,"featured_media":15477,"comment_status":"open","ping_status":"open","sticky":false,"template":"","format":"standard","meta":{"footnotes":""},"categories":[306],"tags":[865,1367,864,1366],"class_list":["post-15474","post","type-post","status-publish","format-standard","has-post-thumbnail","hentry","category-mercado-imobiliario","tag-corretor","tag-corretor-de-imoveis","tag-corretor-de-imovel","tag-dia-do-corretor-de-imoveis"],"yoast_head":"<!-- This site is optimized with the Yoast SEO plugin v27.3 - https:\/\/yoast.com\/product\/yoast-seo-wordpress\/ -->\n<title>Dia do Corretor de Im\u00f3veis: qual a import\u00e2ncia da profiss\u00e3o? - Blog da Auxiliadora Predial - Tudo sobre im\u00f3veis e condom\u00ednios<\/title>\n<meta name=\"description\" content=\"No dia 27 de agosto, celebramos o Dia do Corretor de Im\u00f3veis. Se voc\u00ea \u00e9 um corretor ou pensa em contar com um, continue lendo e veja como eles fazem a diferen\u00e7a!\" \/>\n<meta name=\"robots\" content=\"index, follow, max-snippet:-1, max-image-preview:large, max-video-preview:-1\" \/>\n<link rel=\"canonical\" href=\"https:\/\/www.auxiliadorapredial.com.br\/blog\/dia-do-corretor-de-imoveis\/\" \/>\n<meta property=\"og:locale\" content=\"pt_BR\" \/>\n<meta property=\"og:type\" content=\"article\" \/>\n<meta property=\"og:title\" content=\"Dia do Corretor de Im\u00f3veis: qual a import\u00e2ncia da profiss\u00e3o? - Blog da Auxiliadora Predial - Tudo sobre im\u00f3veis e condom\u00ednios\" \/>\n<meta property=\"og:description\" content=\"No dia 27 de agosto, celebramos o Dia do Corretor de Im\u00f3veis. Se voc\u00ea \u00e9 um corretor ou pensa em contar com um, continue lendo e veja como eles fazem a diferen\u00e7a!\" \/>\n<meta property=\"og:url\" content=\"https:\/\/www.auxiliadorapredial.com.br\/blog\/dia-do-corretor-de-imoveis\/\" \/>\n<meta property=\"og:site_name\" content=\"Blog da Auxiliadora Predial - Tudo sobre im\u00f3veis e condom\u00ednios\" \/>\n<meta property=\"article:published_time\" content=\"2024-08-26T11:30:47+00:00\" \/>\n<meta property=\"article:modified_time\" content=\"2024-08-26T11:34:40+00:00\" \/>\n<meta property=\"og:image\" content=\"https:\/\/www.auxiliadorapredial.com.br\/blog\/wp-content\/uploads\/dia-do-corretor-de-imoveis.jpg\" \/>\n\t<meta property=\"og:image:width\" content=\"996\" \/>\n\t<meta property=\"og:image:height\" content=\"665\" \/>\n\t<meta property=\"og:image:type\" content=\"image\/jpeg\" \/>\n<meta name=\"author\" content=\"Jose Augusto de Oliveira Macedo Bastos\" \/>\n<meta name=\"twitter:card\" content=\"summary_large_image\" \/>\n<meta name=\"twitter:label1\" content=\"Escrito por\" \/>\n\t<meta name=\"twitter:data1\" content=\"Jose Augusto de Oliveira Macedo Bastos\" \/>\n\t<meta name=\"twitter:label2\" content=\"Est. tempo de leitura\" \/>\n\t<meta name=\"twitter:data2\" content=\"6 minutos\" \/>\n<script type=\"application\/ld+json\" class=\"yoast-schema-graph\">{\"@context\":\"https:\\\/\\\/schema.org\",\"@graph\":[{\"@type\":\"Article\",\"@id\":\"https:\\\/\\\/www.auxiliadorapredial.com.br\\\/blog\\\/dia-do-corretor-de-imoveis\\\/#article\",\"isPartOf\":{\"@id\":\"https:\\\/\\\/www.auxiliadorapredial.com.br\\\/blog\\\/dia-do-corretor-de-imoveis\\\/\"},\"author\":{\"name\":\"Jose Augusto de Oliveira Macedo Bastos\",\"@id\":\"https:\\\/\\\/www.auxiliadorapredial.com.br\\\/blog\\\/#\\\/schema\\\/person\\\/2511834935645e20c5e46ad243ab4080\"},\"headline\":\"Dia do Corretor de Im\u00f3veis: qual a import\u00e2ncia da profiss\u00e3o?\",\"datePublished\":\"2024-08-26T11:30:47+00:00\",\"dateModified\":\"2024-08-26T11:34:40+00:00\",\"mainEntityOfPage\":{\"@id\":\"https:\\\/\\\/www.auxiliadorapredial.com.br\\\/blog\\\/dia-do-corretor-de-imoveis\\\/\"},\"wordCount\":1066,\"commentCount\":0,\"image\":{\"@id\":\"https:\\\/\\\/www.auxiliadorapredial.com.br\\\/blog\\\/dia-do-corretor-de-imoveis\\\/#primaryimage\"},\"thumbnailUrl\":\"https:\\\/\\\/www.auxiliadorapredial.com.br\\\/blog\\\/wp-content\\\/uploads\\\/dia-do-corretor-de-imoveis.jpg\",\"keywords\":[\"corretor\",\"corretor de im\u00f3veis\",\"corretor de im\u00f3vel\",\"dia do corretor de im\u00f3veis\"],\"articleSection\":[\"Mercado Imobili\u00e1rio\"],\"inLanguage\":\"pt-BR\",\"potentialAction\":[{\"@type\":\"CommentAction\",\"name\":\"Comment\",\"target\":[\"https:\\\/\\\/www.auxiliadorapredial.com.br\\\/blog\\\/dia-do-corretor-de-imoveis\\\/#respond\"]}]},{\"@type\":\"WebPage\",\"@id\":\"https:\\\/\\\/www.auxiliadorapredial.com.br\\\/blog\\\/dia-do-corretor-de-imoveis\\\/\",\"url\":\"https:\\\/\\\/www.auxiliadorapredial.com.br\\\/blog\\\/dia-do-corretor-de-imoveis\\\/\",\"name\":\"Dia do Corretor de Im\u00f3veis: qual a import\u00e2ncia da profiss\u00e3o? - Blog da Auxiliadora Predial - Tudo sobre im\u00f3veis e condom\u00ednios\",\"isPartOf\":{\"@id\":\"https:\\\/\\\/www.auxiliadorapredial.com.br\\\/blog\\\/#website\"},\"primaryImageOfPage\":{\"@id\":\"https:\\\/\\\/www.auxiliadorapredial.com.br\\\/blog\\\/dia-do-corretor-de-imoveis\\\/#primaryimage\"},\"image\":{\"@id\":\"https:\\\/\\\/www.auxiliadorapredial.com.br\\\/blog\\\/dia-do-corretor-de-imoveis\\\/#primaryimage\"},\"thumbnailUrl\":\"https:\\\/\\\/www.auxiliadorapredial.com.br\\\/blog\\\/wp-content\\\/uploads\\\/dia-do-corretor-de-imoveis.jpg\",\"datePublished\":\"2024-08-26T11:30:47+00:00\",\"dateModified\":\"2024-08-26T11:34:40+00:00\",\"author\":{\"@id\":\"https:\\\/\\\/www.auxiliadorapredial.com.br\\\/blog\\\/#\\\/schema\\\/person\\\/2511834935645e20c5e46ad243ab4080\"},\"description\":\"No dia 27 de agosto, celebramos o Dia do Corretor de Im\u00f3veis. Se voc\u00ea \u00e9 um corretor ou pensa em contar com um, continue lendo e veja como eles fazem a diferen\u00e7a!\",\"inLanguage\":\"pt-BR\",\"potentialAction\":[{\"@type\":\"ReadAction\",\"target\":[\"https:\\\/\\\/www.auxiliadorapredial.com.br\\\/blog\\\/dia-do-corretor-de-imoveis\\\/\"]}]},{\"@type\":\"ImageObject\",\"inLanguage\":\"pt-BR\",\"@id\":\"https:\\\/\\\/www.auxiliadorapredial.com.br\\\/blog\\\/dia-do-corretor-de-imoveis\\\/#primaryimage\",\"url\":\"https:\\\/\\\/www.auxiliadorapredial.com.br\\\/blog\\\/wp-content\\\/uploads\\\/dia-do-corretor-de-imoveis.jpg\",\"contentUrl\":\"https:\\\/\\\/www.auxiliadorapredial.com.br\\\/blog\\\/wp-content\\\/uploads\\\/dia-do-corretor-de-imoveis.jpg\",\"width\":996,\"height\":665,\"caption\":\"Dia do Corretor de Im\u00f3veis: qual a import\u00e2ncia da profiss\u00e3o?\"},{\"@type\":\"WebSite\",\"@id\":\"https:\\\/\\\/www.auxiliadorapredial.com.br\\\/blog\\\/#website\",\"url\":\"https:\\\/\\\/www.auxiliadorapredial.com.br\\\/blog\\\/\",\"name\":\"Blog da Auxiliadora Predial - Tudo sobre im\u00f3veis e condom\u00ednios\",\"description\":\"Dicas da Auxiliadora Predial sobre aluguel, compra e venda de im\u00f3veis, al\u00e9m de condom\u00ednios. Imobili\u00e1ria em Porto Alegre e interior do RS, Santa Catarina e S\u00e3o Paulo.\",\"potentialAction\":[{\"@type\":\"SearchAction\",\"target\":{\"@type\":\"EntryPoint\",\"urlTemplate\":\"https:\\\/\\\/www.auxiliadorapredial.com.br\\\/blog\\\/?s={search_term_string}\"},\"query-input\":{\"@type\":\"PropertyValueSpecification\",\"valueRequired\":true,\"valueName\":\"search_term_string\"}}],\"inLanguage\":\"pt-BR\"},{\"@type\":\"Person\",\"@id\":\"https:\\\/\\\/www.auxiliadorapredial.com.br\\\/blog\\\/#\\\/schema\\\/person\\\/2511834935645e20c5e46ad243ab4080\",\"name\":\"Jose Augusto de Oliveira Macedo Bastos\",\"image\":{\"@type\":\"ImageObject\",\"inLanguage\":\"pt-BR\",\"@id\":\"https:\\\/\\\/secure.gravatar.com\\\/avatar\\\/14f51b6eec5d6197e8864756cb08ba6347bd729658473d07340f4c28be00b279?s=96&d=mm&r=g\",\"url\":\"https:\\\/\\\/secure.gravatar.com\\\/avatar\\\/14f51b6eec5d6197e8864756cb08ba6347bd729658473d07340f4c28be00b279?s=96&d=mm&r=g\",\"contentUrl\":\"https:\\\/\\\/secure.gravatar.com\\\/avatar\\\/14f51b6eec5d6197e8864756cb08ba6347bd729658473d07340f4c28be00b279?s=96&d=mm&r=g\",\"caption\":\"Jose Augusto de Oliveira Macedo Bastos\"}}]}<\/script>\n<!-- \/ Yoast SEO plugin. -->","yoast_head_json":{"title":"Dia do Corretor de Im\u00f3veis: qual a import\u00e2ncia da profiss\u00e3o? - Blog da Auxiliadora Predial - Tudo sobre im\u00f3veis e condom\u00ednios","description":"No dia 27 de agosto, celebramos o Dia do Corretor de Im\u00f3veis. Se voc\u00ea \u00e9 um corretor ou pensa em contar com um, continue lendo e veja como eles fazem a diferen\u00e7a!","robots":{"index":"index","follow":"follow","max-snippet":"max-snippet:-1","max-image-preview":"max-image-preview:large","max-video-preview":"max-video-preview:-1"},"canonical":"https:\/\/www.auxiliadorapredial.com.br\/blog\/dia-do-corretor-de-imoveis\/","og_locale":"pt_BR","og_type":"article","og_title":"Dia do Corretor de Im\u00f3veis: qual a import\u00e2ncia da profiss\u00e3o? - Blog da Auxiliadora Predial - Tudo sobre im\u00f3veis e condom\u00ednios","og_description":"No dia 27 de agosto, celebramos o Dia do Corretor de Im\u00f3veis. Se voc\u00ea \u00e9 um corretor ou pensa em contar com um, continue lendo e veja como eles fazem a diferen\u00e7a!","og_url":"https:\/\/www.auxiliadorapredial.com.br\/blog\/dia-do-corretor-de-imoveis\/","og_site_name":"Blog da Auxiliadora Predial - Tudo sobre im\u00f3veis e condom\u00ednios","article_published_time":"2024-08-26T11:30:47+00:00","article_modified_time":"2024-08-26T11:34:40+00:00","og_image":[{"width":996,"height":665,"url":"https:\/\/www.auxiliadorapredial.com.br\/blog\/wp-content\/uploads\/dia-do-corretor-de-imoveis.jpg","type":"image\/jpeg"}],"author":"Jose Augusto de Oliveira Macedo Bastos","twitter_card":"summary_large_image","twitter_misc":{"Escrito por":"Jose Augusto de Oliveira Macedo Bastos","Est. tempo de leitura":"6 minutos"},"schema":{"@context":"https:\/\/schema.org","@graph":[{"@type":"Article","@id":"https:\/\/www.auxiliadorapredial.com.br\/blog\/dia-do-corretor-de-imoveis\/#article","isPartOf":{"@id":"https:\/\/www.auxiliadorapredial.com.br\/blog\/dia-do-corretor-de-imoveis\/"},"author":{"name":"Jose Augusto de Oliveira Macedo Bastos","@id":"https:\/\/www.auxiliadorapredial.com.br\/blog\/#\/schema\/person\/2511834935645e20c5e46ad243ab4080"},"headline":"Dia do Corretor de Im\u00f3veis: qual a import\u00e2ncia da profiss\u00e3o?","datePublished":"2024-08-26T11:30:47+00:00","dateModified":"2024-08-26T11:34:40+00:00","mainEntityOfPage":{"@id":"https:\/\/www.auxiliadorapredial.com.br\/blog\/dia-do-corretor-de-imoveis\/"},"wordCount":1066,"commentCount":0,"image":{"@id":"https:\/\/www.auxiliadorapredial.com.br\/blog\/dia-do-corretor-de-imoveis\/#primaryimage"},"thumbnailUrl":"https:\/\/www.auxiliadorapredial.com.br\/blog\/wp-content\/uploads\/dia-do-corretor-de-imoveis.jpg","keywords":["corretor","corretor de im\u00f3veis","corretor de im\u00f3vel","dia do corretor de im\u00f3veis"],"articleSection":["Mercado Imobili\u00e1rio"],"inLanguage":"pt-BR","potentialAction":[{"@type":"CommentAction","name":"Comment","target":["https:\/\/www.auxiliadorapredial.com.br\/blog\/dia-do-corretor-de-imoveis\/#respond"]}]},{"@type":"WebPage","@id":"https:\/\/www.auxiliadorapredial.com.br\/blog\/dia-do-corretor-de-imoveis\/","url":"https:\/\/www.auxiliadorapredial.com.br\/blog\/dia-do-corretor-de-imoveis\/","name":"Dia do Corretor de Im\u00f3veis: qual a import\u00e2ncia da profiss\u00e3o? - Blog da Auxiliadora Predial - Tudo sobre im\u00f3veis e condom\u00ednios","isPartOf":{"@id":"https:\/\/www.auxiliadorapredial.com.br\/blog\/#website"},"primaryImageOfPage":{"@id":"https:\/\/www.auxiliadorapredial.com.br\/blog\/dia-do-corretor-de-imoveis\/#primaryimage"},"image":{"@id":"https:\/\/www.auxiliadorapredial.com.br\/blog\/dia-do-corretor-de-imoveis\/#primaryimage"},"thumbnailUrl":"https:\/\/www.auxiliadorapredial.com.br\/blog\/wp-content\/uploads\/dia-do-corretor-de-imoveis.jpg","datePublished":"2024-08-26T11:30:47+00:00","dateModified":"2024-08-26T11:34:40+00:00","author":{"@id":"https:\/\/www.auxiliadorapredial.com.br\/blog\/#\/schema\/person\/2511834935645e20c5e46ad243ab4080"},"description":"No dia 27 de agosto, celebramos o Dia do Corretor de Im\u00f3veis. Se voc\u00ea \u00e9 um corretor ou pensa em contar com um, continue lendo e veja como eles fazem a diferen\u00e7a!","inLanguage":"pt-BR","potentialAction":[{"@type":"ReadAction","target":["https:\/\/www.auxiliadorapredial.com.br\/blog\/dia-do-corretor-de-imoveis\/"]}]},{"@type":"ImageObject","inLanguage":"pt-BR","@id":"https:\/\/www.auxiliadorapredial.com.br\/blog\/dia-do-corretor-de-imoveis\/#primaryimage","url":"https:\/\/www.auxiliadorapredial.com.br\/blog\/wp-content\/uploads\/dia-do-corretor-de-imoveis.jpg","contentUrl":"https:\/\/www.auxiliadorapredial.com.br\/blog\/wp-content\/uploads\/dia-do-corretor-de-imoveis.jpg","width":996,"height":665,"caption":"Dia do Corretor de Im\u00f3veis: qual a import\u00e2ncia da profiss\u00e3o?"},{"@type":"WebSite","@id":"https:\/\/www.auxiliadorapredial.com.br\/blog\/#website","url":"https:\/\/www.auxiliadorapredial.com.br\/blog\/","name":"Blog da Auxiliadora Predial - Tudo sobre im\u00f3veis e condom\u00ednios","description":"Dicas da Auxiliadora Predial sobre aluguel, compra e venda de im\u00f3veis, al\u00e9m de condom\u00ednios. Imobili\u00e1ria em Porto Alegre e interior do RS, Santa Catarina e S\u00e3o Paulo.","potentialAction":[{"@type":"SearchAction","target":{"@type":"EntryPoint","urlTemplate":"https:\/\/www.auxiliadorapredial.com.br\/blog\/?s={search_term_string}"},"query-input":{"@type":"PropertyValueSpecification","valueRequired":true,"valueName":"search_term_string"}}],"inLanguage":"pt-BR"},{"@type":"Person","@id":"https:\/\/www.auxiliadorapredial.com.br\/blog\/#\/schema\/person\/2511834935645e20c5e46ad243ab4080","name":"Jose Augusto de Oliveira Macedo Bastos","image":{"@type":"ImageObject","inLanguage":"pt-BR","@id":"https:\/\/secure.gravatar.com\/avatar\/14f51b6eec5d6197e8864756cb08ba6347bd729658473d07340f4c28be00b279?s=96&d=mm&r=g","url":"https:\/\/secure.gravatar.com\/avatar\/14f51b6eec5d6197e8864756cb08ba6347bd729658473d07340f4c28be00b279?s=96&d=mm&r=g","contentUrl":"https:\/\/secure.gravatar.com\/avatar\/14f51b6eec5d6197e8864756cb08ba6347bd729658473d07340f4c28be00b279?s=96&d=mm&r=g","caption":"Jose Augusto de Oliveira Macedo Bastos"}}]}},"views":2472,"_links":{"self":[{"href":"https:\/\/www.auxiliadorapredial.com.br\/blog\/wp-json\/wp\/v2\/posts\/15474","targetHints":{"allow":["GET"]}}],"collection":[{"href":"https:\/\/www.auxiliadorapredial.com.br\/blog\/wp-json\/wp\/v2\/posts"}],"about":[{"href":"https:\/\/www.auxiliadorapredial.com.br\/blog\/wp-json\/wp\/v2\/types\/post"}],"author":[{"embeddable":true,"href":"https:\/\/www.auxiliadorapredial.com.br\/blog\/wp-json\/wp\/v2\/users\/16"}],"replies":[{"embeddable":true,"href":"https:\/\/www.auxiliadorapredial.com.br\/blog\/wp-json\/wp\/v2\/comments?post=15474"}],"version-history":[{"count":2,"href":"https:\/\/www.auxiliadorapredial.com.br\/blog\/wp-json\/wp\/v2\/posts\/15474\/revisions"}],"predecessor-version":[{"id":15480,"href":"https:\/\/www.auxiliadorapredial.com.br\/blog\/wp-json\/wp\/v2\/posts\/15474\/revisions\/15480"}],"wp:featuredmedia":[{"embeddable":true,"href":"https:\/\/www.auxiliadorapredial.com.br\/blog\/wp-json\/wp\/v2\/media\/15477"}],"wp:attachment":[{"href":"https:\/\/www.auxiliadorapredial.com.br\/blog\/wp-json\/wp\/v2\/media?parent=15474"}],"wp:term":[{"taxonomy":"category","embeddable":true,"href":"https:\/\/www.auxiliadorapredial.com.br\/blog\/wp-json\/wp\/v2\/categories?post=15474"},{"taxonomy":"post_tag","embeddable":true,"href":"https:\/\/www.auxiliadorapredial.com.br\/blog\/wp-json\/wp\/v2\/tags?post=15474"}],"curies":[{"name":"wp","href":"https:\/\/api.w.org\/{rel}","templated":true}]}}