{"id":15506,"date":"2024-09-30T08:00:00","date_gmt":"2024-09-30T11:00:00","guid":{"rendered":"https:\/\/www.auxiliadorapredial.com.br\/blog\/?p=15506"},"modified":"2024-09-04T09:05:20","modified_gmt":"2024-09-04T12:05:20","slug":"mudancas-mcmv","status":"publish","type":"post","link":"https:\/\/www.auxiliadorapredial.com.br\/blog\/mudancas-mcmv\/","title":{"rendered":"Mudan\u00e7as MCMV: como afeta o financiamento?"},"content":{"rendered":"\n<p>As recentes mudan\u00e7as no programa Minha Casa Minha Vida (MCMV) t\u00eam gerado muitas d\u00favidas entre aqueles que buscam financiamento imobili\u00e1rio. Por isso, reunimos as informa\u00e7\u00f5es mais importantes e vamos esclarecer as altera\u00e7\u00f5es e seus impactos, oferecendo um breve guia valioso para facilitar a compreens\u00e3o do tema.&nbsp;<\/p>\n\n\n\n<p>Se voc\u00ea pretendia se cadastrar no programa e est\u00e1 perdido com as novas regras, continue a leitura para entender quais s\u00e3o as mudan\u00e7as no Minha Casa Minha Vida e como elas podem afetar sua jornada rumo \u00e0 <a href=\"https:\/\/www.auxiliadorapredial.com.br\/blog\/como-comprar-um-imovel-7-formas-de-garantir-a-casa-propria\/\">casa pr\u00f3pria<\/a>.<\/p>\n\n\n\n<div id=\"ez-toc-container\" class=\"ez-toc-v2_0_82_2 counter-hierarchy ez-toc-counter ez-toc-transparent ez-toc-container-direction\">\n<p class=\"ez-toc-title\" style=\"cursor:inherit\">Navegue pelo conte\u00fado<\/p>\n<label for=\"ez-toc-cssicon-toggle-item-69f7177f88cf8\" class=\"ez-toc-cssicon-toggle-label\"><span class=\"\"><span class=\"eztoc-hide\" style=\"display:none;\">Toggle<\/span><span class=\"ez-toc-icon-toggle-span\"><svg style=\"fill: #000000;color:#000000\" xmlns=\"http:\/\/www.w3.org\/2000\/svg\" class=\"list-377408\" width=\"20px\" height=\"20px\" viewBox=\"0 0 24 24\" fill=\"none\"><path d=\"M6 6H4v2h2V6zm14 0H8v2h12V6zM4 11h2v2H4v-2zm16 0H8v2h12v-2zM4 16h2v2H4v-2zm16 0H8v2h12v-2z\" fill=\"currentColor\"><\/path><\/svg><svg style=\"fill: #000000;color:#000000\" class=\"arrow-unsorted-368013\" xmlns=\"http:\/\/www.w3.org\/2000\/svg\" width=\"10px\" height=\"10px\" viewBox=\"0 0 24 24\" version=\"1.2\" baseProfile=\"tiny\"><path d=\"M18.2 9.3l-6.2-6.3-6.2 6.3c-.2.2-.3.4-.3.7s.1.5.3.7c.2.2.4.3.7.3h11c.3 0 .5-.1.7-.3.2-.2.3-.5.3-.7s-.1-.5-.3-.7zM5.8 14.7l6.2 6.3 6.2-6.3c.2-.2.3-.5.3-.7s-.1-.5-.3-.7c-.2-.2-.4-.3-.7-.3h-11c-.3 0-.5.1-.7.3-.2.2-.3.5-.3.7s.1.5.3.7z\"\/><\/svg><\/span><\/span><\/label><input type=\"checkbox\"  id=\"ez-toc-cssicon-toggle-item-69f7177f88cf8\"  aria-label=\"Alternar\" \/><nav><ul class='ez-toc-list ez-toc-list-level-1 ' ><li class='ez-toc-page-1 ez-toc-heading-level-2'><a class=\"ez-toc-link ez-toc-heading-1\" href=\"https:\/\/www.auxiliadorapredial.com.br\/blog\/mudancas-mcmv\/#O_que_e_o_Minha_Casa_Minha_Vida\" >O que \u00e9 o Minha Casa Minha Vida?<\/a><\/li><li class='ez-toc-page-1 ez-toc-heading-level-2'><a class=\"ez-toc-link ez-toc-heading-2\" href=\"https:\/\/www.auxiliadorapredial.com.br\/blog\/mudancas-mcmv\/#Quais_sao_as_mudancas_no_Minha_Casa_Minha_Vida\" >Quais s\u00e3o as mudan\u00e7as no Minha Casa Minha Vida?<\/a><ul class='ez-toc-list-level-3' ><li class='ez-toc-heading-level-3'><a class=\"ez-toc-link ez-toc-heading-3\" href=\"https:\/\/www.auxiliadorapredial.com.br\/blog\/mudancas-mcmv\/#1_Novas_faixas_de_renda\" >1. Novas faixas de renda<\/a><\/li><li class='ez-toc-page-1 ez-toc-heading-level-3'><a class=\"ez-toc-link ez-toc-heading-4\" href=\"https:\/\/www.auxiliadorapredial.com.br\/blog\/mudancas-mcmv\/#2_Ajustes_nas_condicoes_de_financiamento\" >2. Ajustes nas condi\u00e7\u00f5es de financiamento<\/a><\/li><\/ul><\/li><li class='ez-toc-page-1 ez-toc-heading-level-2'><a class=\"ez-toc-link ez-toc-heading-5\" href=\"https:\/\/www.auxiliadorapredial.com.br\/blog\/mudancas-mcmv\/#Como_as_mudancas_impactam_o_financiamento\" >Como as mudan\u00e7as impactam o financiamento?<\/a><\/li><\/ul><\/nav><\/div>\n<h2 class=\"wp-block-heading\"><span class=\"ez-toc-section\" id=\"O_que_e_o_Minha_Casa_Minha_Vida\"><\/span><strong>O que \u00e9 o Minha Casa Minha Vida?<\/strong><span class=\"ez-toc-section-end\"><\/span><\/h2>\n\n\n\n<p>O Minha Casa Minha Vida (MCMV) \u00e9 um programa criado pelo governo federal em 2009 para facilitar o acesso \u00e0 casa pr\u00f3pria para fam\u00edlias de baixa e m\u00e9dia renda no Brasil. Como pol\u00edtica p\u00fablica, seu objetivo principal \u00e9 reduzir o d\u00e9ficit habitacional, oferecendo condi\u00e7\u00f5es de financiamento mais acess\u00edveis para a compra de im\u00f3veis em \u00e1reas urbanas e rurais.<\/p>\n\n\n\n<p>Seja para a compra de im\u00f3veis novos, usados ou ainda na planta, o programa oferece subs\u00eddios e condi\u00e7\u00f5es especiais para a compra do primeiro im\u00f3vel, como taxas de juros menores e prazos de pagamento mais longos. Para estar apto \u00e0 participar do MCMV, \u00e9 necess\u00e1rio se encaixar em uma das tr\u00eas faixas de renda estipuladas. Dessa forma, fam\u00edlias que, de outra maneira, n\u00e3o teriam acesso \u00e0 casa pr\u00f3pria podem realizar esse sonho.<\/p>\n\n\n\n<p>As mudan\u00e7as no programa Minha Casa Minha Vida s\u00e3o definidas e implementadas pelo Governo Federal, mais especificamente pelo Minist\u00e9rio das Cidades. \u00c9 este \u00f3rg\u00e3o que estabelece as regras, as condi\u00e7\u00f5es de financiamento, as faixas de renda e as demais diretrizes do programa.<\/p>\n\n\n\n<figure class=\"wp-block-image size-full\"><img fetchpriority=\"high\" decoding=\"async\" width=\"996\" height=\"663\" src=\"https:\/\/www.auxiliadorapredial.com.br\/blog\/wp-content\/uploads\/mudancas-mcmv-1.jpg\" alt=\"Mudan\u00e7as MCMV: como afeta o financiamento?\" class=\"wp-image-15507\" srcset=\"https:\/\/www.auxiliadorapredial.com.br\/blog\/wp-content\/uploads\/mudancas-mcmv-1.jpg 996w, https:\/\/www.auxiliadorapredial.com.br\/blog\/wp-content\/uploads\/mudancas-mcmv-1-300x200.jpg 300w, https:\/\/www.auxiliadorapredial.com.br\/blog\/wp-content\/uploads\/mudancas-mcmv-1-768x511.jpg 768w\" sizes=\"(max-width: 996px) 100vw, 996px\" \/><\/figure>\n\n\n\n<h2 class=\"wp-block-heading\"><span class=\"ez-toc-section\" id=\"Quais_sao_as_mudancas_no_Minha_Casa_Minha_Vida\"><\/span><strong>Quais s\u00e3o as mudan\u00e7as no Minha Casa Minha Vida?<\/strong><span class=\"ez-toc-section-end\"><\/span><\/h2>\n\n\n\n<p>N\u00e3o \u00e9 de hoje que o MCMV sofre revis\u00f5es, desde o seu lan\u00e7amento em 2009, j\u00e1 passou por v\u00e1rias mudan\u00e7as, incluindo at\u00e9 mesmo seu nome durante o governo anterior. Em agosto de 2024 o programa Minha Casa, Minha Vida passou por importantes atualiza\u00e7\u00f5es nos \u00faltimos meses, com a publica\u00e7\u00e3o da <a href=\"https:\/\/www.gov.br\/cidades\/pt-br\/assuntos\/noticias-1\/governo-federal-anuncia-novos-limites-de-renda-do-mcmv\" target=\"_blank\" rel=\"noreferrer noopener\">Portaria MCID n\u00ba 786<\/a> e da <a href=\"https:\/\/www.gov.br\/cidades\/pt-br\/assuntos\/noticias-1\/ministerio-das-cidades-altera-condicoes-para-financiamento-de-imoveis-usados-no-ambito-do-programa-minha-casa-minha-vida\" target=\"_blank\" rel=\"noreferrer noopener\">Instru\u00e7\u00e3o Normativa n\u00ba 17<\/a>. Entenda melhor cada uma delas:<\/p>\n\n\n\n<h3 class=\"wp-block-heading\"><span class=\"ez-toc-section\" id=\"1_Novas_faixas_de_renda\"><\/span><strong>1. Novas faixas de renda<\/strong><span class=\"ez-toc-section-end\"><\/span><\/h3>\n\n\n\n<p>Publicada em 9 de agosto no Di\u00e1rio Oficial da Uni\u00e3o, a <a href=\"https:\/\/www.auxiliadorapredial.com.br\/blog\/portaria-em-condominios\/\">Portaria<\/a> MCID n\u00ba 786, de 1\u00ba de agosto de 2024 traz a revis\u00e3o das faixas de renda para enquadramento nas linhas subsidiadas do programa, confira:<\/p>\n\n\n\n<ul class=\"wp-block-list\">\n<li><strong>\u00c1reas urbanas<\/strong>:\n<ul class=\"wp-block-list\">\n<li>Faixa 1: renda mensal bruta familiar at\u00e9 R$ 2.850.<\/li>\n\n\n\n<li>Faixa 2: renda mensal bruta familiar entre R$ 2.850,01 e R$ 4.700.<\/li>\n\n\n\n<li>Faixa 3: renda mensal bruta familiar entre R$ 4.700,01 e R$ 8.000.<\/li>\n<\/ul>\n<\/li>\n<\/ul>\n\n\n\n<ul class=\"wp-block-list\">\n<li><strong>\u00c1reas rurais<\/strong>:\n<ul class=\"wp-block-list\">\n<li>Faixa 1: renda anual bruta familiar at\u00e9 R$ 40.000.<\/li>\n\n\n\n<li>Faixa 2: renda anual bruta familiar entre R$ 40.000,01 e R$ 66.600.<\/li>\n\n\n\n<li>Faixa 3: renda anual bruta familiar entre R$ 66.600,01 e R$ 96.000.<\/li>\n<\/ul>\n<\/li>\n<\/ul>\n\n\n\n<h3 class=\"wp-block-heading\"><span class=\"ez-toc-section\" id=\"2_Ajustes_nas_condicoes_de_financiamento\"><\/span><strong>2. Ajustes nas condi\u00e7\u00f5es de financiamento<\/strong><span class=\"ez-toc-section-end\"><\/span><\/h3>\n\n\n\n<p>Al\u00e9m das mudan\u00e7as nos limites de renda, o governo federal tamb\u00e9m publicou a Instru\u00e7\u00e3o Normativa (IN) n\u00ba 17, de 5 de agosto de 2024, que estabelece novas regras para o financiamento de im\u00f3veis usados no \u00e2mbito do programa MCMV.<\/p>\n\n\n\n<p>A maior mudan\u00e7a ocorreu em financiamentos da Faixa 3, o valor m\u00e1ximo para a aquisi\u00e7\u00e3o de im\u00f3veis usados foi reduzido de R$ 350 mil para R$ 270 mil. As expectativas do Minist\u00e9rio das Cidades \u00e9 que essa medida garanta a disponibilidade de recursos para o financiamento de im\u00f3veis novos, priorizando a produ\u00e7\u00e3o habitacional e a acelera\u00e7\u00e3o econ\u00f4mica do pa\u00eds.<\/p>\n\n\n\n<p>Al\u00e9m disso, a IN tamb\u00e9m estabelece diferentes cotas de financiamento para im\u00f3veis usados, dependendo da regi\u00e3o do pa\u00eds. Nas regi\u00f5es Norte, Nordeste e Centro-Oeste, a cota foi fixada em 70%, enquanto nas regi\u00f5es Sul e Sudeste, a cota \u00e9 de 50%. De acordo com a publica\u00e7\u00e3o, essa diferencia\u00e7\u00e3o regional leva em considera\u00e7\u00e3o as din\u00e2micas econ\u00f4micas e de mercado de cada localidade.<\/p>\n\n\n\n<figure class=\"wp-block-image size-full\"><img decoding=\"async\" width=\"996\" height=\"664\" src=\"https:\/\/www.auxiliadorapredial.com.br\/blog\/wp-content\/uploads\/mudancas-mcmv-2.jpg\" alt=\"Mudan\u00e7as MCMV: como afeta o financiamento?\" class=\"wp-image-15508\" srcset=\"https:\/\/www.auxiliadorapredial.com.br\/blog\/wp-content\/uploads\/mudancas-mcmv-2.jpg 996w, https:\/\/www.auxiliadorapredial.com.br\/blog\/wp-content\/uploads\/mudancas-mcmv-2-300x200.jpg 300w, https:\/\/www.auxiliadorapredial.com.br\/blog\/wp-content\/uploads\/mudancas-mcmv-2-768x512.jpg 768w\" sizes=\"(max-width: 996px) 100vw, 996px\" \/><\/figure>\n\n\n\n<h2 class=\"wp-block-heading\"><span class=\"ez-toc-section\" id=\"Como_as_mudancas_impactam_o_financiamento\"><\/span><strong>Como as mudan\u00e7as impactam o financiamento?<\/strong><span class=\"ez-toc-section-end\"><\/span><\/h2>\n\n\n\n<p>Em resumo, as mudan\u00e7as no MCMV visam ampliar o acesso \u00e0 moradia, priorizar a produ\u00e7\u00e3o de im\u00f3veis novos e consideram as especificidades regionais, refor\u00e7ando o papel do programa como uma pol\u00edtica p\u00fablica essencial para a redu\u00e7\u00e3o do d\u00e9ficit habitacional e a promo\u00e7\u00e3o da inclus\u00e3o social no Brasil.<\/p>\n\n\n\n<p>A inten\u00e7\u00e3o \u00e9 de que o reajuste no teto da renda familiar para enquadramento em cada uma das faixas do programa garanta que ainda mais fam\u00edlias possam realizar seu sonho de ter um lar. Enquanto as novas regras para o financiamento da Faixa 3, de im\u00f3veis usados, busca desacelerar essas transa\u00e7\u00f5es, priorizando a constru\u00e7\u00e3o de novas unidades para os benefici\u00e1rios.<\/p>\n\n\n\n<p>Essa prioridade pela produ\u00e7\u00e3o de im\u00f3veis novos vem para impulsionar o setor da constru\u00e7\u00e3o civil, gerando empregos e movimentando a economia. Al\u00e9m disso, a diferencia\u00e7\u00e3o regional nas cotas de financiamento para im\u00f3veis usados permite uma aloca\u00e7\u00e3o mais eficiente dos recursos do programa, adaptando-se \u00e0s realidades de cada localidade e atendendo as demandas habitacionais do pa\u00eds.<\/p>\n\n\n\n<p>Esperamos que este guia tenha esclarecido as recentes mudan\u00e7as no MCMV e como elas podem impactar sua jornada em busca da casa pr\u00f3pria. Para continuar informado sobre as novidades no setor imobili\u00e1rio e acessar mais conte\u00fados e dicas \u00fateis, convidamos voc\u00ea a explorar o <a href=\"https:\/\/www.auxiliadorapredial.com.br\/blog\" target=\"_blank\" rel=\"noreferrer noopener\">nosso Blog<\/a>. Estamos aqui para ajudar voc\u00ea a encontrar as melhores oportunidades e realizar o sonho da casa pr\u00f3pria.<\/p>\n","protected":false},"excerpt":{"rendered":"<p>Se voc\u00ea pretende se cadastrar no programa, continue a leitura para entender quais s\u00e3o as mudan\u00e7as no Minha Casa Minha Vida.<\/p>\n","protected":false},"author":16,"featured_media":15509,"comment_status":"open","ping_status":"open","sticky":false,"template":"","format":"standard","meta":{"footnotes":""},"categories":[307],"tags":[157,158,1380,1379,1378],"class_list":["post-15506","post","type-post","status-publish","format-standard","has-post-thumbnail","hentry","category-meu-lar","tag-mcmv","tag-minha-casa-minha-vida","tag-mudanca-mcmv","tag-mudancas-mcmv","tag-mudancas-minha-casa-minha-vida"],"yoast_head":"<!-- This site is optimized with the Yoast SEO plugin v27.3 - https:\/\/yoast.com\/product\/yoast-seo-wordpress\/ -->\n<title>Mudan\u00e7as MCMV: como afeta o financiamento? - Blog da Auxiliadora Predial - Tudo sobre im\u00f3veis e condom\u00ednios<\/title>\n<meta name=\"description\" content=\"Se voc\u00ea pretende se cadastrar no programa, continue a leitura para entender quais s\u00e3o as mudan\u00e7as no Minha Casa Minha Vida.\" \/>\n<meta name=\"robots\" content=\"index, follow, max-snippet:-1, max-image-preview:large, max-video-preview:-1\" \/>\n<link rel=\"canonical\" href=\"https:\/\/www.auxiliadorapredial.com.br\/blog\/mudancas-mcmv\/\" \/>\n<meta property=\"og:locale\" content=\"pt_BR\" \/>\n<meta property=\"og:type\" content=\"article\" \/>\n<meta property=\"og:title\" content=\"Mudan\u00e7as MCMV: como afeta o financiamento? - Blog da Auxiliadora Predial - Tudo sobre im\u00f3veis e condom\u00ednios\" \/>\n<meta property=\"og:description\" content=\"Se voc\u00ea pretende se cadastrar no programa, continue a leitura para entender quais s\u00e3o as mudan\u00e7as no Minha Casa Minha Vida.\" \/>\n<meta property=\"og:url\" content=\"https:\/\/www.auxiliadorapredial.com.br\/blog\/mudancas-mcmv\/\" \/>\n<meta property=\"og:site_name\" content=\"Blog da Auxiliadora Predial - Tudo sobre im\u00f3veis e condom\u00ednios\" \/>\n<meta property=\"article:published_time\" content=\"2024-09-30T11:00:00+00:00\" \/>\n<meta property=\"og:image\" content=\"https:\/\/www.auxiliadorapredial.com.br\/blog\/wp-content\/uploads\/mudancas-mcmv-capa.jpg\" \/>\n\t<meta property=\"og:image:width\" content=\"996\" \/>\n\t<meta property=\"og:image:height\" content=\"664\" \/>\n\t<meta property=\"og:image:type\" content=\"image\/jpeg\" \/>\n<meta name=\"author\" content=\"Jose Augusto de Oliveira Macedo Bastos\" \/>\n<meta name=\"twitter:card\" content=\"summary_large_image\" \/>\n<meta name=\"twitter:label1\" content=\"Escrito por\" \/>\n\t<meta name=\"twitter:data1\" content=\"Jose Augusto de Oliveira Macedo Bastos\" \/>\n\t<meta name=\"twitter:label2\" content=\"Est. tempo de leitura\" \/>\n\t<meta name=\"twitter:data2\" content=\"6 minutos\" \/>\n<script type=\"application\/ld+json\" class=\"yoast-schema-graph\">{\"@context\":\"https:\\\/\\\/schema.org\",\"@graph\":[{\"@type\":\"Article\",\"@id\":\"https:\\\/\\\/www.auxiliadorapredial.com.br\\\/blog\\\/mudancas-mcmv\\\/#article\",\"isPartOf\":{\"@id\":\"https:\\\/\\\/www.auxiliadorapredial.com.br\\\/blog\\\/mudancas-mcmv\\\/\"},\"author\":{\"name\":\"Jose Augusto de Oliveira Macedo Bastos\",\"@id\":\"https:\\\/\\\/www.auxiliadorapredial.com.br\\\/blog\\\/#\\\/schema\\\/person\\\/2511834935645e20c5e46ad243ab4080\"},\"headline\":\"Mudan\u00e7as MCMV: como afeta o financiamento?\",\"datePublished\":\"2024-09-30T11:00:00+00:00\",\"mainEntityOfPage\":{\"@id\":\"https:\\\/\\\/www.auxiliadorapredial.com.br\\\/blog\\\/mudancas-mcmv\\\/\"},\"wordCount\":908,\"commentCount\":0,\"image\":{\"@id\":\"https:\\\/\\\/www.auxiliadorapredial.com.br\\\/blog\\\/mudancas-mcmv\\\/#primaryimage\"},\"thumbnailUrl\":\"https:\\\/\\\/www.auxiliadorapredial.com.br\\\/blog\\\/wp-content\\\/uploads\\\/mudancas-mcmv-capa.jpg\",\"keywords\":[\"mcmv\",\"minha casa minha vida\",\"mudan\u00e7a mcmv\",\"mudan\u00e7as mcmv\",\"mudan\u00e7as minha casa minha vida\"],\"articleSection\":[\"Meu Lar\"],\"inLanguage\":\"pt-BR\",\"potentialAction\":[{\"@type\":\"CommentAction\",\"name\":\"Comment\",\"target\":[\"https:\\\/\\\/www.auxiliadorapredial.com.br\\\/blog\\\/mudancas-mcmv\\\/#respond\"]}]},{\"@type\":\"WebPage\",\"@id\":\"https:\\\/\\\/www.auxiliadorapredial.com.br\\\/blog\\\/mudancas-mcmv\\\/\",\"url\":\"https:\\\/\\\/www.auxiliadorapredial.com.br\\\/blog\\\/mudancas-mcmv\\\/\",\"name\":\"Mudan\u00e7as MCMV: como afeta o financiamento? - Blog da Auxiliadora Predial - Tudo sobre im\u00f3veis e condom\u00ednios\",\"isPartOf\":{\"@id\":\"https:\\\/\\\/www.auxiliadorapredial.com.br\\\/blog\\\/#website\"},\"primaryImageOfPage\":{\"@id\":\"https:\\\/\\\/www.auxiliadorapredial.com.br\\\/blog\\\/mudancas-mcmv\\\/#primaryimage\"},\"image\":{\"@id\":\"https:\\\/\\\/www.auxiliadorapredial.com.br\\\/blog\\\/mudancas-mcmv\\\/#primaryimage\"},\"thumbnailUrl\":\"https:\\\/\\\/www.auxiliadorapredial.com.br\\\/blog\\\/wp-content\\\/uploads\\\/mudancas-mcmv-capa.jpg\",\"datePublished\":\"2024-09-30T11:00:00+00:00\",\"author\":{\"@id\":\"https:\\\/\\\/www.auxiliadorapredial.com.br\\\/blog\\\/#\\\/schema\\\/person\\\/2511834935645e20c5e46ad243ab4080\"},\"description\":\"Se voc\u00ea pretende se cadastrar no programa, continue a leitura para entender quais s\u00e3o as mudan\u00e7as no Minha Casa Minha Vida.\",\"inLanguage\":\"pt-BR\",\"potentialAction\":[{\"@type\":\"ReadAction\",\"target\":[\"https:\\\/\\\/www.auxiliadorapredial.com.br\\\/blog\\\/mudancas-mcmv\\\/\"]}]},{\"@type\":\"ImageObject\",\"inLanguage\":\"pt-BR\",\"@id\":\"https:\\\/\\\/www.auxiliadorapredial.com.br\\\/blog\\\/mudancas-mcmv\\\/#primaryimage\",\"url\":\"https:\\\/\\\/www.auxiliadorapredial.com.br\\\/blog\\\/wp-content\\\/uploads\\\/mudancas-mcmv-capa.jpg\",\"contentUrl\":\"https:\\\/\\\/www.auxiliadorapredial.com.br\\\/blog\\\/wp-content\\\/uploads\\\/mudancas-mcmv-capa.jpg\",\"width\":996,\"height\":664,\"caption\":\"Mudan\u00e7as MCMV: como afeta o financiamento?\"},{\"@type\":\"WebSite\",\"@id\":\"https:\\\/\\\/www.auxiliadorapredial.com.br\\\/blog\\\/#website\",\"url\":\"https:\\\/\\\/www.auxiliadorapredial.com.br\\\/blog\\\/\",\"name\":\"Blog da Auxiliadora Predial - Tudo sobre im\u00f3veis e condom\u00ednios\",\"description\":\"Dicas da Auxiliadora Predial sobre aluguel, compra e venda de im\u00f3veis, al\u00e9m de condom\u00ednios. Imobili\u00e1ria em Porto Alegre e interior do RS, Santa Catarina e S\u00e3o Paulo.\",\"potentialAction\":[{\"@type\":\"SearchAction\",\"target\":{\"@type\":\"EntryPoint\",\"urlTemplate\":\"https:\\\/\\\/www.auxiliadorapredial.com.br\\\/blog\\\/?s={search_term_string}\"},\"query-input\":{\"@type\":\"PropertyValueSpecification\",\"valueRequired\":true,\"valueName\":\"search_term_string\"}}],\"inLanguage\":\"pt-BR\"},{\"@type\":\"Person\",\"@id\":\"https:\\\/\\\/www.auxiliadorapredial.com.br\\\/blog\\\/#\\\/schema\\\/person\\\/2511834935645e20c5e46ad243ab4080\",\"name\":\"Jose Augusto de Oliveira Macedo Bastos\",\"image\":{\"@type\":\"ImageObject\",\"inLanguage\":\"pt-BR\",\"@id\":\"https:\\\/\\\/secure.gravatar.com\\\/avatar\\\/14f51b6eec5d6197e8864756cb08ba6347bd729658473d07340f4c28be00b279?s=96&d=mm&r=g\",\"url\":\"https:\\\/\\\/secure.gravatar.com\\\/avatar\\\/14f51b6eec5d6197e8864756cb08ba6347bd729658473d07340f4c28be00b279?s=96&d=mm&r=g\",\"contentUrl\":\"https:\\\/\\\/secure.gravatar.com\\\/avatar\\\/14f51b6eec5d6197e8864756cb08ba6347bd729658473d07340f4c28be00b279?s=96&d=mm&r=g\",\"caption\":\"Jose Augusto de Oliveira Macedo Bastos\"}}]}<\/script>\n<!-- \/ Yoast SEO plugin. -->","yoast_head_json":{"title":"Mudan\u00e7as MCMV: como afeta o financiamento? - Blog da Auxiliadora Predial - Tudo sobre im\u00f3veis e condom\u00ednios","description":"Se voc\u00ea pretende se cadastrar no programa, continue a leitura para entender quais s\u00e3o as mudan\u00e7as no Minha Casa Minha Vida.","robots":{"index":"index","follow":"follow","max-snippet":"max-snippet:-1","max-image-preview":"max-image-preview:large","max-video-preview":"max-video-preview:-1"},"canonical":"https:\/\/www.auxiliadorapredial.com.br\/blog\/mudancas-mcmv\/","og_locale":"pt_BR","og_type":"article","og_title":"Mudan\u00e7as MCMV: como afeta o financiamento? - Blog da Auxiliadora Predial - Tudo sobre im\u00f3veis e condom\u00ednios","og_description":"Se voc\u00ea pretende se cadastrar no programa, continue a leitura para entender quais s\u00e3o as mudan\u00e7as no Minha Casa Minha Vida.","og_url":"https:\/\/www.auxiliadorapredial.com.br\/blog\/mudancas-mcmv\/","og_site_name":"Blog da Auxiliadora Predial - Tudo sobre im\u00f3veis e condom\u00ednios","article_published_time":"2024-09-30T11:00:00+00:00","og_image":[{"width":996,"height":664,"url":"https:\/\/www.auxiliadorapredial.com.br\/blog\/wp-content\/uploads\/mudancas-mcmv-capa.jpg","type":"image\/jpeg"}],"author":"Jose Augusto de Oliveira Macedo Bastos","twitter_card":"summary_large_image","twitter_misc":{"Escrito por":"Jose Augusto de Oliveira Macedo Bastos","Est. tempo de leitura":"6 minutos"},"schema":{"@context":"https:\/\/schema.org","@graph":[{"@type":"Article","@id":"https:\/\/www.auxiliadorapredial.com.br\/blog\/mudancas-mcmv\/#article","isPartOf":{"@id":"https:\/\/www.auxiliadorapredial.com.br\/blog\/mudancas-mcmv\/"},"author":{"name":"Jose Augusto de Oliveira Macedo Bastos","@id":"https:\/\/www.auxiliadorapredial.com.br\/blog\/#\/schema\/person\/2511834935645e20c5e46ad243ab4080"},"headline":"Mudan\u00e7as MCMV: como afeta o financiamento?","datePublished":"2024-09-30T11:00:00+00:00","mainEntityOfPage":{"@id":"https:\/\/www.auxiliadorapredial.com.br\/blog\/mudancas-mcmv\/"},"wordCount":908,"commentCount":0,"image":{"@id":"https:\/\/www.auxiliadorapredial.com.br\/blog\/mudancas-mcmv\/#primaryimage"},"thumbnailUrl":"https:\/\/www.auxiliadorapredial.com.br\/blog\/wp-content\/uploads\/mudancas-mcmv-capa.jpg","keywords":["mcmv","minha casa minha vida","mudan\u00e7a mcmv","mudan\u00e7as mcmv","mudan\u00e7as minha casa minha vida"],"articleSection":["Meu Lar"],"inLanguage":"pt-BR","potentialAction":[{"@type":"CommentAction","name":"Comment","target":["https:\/\/www.auxiliadorapredial.com.br\/blog\/mudancas-mcmv\/#respond"]}]},{"@type":"WebPage","@id":"https:\/\/www.auxiliadorapredial.com.br\/blog\/mudancas-mcmv\/","url":"https:\/\/www.auxiliadorapredial.com.br\/blog\/mudancas-mcmv\/","name":"Mudan\u00e7as MCMV: como afeta o financiamento? - Blog da Auxiliadora Predial - Tudo sobre im\u00f3veis e condom\u00ednios","isPartOf":{"@id":"https:\/\/www.auxiliadorapredial.com.br\/blog\/#website"},"primaryImageOfPage":{"@id":"https:\/\/www.auxiliadorapredial.com.br\/blog\/mudancas-mcmv\/#primaryimage"},"image":{"@id":"https:\/\/www.auxiliadorapredial.com.br\/blog\/mudancas-mcmv\/#primaryimage"},"thumbnailUrl":"https:\/\/www.auxiliadorapredial.com.br\/blog\/wp-content\/uploads\/mudancas-mcmv-capa.jpg","datePublished":"2024-09-30T11:00:00+00:00","author":{"@id":"https:\/\/www.auxiliadorapredial.com.br\/blog\/#\/schema\/person\/2511834935645e20c5e46ad243ab4080"},"description":"Se voc\u00ea pretende se cadastrar no programa, continue a leitura para entender quais s\u00e3o as mudan\u00e7as no Minha Casa Minha Vida.","inLanguage":"pt-BR","potentialAction":[{"@type":"ReadAction","target":["https:\/\/www.auxiliadorapredial.com.br\/blog\/mudancas-mcmv\/"]}]},{"@type":"ImageObject","inLanguage":"pt-BR","@id":"https:\/\/www.auxiliadorapredial.com.br\/blog\/mudancas-mcmv\/#primaryimage","url":"https:\/\/www.auxiliadorapredial.com.br\/blog\/wp-content\/uploads\/mudancas-mcmv-capa.jpg","contentUrl":"https:\/\/www.auxiliadorapredial.com.br\/blog\/wp-content\/uploads\/mudancas-mcmv-capa.jpg","width":996,"height":664,"caption":"Mudan\u00e7as MCMV: como afeta o financiamento?"},{"@type":"WebSite","@id":"https:\/\/www.auxiliadorapredial.com.br\/blog\/#website","url":"https:\/\/www.auxiliadorapredial.com.br\/blog\/","name":"Blog da Auxiliadora Predial - Tudo sobre im\u00f3veis e condom\u00ednios","description":"Dicas da Auxiliadora Predial sobre aluguel, compra e venda de im\u00f3veis, al\u00e9m de condom\u00ednios. Imobili\u00e1ria em Porto Alegre e interior do RS, Santa Catarina e S\u00e3o Paulo.","potentialAction":[{"@type":"SearchAction","target":{"@type":"EntryPoint","urlTemplate":"https:\/\/www.auxiliadorapredial.com.br\/blog\/?s={search_term_string}"},"query-input":{"@type":"PropertyValueSpecification","valueRequired":true,"valueName":"search_term_string"}}],"inLanguage":"pt-BR"},{"@type":"Person","@id":"https:\/\/www.auxiliadorapredial.com.br\/blog\/#\/schema\/person\/2511834935645e20c5e46ad243ab4080","name":"Jose Augusto de Oliveira Macedo Bastos","image":{"@type":"ImageObject","inLanguage":"pt-BR","@id":"https:\/\/secure.gravatar.com\/avatar\/14f51b6eec5d6197e8864756cb08ba6347bd729658473d07340f4c28be00b279?s=96&d=mm&r=g","url":"https:\/\/secure.gravatar.com\/avatar\/14f51b6eec5d6197e8864756cb08ba6347bd729658473d07340f4c28be00b279?s=96&d=mm&r=g","contentUrl":"https:\/\/secure.gravatar.com\/avatar\/14f51b6eec5d6197e8864756cb08ba6347bd729658473d07340f4c28be00b279?s=96&d=mm&r=g","caption":"Jose Augusto de Oliveira Macedo Bastos"}}]}},"views":1513,"_links":{"self":[{"href":"https:\/\/www.auxiliadorapredial.com.br\/blog\/wp-json\/wp\/v2\/posts\/15506","targetHints":{"allow":["GET"]}}],"collection":[{"href":"https:\/\/www.auxiliadorapredial.com.br\/blog\/wp-json\/wp\/v2\/posts"}],"about":[{"href":"https:\/\/www.auxiliadorapredial.com.br\/blog\/wp-json\/wp\/v2\/types\/post"}],"author":[{"embeddable":true,"href":"https:\/\/www.auxiliadorapredial.com.br\/blog\/wp-json\/wp\/v2\/users\/16"}],"replies":[{"embeddable":true,"href":"https:\/\/www.auxiliadorapredial.com.br\/blog\/wp-json\/wp\/v2\/comments?post=15506"}],"version-history":[{"count":1,"href":"https:\/\/www.auxiliadorapredial.com.br\/blog\/wp-json\/wp\/v2\/posts\/15506\/revisions"}],"predecessor-version":[{"id":15510,"href":"https:\/\/www.auxiliadorapredial.com.br\/blog\/wp-json\/wp\/v2\/posts\/15506\/revisions\/15510"}],"wp:featuredmedia":[{"embeddable":true,"href":"https:\/\/www.auxiliadorapredial.com.br\/blog\/wp-json\/wp\/v2\/media\/15509"}],"wp:attachment":[{"href":"https:\/\/www.auxiliadorapredial.com.br\/blog\/wp-json\/wp\/v2\/media?parent=15506"}],"wp:term":[{"taxonomy":"category","embeddable":true,"href":"https:\/\/www.auxiliadorapredial.com.br\/blog\/wp-json\/wp\/v2\/categories?post=15506"},{"taxonomy":"post_tag","embeddable":true,"href":"https:\/\/www.auxiliadorapredial.com.br\/blog\/wp-json\/wp\/v2\/tags?post=15506"}],"curies":[{"name":"wp","href":"https:\/\/api.w.org\/{rel}","templated":true}]}}