{"id":15512,"date":"2024-10-07T08:00:00","date_gmt":"2024-10-07T11:00:00","guid":{"rendered":"https:\/\/www.auxiliadorapredial.com.br\/blog\/?p=15512"},"modified":"2024-09-05T08:51:46","modified_gmt":"2024-09-05T11:51:46","slug":"reforma-tributaria-mercado-imobiliario","status":"publish","type":"post","link":"https:\/\/www.auxiliadorapredial.com.br\/blog\/reforma-tributaria-mercado-imobiliario\/","title":{"rendered":"Reforma tribut\u00e1ria: quais s\u00e3o as mudan\u00e7as no mercado imobili\u00e1rio?"},"content":{"rendered":"\n<p>A reforma tribut\u00e1ria \u00e9 um tema que tem gerado muita discuss\u00e3o e incerteza, principalmente no setor imobili\u00e1rio. Com a aprova\u00e7\u00e3o do primeiro projeto que regulamenta essa reforma, muitas d\u00favidas surgem sobre como as mudan\u00e7as impactar\u00e3o o mercado imobili\u00e1rio e, consequentemente, o bolso dos consumidores.&nbsp;<\/p>\n\n\n\n<p>Neste post, vamos desmistificar o assunto e explicar como a reforma tribut\u00e1ria pode afetar os pre\u00e7os dos im\u00f3veis, o aluguel e o programa Minha Casa Minha Vida. Continue a leitura para saber mais.<\/p>\n\n\n\n<div id=\"ez-toc-container\" class=\"ez-toc-v2_0_82_2 counter-hierarchy ez-toc-counter ez-toc-transparent ez-toc-container-direction\">\n<p class=\"ez-toc-title\" style=\"cursor:inherit\">Navegue pelo conte\u00fado<\/p>\n<label for=\"ez-toc-cssicon-toggle-item-69f70cabc2df3\" class=\"ez-toc-cssicon-toggle-label\"><span class=\"\"><span class=\"eztoc-hide\" style=\"display:none;\">Toggle<\/span><span class=\"ez-toc-icon-toggle-span\"><svg style=\"fill: #000000;color:#000000\" xmlns=\"http:\/\/www.w3.org\/2000\/svg\" class=\"list-377408\" width=\"20px\" height=\"20px\" viewBox=\"0 0 24 24\" fill=\"none\"><path d=\"M6 6H4v2h2V6zm14 0H8v2h12V6zM4 11h2v2H4v-2zm16 0H8v2h12v-2zM4 16h2v2H4v-2zm16 0H8v2h12v-2z\" fill=\"currentColor\"><\/path><\/svg><svg style=\"fill: #000000;color:#000000\" class=\"arrow-unsorted-368013\" xmlns=\"http:\/\/www.w3.org\/2000\/svg\" width=\"10px\" height=\"10px\" viewBox=\"0 0 24 24\" version=\"1.2\" baseProfile=\"tiny\"><path d=\"M18.2 9.3l-6.2-6.3-6.2 6.3c-.2.2-.3.4-.3.7s.1.5.3.7c.2.2.4.3.7.3h11c.3 0 .5-.1.7-.3.2-.2.3-.5.3-.7s-.1-.5-.3-.7zM5.8 14.7l6.2 6.3 6.2-6.3c.2-.2.3-.5.3-.7s-.1-.5-.3-.7c-.2-.2-.4-.3-.7-.3h-11c-.3 0-.5.1-.7.3-.2.2-.3.5-.3.7s.1.5.3.7z\"\/><\/svg><\/span><\/span><\/label><input type=\"checkbox\"  id=\"ez-toc-cssicon-toggle-item-69f70cabc2df3\"  aria-label=\"Alternar\" \/><nav><ul class='ez-toc-list ez-toc-list-level-1 ' ><li class='ez-toc-page-1 ez-toc-heading-level-2'><a class=\"ez-toc-link ez-toc-heading-1\" href=\"https:\/\/www.auxiliadorapredial.com.br\/blog\/reforma-tributaria-mercado-imobiliario\/#O_que_muda_com_a_reforma_tributaria\" >O que muda com a reforma tribut\u00e1ria?<\/a><\/li><li class='ez-toc-page-1 ez-toc-heading-level-2'><a class=\"ez-toc-link ez-toc-heading-2\" href=\"https:\/\/www.auxiliadorapredial.com.br\/blog\/reforma-tributaria-mercado-imobiliario\/#Quais_os_impactos_da_reforma_tributaria_no_setor_imobiliario\" >Quais os impactos da reforma tribut\u00e1ria no setor imobili\u00e1rio<\/a><ul class='ez-toc-list-level-3' ><li class='ez-toc-heading-level-3'><a class=\"ez-toc-link ez-toc-heading-3\" href=\"https:\/\/www.auxiliadorapredial.com.br\/blog\/reforma-tributaria-mercado-imobiliario\/#Aumento_dos_custos_de_construcao\" >Aumento dos custos de constru\u00e7\u00e3o<\/a><\/li><li class='ez-toc-page-1 ez-toc-heading-level-3'><a class=\"ez-toc-link ez-toc-heading-4\" href=\"https:\/\/www.auxiliadorapredial.com.br\/blog\/reforma-tributaria-mercado-imobiliario\/#Alteracoes_nas_regras_de_financiamento\" >Altera\u00e7\u00f5es nas regras de financiamento<\/a><\/li><li class='ez-toc-page-1 ez-toc-heading-level-3'><a class=\"ez-toc-link ez-toc-heading-5\" href=\"https:\/\/www.auxiliadorapredial.com.br\/blog\/reforma-tributaria-mercado-imobiliario\/#Impactos_na_cadeia_produtiva_do_setor_imobiliario\" >Impactos na cadeia produtiva do setor imobili\u00e1rio<\/a><\/li><li class='ez-toc-page-1 ez-toc-heading-level-3'><a class=\"ez-toc-link ez-toc-heading-6\" href=\"https:\/\/www.auxiliadorapredial.com.br\/blog\/reforma-tributaria-mercado-imobiliario\/#Desafios_para_o_mercado_imobiliario\" >Desafios para o mercado imobili\u00e1rio<\/a><\/li><\/ul><\/li><li class='ez-toc-page-1 ez-toc-heading-level-2'><a class=\"ez-toc-link ez-toc-heading-7\" href=\"https:\/\/www.auxiliadorapredial.com.br\/blog\/reforma-tributaria-mercado-imobiliario\/#Como_ficam_a_locacao_e_compra_de_imoveis\" >Como ficam a loca\u00e7\u00e3o e compra de im\u00f3veis<\/a><\/li><li class='ez-toc-page-1 ez-toc-heading-level-2'><a class=\"ez-toc-link ez-toc-heading-8\" href=\"https:\/\/www.auxiliadorapredial.com.br\/blog\/reforma-tributaria-mercado-imobiliario\/#Os_impactos_da_reforma_tributaria_no_Minha_Casa_Minha_Vida\" >Os impactos da reforma tribut\u00e1ria no Minha Casa Minha Vida<\/a><\/li><li class='ez-toc-page-1 ez-toc-heading-level-2'><a class=\"ez-toc-link ez-toc-heading-9\" href=\"https:\/\/www.auxiliadorapredial.com.br\/blog\/reforma-tributaria-mercado-imobiliario\/#O_que_sabemos_sobre_a_reforma_tributaria_ate_o_momento\" >O que sabemos sobre a reforma tribut\u00e1ria at\u00e9 o momento<\/a><\/li><\/ul><\/nav><\/div>\n<h2 class=\"wp-block-heading\"><span class=\"ez-toc-section\" id=\"O_que_muda_com_a_reforma_tributaria\"><\/span><strong>O que muda com a reforma tribut\u00e1ria?<\/strong><span class=\"ez-toc-section-end\"><\/span><\/h2>\n\n\n\n<p>A principal transforma\u00e7\u00e3o \u00e9 a substitui\u00e7\u00e3o de diversos impostos indiretos por dois novos: o Imposto sobre Bens e Servi\u00e7os (IBS), que unifica impostos estaduais e municipais, como o ICMS e o ISS, incidindo sobre a circula\u00e7\u00e3o de mercadorias e a presta\u00e7\u00e3o de servi\u00e7os. E a Contribui\u00e7\u00e3o sobre Bens e Servi\u00e7os (CBS), que unifica impostos estaduais e municipais, como o ICMS e o ISS, incidindo sobre a circula\u00e7\u00e3o de mercadorias e a presta\u00e7\u00e3o de servi\u00e7os.&nbsp;<\/p>\n\n\n\n<p>Essa mudan\u00e7a simplifica o sistema tribut\u00e1rio, reduzindo a burocracia e a complexidade para empresas e contribuintes. Mas por que ela impacta o setor imobili\u00e1rio?&nbsp;<\/p>\n\n\n\n<p><strong>A constru\u00e7\u00e3o civil e o mercado imobili\u00e1rio s\u00e3o setores altamente tributados.<\/strong> Com a reforma, a carga tribut\u00e1ria sobre essas atividades pode ser reajustada, impactando diretamente os custos de produ\u00e7\u00e3o e, consequentemente, os pre\u00e7os dos im\u00f3veis.<\/p>\n\n\n\n<figure class=\"wp-block-image size-full\"><img fetchpriority=\"high\" decoding=\"async\" width=\"996\" height=\"664\" src=\"https:\/\/www.auxiliadorapredial.com.br\/blog\/wp-content\/uploads\/reforma-tributaria-mercado-imobiliario-1.jpg\" alt=\"Reforma tribut\u00e1ria: quais s\u00e3o as mudan\u00e7as no mercado imobili\u00e1rio?\" class=\"wp-image-15513\" srcset=\"https:\/\/www.auxiliadorapredial.com.br\/blog\/wp-content\/uploads\/reforma-tributaria-mercado-imobiliario-1.jpg 996w, https:\/\/www.auxiliadorapredial.com.br\/blog\/wp-content\/uploads\/reforma-tributaria-mercado-imobiliario-1-300x200.jpg 300w, https:\/\/www.auxiliadorapredial.com.br\/blog\/wp-content\/uploads\/reforma-tributaria-mercado-imobiliario-1-768x512.jpg 768w\" sizes=\"(max-width: 996px) 100vw, 996px\" \/><\/figure>\n\n\n\n<h2 class=\"wp-block-heading\"><span class=\"ez-toc-section\" id=\"Quais_os_impactos_da_reforma_tributaria_no_setor_imobiliario\"><\/span>Quais os impactos da reforma tribut\u00e1ria no setor imobili\u00e1rio<span class=\"ez-toc-section-end\"><\/span><\/h2>\n\n\n\n<p>A reforma tribut\u00e1ria, com a cria\u00e7\u00e3o dos impostos IBS e CBS, promete simplificar o sistema tribut\u00e1rio brasileiro. No entanto, para o setor imobili\u00e1rio, essa mudan\u00e7a traz consigo uma s\u00e9rie de desafios e incertezas. Confira as principais:<\/p>\n\n\n\n<h3 class=\"wp-block-heading\"><span class=\"ez-toc-section\" id=\"Aumento_dos_custos_de_construcao\"><\/span><strong>Aumento dos custos de constru\u00e7\u00e3o<\/strong><span class=\"ez-toc-section-end\"><\/span><\/h3>\n\n\n\n<p>A incid\u00eancia dos novos impostos sobre diversos insumos e servi\u00e7os utilizados na constru\u00e7\u00e3o civil, como materiais de constru\u00e7\u00e3o, m\u00e3o de obra e equipamentos, elevar\u00e1 os custos de produ\u00e7\u00e3o das construtoras.&nbsp;<\/p>\n\n\n\n<p>Para manter suas margens de lucro, as empresas tendem a repassar esse aumento para o consumidor final, resultando em im\u00f3veis mais caros. Esse encarecimento pode afetar a demanda por im\u00f3veis, principalmente em um cen\u00e1rio de juros elevados e poder aquisitivo da popula\u00e7\u00e3o em queda.<\/p>\n\n\n\n<h3 class=\"wp-block-heading\"><span class=\"ez-toc-section\" id=\"Alteracoes_nas_regras_de_financiamento\"><\/span><strong>Altera\u00e7\u00f5es nas regras de financiamento<\/strong><span class=\"ez-toc-section-end\"><\/span><\/h3>\n\n\n\n<p>Programas habitacionais como o Minha Casa Minha Vida, que tem o objetivo de facilitar o acesso \u00e0 moradia para fam\u00edlias de baixa renda, podem sofrer ajustes significativos com a reforma tribut\u00e1ria.<\/p>\n\n\n\n<p>Fatores como aumento dos custos dos im\u00f3veis, novas regras de financiamento e poss\u00edveis altera\u00e7\u00f5es nos limites de renda dos benefici\u00e1rios podem reduzir o n\u00famero de fam\u00edlias eleg\u00edveis ao programa. E essa situa\u00e7\u00e3o pode agravar o d\u00e9ficit habitacional no pa\u00eds.<\/p>\n\n\n\n<h3 class=\"wp-block-heading\"><span class=\"ez-toc-section\" id=\"Impactos_na_cadeia_produtiva_do_setor_imobiliario\"><\/span><strong>Impactos na cadeia produtiva do setor imobili\u00e1rio<\/strong><span class=\"ez-toc-section-end\"><\/span><\/h3>\n\n\n\n<p>A reforma tribut\u00e1ria n\u00e3o se limita a impactar apenas as construtoras. Toda a cadeia produtiva do setor imobili\u00e1rio ser\u00e1 afetada. Empresas que fornecem materiais de constru\u00e7\u00e3o, prestam servi\u00e7os de engenharia e arquitetura, al\u00e9m de imobili\u00e1rias e incorporadoras, precisar\u00e3o se adaptar \u00e0 nova legisla\u00e7\u00e3o, o que pode gerar custos adicionais e incertezas.<\/p>\n\n\n\n<h3 class=\"wp-block-heading\"><span class=\"ez-toc-section\" id=\"Desafios_para_o_mercado_imobiliario\"><\/span><strong>Desafios para o mercado imobili\u00e1rio<\/strong><span class=\"ez-toc-section-end\"><\/span><\/h3>\n\n\n\n<p>A falta de clareza sobre as regras de transi\u00e7\u00e3o e os detalhes da implementa\u00e7\u00e3o da reforma tribut\u00e1ria gera um ambiente de incerteza para os agentes do mercado imobili\u00e1rio.&nbsp;<\/p>\n\n\n\n<p>Essa instabilidade pode inibir novos investimentos, reduzir a oferta de im\u00f3veis e dificultar o planejamento de longo prazo das empresas. Al\u00e9m disso, a complexidade da nova legisla\u00e7\u00e3o exige um grande esfor\u00e7o das empresas para se adaptarem \u00e0s novas regras, o que pode gerar custos adicionais e burocratiza\u00e7\u00e3o.<\/p>\n\n\n\n<p>A reforma tribut\u00e1ria traz consigo desafios e oportunidades para o setor imobili\u00e1rio. \u00c9 fundamental que os agentes do mercado acompanhem de perto as discuss\u00f5es e as implementa\u00e7\u00f5es da nova legisla\u00e7\u00e3o, buscando se adaptar \u00e0s mudan\u00e7as e encontrar novas oportunidades de neg\u00f3cio.<\/p>\n\n\n\n<figure class=\"wp-block-image size-full\"><img decoding=\"async\" width=\"996\" height=\"664\" src=\"https:\/\/www.auxiliadorapredial.com.br\/blog\/wp-content\/uploads\/reforma-tributaria-mercado-imobiliario-2.jpg\" alt=\"Reforma tribut\u00e1ria: quais s\u00e3o as mudan\u00e7as no mercado imobili\u00e1rio?\" class=\"wp-image-15514\" srcset=\"https:\/\/www.auxiliadorapredial.com.br\/blog\/wp-content\/uploads\/reforma-tributaria-mercado-imobiliario-2.jpg 996w, https:\/\/www.auxiliadorapredial.com.br\/blog\/wp-content\/uploads\/reforma-tributaria-mercado-imobiliario-2-300x200.jpg 300w, https:\/\/www.auxiliadorapredial.com.br\/blog\/wp-content\/uploads\/reforma-tributaria-mercado-imobiliario-2-768x512.jpg 768w\" sizes=\"(max-width: 996px) 100vw, 996px\" \/><\/figure>\n\n\n\n<h2 class=\"wp-block-heading\"><span class=\"ez-toc-section\" id=\"Como_ficam_a_locacao_e_compra_de_imoveis\"><\/span><strong>Como ficam a loca\u00e7\u00e3o e compra de im\u00f3veis<\/strong><span class=\"ez-toc-section-end\"><\/span><\/h2>\n\n\n\n<p>A reforma prev\u00ea uma al\u00edquota geral de 26,5% para as opera\u00e7\u00f5es com im\u00f3veis. No entanto, para evitar uma carga tribut\u00e1ria excessiva em situa\u00e7\u00f5es como a aliena\u00e7\u00e3o de bens im\u00f3veis; cess\u00e3o ou transfer\u00eancia de direitos reais sobre bens im\u00f3veis que estejam sujeitos a encargos ou despesas; loca\u00e7\u00e3o, cess\u00e3o onerosa ou arrendamento de bem im\u00f3vel; nos servi\u00e7os de administra\u00e7\u00e3o e intermedia\u00e7\u00e3o de bem im\u00f3vel e nos servi\u00e7os de constru\u00e7\u00e3o, foram criados alguns redutores.&nbsp;<\/p>\n\n\n\n<p>Esses redutores estimulam atividades como a constru\u00e7\u00e3o civil e a loca\u00e7\u00e3o de im\u00f3veis:<\/p>\n\n\n\n<ul class=\"wp-block-list\">\n<li><strong>Redu\u00e7\u00e3o de 40%:<\/strong> aplica-se a opera\u00e7\u00f5es com bens im\u00f3veis, como a venda de im\u00f3veis por construtoras e incorporadoras. Essa redu\u00e7\u00e3o tem o objetivo de incentivar a produ\u00e7\u00e3o de novos im\u00f3veis e a constru\u00e7\u00e3o civil, um setor estrat\u00e9gico para a economia;\u00a0<\/li>\n\n\n\n<li><strong>Redu\u00e7\u00e3o de 60%:<\/strong> aplica-se a opera\u00e7\u00f5es de loca\u00e7\u00e3o, cess\u00e3o onerosa e arrendamento de bens im\u00f3veis. Esse incentivo tem a miss\u00e3o de estimular o mercado de aluguel e aumentar a oferta de im\u00f3veis para loca\u00e7\u00e3o, contribuindo para a forma\u00e7\u00e3o de um mercado imobili\u00e1rio mais din\u00e2mico.<\/li>\n<\/ul>\n\n\n\n<p>Ao incentivar a constru\u00e7\u00e3o civil e o mercado de aluguel, a reforma busca estimular a economia e promover o acesso \u00e0 moradia. No entanto, a segmenta\u00e7\u00e3o do mercado e a complexidade da nova legisla\u00e7\u00e3o exigem um per\u00edodo de adapta\u00e7\u00e3o tanto por parte das empresas do setor quanto dos consumidores.<\/p>\n\n\n\n<h2 class=\"wp-block-heading\"><span class=\"ez-toc-section\" id=\"Os_impactos_da_reforma_tributaria_no_Minha_Casa_Minha_Vida\"><\/span><strong>Os impactos da reforma tribut\u00e1ria no Minha Casa Minha Vida<\/strong><span class=\"ez-toc-section-end\"><\/span><\/h2>\n\n\n\n<p>O Programa Minha Casa Minha Vida, fundamental para o acesso \u00e0 moradia de fam\u00edlias de baixa renda, encontra-se em um cen\u00e1rio de incertezas diante da reforma tribut\u00e1ria. A nova legisla\u00e7\u00e3o, com a cria\u00e7\u00e3o dos impostos IBS e CBS e a reestrutura\u00e7\u00e3o da carga tribut\u00e1ria,<strong> pode gerar impactos significativos nesse programa habitacional.<\/strong><\/p>\n\n\n\n<p>Em primeiro lugar, o aumento dos custos de constru\u00e7\u00e3o, decorrente da incid\u00eancia dos novos impostos sobre diversos insumos e servi\u00e7os, tende a elevar os pre\u00e7os dos im\u00f3veis. Essa valoriza\u00e7\u00e3o dos im\u00f3veis pode comprometer a capacidade das fam\u00edlias de baixa renda de adquirir uma <a href=\"https:\/\/www.auxiliadorapredial.com.br\/blog\/como-comprar-um-imovel-7-formas-de-garantir-a-casa-propria\/\">casa pr\u00f3pria<\/a>, mesmo com os subs\u00eddios oferecidos pelo programa. Al\u00e9m disso, a nova estrutura tribut\u00e1ria pode exigir ajustes nas regras de financiamento e nos limites de renda para os benefici\u00e1rios do Minha Casa Minha Vida, restringindo o acesso a um p\u00fablico ainda maior.<\/p>\n\n\n\n<p>Em segundo lugar, a reforma tribut\u00e1ria pode impactar a oferta de im\u00f3veis no programa. Com a eleva\u00e7\u00e3o dos custos de produ\u00e7\u00e3o, as construtoras podem se tornar menos interessadas em participar do programa, reduzindo a oferta de unidades habitacionais. Essa redu\u00e7\u00e3o da oferta, aliada ao aumento da demanda, pode gerar uma press\u00e3o sobre os pre\u00e7os dos im\u00f3veis, dificultando ainda mais o acesso das fam\u00edlias de baixa renda \u00e0 casa pr\u00f3pria.&nbsp;<\/p>\n\n\n\n<p>\u00c9 fundamental que o governo acompanhe de perto os impactos da reforma tribut\u00e1ria no programa Minha Casa Minha Vida e adote medidas para garantir a continuidade e o sucesso dessa importante pol\u00edtica p\u00fablica.<\/p>\n\n\n\n<figure class=\"wp-block-image size-full\"><img decoding=\"async\" width=\"996\" height=\"664\" src=\"https:\/\/www.auxiliadorapredial.com.br\/blog\/wp-content\/uploads\/reforma-tributaria-mercado-imobiliario-3.avif\" alt=\"Reforma tribut\u00e1ria: quais s\u00e3o as mudan\u00e7as no mercado imobili\u00e1rio?\" class=\"wp-image-15515\"\/><\/figure>\n\n\n\n<h2 class=\"wp-block-heading\"><span class=\"ez-toc-section\" id=\"O_que_sabemos_sobre_a_reforma_tributaria_ate_o_momento\"><\/span><strong>O que sabemos sobre a reforma tribut\u00e1ria at\u00e9 o momento<\/strong><span class=\"ez-toc-section-end\"><\/span><\/h2>\n\n\n\n<p>A reforma tribut\u00e1ria, com a cria\u00e7\u00e3o dos impostos IBS e CBS, representa uma profunda transforma\u00e7\u00e3o no sistema tribut\u00e1rio brasileiro, com impactos significativos em diversos setores da economia, incluindo o mercado imobili\u00e1rio.<\/p>\n\n\n\n<p>A nova legisla\u00e7\u00e3o, ao unificar diversos tributos e introduzir novas al\u00edquotas e redutores, busca simplificar a tributa\u00e7\u00e3o e promover a competitividade. No entanto, a complexidade das mudan\u00e7as e a necessidade de adapta\u00e7\u00e3o das empresas e dos consumidores geram um cen\u00e1rio de incertezas.&nbsp;<\/p>\n\n\n\n<p>Quer acompanhar todas as dicas sobre esse assunto? Acompanhe <a href=\"https:\/\/www.auxiliadorapredial.com.br\/blog\" target=\"_blank\" rel=\"noreferrer noopener\">nosso blog<\/a>.\u00a0<\/p>\n","protected":false},"excerpt":{"rendered":"<p>Neste post, vamos desmistificar o assunto e explicar como a reforma tribut\u00e1ria pode afetar os pre\u00e7os dos im\u00f3veis, o aluguel e o programa Minha Casa Minha Vida.<\/p>\n","protected":false},"author":16,"featured_media":15517,"comment_status":"open","ping_status":"open","sticky":false,"template":"","format":"standard","meta":{"footnotes":""},"categories":[306],"tags":[49,1383,1381,1382],"class_list":["post-15512","post","type-post","status-publish","format-standard","has-post-thumbnail","hentry","category-mercado-imobiliario","tag-mercado-imobiliario","tag-mudancas-no-mercado-imobiliario","tag-reforma-tributaria","tag-reforma-tributaria-e-mercado-imobiliario"],"yoast_head":"<!-- This site is optimized with the Yoast SEO plugin v27.3 - https:\/\/yoast.com\/product\/yoast-seo-wordpress\/ -->\n<title>Reforma tribut\u00e1ria: quais s\u00e3o as mudan\u00e7as no mercado imobili\u00e1rio? - Blog da Auxiliadora Predial - Tudo sobre im\u00f3veis e condom\u00ednios<\/title>\n<meta name=\"description\" content=\"Neste post, vamos desmistificar o assunto e explicar como a reforma tribut\u00e1ria pode afetar os pre\u00e7os dos im\u00f3veis, o aluguel e o MCMV.\" \/>\n<meta name=\"robots\" content=\"index, follow, max-snippet:-1, max-image-preview:large, max-video-preview:-1\" \/>\n<link rel=\"canonical\" href=\"https:\/\/www.auxiliadorapredial.com.br\/blog\/reforma-tributaria-mercado-imobiliario\/\" \/>\n<meta property=\"og:locale\" content=\"pt_BR\" \/>\n<meta property=\"og:type\" content=\"article\" \/>\n<meta property=\"og:title\" content=\"Reforma tribut\u00e1ria: quais s\u00e3o as mudan\u00e7as no mercado imobili\u00e1rio? - Blog da Auxiliadora Predial - Tudo sobre im\u00f3veis e condom\u00ednios\" \/>\n<meta property=\"og:description\" content=\"Neste post, vamos desmistificar o assunto e explicar como a reforma tribut\u00e1ria pode afetar os pre\u00e7os dos im\u00f3veis, o aluguel e o MCMV.\" \/>\n<meta property=\"og:url\" content=\"https:\/\/www.auxiliadorapredial.com.br\/blog\/reforma-tributaria-mercado-imobiliario\/\" \/>\n<meta property=\"og:site_name\" content=\"Blog da Auxiliadora Predial - Tudo sobre im\u00f3veis e condom\u00ednios\" \/>\n<meta property=\"article:published_time\" content=\"2024-10-07T11:00:00+00:00\" \/>\n<meta property=\"og:image\" content=\"https:\/\/www.auxiliadorapredial.com.br\/blog\/wp-content\/uploads\/reforma-tributaria-mercado-imobiliario-capa-1.jpg\" \/>\n\t<meta property=\"og:image:width\" content=\"900\" \/>\n\t<meta property=\"og:image:height\" content=\"684\" \/>\n\t<meta property=\"og:image:type\" content=\"image\/jpeg\" \/>\n<meta name=\"author\" content=\"Jose Augusto de Oliveira Macedo Bastos\" \/>\n<meta name=\"twitter:card\" content=\"summary_large_image\" \/>\n<meta name=\"twitter:label1\" content=\"Escrito por\" \/>\n\t<meta name=\"twitter:data1\" content=\"Jose Augusto de Oliveira Macedo Bastos\" \/>\n\t<meta name=\"twitter:label2\" content=\"Est. tempo de leitura\" \/>\n\t<meta name=\"twitter:data2\" content=\"8 minutos\" \/>\n<script type=\"application\/ld+json\" class=\"yoast-schema-graph\">{\"@context\":\"https:\\\/\\\/schema.org\",\"@graph\":[{\"@type\":\"Article\",\"@id\":\"https:\\\/\\\/www.auxiliadorapredial.com.br\\\/blog\\\/reforma-tributaria-mercado-imobiliario\\\/#article\",\"isPartOf\":{\"@id\":\"https:\\\/\\\/www.auxiliadorapredial.com.br\\\/blog\\\/reforma-tributaria-mercado-imobiliario\\\/\"},\"author\":{\"name\":\"Jose Augusto de Oliveira Macedo Bastos\",\"@id\":\"https:\\\/\\\/www.auxiliadorapredial.com.br\\\/blog\\\/#\\\/schema\\\/person\\\/2511834935645e20c5e46ad243ab4080\"},\"headline\":\"Reforma tribut\u00e1ria: quais s\u00e3o as mudan\u00e7as no mercado imobili\u00e1rio?\",\"datePublished\":\"2024-10-07T11:00:00+00:00\",\"mainEntityOfPage\":{\"@id\":\"https:\\\/\\\/www.auxiliadorapredial.com.br\\\/blog\\\/reforma-tributaria-mercado-imobiliario\\\/\"},\"wordCount\":1360,\"commentCount\":0,\"image\":{\"@id\":\"https:\\\/\\\/www.auxiliadorapredial.com.br\\\/blog\\\/reforma-tributaria-mercado-imobiliario\\\/#primaryimage\"},\"thumbnailUrl\":\"https:\\\/\\\/www.auxiliadorapredial.com.br\\\/blog\\\/wp-content\\\/uploads\\\/reforma-tributaria-mercado-imobiliario-capa-1.jpg\",\"keywords\":[\"mercado imobili\u00e1rio\",\"mudan\u00e7as no mercado imobili\u00e1rio\",\"reforma tribut\u00e1ria\",\"reforma tribut\u00e1ria e mercado imobili\u00e1rio\"],\"articleSection\":[\"Mercado Imobili\u00e1rio\"],\"inLanguage\":\"pt-BR\",\"potentialAction\":[{\"@type\":\"CommentAction\",\"name\":\"Comment\",\"target\":[\"https:\\\/\\\/www.auxiliadorapredial.com.br\\\/blog\\\/reforma-tributaria-mercado-imobiliario\\\/#respond\"]}]},{\"@type\":\"WebPage\",\"@id\":\"https:\\\/\\\/www.auxiliadorapredial.com.br\\\/blog\\\/reforma-tributaria-mercado-imobiliario\\\/\",\"url\":\"https:\\\/\\\/www.auxiliadorapredial.com.br\\\/blog\\\/reforma-tributaria-mercado-imobiliario\\\/\",\"name\":\"Reforma tribut\u00e1ria: quais s\u00e3o as mudan\u00e7as no mercado imobili\u00e1rio? - Blog da Auxiliadora Predial - Tudo sobre im\u00f3veis e condom\u00ednios\",\"isPartOf\":{\"@id\":\"https:\\\/\\\/www.auxiliadorapredial.com.br\\\/blog\\\/#website\"},\"primaryImageOfPage\":{\"@id\":\"https:\\\/\\\/www.auxiliadorapredial.com.br\\\/blog\\\/reforma-tributaria-mercado-imobiliario\\\/#primaryimage\"},\"image\":{\"@id\":\"https:\\\/\\\/www.auxiliadorapredial.com.br\\\/blog\\\/reforma-tributaria-mercado-imobiliario\\\/#primaryimage\"},\"thumbnailUrl\":\"https:\\\/\\\/www.auxiliadorapredial.com.br\\\/blog\\\/wp-content\\\/uploads\\\/reforma-tributaria-mercado-imobiliario-capa-1.jpg\",\"datePublished\":\"2024-10-07T11:00:00+00:00\",\"author\":{\"@id\":\"https:\\\/\\\/www.auxiliadorapredial.com.br\\\/blog\\\/#\\\/schema\\\/person\\\/2511834935645e20c5e46ad243ab4080\"},\"description\":\"Neste post, vamos desmistificar o assunto e explicar como a reforma tribut\u00e1ria pode afetar os pre\u00e7os dos im\u00f3veis, o aluguel e o MCMV.\",\"inLanguage\":\"pt-BR\",\"potentialAction\":[{\"@type\":\"ReadAction\",\"target\":[\"https:\\\/\\\/www.auxiliadorapredial.com.br\\\/blog\\\/reforma-tributaria-mercado-imobiliario\\\/\"]}]},{\"@type\":\"ImageObject\",\"inLanguage\":\"pt-BR\",\"@id\":\"https:\\\/\\\/www.auxiliadorapredial.com.br\\\/blog\\\/reforma-tributaria-mercado-imobiliario\\\/#primaryimage\",\"url\":\"https:\\\/\\\/www.auxiliadorapredial.com.br\\\/blog\\\/wp-content\\\/uploads\\\/reforma-tributaria-mercado-imobiliario-capa-1.jpg\",\"contentUrl\":\"https:\\\/\\\/www.auxiliadorapredial.com.br\\\/blog\\\/wp-content\\\/uploads\\\/reforma-tributaria-mercado-imobiliario-capa-1.jpg\",\"width\":900,\"height\":684,\"caption\":\"Reforma tribut\u00e1ria: quais s\u00e3o as mudan\u00e7as no mercado imobili\u00e1rio?\"},{\"@type\":\"WebSite\",\"@id\":\"https:\\\/\\\/www.auxiliadorapredial.com.br\\\/blog\\\/#website\",\"url\":\"https:\\\/\\\/www.auxiliadorapredial.com.br\\\/blog\\\/\",\"name\":\"Blog da Auxiliadora Predial - Tudo sobre im\u00f3veis e condom\u00ednios\",\"description\":\"Dicas da Auxiliadora Predial sobre aluguel, compra e venda de im\u00f3veis, al\u00e9m de condom\u00ednios. Imobili\u00e1ria em Porto Alegre e interior do RS, Santa Catarina e S\u00e3o Paulo.\",\"potentialAction\":[{\"@type\":\"SearchAction\",\"target\":{\"@type\":\"EntryPoint\",\"urlTemplate\":\"https:\\\/\\\/www.auxiliadorapredial.com.br\\\/blog\\\/?s={search_term_string}\"},\"query-input\":{\"@type\":\"PropertyValueSpecification\",\"valueRequired\":true,\"valueName\":\"search_term_string\"}}],\"inLanguage\":\"pt-BR\"},{\"@type\":\"Person\",\"@id\":\"https:\\\/\\\/www.auxiliadorapredial.com.br\\\/blog\\\/#\\\/schema\\\/person\\\/2511834935645e20c5e46ad243ab4080\",\"name\":\"Jose Augusto de Oliveira Macedo Bastos\",\"image\":{\"@type\":\"ImageObject\",\"inLanguage\":\"pt-BR\",\"@id\":\"https:\\\/\\\/secure.gravatar.com\\\/avatar\\\/14f51b6eec5d6197e8864756cb08ba6347bd729658473d07340f4c28be00b279?s=96&d=mm&r=g\",\"url\":\"https:\\\/\\\/secure.gravatar.com\\\/avatar\\\/14f51b6eec5d6197e8864756cb08ba6347bd729658473d07340f4c28be00b279?s=96&d=mm&r=g\",\"contentUrl\":\"https:\\\/\\\/secure.gravatar.com\\\/avatar\\\/14f51b6eec5d6197e8864756cb08ba6347bd729658473d07340f4c28be00b279?s=96&d=mm&r=g\",\"caption\":\"Jose Augusto de Oliveira Macedo Bastos\"}}]}<\/script>\n<!-- \/ Yoast SEO plugin. -->","yoast_head_json":{"title":"Reforma tribut\u00e1ria: quais s\u00e3o as mudan\u00e7as no mercado imobili\u00e1rio? - Blog da Auxiliadora Predial - Tudo sobre im\u00f3veis e condom\u00ednios","description":"Neste post, vamos desmistificar o assunto e explicar como a reforma tribut\u00e1ria pode afetar os pre\u00e7os dos im\u00f3veis, o aluguel e o MCMV.","robots":{"index":"index","follow":"follow","max-snippet":"max-snippet:-1","max-image-preview":"max-image-preview:large","max-video-preview":"max-video-preview:-1"},"canonical":"https:\/\/www.auxiliadorapredial.com.br\/blog\/reforma-tributaria-mercado-imobiliario\/","og_locale":"pt_BR","og_type":"article","og_title":"Reforma tribut\u00e1ria: quais s\u00e3o as mudan\u00e7as no mercado imobili\u00e1rio? - Blog da Auxiliadora Predial - Tudo sobre im\u00f3veis e condom\u00ednios","og_description":"Neste post, vamos desmistificar o assunto e explicar como a reforma tribut\u00e1ria pode afetar os pre\u00e7os dos im\u00f3veis, o aluguel e o MCMV.","og_url":"https:\/\/www.auxiliadorapredial.com.br\/blog\/reforma-tributaria-mercado-imobiliario\/","og_site_name":"Blog da Auxiliadora Predial - Tudo sobre im\u00f3veis e condom\u00ednios","article_published_time":"2024-10-07T11:00:00+00:00","og_image":[{"width":900,"height":684,"url":"https:\/\/www.auxiliadorapredial.com.br\/blog\/wp-content\/uploads\/reforma-tributaria-mercado-imobiliario-capa-1.jpg","type":"image\/jpeg"}],"author":"Jose Augusto de Oliveira Macedo Bastos","twitter_card":"summary_large_image","twitter_misc":{"Escrito por":"Jose Augusto de Oliveira Macedo Bastos","Est. tempo de leitura":"8 minutos"},"schema":{"@context":"https:\/\/schema.org","@graph":[{"@type":"Article","@id":"https:\/\/www.auxiliadorapredial.com.br\/blog\/reforma-tributaria-mercado-imobiliario\/#article","isPartOf":{"@id":"https:\/\/www.auxiliadorapredial.com.br\/blog\/reforma-tributaria-mercado-imobiliario\/"},"author":{"name":"Jose Augusto de Oliveira Macedo Bastos","@id":"https:\/\/www.auxiliadorapredial.com.br\/blog\/#\/schema\/person\/2511834935645e20c5e46ad243ab4080"},"headline":"Reforma tribut\u00e1ria: quais s\u00e3o as mudan\u00e7as no mercado imobili\u00e1rio?","datePublished":"2024-10-07T11:00:00+00:00","mainEntityOfPage":{"@id":"https:\/\/www.auxiliadorapredial.com.br\/blog\/reforma-tributaria-mercado-imobiliario\/"},"wordCount":1360,"commentCount":0,"image":{"@id":"https:\/\/www.auxiliadorapredial.com.br\/blog\/reforma-tributaria-mercado-imobiliario\/#primaryimage"},"thumbnailUrl":"https:\/\/www.auxiliadorapredial.com.br\/blog\/wp-content\/uploads\/reforma-tributaria-mercado-imobiliario-capa-1.jpg","keywords":["mercado imobili\u00e1rio","mudan\u00e7as no mercado imobili\u00e1rio","reforma tribut\u00e1ria","reforma tribut\u00e1ria e mercado imobili\u00e1rio"],"articleSection":["Mercado Imobili\u00e1rio"],"inLanguage":"pt-BR","potentialAction":[{"@type":"CommentAction","name":"Comment","target":["https:\/\/www.auxiliadorapredial.com.br\/blog\/reforma-tributaria-mercado-imobiliario\/#respond"]}]},{"@type":"WebPage","@id":"https:\/\/www.auxiliadorapredial.com.br\/blog\/reforma-tributaria-mercado-imobiliario\/","url":"https:\/\/www.auxiliadorapredial.com.br\/blog\/reforma-tributaria-mercado-imobiliario\/","name":"Reforma tribut\u00e1ria: quais s\u00e3o as mudan\u00e7as no mercado imobili\u00e1rio? - Blog da Auxiliadora Predial - Tudo sobre im\u00f3veis e condom\u00ednios","isPartOf":{"@id":"https:\/\/www.auxiliadorapredial.com.br\/blog\/#website"},"primaryImageOfPage":{"@id":"https:\/\/www.auxiliadorapredial.com.br\/blog\/reforma-tributaria-mercado-imobiliario\/#primaryimage"},"image":{"@id":"https:\/\/www.auxiliadorapredial.com.br\/blog\/reforma-tributaria-mercado-imobiliario\/#primaryimage"},"thumbnailUrl":"https:\/\/www.auxiliadorapredial.com.br\/blog\/wp-content\/uploads\/reforma-tributaria-mercado-imobiliario-capa-1.jpg","datePublished":"2024-10-07T11:00:00+00:00","author":{"@id":"https:\/\/www.auxiliadorapredial.com.br\/blog\/#\/schema\/person\/2511834935645e20c5e46ad243ab4080"},"description":"Neste post, vamos desmistificar o assunto e explicar como a reforma tribut\u00e1ria pode afetar os pre\u00e7os dos im\u00f3veis, o aluguel e o MCMV.","inLanguage":"pt-BR","potentialAction":[{"@type":"ReadAction","target":["https:\/\/www.auxiliadorapredial.com.br\/blog\/reforma-tributaria-mercado-imobiliario\/"]}]},{"@type":"ImageObject","inLanguage":"pt-BR","@id":"https:\/\/www.auxiliadorapredial.com.br\/blog\/reforma-tributaria-mercado-imobiliario\/#primaryimage","url":"https:\/\/www.auxiliadorapredial.com.br\/blog\/wp-content\/uploads\/reforma-tributaria-mercado-imobiliario-capa-1.jpg","contentUrl":"https:\/\/www.auxiliadorapredial.com.br\/blog\/wp-content\/uploads\/reforma-tributaria-mercado-imobiliario-capa-1.jpg","width":900,"height":684,"caption":"Reforma tribut\u00e1ria: quais s\u00e3o as mudan\u00e7as no mercado imobili\u00e1rio?"},{"@type":"WebSite","@id":"https:\/\/www.auxiliadorapredial.com.br\/blog\/#website","url":"https:\/\/www.auxiliadorapredial.com.br\/blog\/","name":"Blog da Auxiliadora Predial - Tudo sobre im\u00f3veis e condom\u00ednios","description":"Dicas da Auxiliadora Predial sobre aluguel, compra e venda de im\u00f3veis, al\u00e9m de condom\u00ednios. Imobili\u00e1ria em Porto Alegre e interior do RS, Santa Catarina e S\u00e3o Paulo.","potentialAction":[{"@type":"SearchAction","target":{"@type":"EntryPoint","urlTemplate":"https:\/\/www.auxiliadorapredial.com.br\/blog\/?s={search_term_string}"},"query-input":{"@type":"PropertyValueSpecification","valueRequired":true,"valueName":"search_term_string"}}],"inLanguage":"pt-BR"},{"@type":"Person","@id":"https:\/\/www.auxiliadorapredial.com.br\/blog\/#\/schema\/person\/2511834935645e20c5e46ad243ab4080","name":"Jose Augusto de Oliveira Macedo Bastos","image":{"@type":"ImageObject","inLanguage":"pt-BR","@id":"https:\/\/secure.gravatar.com\/avatar\/14f51b6eec5d6197e8864756cb08ba6347bd729658473d07340f4c28be00b279?s=96&d=mm&r=g","url":"https:\/\/secure.gravatar.com\/avatar\/14f51b6eec5d6197e8864756cb08ba6347bd729658473d07340f4c28be00b279?s=96&d=mm&r=g","contentUrl":"https:\/\/secure.gravatar.com\/avatar\/14f51b6eec5d6197e8864756cb08ba6347bd729658473d07340f4c28be00b279?s=96&d=mm&r=g","caption":"Jose Augusto de Oliveira Macedo Bastos"}}]}},"views":981,"_links":{"self":[{"href":"https:\/\/www.auxiliadorapredial.com.br\/blog\/wp-json\/wp\/v2\/posts\/15512","targetHints":{"allow":["GET"]}}],"collection":[{"href":"https:\/\/www.auxiliadorapredial.com.br\/blog\/wp-json\/wp\/v2\/posts"}],"about":[{"href":"https:\/\/www.auxiliadorapredial.com.br\/blog\/wp-json\/wp\/v2\/types\/post"}],"author":[{"embeddable":true,"href":"https:\/\/www.auxiliadorapredial.com.br\/blog\/wp-json\/wp\/v2\/users\/16"}],"replies":[{"embeddable":true,"href":"https:\/\/www.auxiliadorapredial.com.br\/blog\/wp-json\/wp\/v2\/comments?post=15512"}],"version-history":[{"count":1,"href":"https:\/\/www.auxiliadorapredial.com.br\/blog\/wp-json\/wp\/v2\/posts\/15512\/revisions"}],"predecessor-version":[{"id":15518,"href":"https:\/\/www.auxiliadorapredial.com.br\/blog\/wp-json\/wp\/v2\/posts\/15512\/revisions\/15518"}],"wp:featuredmedia":[{"embeddable":true,"href":"https:\/\/www.auxiliadorapredial.com.br\/blog\/wp-json\/wp\/v2\/media\/15517"}],"wp:attachment":[{"href":"https:\/\/www.auxiliadorapredial.com.br\/blog\/wp-json\/wp\/v2\/media?parent=15512"}],"wp:term":[{"taxonomy":"category","embeddable":true,"href":"https:\/\/www.auxiliadorapredial.com.br\/blog\/wp-json\/wp\/v2\/categories?post=15512"},{"taxonomy":"post_tag","embeddable":true,"href":"https:\/\/www.auxiliadorapredial.com.br\/blog\/wp-json\/wp\/v2\/tags?post=15512"}],"curies":[{"name":"wp","href":"https:\/\/api.w.org\/{rel}","templated":true}]}}