{"id":17028,"date":"2025-06-11T15:24:38","date_gmt":"2025-06-11T18:24:38","guid":{"rendered":"https:\/\/www.auxiliadorapredial.com.br\/blog\/?p=17028"},"modified":"2025-06-11T16:59:50","modified_gmt":"2025-06-11T19:59:50","slug":"como-escolher-imovel-menor-com-conforto-5-dicas","status":"publish","type":"post","link":"https:\/\/www.auxiliadorapredial.com.br\/blog\/como-escolher-imovel-menor-com-conforto-5-dicas\/","title":{"rendered":"Como escolher im\u00f3vel menor com conforto? 5 dicas!"},"content":{"rendered":"\n<p>Buscar um im\u00f3vel menor com conforto \u00e9 uma tend\u00eancia cada vez mais comum nas grandes cidades. Seja por praticidade, economia ou estilo de vida, muitas pessoas est\u00e3o trocando espa\u00e7os amplos por lares compactos, mas cheios de funcionalidade.\u00a0<\/p>\n\n\n\n<p>No entanto, para garantir que a escolha n\u00e3o comprometa sua qualidade de vida, \u00e9 preciso estar atento a detalhes importantes na hora de comprar ou alugar. Neste artigo, voc\u00ea vai conferir 5 dicas essenciais para viver bem em um espa\u00e7o reduzido, sem abrir m\u00e3o do conforto e da praticidade no dia a dia.<\/p>\n\n\n\n<div id=\"ez-toc-container\" class=\"ez-toc-v2_0_82_2 counter-hierarchy ez-toc-counter ez-toc-transparent ez-toc-container-direction\">\n<p class=\"ez-toc-title\" style=\"cursor:inherit\">Navegue pelo conte\u00fado<\/p>\n<label for=\"ez-toc-cssicon-toggle-item-69f70b5f9ba46\" class=\"ez-toc-cssicon-toggle-label\"><span class=\"\"><span class=\"eztoc-hide\" style=\"display:none;\">Toggle<\/span><span class=\"ez-toc-icon-toggle-span\"><svg style=\"fill: #000000;color:#000000\" xmlns=\"http:\/\/www.w3.org\/2000\/svg\" class=\"list-377408\" width=\"20px\" height=\"20px\" viewBox=\"0 0 24 24\" fill=\"none\"><path d=\"M6 6H4v2h2V6zm14 0H8v2h12V6zM4 11h2v2H4v-2zm16 0H8v2h12v-2zM4 16h2v2H4v-2zm16 0H8v2h12v-2z\" fill=\"currentColor\"><\/path><\/svg><svg style=\"fill: #000000;color:#000000\" class=\"arrow-unsorted-368013\" xmlns=\"http:\/\/www.w3.org\/2000\/svg\" width=\"10px\" height=\"10px\" viewBox=\"0 0 24 24\" version=\"1.2\" baseProfile=\"tiny\"><path d=\"M18.2 9.3l-6.2-6.3-6.2 6.3c-.2.2-.3.4-.3.7s.1.5.3.7c.2.2.4.3.7.3h11c.3 0 .5-.1.7-.3.2-.2.3-.5.3-.7s-.1-.5-.3-.7zM5.8 14.7l6.2 6.3 6.2-6.3c.2-.2.3-.5.3-.7s-.1-.5-.3-.7c-.2-.2-.4-.3-.7-.3h-11c-.3 0-.5.1-.7.3-.2.2-.3.5-.3.7s.1.5.3.7z\"\/><\/svg><\/span><\/span><\/label><input type=\"checkbox\"  id=\"ez-toc-cssicon-toggle-item-69f70b5f9ba46\"  aria-label=\"Alternar\" \/><nav><ul class='ez-toc-list ez-toc-list-level-1 ' ><li class='ez-toc-page-1 ez-toc-heading-level-2'><a class=\"ez-toc-link ez-toc-heading-1\" href=\"https:\/\/www.auxiliadorapredial.com.br\/blog\/como-escolher-imovel-menor-com-conforto-5-dicas\/#Por_que_escolher_um_imovel_menor_com_conforto\" >Por que escolher um im\u00f3vel menor com conforto?<\/a><\/li><li class='ez-toc-page-1 ez-toc-heading-level-2'><a class=\"ez-toc-link ez-toc-heading-2\" href=\"https:\/\/www.auxiliadorapredial.com.br\/blog\/como-escolher-imovel-menor-com-conforto-5-dicas\/#5_dicas_para_escolher_um_imovel_menor_com_conforto\" >5 dicas para escolher um im\u00f3vel menor com conforto<\/a><ul class='ez-toc-list-level-3' ><li class='ez-toc-heading-level-3'><a class=\"ez-toc-link ez-toc-heading-3\" href=\"https:\/\/www.auxiliadorapredial.com.br\/blog\/como-escolher-imovel-menor-com-conforto-5-dicas\/#1_Entenda_suas_prioridades_de_espaco\" >1. Entenda suas prioridades de espa\u00e7o<\/a><\/li><li class='ez-toc-page-1 ez-toc-heading-level-3'><a class=\"ez-toc-link ez-toc-heading-4\" href=\"https:\/\/www.auxiliadorapredial.com.br\/blog\/como-escolher-imovel-menor-com-conforto-5-dicas\/#2_Invista_em_moveis_multifuncionais\" >2. Invista em m\u00f3veis multifuncionais<\/a><\/li><li class='ez-toc-page-1 ez-toc-heading-level-3'><a class=\"ez-toc-link ez-toc-heading-5\" href=\"https:\/\/www.auxiliadorapredial.com.br\/blog\/como-escolher-imovel-menor-com-conforto-5-dicas\/#3_Aposte_na_iluminacao_e_ventilacao_natural\" >3. Aposte na ilumina\u00e7\u00e3o e ventila\u00e7\u00e3o natural<\/a><\/li><li class='ez-toc-page-1 ez-toc-heading-level-3'><a class=\"ez-toc-link ez-toc-heading-6\" href=\"https:\/\/www.auxiliadorapredial.com.br\/blog\/como-escolher-imovel-menor-com-conforto-5-dicas\/#4_Analise_a_planta_com_olhar_funcional\" >4. Analise a planta com olhar funcional<\/a><\/li><li class='ez-toc-page-1 ez-toc-heading-level-3'><a class=\"ez-toc-link ez-toc-heading-7\" href=\"https:\/\/www.auxiliadorapredial.com.br\/blog\/como-escolher-imovel-menor-com-conforto-5-dicas\/#5_Considere_o_entorno_e_areas_comuns_do_predio\" >5. Considere o entorno e \u00e1reas comuns do pr\u00e9dio<\/a><\/li><\/ul><\/li><li class='ez-toc-page-1 ez-toc-heading-level-2'><a class=\"ez-toc-link ez-toc-heading-8\" href=\"https:\/\/www.auxiliadorapredial.com.br\/blog\/como-escolher-imovel-menor-com-conforto-5-dicas\/#Extras_que_fazem_diferenca_no_conforto\" >Extras que fazem diferen\u00e7a no conforto<\/a><\/li><li class='ez-toc-page-1 ez-toc-heading-level-2'><a class=\"ez-toc-link ez-toc-heading-9\" href=\"https:\/\/www.auxiliadorapredial.com.br\/blog\/como-escolher-imovel-menor-com-conforto-5-dicas\/#E_possivel_viver_bem_em_um_imovel_menor_com_conforto\" >\u00c9 poss\u00edvel viver bem em um im\u00f3vel menor com conforto<\/a><\/li><\/ul><\/nav><\/div>\n<h2 class=\"wp-block-heading\"><span class=\"ez-toc-section\" id=\"Por_que_escolher_um_imovel_menor_com_conforto\"><\/span>Por que escolher um im\u00f3vel menor com conforto?<span class=\"ez-toc-section-end\"><\/span><\/h2>\n\n\n\n<p>Optar por um im\u00f3vel menor com conforto vai muito al\u00e9m de uma simples quest\u00e3o de metragem. Trata-se de uma escolha consciente, que pode refletir um estilo de vida mais pr\u00e1tico, sustent\u00e1vel e econ\u00f4mico.&nbsp;<\/p>\n\n\n\n<p>Menos espa\u00e7o pode significar menos gastos com manuten\u00e7\u00e3o, limpeza e contas mensais, al\u00e9m de facilitar a organiza\u00e7\u00e3o e incentivar o desapego de itens desnecess\u00e1rios. Para quem vive sozinho, em casal ou at\u00e9 com filhos, os im\u00f3veis compactos v\u00eam ganhando destaque por sua funcionalidade e versatilidade.<\/p>\n\n\n\n<p>Mas \u00e9 importante frisar que viver em um espa\u00e7o menor n\u00e3o significa abrir m\u00e3o de conforto, beleza ou qualidade de vida. Com aten\u00e7\u00e3o aos detalhes e planejamento inteligente, \u00e9 poss\u00edvel transformar um pequeno apartamento ou casa em um lar completo e acolhedor.<\/p>\n\n\n\n<h2 class=\"wp-block-heading\"><span class=\"ez-toc-section\" id=\"5_dicas_para_escolher_um_imovel_menor_com_conforto\"><\/span>5 dicas para escolher um im\u00f3vel menor com conforto<span class=\"ez-toc-section-end\"><\/span><\/h2>\n\n\n\n<p>Se voc\u00ea pretende escolher um im\u00f3vel compacto para morar, seja com a sua fam\u00edlia ou sozinho, considere as dicas a seguir:<\/p>\n\n\n\n<ol class=\"wp-block-list\">\n<li>Entenda suas prioridades de espa\u00e7o;<\/li>\n\n\n\n<li>Invista em m\u00f3veis multifuncionais;<\/li>\n\n\n\n<li>Aposte na ilumina\u00e7\u00e3o e ventila\u00e7\u00e3o natural;<\/li>\n\n\n\n<li>Analise a planta com olhar funcional;<\/li>\n\n\n\n<li>Considere o entorno e \u00e1reas comuns do pr\u00e9dio.<\/li>\n<\/ol>\n\n\n\n<p>Saiba mais!<\/p>\n\n\n\n<h3 class=\"wp-block-heading\"><span class=\"ez-toc-section\" id=\"1_Entenda_suas_prioridades_de_espaco\"><\/span>1. Entenda suas prioridades de espa\u00e7o<span class=\"ez-toc-section-end\"><\/span><\/h3>\n\n\n\n<p>Antes de tudo, reflita sobre como voc\u00ea utiliza cada ambiente da casa. Se voc\u00ea trabalha em home office, por exemplo, talvez seja interessante priorizar um canto bem iluminado e silencioso.&nbsp;<\/p>\n\n\n\n<p>Se ama cozinhar, a cozinha precisa ser funcional, mesmo que compacta. E se a conviv\u00eancia familiar \u00e9 uma prioridade, espa\u00e7os integrados podem favorecer esse contato.<\/p>\n\n\n\n<p>Entender suas rotinas e o que \u00e9 indispens\u00e1vel no seu dia a dia ajuda a escolher um im\u00f3vel menor com conforto, pois permite valorizar os espa\u00e7os que realmente far\u00e3o diferen\u00e7a. Ao ter clareza do que \u00e9 essencial para voc\u00ea, ser\u00e1 mais f\u00e1cil encontrar um im\u00f3vel que atenda suas necessidades, mesmo com metragem reduzida.<\/p>\n\n\n\n<h3 class=\"wp-block-heading\"><span class=\"ez-toc-section\" id=\"2_Invista_em_moveis_multifuncionais\"><\/span>2. Invista em m\u00f3veis multifuncionais<span class=\"ez-toc-section-end\"><\/span><\/h3>\n\n\n\n<p>M\u00f3veis inteligentes s\u00e3o grandes aliados de quem deseja praticidade em um im\u00f3vel menor. Sof\u00e1-cama, mesa dobr\u00e1vel, cama com ba\u00fa, nichos e arm\u00e1rios a\u00e9reos s\u00e3o solu\u00e7\u00f5es que otimizam cada metro quadrado.&nbsp;<\/p>\n\n\n\n<p>\u00c9 poss\u00edvel transformar uma sala em quarto de h\u00f3spedes com um simples gesto ou mesmo criar um home office funcional em um cantinho da sala. Tudo depende de escolhas bem pensadas que aliem versatilidade e conforto.<\/p>\n\n\n\n<p>Outra estrat\u00e9gia eficiente \u00e9 apostar em <strong><a href=\"https:\/\/www.auxiliadorapredial.com.br\/blog\/como-escolher-moveis-planejados-para-otimizar-seu-espaco\/\" target=\"_blank\" rel=\"noreferrer noopener\">m\u00f3veis planejados<\/a><\/strong>. Feitos sob medida, aproveitam cada canto do ambiente e ajudam a integrar diferentes fun\u00e7\u00f5es no mesmo espa\u00e7o, como camas com gavetas embutidas ou arm\u00e1rios que funcionam como divis\u00f3rias.<\/p>\n\n\n\n<p>Essa combina\u00e7\u00e3o entre funcionalidade e personaliza\u00e7\u00e3o transforma um apartamento compacto em um im\u00f3vel menor com conforto, ideal para quem busca estilo, organiza\u00e7\u00e3o e <a href=\"https:\/\/www.auxiliadorapredial.com.br\/blog\/como-evitar-umidade-no-inverno-e-manter-o-bem-estar-em-casa\/\">bem-estar<\/a> no dia a dia.<\/p>\n\n\n\n<p><strong>Leia tamb\u00e9m: <\/strong><a href=\"https:\/\/www.auxiliadorapredial.com.br\/blog\/decoracao-em-imoveis-pequenos\/\" target=\"_blank\" rel=\"noreferrer noopener\"><strong>Decora\u00e7\u00e3o em im\u00f3veis pequenos: dicas para aproveitar cada espa\u00e7o<\/strong><\/a><\/p>\n\n\n\n<h3 class=\"wp-block-heading\"><span class=\"ez-toc-section\" id=\"3_Aposte_na_iluminacao_e_ventilacao_natural\"><\/span>3. Aposte na ilumina\u00e7\u00e3o e ventila\u00e7\u00e3o natural<span class=\"ez-toc-section-end\"><\/span><\/h3>\n\n\n\n<p>Ambientes iluminados e ventilados parecem maiores e mais agrad\u00e1veis. Ao visitar um im\u00f3vel, repare na posi\u00e7\u00e3o solar, tamanho das janelas e circula\u00e7\u00e3o do ar. Esses detalhes fazem toda a diferen\u00e7a em um im\u00f3vel menor com conforto, pois contribuem para a sensa\u00e7\u00e3o de bem-estar e amplitude.<\/p>\n\n\n\n<p>Prefira im\u00f3veis voltados para o norte (que recebem luz natural por mais tempo) e evite aqueles com pouca ventila\u00e7\u00e3o, que podem causar sensa\u00e7\u00e3o de abafamento. Afinal, luz e ar natural valorizam o espa\u00e7o e tornam a conviv\u00eancia mais prazerosa, principalmente em im\u00f3veis menores.<\/p>\n\n\n\n<p><strong>Leia tamb\u00e9m: <\/strong><a href=\"https:\/\/www.auxiliadorapredial.com.br\/blog\/imovel-para-morar-ou-investir\/\" target=\"_blank\" rel=\"noreferrer noopener\"><strong>Comprar im\u00f3vel para morar ou para investir: como escolher?<\/strong><\/a><\/p>\n\n\n\n<h3 class=\"wp-block-heading\"><span class=\"ez-toc-section\" id=\"4_Analise_a_planta_com_olhar_funcional\"><\/span>4. Analise a planta com olhar funcional<span class=\"ez-toc-section-end\"><\/span><\/h3>\n\n\n\n<p>Verifique se os espa\u00e7os s\u00e3o bem distribu\u00eddos e se n\u00e3o h\u00e1 \u00e1reas \u201cmortas\u201d, que n\u00e3o ser\u00e3o aproveitadas. Uma boa planta valoriza cada canto, integra ambientes e facilita a circula\u00e7\u00e3o.&nbsp;<\/p>\n\n\n\n<p>Em resumo, um im\u00f3vel menor com conforto \u00e9 aquele que, mesmo com metragem reduzida, tem uma planta inteligente e funcional.<\/p>\n\n\n\n<p><strong>O que observar na planta?<\/strong><\/p>\n\n\n\n<ul class=\"wp-block-list\">\n<li>Evite corredores longos demais e com pouca utilidade;<\/li>\n\n\n\n<li>Prefira ambientes integrados (como cozinha e sala), que d\u00e3o mais fluidez;<\/li>\n\n\n\n<li>Observe se h\u00e1 espa\u00e7o suficiente para arm\u00e1rios e eletrodom\u00e9sticos;<\/li>\n\n\n\n<li>Avalie a possibilidade de personaliza\u00e7\u00f5es simples, como trocar portas por pain\u00e9is de correr.<\/li>\n<\/ul>\n\n\n\n<p>Lembre-se que um layout funcional torna o dia a dia mais pr\u00e1tico e evita aquela sensa\u00e7\u00e3o de que falta espa\u00e7o para tudo.<\/p>\n\n\n\n<h3 class=\"wp-block-heading\"><span class=\"ez-toc-section\" id=\"5_Considere_o_entorno_e_areas_comuns_do_predio\"><\/span>5. Considere o entorno e \u00e1reas comuns do pr\u00e9dio<span class=\"ez-toc-section-end\"><\/span><\/h3>\n\n\n\n<p>Quando falamos em im\u00f3vel menor, \u00e9 essencial olhar al\u00e9m da metragem interna. O que est\u00e1 ao redor do seu lar, tanto dentro do <a href=\"https:\/\/www.auxiliadorapredial.com.br\/blog\/gestao-financeira-em-condominio-como-garantir-mais-transparencia-e-seguranca\/\">condom\u00ednio<\/a> quanto no bairro, pode fazer toda a diferen\u00e7a no dia a dia.&nbsp;<\/p>\n\n\n\n<p>\u00c1reas comuns funcionais, como academia, sal\u00e3o de festas, lavanderia compartilhada e espa\u00e7os ao ar livre, funcionam como extens\u00f5es do apartamento e ajudam a equilibrar a sensa\u00e7\u00e3o de espa\u00e7o. Esses ambientes compartilhados proporcionam momentos de lazer, conviv\u00eancia e praticidade, especialmente para quem vive em metragens reduzidas.<\/p>\n\n\n\n<p>Al\u00e9m disso, a localiza\u00e7\u00e3o tem um peso enorme na qualidade de vida. Viver perto de mercados, farm\u00e1cias, escolas, servi\u00e7os e transporte p\u00fablico significa menos tempo no tr\u00e2nsito e mais praticidade na rotina. Um bairro bem estruturado pode compensar a falta de espa\u00e7o interno e trazer mais funcionalidade ao seu dia a dia.<\/p>\n\n\n\n<p>Em outras palavras, conforto tamb\u00e9m \u00e9 ter tudo o que voc\u00ea precisa a poucos passos de casa.<\/p>\n\n\n\n<p><strong>Leia tamb\u00e9m: <\/strong><a href=\"https:\/\/www.auxiliadorapredial.com.br\/blog\/o-que-considerar-na-busca-do-imovel-para-alugar\/\" target=\"_blank\" rel=\"noreferrer noopener\"><strong>O que considerar na busca do im\u00f3vel para alugar<\/strong><\/a><\/p>\n\n\n\n<h2 class=\"wp-block-heading\"><span class=\"ez-toc-section\" id=\"Extras_que_fazem_diferenca_no_conforto\"><\/span>Extras que fazem diferen\u00e7a no conforto<span class=\"ez-toc-section-end\"><\/span><\/h2>\n\n\n\n<p>Se voc\u00ea quer garantir o m\u00e1ximo de conforto em um im\u00f3vel menor, vale prestar aten\u00e7\u00e3o a alguns diferenciais que valorizam o espa\u00e7o:<\/p>\n\n\n\n<ul class=\"wp-block-list\">\n<li>p\u00e9-direito mais alto, que d\u00e1 a sensa\u00e7\u00e3o de amplitude;<\/li>\n\n\n\n<li>varanda ou janelas amplas, pois aumentam a ventila\u00e7\u00e3o e entrada de luz;<\/li>\n\n\n\n<li>integra\u00e7\u00e3o com a \u00e1rea externa, mesmo que pequena;<\/li>\n\n\n\n<li>acabamentos de qualidade e boa conserva\u00e7\u00e3o do im\u00f3vel.<\/li>\n<\/ul>\n\n\n\n<p>Esses detalhes ajudam a transformar um im\u00f3vel comum em um verdadeiro ref\u00fagio urbano.<\/p>\n\n\n\n<h2 class=\"wp-block-heading\"><span class=\"ez-toc-section\" id=\"E_possivel_viver_bem_em_um_imovel_menor_com_conforto\"><\/span>\u00c9 poss\u00edvel viver bem em um im\u00f3vel menor com conforto<span class=\"ez-toc-section-end\"><\/span><\/h2>\n\n\n\n<p>Com planejamento, criatividade e olhar atento aos detalhes, \u00e9 totalmente vi\u00e1vel encontrar um im\u00f3vel compacto, que atenda \u00e0s suas necessidades e estilo de vida. O segredo est\u00e1 em escolher com consci\u00eancia, priorizando funcionalidade, bem-estar e qualidade em cada metro quadrado.<\/p>\n\n\n\n<p>A vida em um espa\u00e7o menor pode ser mais leve, pr\u00e1tica e at\u00e9 mais feliz \u2013 desde que o lar reflita quem voc\u00ea \u00e9 e como voc\u00ea gosta de viver. Quer encontrar o seu pr\u00f3ximo im\u00f3vel menor com conforto? Acesse agora o site da <a href=\"https:\/\/auxiliadorapredial.com.br\/\" target=\"_blank\" rel=\"noreferrer noopener\"><strong>Auxiliadora Predial<\/strong><\/a> e descubra op\u00e7\u00f5es selecionadas nas principais cidades do pa\u00eds!<\/p>\n\n\n\n<p><\/p>\n","protected":false},"excerpt":{"rendered":"<p>Neste artigo, descubra como transformar um im\u00f3vel menor em um lar confort\u00e1vel e funcional com 5 dicas pr\u00e1ticas e inteligentes. <\/p>\n","protected":false},"author":2,"featured_media":17029,"comment_status":"open","ping_status":"open","sticky":false,"template":"","format":"standard","meta":{"footnotes":""},"categories":[309],"tags":[1564,1565,657],"class_list":["post-17028","post","type-post","status-publish","format-standard","has-post-thumbnail","hentry","category-morar-bem","tag-dicas-de-imovel","tag-imovel-menor-com-conforto","tag-morar-bem"],"yoast_head":"<!-- This site is optimized with the Yoast SEO plugin v27.3 - https:\/\/yoast.com\/product\/yoast-seo-wordpress\/ -->\n<title>Como escolher im\u00f3vel menor com conforto? 5 dicas!<\/title>\n<meta name=\"description\" content=\"Confira cinco dicas para escolher um im\u00f3vel menor com conforto e tenha mais praticidade na sua rotina \u2013 dentro e fora de casa.\" \/>\n<meta name=\"robots\" content=\"index, follow, max-snippet:-1, max-image-preview:large, max-video-preview:-1\" \/>\n<link rel=\"canonical\" href=\"https:\/\/www.auxiliadorapredial.com.br\/blog\/como-escolher-imovel-menor-com-conforto-5-dicas\/\" \/>\n<meta property=\"og:locale\" content=\"pt_BR\" \/>\n<meta property=\"og:type\" content=\"article\" \/>\n<meta property=\"og:title\" content=\"Como escolher im\u00f3vel menor com conforto? 5 dicas!\" \/>\n<meta property=\"og:description\" content=\"Confira cinco dicas para escolher um im\u00f3vel menor com conforto e tenha mais praticidade na sua rotina \u2013 dentro e fora de casa.\" \/>\n<meta property=\"og:url\" content=\"https:\/\/www.auxiliadorapredial.com.br\/blog\/como-escolher-imovel-menor-com-conforto-5-dicas\/\" \/>\n<meta property=\"og:site_name\" content=\"Blog da Auxiliadora Predial - Tudo sobre im\u00f3veis e condom\u00ednios\" \/>\n<meta property=\"article:published_time\" content=\"2025-06-11T18:24:38+00:00\" \/>\n<meta property=\"article:modified_time\" content=\"2025-06-11T19:59:50+00:00\" \/>\n<meta property=\"og:image\" content=\"https:\/\/www.auxiliadorapredial.com.br\/blog\/wp-content\/uploads\/Imovel-menor-com-conforto.webp\" \/>\n\t<meta property=\"og:image:width\" content=\"1000\" \/>\n\t<meta property=\"og:image:height\" content=\"667\" \/>\n\t<meta property=\"og:image:type\" content=\"image\/webp\" \/>\n<meta name=\"author\" content=\"Auxiliadora Predial\" \/>\n<meta name=\"twitter:card\" content=\"summary_large_image\" \/>\n<meta name=\"twitter:label1\" content=\"Escrito por\" \/>\n\t<meta name=\"twitter:data1\" content=\"Auxiliadora Predial\" \/>\n\t<meta name=\"twitter:label2\" content=\"Est. tempo de leitura\" \/>\n\t<meta name=\"twitter:data2\" content=\"7 minutos\" \/>\n<script type=\"application\/ld+json\" class=\"yoast-schema-graph\">{\"@context\":\"https:\\\/\\\/schema.org\",\"@graph\":[{\"@type\":\"Article\",\"@id\":\"https:\\\/\\\/www.auxiliadorapredial.com.br\\\/blog\\\/como-escolher-imovel-menor-com-conforto-5-dicas\\\/#article\",\"isPartOf\":{\"@id\":\"https:\\\/\\\/www.auxiliadorapredial.com.br\\\/blog\\\/como-escolher-imovel-menor-com-conforto-5-dicas\\\/\"},\"author\":{\"name\":\"Auxiliadora Predial\",\"@id\":\"https:\\\/\\\/www.auxiliadorapredial.com.br\\\/blog\\\/#\\\/schema\\\/person\\\/851e4e4185bc716576f2f383ed94ae33\"},\"headline\":\"Como escolher im\u00f3vel menor com conforto? 5 dicas!\",\"datePublished\":\"2025-06-11T18:24:38+00:00\",\"dateModified\":\"2025-06-11T19:59:50+00:00\",\"mainEntityOfPage\":{\"@id\":\"https:\\\/\\\/www.auxiliadorapredial.com.br\\\/blog\\\/como-escolher-imovel-menor-com-conforto-5-dicas\\\/\"},\"wordCount\":1261,\"commentCount\":0,\"image\":{\"@id\":\"https:\\\/\\\/www.auxiliadorapredial.com.br\\\/blog\\\/como-escolher-imovel-menor-com-conforto-5-dicas\\\/#primaryimage\"},\"thumbnailUrl\":\"https:\\\/\\\/www.auxiliadorapredial.com.br\\\/blog\\\/wp-content\\\/uploads\\\/Imovel-menor-com-conforto.webp\",\"keywords\":[\"Dicas de im\u00f3vel\",\"Im\u00f3vel menor com conforto\",\"morar bem\"],\"articleSection\":[\"Morar Bem\"],\"inLanguage\":\"pt-BR\",\"potentialAction\":[{\"@type\":\"CommentAction\",\"name\":\"Comment\",\"target\":[\"https:\\\/\\\/www.auxiliadorapredial.com.br\\\/blog\\\/como-escolher-imovel-menor-com-conforto-5-dicas\\\/#respond\"]}]},{\"@type\":\"WebPage\",\"@id\":\"https:\\\/\\\/www.auxiliadorapredial.com.br\\\/blog\\\/como-escolher-imovel-menor-com-conforto-5-dicas\\\/\",\"url\":\"https:\\\/\\\/www.auxiliadorapredial.com.br\\\/blog\\\/como-escolher-imovel-menor-com-conforto-5-dicas\\\/\",\"name\":\"Como escolher im\u00f3vel menor com conforto? 5 dicas!\",\"isPartOf\":{\"@id\":\"https:\\\/\\\/www.auxiliadorapredial.com.br\\\/blog\\\/#website\"},\"primaryImageOfPage\":{\"@id\":\"https:\\\/\\\/www.auxiliadorapredial.com.br\\\/blog\\\/como-escolher-imovel-menor-com-conforto-5-dicas\\\/#primaryimage\"},\"image\":{\"@id\":\"https:\\\/\\\/www.auxiliadorapredial.com.br\\\/blog\\\/como-escolher-imovel-menor-com-conforto-5-dicas\\\/#primaryimage\"},\"thumbnailUrl\":\"https:\\\/\\\/www.auxiliadorapredial.com.br\\\/blog\\\/wp-content\\\/uploads\\\/Imovel-menor-com-conforto.webp\",\"datePublished\":\"2025-06-11T18:24:38+00:00\",\"dateModified\":\"2025-06-11T19:59:50+00:00\",\"author\":{\"@id\":\"https:\\\/\\\/www.auxiliadorapredial.com.br\\\/blog\\\/#\\\/schema\\\/person\\\/851e4e4185bc716576f2f383ed94ae33\"},\"description\":\"Confira cinco dicas para escolher um im\u00f3vel menor com conforto e tenha mais praticidade na sua rotina \u2013 dentro e fora de casa.\",\"inLanguage\":\"pt-BR\",\"potentialAction\":[{\"@type\":\"ReadAction\",\"target\":[\"https:\\\/\\\/www.auxiliadorapredial.com.br\\\/blog\\\/como-escolher-imovel-menor-com-conforto-5-dicas\\\/\"]}]},{\"@type\":\"ImageObject\",\"inLanguage\":\"pt-BR\",\"@id\":\"https:\\\/\\\/www.auxiliadorapredial.com.br\\\/blog\\\/como-escolher-imovel-menor-com-conforto-5-dicas\\\/#primaryimage\",\"url\":\"https:\\\/\\\/www.auxiliadorapredial.com.br\\\/blog\\\/wp-content\\\/uploads\\\/Imovel-menor-com-conforto.webp\",\"contentUrl\":\"https:\\\/\\\/www.auxiliadorapredial.com.br\\\/blog\\\/wp-content\\\/uploads\\\/Imovel-menor-com-conforto.webp\",\"width\":1000,\"height\":667,\"caption\":\"Im\u00f3vel menor com conforto\"},{\"@type\":\"WebSite\",\"@id\":\"https:\\\/\\\/www.auxiliadorapredial.com.br\\\/blog\\\/#website\",\"url\":\"https:\\\/\\\/www.auxiliadorapredial.com.br\\\/blog\\\/\",\"name\":\"Blog da Auxiliadora Predial - Tudo sobre im\u00f3veis e condom\u00ednios\",\"description\":\"Dicas da Auxiliadora Predial sobre aluguel, compra e venda de im\u00f3veis, al\u00e9m de condom\u00ednios. Imobili\u00e1ria em Porto Alegre e interior do RS, Santa Catarina e S\u00e3o Paulo.\",\"potentialAction\":[{\"@type\":\"SearchAction\",\"target\":{\"@type\":\"EntryPoint\",\"urlTemplate\":\"https:\\\/\\\/www.auxiliadorapredial.com.br\\\/blog\\\/?s={search_term_string}\"},\"query-input\":{\"@type\":\"PropertyValueSpecification\",\"valueRequired\":true,\"valueName\":\"search_term_string\"}}],\"inLanguage\":\"pt-BR\"},{\"@type\":\"Person\",\"@id\":\"https:\\\/\\\/www.auxiliadorapredial.com.br\\\/blog\\\/#\\\/schema\\\/person\\\/851e4e4185bc716576f2f383ed94ae33\",\"name\":\"Auxiliadora Predial\",\"image\":{\"@type\":\"ImageObject\",\"inLanguage\":\"pt-BR\",\"@id\":\"https:\\\/\\\/secure.gravatar.com\\\/avatar\\\/96f819f3615570f75bc98a819541afa2cb796cbdd9086c22d71a1b162f1cd305?s=96&d=mm&r=g\",\"url\":\"https:\\\/\\\/secure.gravatar.com\\\/avatar\\\/96f819f3615570f75bc98a819541afa2cb796cbdd9086c22d71a1b162f1cd305?s=96&d=mm&r=g\",\"contentUrl\":\"https:\\\/\\\/secure.gravatar.com\\\/avatar\\\/96f819f3615570f75bc98a819541afa2cb796cbdd9086c22d71a1b162f1cd305?s=96&d=mm&r=g\",\"caption\":\"Auxiliadora Predial\"}}]}<\/script>\n<!-- \/ Yoast SEO plugin. -->","yoast_head_json":{"title":"Como escolher im\u00f3vel menor com conforto? 5 dicas!","description":"Confira cinco dicas para escolher um im\u00f3vel menor com conforto e tenha mais praticidade na sua rotina \u2013 dentro e fora de casa.","robots":{"index":"index","follow":"follow","max-snippet":"max-snippet:-1","max-image-preview":"max-image-preview:large","max-video-preview":"max-video-preview:-1"},"canonical":"https:\/\/www.auxiliadorapredial.com.br\/blog\/como-escolher-imovel-menor-com-conforto-5-dicas\/","og_locale":"pt_BR","og_type":"article","og_title":"Como escolher im\u00f3vel menor com conforto? 5 dicas!","og_description":"Confira cinco dicas para escolher um im\u00f3vel menor com conforto e tenha mais praticidade na sua rotina \u2013 dentro e fora de casa.","og_url":"https:\/\/www.auxiliadorapredial.com.br\/blog\/como-escolher-imovel-menor-com-conforto-5-dicas\/","og_site_name":"Blog da Auxiliadora Predial - Tudo sobre im\u00f3veis e condom\u00ednios","article_published_time":"2025-06-11T18:24:38+00:00","article_modified_time":"2025-06-11T19:59:50+00:00","og_image":[{"width":1000,"height":667,"url":"https:\/\/www.auxiliadorapredial.com.br\/blog\/wp-content\/uploads\/Imovel-menor-com-conforto.webp","type":"image\/webp"}],"author":"Auxiliadora Predial","twitter_card":"summary_large_image","twitter_misc":{"Escrito por":"Auxiliadora Predial","Est. tempo de leitura":"7 minutos"},"schema":{"@context":"https:\/\/schema.org","@graph":[{"@type":"Article","@id":"https:\/\/www.auxiliadorapredial.com.br\/blog\/como-escolher-imovel-menor-com-conforto-5-dicas\/#article","isPartOf":{"@id":"https:\/\/www.auxiliadorapredial.com.br\/blog\/como-escolher-imovel-menor-com-conforto-5-dicas\/"},"author":{"name":"Auxiliadora Predial","@id":"https:\/\/www.auxiliadorapredial.com.br\/blog\/#\/schema\/person\/851e4e4185bc716576f2f383ed94ae33"},"headline":"Como escolher im\u00f3vel menor com conforto? 5 dicas!","datePublished":"2025-06-11T18:24:38+00:00","dateModified":"2025-06-11T19:59:50+00:00","mainEntityOfPage":{"@id":"https:\/\/www.auxiliadorapredial.com.br\/blog\/como-escolher-imovel-menor-com-conforto-5-dicas\/"},"wordCount":1261,"commentCount":0,"image":{"@id":"https:\/\/www.auxiliadorapredial.com.br\/blog\/como-escolher-imovel-menor-com-conforto-5-dicas\/#primaryimage"},"thumbnailUrl":"https:\/\/www.auxiliadorapredial.com.br\/blog\/wp-content\/uploads\/Imovel-menor-com-conforto.webp","keywords":["Dicas de im\u00f3vel","Im\u00f3vel menor com conforto","morar bem"],"articleSection":["Morar Bem"],"inLanguage":"pt-BR","potentialAction":[{"@type":"CommentAction","name":"Comment","target":["https:\/\/www.auxiliadorapredial.com.br\/blog\/como-escolher-imovel-menor-com-conforto-5-dicas\/#respond"]}]},{"@type":"WebPage","@id":"https:\/\/www.auxiliadorapredial.com.br\/blog\/como-escolher-imovel-menor-com-conforto-5-dicas\/","url":"https:\/\/www.auxiliadorapredial.com.br\/blog\/como-escolher-imovel-menor-com-conforto-5-dicas\/","name":"Como escolher im\u00f3vel menor com conforto? 5 dicas!","isPartOf":{"@id":"https:\/\/www.auxiliadorapredial.com.br\/blog\/#website"},"primaryImageOfPage":{"@id":"https:\/\/www.auxiliadorapredial.com.br\/blog\/como-escolher-imovel-menor-com-conforto-5-dicas\/#primaryimage"},"image":{"@id":"https:\/\/www.auxiliadorapredial.com.br\/blog\/como-escolher-imovel-menor-com-conforto-5-dicas\/#primaryimage"},"thumbnailUrl":"https:\/\/www.auxiliadorapredial.com.br\/blog\/wp-content\/uploads\/Imovel-menor-com-conforto.webp","datePublished":"2025-06-11T18:24:38+00:00","dateModified":"2025-06-11T19:59:50+00:00","author":{"@id":"https:\/\/www.auxiliadorapredial.com.br\/blog\/#\/schema\/person\/851e4e4185bc716576f2f383ed94ae33"},"description":"Confira cinco dicas para escolher um im\u00f3vel menor com conforto e tenha mais praticidade na sua rotina \u2013 dentro e fora de casa.","inLanguage":"pt-BR","potentialAction":[{"@type":"ReadAction","target":["https:\/\/www.auxiliadorapredial.com.br\/blog\/como-escolher-imovel-menor-com-conforto-5-dicas\/"]}]},{"@type":"ImageObject","inLanguage":"pt-BR","@id":"https:\/\/www.auxiliadorapredial.com.br\/blog\/como-escolher-imovel-menor-com-conforto-5-dicas\/#primaryimage","url":"https:\/\/www.auxiliadorapredial.com.br\/blog\/wp-content\/uploads\/Imovel-menor-com-conforto.webp","contentUrl":"https:\/\/www.auxiliadorapredial.com.br\/blog\/wp-content\/uploads\/Imovel-menor-com-conforto.webp","width":1000,"height":667,"caption":"Im\u00f3vel menor com conforto"},{"@type":"WebSite","@id":"https:\/\/www.auxiliadorapredial.com.br\/blog\/#website","url":"https:\/\/www.auxiliadorapredial.com.br\/blog\/","name":"Blog da Auxiliadora Predial - Tudo sobre im\u00f3veis e condom\u00ednios","description":"Dicas da Auxiliadora Predial sobre aluguel, compra e venda de im\u00f3veis, al\u00e9m de condom\u00ednios. Imobili\u00e1ria em Porto Alegre e interior do RS, Santa Catarina e S\u00e3o Paulo.","potentialAction":[{"@type":"SearchAction","target":{"@type":"EntryPoint","urlTemplate":"https:\/\/www.auxiliadorapredial.com.br\/blog\/?s={search_term_string}"},"query-input":{"@type":"PropertyValueSpecification","valueRequired":true,"valueName":"search_term_string"}}],"inLanguage":"pt-BR"},{"@type":"Person","@id":"https:\/\/www.auxiliadorapredial.com.br\/blog\/#\/schema\/person\/851e4e4185bc716576f2f383ed94ae33","name":"Auxiliadora Predial","image":{"@type":"ImageObject","inLanguage":"pt-BR","@id":"https:\/\/secure.gravatar.com\/avatar\/96f819f3615570f75bc98a819541afa2cb796cbdd9086c22d71a1b162f1cd305?s=96&d=mm&r=g","url":"https:\/\/secure.gravatar.com\/avatar\/96f819f3615570f75bc98a819541afa2cb796cbdd9086c22d71a1b162f1cd305?s=96&d=mm&r=g","contentUrl":"https:\/\/secure.gravatar.com\/avatar\/96f819f3615570f75bc98a819541afa2cb796cbdd9086c22d71a1b162f1cd305?s=96&d=mm&r=g","caption":"Auxiliadora Predial"}}]}},"views":1508,"_links":{"self":[{"href":"https:\/\/www.auxiliadorapredial.com.br\/blog\/wp-json\/wp\/v2\/posts\/17028","targetHints":{"allow":["GET"]}}],"collection":[{"href":"https:\/\/www.auxiliadorapredial.com.br\/blog\/wp-json\/wp\/v2\/posts"}],"about":[{"href":"https:\/\/www.auxiliadorapredial.com.br\/blog\/wp-json\/wp\/v2\/types\/post"}],"author":[{"embeddable":true,"href":"https:\/\/www.auxiliadorapredial.com.br\/blog\/wp-json\/wp\/v2\/users\/2"}],"replies":[{"embeddable":true,"href":"https:\/\/www.auxiliadorapredial.com.br\/blog\/wp-json\/wp\/v2\/comments?post=17028"}],"version-history":[{"count":3,"href":"https:\/\/www.auxiliadorapredial.com.br\/blog\/wp-json\/wp\/v2\/posts\/17028\/revisions"}],"predecessor-version":[{"id":17039,"href":"https:\/\/www.auxiliadorapredial.com.br\/blog\/wp-json\/wp\/v2\/posts\/17028\/revisions\/17039"}],"wp:featuredmedia":[{"embeddable":true,"href":"https:\/\/www.auxiliadorapredial.com.br\/blog\/wp-json\/wp\/v2\/media\/17029"}],"wp:attachment":[{"href":"https:\/\/www.auxiliadorapredial.com.br\/blog\/wp-json\/wp\/v2\/media?parent=17028"}],"wp:term":[{"taxonomy":"category","embeddable":true,"href":"https:\/\/www.auxiliadorapredial.com.br\/blog\/wp-json\/wp\/v2\/categories?post=17028"},{"taxonomy":"post_tag","embeddable":true,"href":"https:\/\/www.auxiliadorapredial.com.br\/blog\/wp-json\/wp\/v2\/tags?post=17028"}],"curies":[{"name":"wp","href":"https:\/\/api.w.org\/{rel}","templated":true}]}}