{"id":17169,"date":"2025-08-28T09:40:00","date_gmt":"2025-08-28T12:40:00","guid":{"rendered":"https:\/\/www.auxiliadorapredial.com.br\/blog\/?p=17169"},"modified":"2025-08-22T14:40:46","modified_gmt":"2025-08-22T17:40:46","slug":"ar-condicionado-no-inverno-como-usar-manter-e-economizar","status":"publish","type":"post","link":"https:\/\/www.auxiliadorapredial.com.br\/blog\/ar-condicionado-no-inverno-como-usar-manter-e-economizar\/","title":{"rendered":"Ar-condicionado no inverno: como usar, manter e economizar?"},"content":{"rendered":"\n<p>Quando o frio chega, muita gente se pergunta se \u00e9 poss\u00edvel usar o ar-condicionado no inverno para aquecer os ambientes da casa. E a resposta \u00e9 sim, mas com alguns cuidados importantes.&nbsp;<\/p>\n\n\n\n<p>Neste guia, voc\u00ea vai descobrir como tirar o melhor proveito do seu ar-condicionado nos dias frios, garantindo conforto t\u00e9rmico, efici\u00eancia e economia. Al\u00e9m disso, vamos compartilhar dicas de manuten\u00e7\u00e3o e uso inteligente, para evitar que voc\u00ea tenha gastos desnecess\u00e1rios e consiga prolongar a vida \u00fatil do aparelho.<\/p>\n\n\n\n<div id=\"ez-toc-container\" class=\"ez-toc-v2_0_82_2 counter-hierarchy ez-toc-counter ez-toc-transparent ez-toc-container-direction\">\n<p class=\"ez-toc-title\" style=\"cursor:inherit\">Navegue pelo conte\u00fado<\/p>\n<label for=\"ez-toc-cssicon-toggle-item-69f6fed4ce0a4\" class=\"ez-toc-cssicon-toggle-label\"><span class=\"\"><span class=\"eztoc-hide\" style=\"display:none;\">Toggle<\/span><span class=\"ez-toc-icon-toggle-span\"><svg style=\"fill: #000000;color:#000000\" xmlns=\"http:\/\/www.w3.org\/2000\/svg\" class=\"list-377408\" width=\"20px\" height=\"20px\" viewBox=\"0 0 24 24\" fill=\"none\"><path d=\"M6 6H4v2h2V6zm14 0H8v2h12V6zM4 11h2v2H4v-2zm16 0H8v2h12v-2zM4 16h2v2H4v-2zm16 0H8v2h12v-2z\" fill=\"currentColor\"><\/path><\/svg><svg style=\"fill: #000000;color:#000000\" class=\"arrow-unsorted-368013\" xmlns=\"http:\/\/www.w3.org\/2000\/svg\" width=\"10px\" height=\"10px\" viewBox=\"0 0 24 24\" version=\"1.2\" baseProfile=\"tiny\"><path d=\"M18.2 9.3l-6.2-6.3-6.2 6.3c-.2.2-.3.4-.3.7s.1.5.3.7c.2.2.4.3.7.3h11c.3 0 .5-.1.7-.3.2-.2.3-.5.3-.7s-.1-.5-.3-.7zM5.8 14.7l6.2 6.3 6.2-6.3c.2-.2.3-.5.3-.7s-.1-.5-.3-.7c-.2-.2-.4-.3-.7-.3h-11c-.3 0-.5.1-.7.3-.2.2-.3.5-.3.7s.1.5.3.7z\"\/><\/svg><\/span><\/span><\/label><input type=\"checkbox\"  id=\"ez-toc-cssicon-toggle-item-69f6fed4ce0a4\"  aria-label=\"Alternar\" \/><nav><ul class='ez-toc-list ez-toc-list-level-1 ' ><li class='ez-toc-page-1 ez-toc-heading-level-2'><a class=\"ez-toc-link ez-toc-heading-1\" href=\"https:\/\/www.auxiliadorapredial.com.br\/blog\/ar-condicionado-no-inverno-como-usar-manter-e-economizar\/#Qual_modo_usar_no_ar-condicionado_no_inverno\" >Qual modo usar no ar-condicionado no inverno?<\/a><\/li><li class='ez-toc-page-1 ez-toc-heading-level-2'><a class=\"ez-toc-link ez-toc-heading-2\" href=\"https:\/\/www.auxiliadorapredial.com.br\/blog\/ar-condicionado-no-inverno-como-usar-manter-e-economizar\/#Em_qual_temperatura_o_ar-condicionado_gasta_menos\" >Em qual temperatura o ar-condicionado gasta menos?<\/a><\/li><li class='ez-toc-page-1 ez-toc-heading-level-2'><a class=\"ez-toc-link ez-toc-heading-3\" href=\"https:\/\/www.auxiliadorapredial.com.br\/blog\/ar-condicionado-no-inverno-como-usar-manter-e-economizar\/#Qual_a_temperatura_ideal_para_o_ar-condicionado_no_inverno\" >Qual a temperatura ideal para o ar-condicionado no inverno?<\/a><\/li><li class='ez-toc-page-1 ez-toc-heading-level-2'><a class=\"ez-toc-link ez-toc-heading-4\" href=\"https:\/\/www.auxiliadorapredial.com.br\/blog\/ar-condicionado-no-inverno-como-usar-manter-e-economizar\/#Qual_a_frequencia_ideal_para_fazer_manutencao_no_ar-condicionado\" >Qual a frequ\u00eancia ideal para fazer manuten\u00e7\u00e3o no ar-condicionado?<\/a><\/li><li class='ez-toc-page-1 ez-toc-heading-level-2'><a class=\"ez-toc-link ez-toc-heading-5\" href=\"https:\/\/www.auxiliadorapredial.com.br\/blog\/ar-condicionado-no-inverno-como-usar-manter-e-economizar\/#Como_usar_o_ar-condicionado_no_inverno_5_dicas\" >Como usar o ar-condicionado no inverno? 5 dicas<\/a><ul class='ez-toc-list-level-3' ><li class='ez-toc-heading-level-3'><a class=\"ez-toc-link ez-toc-heading-6\" href=\"https:\/\/www.auxiliadorapredial.com.br\/blog\/ar-condicionado-no-inverno-como-usar-manter-e-economizar\/#1_Programe_o_timer_para_economia_de_energia\" >1. Programe o timer para economia de energia<\/a><\/li><li class='ez-toc-page-1 ez-toc-heading-level-3'><a class=\"ez-toc-link ez-toc-heading-7\" href=\"https:\/\/www.auxiliadorapredial.com.br\/blog\/ar-condicionado-no-inverno-como-usar-manter-e-economizar\/#2_Mantenha_portas_e_janelas_fechadas\" >2. Mantenha portas e janelas fechadas<\/a><\/li><li class='ez-toc-page-1 ez-toc-heading-level-3'><a class=\"ez-toc-link ez-toc-heading-8\" href=\"https:\/\/www.auxiliadorapredial.com.br\/blog\/ar-condicionado-no-inverno-como-usar-manter-e-economizar\/#3_Nao_exagere_na_temperatura\" >3. N\u00e3o exagere na temperatura<\/a><\/li><li class='ez-toc-page-1 ez-toc-heading-level-3'><a class=\"ez-toc-link ez-toc-heading-9\" href=\"https:\/\/www.auxiliadorapredial.com.br\/blog\/ar-condicionado-no-inverno-como-usar-manter-e-economizar\/#4_Verifique_a_posicao_das_aletas\" >4. Verifique a posi\u00e7\u00e3o das aletas<\/a><\/li><li class='ez-toc-page-1 ez-toc-heading-level-3'><a class=\"ez-toc-link ez-toc-heading-10\" href=\"https:\/\/www.auxiliadorapredial.com.br\/blog\/ar-condicionado-no-inverno-como-usar-manter-e-economizar\/#5_Faca_uma_limpeza_completa_antes_de_usar\" >5. Fa\u00e7a uma limpeza completa antes de usar<\/a><\/li><\/ul><\/li><li class='ez-toc-page-1 ez-toc-heading-level-2'><a class=\"ez-toc-link ez-toc-heading-11\" href=\"https:\/\/www.auxiliadorapredial.com.br\/blog\/ar-condicionado-no-inverno-como-usar-manter-e-economizar\/#Quais_as_vantagens_de_usar_o_ar-condicionado_no_inverno\" >Quais as vantagens de usar o ar-condicionado no inverno?<\/a><\/li><li class='ez-toc-page-1 ez-toc-heading-level-2'><a class=\"ez-toc-link ez-toc-heading-12\" href=\"https:\/\/www.auxiliadorapredial.com.br\/blog\/ar-condicionado-no-inverno-como-usar-manter-e-economizar\/#Ar-condicionado_e_a_saude_cuidados_importantes\" >Ar-condicionado e a sa\u00fade: cuidados importantes<\/a><\/li><li class='ez-toc-page-1 ez-toc-heading-level-2'><a class=\"ez-toc-link ez-toc-heading-13\" href=\"https:\/\/www.auxiliadorapredial.com.br\/blog\/ar-condicionado-no-inverno-como-usar-manter-e-economizar\/#Como_escolher_o_melhor_ar-condicionado_para_o_inverno\" >Como escolher o melhor ar-condicionado para o inverno?<\/a><\/li><\/ul><\/nav><\/div>\n<h2 class=\"wp-block-heading\"><span class=\"ez-toc-section\" id=\"Qual_modo_usar_no_ar-condicionado_no_inverno\"><\/span>Qual modo usar no ar-condicionado no inverno?<span class=\"ez-toc-section-end\"><\/span><\/h2>\n\n\n\n<p>A primeira d\u00favida de quem pensa em usar o ar-condicionado no <a href=\"https:\/\/www.auxiliadorapredial.com.br\/blog\/5-dicas-para-deixar-a-sua-casa-aconchegante-no-inverno\/\" target=\"_blank\" rel=\"noreferrer noopener\">inverno<\/a> \u00e9 sobre o modo correto de opera\u00e7\u00e3o. A maioria dos modelos do tipo split ou inverter possui a fun\u00e7\u00e3o \u201cheat\u201d (ou aquecimento), representada por um \u00edcone de sol no controle remoto.<\/p>\n\n\n\n<p>Essa fun\u00e7\u00e3o aquece o ambiente de forma controlada, mantendo a temperatura ideal sem o ressecamento excessivo do ar, como acontece com aquecedores el\u00e9tricos tradicionais.<\/p>\n\n\n\n<p>Por\u00e9m, \u00e9 importante verificar se o modelo do seu aparelho \u00e9 compat\u00edvel com a fun\u00e7\u00e3o quente e frio (quente\/frio), pois nem todos os modelos de <a href=\"https:\/\/www.auxiliadorapredial.com.br\/blog\/ar-condicionado-em-apartamento\/\" target=\"_blank\" rel=\"noreferrer noopener\">ar-condicionado<\/a> oferecem essa op\u00e7\u00e3o.<\/p>\n\n\n\n<h2 class=\"wp-block-heading\"><span class=\"ez-toc-section\" id=\"Em_qual_temperatura_o_ar-condicionado_gasta_menos\"><\/span>Em qual temperatura o ar-condicionado gasta menos?<span class=\"ez-toc-section-end\"><\/span><\/h2>\n\n\n\n<p>A efici\u00eancia energ\u00e9tica do ar-condicionado no inverno est\u00e1 diretamente ligada \u00e0 temperatura que voc\u00ea escolher. Quanto mais pr\u00f3xima a temperatura externa estiver da temperatura programada no aparelho, menor ser\u00e1 o esfor\u00e7o do compressor, o que resulta em menos consumo de energia.<\/p>\n\n\n\n<p>De forma geral, durante o ano, recomenda-se ajustar o ar-condicionado em 23\u202f\u00b0C, evitando picos de consumo. Assim, \u00e9 importante saber que temperaturas muito altas exigem mais do sistema e, consequentemente, aumentam a conta de luz.<\/p>\n\n\n\n<p>Outro fator que ajuda na <a href=\"https:\/\/www.auxiliadorapredial.com.br\/blog\/saiba-como-economizar-nas-contas-de-casa-durante-o-inverno\/\" target=\"_blank\" rel=\"noreferrer noopener\">economia<\/a> \u00e9 o uso do modo sleep, que ajusta automaticamente a temperatura durante a noite, reduzindo o funcionamento do aparelho conforme o ambiente atinge o conforto t\u00e9rmico desejado.<\/p>\n\n\n\n<h2 class=\"wp-block-heading\"><span class=\"ez-toc-section\" id=\"Qual_a_temperatura_ideal_para_o_ar-condicionado_no_inverno\"><\/span>Qual a temperatura ideal para o ar-condicionado no inverno?<span class=\"ez-toc-section-end\"><\/span><\/h2>\n\n\n\n<p>O ideal \u00e9 sempre buscar o equil\u00edbrio. No inverno, a temperatura recomendada para manter um ambiente confort\u00e1vel e saud\u00e1vel gira em torno de 26\u202f\u00b0C. Esse intervalo evita tanto o frio excessivo quanto o superaquecimento do ambiente.<\/p>\n\n\n\n<p>Al\u00e9m do conforto, essa faixa de temperatura tamb\u00e9m preserva a <a href=\"https:\/\/www.auxiliadorapredial.com.br\/blog\/como-evitar-umidade-no-inverno-e-manter-o-bem-estar-em-casa\/\">umidade<\/a> do ar e evita choques t\u00e9rmicos ao sair de casa, o que pode ser prejudicial \u00e0 sa\u00fade, especialmente em dias mais gelados.<\/p>\n\n\n\n<p>Lembre-se: conforto t\u00e9rmico n\u00e3o significa calor excessivo. A ideia \u00e9 apenas neutralizar o frio e deixar o ambiente aconchegante para voc\u00ea se sentir melhor em casa ou no trabalho.<\/p>\n\n\n\n<h2 class=\"wp-block-heading\"><span class=\"ez-toc-section\" id=\"Qual_a_frequencia_ideal_para_fazer_manutencao_no_ar-condicionado\"><\/span>Qual a frequ\u00eancia ideal para fazer manuten\u00e7\u00e3o no ar-condicionado?<span class=\"ez-toc-section-end\"><\/span><\/h2>\n\n\n\n<p>Usar o ar-condicionado no inverno exige a mesma aten\u00e7\u00e3o \u00e0 manuten\u00e7\u00e3o que nos dias quentes. A frequ\u00eancia ideal para limpeza dos filtros \u00e9 de 15 em 15 dias, especialmente se o uso for di\u00e1rio \u2013 ou, pelo menos, uma vez ao m\u00eas. J\u00e1 a manuten\u00e7\u00e3o t\u00e9cnica, feita por um profissional, deve ocorrer uma vez ao ano.<\/p>\n\n\n\n<p>A higieniza\u00e7\u00e3o correta evita a prolifera\u00e7\u00e3o de fungos e bact\u00e9rias, que podem causar problemas respirat\u00f3rios, especialmente em ambientes fechados no inverno. Al\u00e9m disso, a manuten\u00e7\u00e3o garante o bom desempenho do aparelho e evita gastos com consertos.<\/p>\n\n\n\n<h2 class=\"wp-block-heading\"><span class=\"ez-toc-section\" id=\"Como_usar_o_ar-condicionado_no_inverno_5_dicas\"><\/span>Como usar o ar-condicionado no inverno? 5 dicas<span class=\"ez-toc-section-end\"><\/span><\/h2>\n\n\n\n<p>Separamos cinco dicas essenciais para voc\u00ea aproveitar ao m\u00e1ximo o ar-condicionado no inverno:<\/p>\n\n\n\n<ol class=\"wp-block-list\">\n<li>Programe o timer para economia de energia;<\/li>\n\n\n\n<li>Mantenha portas e janelas fechadas;<\/li>\n\n\n\n<li>N\u00e3o exagere na temperatura;<\/li>\n\n\n\n<li>Verifique a posi\u00e7\u00e3o das aletas;<\/li>\n\n\n\n<li>Fa\u00e7a uma limpeza completa antes de usar.<\/li>\n<\/ol>\n\n\n\n<p>Entenda!<\/p>\n\n\n\n<h3 class=\"wp-block-heading\"><span class=\"ez-toc-section\" id=\"1_Programe_o_timer_para_economia_de_energia\"><\/span>1. Programe o timer para economia de energia<span class=\"ez-toc-section-end\"><\/span><\/h3>\n\n\n\n<p>Use o timer para desligar o aparelho automaticamente durante a madrugada ou quando voc\u00ea sair de casa. Esse cuidado evita que o aparelho fique funcionando al\u00e9m do necess\u00e1rio, o que contribui para a economia de energia e prolonga a vida \u00fatil do sistema.<\/p>\n\n\n\n<h3 class=\"wp-block-heading\"><span class=\"ez-toc-section\" id=\"2_Mantenha_portas_e_janelas_fechadas\"><\/span>2. Mantenha portas e janelas fechadas<span class=\"ez-toc-section-end\"><\/span><\/h3>\n\n\n\n<p>Durante o uso do ar-condicionado, mantenha o ambiente bem isolado, assim como voc\u00ea faz no ver\u00e3o. Afinal, fechar portas e janelas evita a troca de ar com o exterior, o que reduz o esfor\u00e7o do aparelho para manter a temperatura est\u00e1vel.&nbsp;<\/p>\n\n\n\n<h3 class=\"wp-block-heading\"><span class=\"ez-toc-section\" id=\"3_Nao_exagere_na_temperatura\"><\/span>3. N\u00e3o exagere na temperatura<span class=\"ez-toc-section-end\"><\/span><\/h3>\n\n\n\n<p>Evite programar o ar-condicionado em temperaturas muito altas, como 28\u202f\u00b0C ou 30\u202f\u00b0C. Isso n\u00e3o s\u00f3 eleva o consumo de energia, como tamb\u00e9m pode deixar o ambiente abafado e desconfort\u00e1vel. Como j\u00e1 dissemos, o ideal \u00e9 manter a temperatura em, no m\u00e1ximo, 26\u202f\u00b0C durante o inverno.<\/p>\n\n\n\n<h3 class=\"wp-block-heading\"><span class=\"ez-toc-section\" id=\"4_Verifique_a_posicao_das_aletas\"><\/span>4. Verifique a posi\u00e7\u00e3o das aletas<span class=\"ez-toc-section-end\"><\/span><\/h3>\n\n\n\n<p>As aletas direcionadoras do ar devem ser ajustadas para baixo durante o aquecimento, j\u00e1 que o ar quente tende a subir. Esse detalhe ajuda a distribuir o calor de forma mais eficiente pelo ambiente, melhorando o conforto t\u00e9rmico.<\/p>\n\n\n\n<h3 class=\"wp-block-heading\"><span class=\"ez-toc-section\" id=\"5_Faca_uma_limpeza_completa_antes_de_usar\"><\/span>5. Fa\u00e7a uma limpeza completa antes de usar<span class=\"ez-toc-section-end\"><\/span><\/h3>\n\n\n\n<p>Antes de come\u00e7ar a usar o ar-condicionado, \u00e9 fundamental fazer uma limpeza nos filtros e serpentinas. Se poss\u00edvel, agende uma <a href=\"https:\/\/www.auxiliadorapredial.com.br\/blog\/manutencao-preventiva-em-casa\/\" target=\"_blank\" rel=\"noreferrer noopener\">manuten\u00e7\u00e3o preventiva<\/a> com seu t\u00e9cnico de confian\u00e7a, para garantir um funcionamento mais eficiente. Al\u00e9m disso, a manuten\u00e7\u00e3o evita odores desagrad\u00e1veis e previne falhas no sistema.<\/p>\n\n\n\n<h2 class=\"wp-block-heading\"><span class=\"ez-toc-section\" id=\"Quais_as_vantagens_de_usar_o_ar-condicionado_no_inverno\"><\/span>Quais as vantagens de usar o ar-condicionado no inverno?<span class=\"ez-toc-section-end\"><\/span><\/h2>\n\n\n\n<p>Usar o ar-condicionado como aquecedor pode ser uma solu\u00e7\u00e3o moderna e eficiente. Veja alguns benef\u00edcios:<\/p>\n\n\n\n<ul class=\"wp-block-list\">\n<li>mais conforto t\u00e9rmico com controle de temperatura;<\/li>\n\n\n\n<li>aquecimento mais uniforme, sem pontos muito frios ou muito quentes;<\/li>\n\n\n\n<li>economia a longo prazo em rela\u00e7\u00e3o a aquecedores, especialmente com modelos inverter, que s\u00e3o mais eficientes;<\/li>\n\n\n\n<li>ambiente mais saud\u00e1vel, com filtragem do ar.<\/li>\n<\/ul>\n\n\n\n<p>Ali\u00e1s, voc\u00ea sabia que \u00e9 poss\u00edvel realizar o <a href=\"https:\/\/www.auxiliadorapredial.com.br\/blog\/como-evitar-umidade-no-inverno-e-manter-o-bem-estar-em-casa\/\" target=\"_blank\" rel=\"noreferrer noopener\">controle da umidade nos dias chuvosos<\/a>? Para tanto, basta usar a fun\u00e7\u00e3o dry, que ajuda a eliminar o excesso de umidade do ambiente, prevenindo mofo, sensa\u00e7\u00e3o de abafamento e melhorando a qualidade do ar.<\/p>\n\n\n\n<h2 class=\"wp-block-heading\"><span class=\"ez-toc-section\" id=\"Ar-condicionado_e_a_saude_cuidados_importantes\"><\/span>Ar-condicionado e a sa\u00fade: cuidados importantes<span class=\"ez-toc-section-end\"><\/span><\/h2>\n\n\n\n<p>\u00c9 essencial manter o ambiente aquecido sem comprometer a sa\u00fade. Assim, o uso incorreto do ar-condicionado pode ressecar o ar, agravar alergias e causar desconforto respirat\u00f3rio.<\/p>\n\n\n\n<p><strong>Algumas dicas extras para garantir seu bem-estar mesmo nos dias frios:<\/strong><\/p>\n\n\n\n<ul class=\"wp-block-list\">\n<li>use umidificadores ou coloque um recipiente com \u00e1gua no c\u00f4modo;<\/li>\n\n\n\n<li>fa\u00e7a pausas para ventilar o ambiente naturalmente durante o dia;<\/li>\n\n\n\n<li>mantenha a limpeza do filtro em dia para evitar fungos e bact\u00e9rias;<\/li>\n\n\n\n<li>evite mudan\u00e7as bruscas de temperatura, principalmente ao sair de casa.<\/li>\n<\/ul>\n\n\n\n<h2 class=\"wp-block-heading\"><span class=\"ez-toc-section\" id=\"Como_escolher_o_melhor_ar-condicionado_para_o_inverno\"><\/span>Como escolher o melhor ar-condicionado para o inverno?<span class=\"ez-toc-section-end\"><\/span><\/h2>\n\n\n\n<p>Se voc\u00ea ainda n\u00e3o tem um aparelho ou est\u00e1 pensando em trocar, opte por modelos quente\/frio com tecnologia inverter, que s\u00e3o mais econ\u00f4micos e silenciosos.<\/p>\n\n\n\n<p>Tamb\u00e9m \u00e9 importante considerar o tamanho do c\u00f4modo. Um ar-condicionado com capacidade inadequada (BTUs abaixo ou acima do necess\u00e1rio) pode gerar consumo excessivo ou desempenho insatisfat\u00f3rio.<\/p>\n\n\n\n<p>Al\u00e9m de proporcionar conforto t\u00e9rmico durante todo o ano, o ar-condicionado contribui para a valoriza\u00e7\u00e3o do im\u00f3vel, sendo um diferencial cada vez mais importante no mercado imobili\u00e1rio.<\/p>\n\n\n\n<p>E se voc\u00ea quer investir em um im\u00f3vel que j\u00e1 oferece praticidade, conforto e valoriza\u00e7\u00e3o, acesse o site da <a href=\"https:\/\/auxiliadorapredial.com.br\/\" target=\"_blank\" rel=\"noreferrer noopener\">Auxiliadora<\/a> e encontre as melhores oportunidades.<\/p>\n\n\n\n<p><\/p>\n","protected":false},"excerpt":{"rendered":"<p>Quer aproveitar o inverno com mais conforto e economia? Descubra como usar o ar-condicionado no inverno de forma eficiente, garantindo aquecimento ideal, manuten\u00e7\u00e3o correta e ambiente saud\u00e1vel.<\/p>\n","protected":false},"author":2,"featured_media":17170,"comment_status":"open","ping_status":"open","sticky":false,"template":"","format":"standard","meta":{"footnotes":""},"categories":[307],"tags":[1586],"class_list":["post-17169","post","type-post","status-publish","format-standard","has-post-thumbnail","hentry","category-meu-lar","tag-ar-condocionado"],"yoast_head":"<!-- This site is optimized with the Yoast SEO plugin v27.3 - https:\/\/yoast.com\/product\/yoast-seo-wordpress\/ -->\n<title>Ar-condicionado no inverno: como usar, manter e economizar? - Blog da Auxiliadora Predial - Tudo sobre im\u00f3veis e condom\u00ednios<\/title>\n<meta name=\"description\" content=\"Descubra as vantagens de usar o ar-condicionado no inverno, que incluem conforto t\u00e9rmico, economia a longo prazo e controle da umidade.\" \/>\n<meta name=\"robots\" content=\"index, follow, max-snippet:-1, max-image-preview:large, max-video-preview:-1\" \/>\n<link rel=\"canonical\" href=\"https:\/\/www.auxiliadorapredial.com.br\/blog\/ar-condicionado-no-inverno-como-usar-manter-e-economizar\/\" \/>\n<meta property=\"og:locale\" content=\"pt_BR\" \/>\n<meta property=\"og:type\" content=\"article\" \/>\n<meta property=\"og:title\" content=\"Ar-condicionado no inverno: como usar, manter e economizar? - Blog da Auxiliadora Predial - Tudo sobre im\u00f3veis e condom\u00ednios\" \/>\n<meta property=\"og:description\" content=\"Descubra as vantagens de usar o ar-condicionado no inverno, que incluem conforto t\u00e9rmico, economia a longo prazo e controle da umidade.\" \/>\n<meta property=\"og:url\" content=\"https:\/\/www.auxiliadorapredial.com.br\/blog\/ar-condicionado-no-inverno-como-usar-manter-e-economizar\/\" \/>\n<meta property=\"og:site_name\" content=\"Blog da Auxiliadora Predial - Tudo sobre im\u00f3veis e condom\u00ednios\" \/>\n<meta property=\"article:published_time\" content=\"2025-08-28T12:40:00+00:00\" \/>\n<meta property=\"og:image\" content=\"https:\/\/www.auxiliadorapredial.com.br\/blog\/wp-content\/uploads\/ar-condicionado-no-inverno.webp\" \/>\n\t<meta property=\"og:image:width\" content=\"1224\" \/>\n\t<meta property=\"og:image:height\" content=\"816\" \/>\n\t<meta property=\"og:image:type\" content=\"image\/webp\" \/>\n<meta name=\"author\" content=\"Auxiliadora Predial\" \/>\n<meta name=\"twitter:card\" content=\"summary_large_image\" \/>\n<meta name=\"twitter:label1\" content=\"Escrito por\" \/>\n\t<meta name=\"twitter:data1\" content=\"Auxiliadora Predial\" \/>\n\t<meta name=\"twitter:label2\" content=\"Est. tempo de leitura\" \/>\n\t<meta name=\"twitter:data2\" content=\"7 minutos\" \/>\n<script type=\"application\/ld+json\" class=\"yoast-schema-graph\">{\"@context\":\"https:\\\/\\\/schema.org\",\"@graph\":[{\"@type\":\"Article\",\"@id\":\"https:\\\/\\\/www.auxiliadorapredial.com.br\\\/blog\\\/ar-condicionado-no-inverno-como-usar-manter-e-economizar\\\/#article\",\"isPartOf\":{\"@id\":\"https:\\\/\\\/www.auxiliadorapredial.com.br\\\/blog\\\/ar-condicionado-no-inverno-como-usar-manter-e-economizar\\\/\"},\"author\":{\"name\":\"Auxiliadora Predial\",\"@id\":\"https:\\\/\\\/www.auxiliadorapredial.com.br\\\/blog\\\/#\\\/schema\\\/person\\\/851e4e4185bc716576f2f383ed94ae33\"},\"headline\":\"Ar-condicionado no inverno: como usar, manter e economizar?\",\"datePublished\":\"2025-08-28T12:40:00+00:00\",\"mainEntityOfPage\":{\"@id\":\"https:\\\/\\\/www.auxiliadorapredial.com.br\\\/blog\\\/ar-condicionado-no-inverno-como-usar-manter-e-economizar\\\/\"},\"wordCount\":1188,\"commentCount\":0,\"image\":{\"@id\":\"https:\\\/\\\/www.auxiliadorapredial.com.br\\\/blog\\\/ar-condicionado-no-inverno-como-usar-manter-e-economizar\\\/#primaryimage\"},\"thumbnailUrl\":\"https:\\\/\\\/www.auxiliadorapredial.com.br\\\/blog\\\/wp-content\\\/uploads\\\/ar-condicionado-no-inverno.webp\",\"keywords\":[\"ar-condocionado\"],\"articleSection\":[\"Meu Lar\"],\"inLanguage\":\"pt-BR\",\"potentialAction\":[{\"@type\":\"CommentAction\",\"name\":\"Comment\",\"target\":[\"https:\\\/\\\/www.auxiliadorapredial.com.br\\\/blog\\\/ar-condicionado-no-inverno-como-usar-manter-e-economizar\\\/#respond\"]}]},{\"@type\":\"WebPage\",\"@id\":\"https:\\\/\\\/www.auxiliadorapredial.com.br\\\/blog\\\/ar-condicionado-no-inverno-como-usar-manter-e-economizar\\\/\",\"url\":\"https:\\\/\\\/www.auxiliadorapredial.com.br\\\/blog\\\/ar-condicionado-no-inverno-como-usar-manter-e-economizar\\\/\",\"name\":\"Ar-condicionado no inverno: como usar, manter e economizar? - Blog da Auxiliadora Predial - Tudo sobre im\u00f3veis e condom\u00ednios\",\"isPartOf\":{\"@id\":\"https:\\\/\\\/www.auxiliadorapredial.com.br\\\/blog\\\/#website\"},\"primaryImageOfPage\":{\"@id\":\"https:\\\/\\\/www.auxiliadorapredial.com.br\\\/blog\\\/ar-condicionado-no-inverno-como-usar-manter-e-economizar\\\/#primaryimage\"},\"image\":{\"@id\":\"https:\\\/\\\/www.auxiliadorapredial.com.br\\\/blog\\\/ar-condicionado-no-inverno-como-usar-manter-e-economizar\\\/#primaryimage\"},\"thumbnailUrl\":\"https:\\\/\\\/www.auxiliadorapredial.com.br\\\/blog\\\/wp-content\\\/uploads\\\/ar-condicionado-no-inverno.webp\",\"datePublished\":\"2025-08-28T12:40:00+00:00\",\"author\":{\"@id\":\"https:\\\/\\\/www.auxiliadorapredial.com.br\\\/blog\\\/#\\\/schema\\\/person\\\/851e4e4185bc716576f2f383ed94ae33\"},\"description\":\"Descubra as vantagens de usar o ar-condicionado no inverno, que incluem conforto t\u00e9rmico, economia a longo prazo e controle da umidade.\",\"inLanguage\":\"pt-BR\",\"potentialAction\":[{\"@type\":\"ReadAction\",\"target\":[\"https:\\\/\\\/www.auxiliadorapredial.com.br\\\/blog\\\/ar-condicionado-no-inverno-como-usar-manter-e-economizar\\\/\"]}]},{\"@type\":\"ImageObject\",\"inLanguage\":\"pt-BR\",\"@id\":\"https:\\\/\\\/www.auxiliadorapredial.com.br\\\/blog\\\/ar-condicionado-no-inverno-como-usar-manter-e-economizar\\\/#primaryimage\",\"url\":\"https:\\\/\\\/www.auxiliadorapredial.com.br\\\/blog\\\/wp-content\\\/uploads\\\/ar-condicionado-no-inverno.webp\",\"contentUrl\":\"https:\\\/\\\/www.auxiliadorapredial.com.br\\\/blog\\\/wp-content\\\/uploads\\\/ar-condicionado-no-inverno.webp\",\"width\":1224,\"height\":816},{\"@type\":\"WebSite\",\"@id\":\"https:\\\/\\\/www.auxiliadorapredial.com.br\\\/blog\\\/#website\",\"url\":\"https:\\\/\\\/www.auxiliadorapredial.com.br\\\/blog\\\/\",\"name\":\"Blog da Auxiliadora Predial - Tudo sobre im\u00f3veis e condom\u00ednios\",\"description\":\"Dicas da Auxiliadora Predial sobre aluguel, compra e venda de im\u00f3veis, al\u00e9m de condom\u00ednios. Imobili\u00e1ria em Porto Alegre e interior do RS, Santa Catarina e S\u00e3o Paulo.\",\"potentialAction\":[{\"@type\":\"SearchAction\",\"target\":{\"@type\":\"EntryPoint\",\"urlTemplate\":\"https:\\\/\\\/www.auxiliadorapredial.com.br\\\/blog\\\/?s={search_term_string}\"},\"query-input\":{\"@type\":\"PropertyValueSpecification\",\"valueRequired\":true,\"valueName\":\"search_term_string\"}}],\"inLanguage\":\"pt-BR\"},{\"@type\":\"Person\",\"@id\":\"https:\\\/\\\/www.auxiliadorapredial.com.br\\\/blog\\\/#\\\/schema\\\/person\\\/851e4e4185bc716576f2f383ed94ae33\",\"name\":\"Auxiliadora Predial\",\"image\":{\"@type\":\"ImageObject\",\"inLanguage\":\"pt-BR\",\"@id\":\"https:\\\/\\\/secure.gravatar.com\\\/avatar\\\/96f819f3615570f75bc98a819541afa2cb796cbdd9086c22d71a1b162f1cd305?s=96&d=mm&r=g\",\"url\":\"https:\\\/\\\/secure.gravatar.com\\\/avatar\\\/96f819f3615570f75bc98a819541afa2cb796cbdd9086c22d71a1b162f1cd305?s=96&d=mm&r=g\",\"contentUrl\":\"https:\\\/\\\/secure.gravatar.com\\\/avatar\\\/96f819f3615570f75bc98a819541afa2cb796cbdd9086c22d71a1b162f1cd305?s=96&d=mm&r=g\",\"caption\":\"Auxiliadora Predial\"}}]}<\/script>\n<!-- \/ Yoast SEO plugin. -->","yoast_head_json":{"title":"Ar-condicionado no inverno: como usar, manter e economizar? - Blog da Auxiliadora Predial - Tudo sobre im\u00f3veis e condom\u00ednios","description":"Descubra as vantagens de usar o ar-condicionado no inverno, que incluem conforto t\u00e9rmico, economia a longo prazo e controle da umidade.","robots":{"index":"index","follow":"follow","max-snippet":"max-snippet:-1","max-image-preview":"max-image-preview:large","max-video-preview":"max-video-preview:-1"},"canonical":"https:\/\/www.auxiliadorapredial.com.br\/blog\/ar-condicionado-no-inverno-como-usar-manter-e-economizar\/","og_locale":"pt_BR","og_type":"article","og_title":"Ar-condicionado no inverno: como usar, manter e economizar? - Blog da Auxiliadora Predial - Tudo sobre im\u00f3veis e condom\u00ednios","og_description":"Descubra as vantagens de usar o ar-condicionado no inverno, que incluem conforto t\u00e9rmico, economia a longo prazo e controle da umidade.","og_url":"https:\/\/www.auxiliadorapredial.com.br\/blog\/ar-condicionado-no-inverno-como-usar-manter-e-economizar\/","og_site_name":"Blog da Auxiliadora Predial - Tudo sobre im\u00f3veis e condom\u00ednios","article_published_time":"2025-08-28T12:40:00+00:00","og_image":[{"width":1224,"height":816,"url":"https:\/\/www.auxiliadorapredial.com.br\/blog\/wp-content\/uploads\/ar-condicionado-no-inverno.webp","type":"image\/webp"}],"author":"Auxiliadora Predial","twitter_card":"summary_large_image","twitter_misc":{"Escrito por":"Auxiliadora Predial","Est. tempo de leitura":"7 minutos"},"schema":{"@context":"https:\/\/schema.org","@graph":[{"@type":"Article","@id":"https:\/\/www.auxiliadorapredial.com.br\/blog\/ar-condicionado-no-inverno-como-usar-manter-e-economizar\/#article","isPartOf":{"@id":"https:\/\/www.auxiliadorapredial.com.br\/blog\/ar-condicionado-no-inverno-como-usar-manter-e-economizar\/"},"author":{"name":"Auxiliadora Predial","@id":"https:\/\/www.auxiliadorapredial.com.br\/blog\/#\/schema\/person\/851e4e4185bc716576f2f383ed94ae33"},"headline":"Ar-condicionado no inverno: como usar, manter e economizar?","datePublished":"2025-08-28T12:40:00+00:00","mainEntityOfPage":{"@id":"https:\/\/www.auxiliadorapredial.com.br\/blog\/ar-condicionado-no-inverno-como-usar-manter-e-economizar\/"},"wordCount":1188,"commentCount":0,"image":{"@id":"https:\/\/www.auxiliadorapredial.com.br\/blog\/ar-condicionado-no-inverno-como-usar-manter-e-economizar\/#primaryimage"},"thumbnailUrl":"https:\/\/www.auxiliadorapredial.com.br\/blog\/wp-content\/uploads\/ar-condicionado-no-inverno.webp","keywords":["ar-condocionado"],"articleSection":["Meu Lar"],"inLanguage":"pt-BR","potentialAction":[{"@type":"CommentAction","name":"Comment","target":["https:\/\/www.auxiliadorapredial.com.br\/blog\/ar-condicionado-no-inverno-como-usar-manter-e-economizar\/#respond"]}]},{"@type":"WebPage","@id":"https:\/\/www.auxiliadorapredial.com.br\/blog\/ar-condicionado-no-inverno-como-usar-manter-e-economizar\/","url":"https:\/\/www.auxiliadorapredial.com.br\/blog\/ar-condicionado-no-inverno-como-usar-manter-e-economizar\/","name":"Ar-condicionado no inverno: como usar, manter e economizar? - Blog da Auxiliadora Predial - Tudo sobre im\u00f3veis e condom\u00ednios","isPartOf":{"@id":"https:\/\/www.auxiliadorapredial.com.br\/blog\/#website"},"primaryImageOfPage":{"@id":"https:\/\/www.auxiliadorapredial.com.br\/blog\/ar-condicionado-no-inverno-como-usar-manter-e-economizar\/#primaryimage"},"image":{"@id":"https:\/\/www.auxiliadorapredial.com.br\/blog\/ar-condicionado-no-inverno-como-usar-manter-e-economizar\/#primaryimage"},"thumbnailUrl":"https:\/\/www.auxiliadorapredial.com.br\/blog\/wp-content\/uploads\/ar-condicionado-no-inverno.webp","datePublished":"2025-08-28T12:40:00+00:00","author":{"@id":"https:\/\/www.auxiliadorapredial.com.br\/blog\/#\/schema\/person\/851e4e4185bc716576f2f383ed94ae33"},"description":"Descubra as vantagens de usar o ar-condicionado no inverno, que incluem conforto t\u00e9rmico, economia a longo prazo e controle da umidade.","inLanguage":"pt-BR","potentialAction":[{"@type":"ReadAction","target":["https:\/\/www.auxiliadorapredial.com.br\/blog\/ar-condicionado-no-inverno-como-usar-manter-e-economizar\/"]}]},{"@type":"ImageObject","inLanguage":"pt-BR","@id":"https:\/\/www.auxiliadorapredial.com.br\/blog\/ar-condicionado-no-inverno-como-usar-manter-e-economizar\/#primaryimage","url":"https:\/\/www.auxiliadorapredial.com.br\/blog\/wp-content\/uploads\/ar-condicionado-no-inverno.webp","contentUrl":"https:\/\/www.auxiliadorapredial.com.br\/blog\/wp-content\/uploads\/ar-condicionado-no-inverno.webp","width":1224,"height":816},{"@type":"WebSite","@id":"https:\/\/www.auxiliadorapredial.com.br\/blog\/#website","url":"https:\/\/www.auxiliadorapredial.com.br\/blog\/","name":"Blog da Auxiliadora Predial - Tudo sobre im\u00f3veis e condom\u00ednios","description":"Dicas da Auxiliadora Predial sobre aluguel, compra e venda de im\u00f3veis, al\u00e9m de condom\u00ednios. Imobili\u00e1ria em Porto Alegre e interior do RS, Santa Catarina e S\u00e3o Paulo.","potentialAction":[{"@type":"SearchAction","target":{"@type":"EntryPoint","urlTemplate":"https:\/\/www.auxiliadorapredial.com.br\/blog\/?s={search_term_string}"},"query-input":{"@type":"PropertyValueSpecification","valueRequired":true,"valueName":"search_term_string"}}],"inLanguage":"pt-BR"},{"@type":"Person","@id":"https:\/\/www.auxiliadorapredial.com.br\/blog\/#\/schema\/person\/851e4e4185bc716576f2f383ed94ae33","name":"Auxiliadora Predial","image":{"@type":"ImageObject","inLanguage":"pt-BR","@id":"https:\/\/secure.gravatar.com\/avatar\/96f819f3615570f75bc98a819541afa2cb796cbdd9086c22d71a1b162f1cd305?s=96&d=mm&r=g","url":"https:\/\/secure.gravatar.com\/avatar\/96f819f3615570f75bc98a819541afa2cb796cbdd9086c22d71a1b162f1cd305?s=96&d=mm&r=g","contentUrl":"https:\/\/secure.gravatar.com\/avatar\/96f819f3615570f75bc98a819541afa2cb796cbdd9086c22d71a1b162f1cd305?s=96&d=mm&r=g","caption":"Auxiliadora Predial"}}]}},"views":2403,"_links":{"self":[{"href":"https:\/\/www.auxiliadorapredial.com.br\/blog\/wp-json\/wp\/v2\/posts\/17169","targetHints":{"allow":["GET"]}}],"collection":[{"href":"https:\/\/www.auxiliadorapredial.com.br\/blog\/wp-json\/wp\/v2\/posts"}],"about":[{"href":"https:\/\/www.auxiliadorapredial.com.br\/blog\/wp-json\/wp\/v2\/types\/post"}],"author":[{"embeddable":true,"href":"https:\/\/www.auxiliadorapredial.com.br\/blog\/wp-json\/wp\/v2\/users\/2"}],"replies":[{"embeddable":true,"href":"https:\/\/www.auxiliadorapredial.com.br\/blog\/wp-json\/wp\/v2\/comments?post=17169"}],"version-history":[{"count":2,"href":"https:\/\/www.auxiliadorapredial.com.br\/blog\/wp-json\/wp\/v2\/posts\/17169\/revisions"}],"predecessor-version":[{"id":17172,"href":"https:\/\/www.auxiliadorapredial.com.br\/blog\/wp-json\/wp\/v2\/posts\/17169\/revisions\/17172"}],"wp:featuredmedia":[{"embeddable":true,"href":"https:\/\/www.auxiliadorapredial.com.br\/blog\/wp-json\/wp\/v2\/media\/17170"}],"wp:attachment":[{"href":"https:\/\/www.auxiliadorapredial.com.br\/blog\/wp-json\/wp\/v2\/media?parent=17169"}],"wp:term":[{"taxonomy":"category","embeddable":true,"href":"https:\/\/www.auxiliadorapredial.com.br\/blog\/wp-json\/wp\/v2\/categories?post=17169"},{"taxonomy":"post_tag","embeddable":true,"href":"https:\/\/www.auxiliadorapredial.com.br\/blog\/wp-json\/wp\/v2\/tags?post=17169"}],"curies":[{"name":"wp","href":"https:\/\/api.w.org\/{rel}","templated":true}]}}