{"id":17396,"date":"2026-01-22T10:00:00","date_gmt":"2026-01-22T13:00:00","guid":{"rendered":"https:\/\/www.auxiliadorapredial.com.br\/blog\/?p=17396"},"modified":"2026-01-08T10:58:25","modified_gmt":"2026-01-08T13:58:25","slug":"fotos-de-imovel-para-venda-como-preparar-os-ambientes","status":"publish","type":"post","link":"https:\/\/www.auxiliadorapredial.com.br\/blog\/fotos-de-imovel-para-venda-como-preparar-os-ambientes\/","title":{"rendered":"Fotos de im\u00f3vel para venda: como preparar os ambientes e atrair mais interessados?"},"content":{"rendered":"\n<p>As fotos de im\u00f3vel para venda s\u00e3o, hoje, um dos fatores mais decisivos para atrair compradores ou inquilinos. Afinal, antes mesmo da visita presencial, \u00e9 pelas imagens que o interessado cria sua primeira impress\u00e3o, que precisa ser positiva e convidativa.<\/p>\n\n\n\n<p>Portanto, logo no in\u00edcio do processo, investir tempo nas fotos do im\u00f3vel ajuda a aumentar o n\u00famero de contatos, reduzir o tempo de negocia\u00e7\u00e3o e valorizar o pre\u00e7o percebido do im\u00f3vel. A boa not\u00edcia para quem est\u00e1 pensando em como fazer essas imagens \u00e9 que, com algumas t\u00e9cnicas simples, j\u00e1 \u00e9 poss\u00edvel melhorar bastante o resultado.<\/p>\n\n\n\n<p>Neste artigo, voc\u00ea vai aprender como preparar cada ambiente, usar a ilumina\u00e7\u00e3o correta, organizar os espa\u00e7os e aplicar enquadramentos que fazem diferen\u00e7a real nas fotos. Aproveite a leitura!<\/p>\n\n\n\n<div id=\"ez-toc-container\" class=\"ez-toc-v2_0_82_2 counter-hierarchy ez-toc-counter ez-toc-transparent ez-toc-container-direction\">\n<p class=\"ez-toc-title\" style=\"cursor:inherit\">Navegue pelo conte\u00fado<\/p>\n<label for=\"ez-toc-cssicon-toggle-item-69f457df8e13e\" class=\"ez-toc-cssicon-toggle-label\"><span class=\"\"><span class=\"eztoc-hide\" style=\"display:none;\">Toggle<\/span><span class=\"ez-toc-icon-toggle-span\"><svg style=\"fill: #000000;color:#000000\" xmlns=\"http:\/\/www.w3.org\/2000\/svg\" class=\"list-377408\" width=\"20px\" height=\"20px\" viewBox=\"0 0 24 24\" fill=\"none\"><path d=\"M6 6H4v2h2V6zm14 0H8v2h12V6zM4 11h2v2H4v-2zm16 0H8v2h12v-2zM4 16h2v2H4v-2zm16 0H8v2h12v-2z\" fill=\"currentColor\"><\/path><\/svg><svg style=\"fill: #000000;color:#000000\" class=\"arrow-unsorted-368013\" xmlns=\"http:\/\/www.w3.org\/2000\/svg\" width=\"10px\" height=\"10px\" viewBox=\"0 0 24 24\" version=\"1.2\" baseProfile=\"tiny\"><path d=\"M18.2 9.3l-6.2-6.3-6.2 6.3c-.2.2-.3.4-.3.7s.1.5.3.7c.2.2.4.3.7.3h11c.3 0 .5-.1.7-.3.2-.2.3-.5.3-.7s-.1-.5-.3-.7zM5.8 14.7l6.2 6.3 6.2-6.3c.2-.2.3-.5.3-.7s-.1-.5-.3-.7c-.2-.2-.4-.3-.7-.3h-11c-.3 0-.5.1-.7.3-.2.2-.3.5-.3.7s.1.5.3.7z\"\/><\/svg><\/span><\/span><\/label><input type=\"checkbox\"  id=\"ez-toc-cssicon-toggle-item-69f457df8e13e\"  aria-label=\"Alternar\" \/><nav><ul class='ez-toc-list ez-toc-list-level-1 ' ><li class='ez-toc-page-1 ez-toc-heading-level-2'><a class=\"ez-toc-link ez-toc-heading-1\" href=\"https:\/\/www.auxiliadorapredial.com.br\/blog\/fotos-de-imovel-para-venda-como-preparar-os-ambientes\/#Por_que_as_fotos_de_imovel_para_venda_sao_tao_importantes\" >Por que as fotos de im\u00f3vel para venda s\u00e3o t\u00e3o importantes?<\/a><ul class='ez-toc-list-level-3' ><li class='ez-toc-heading-level-3'><a class=\"ez-toc-link ez-toc-heading-2\" href=\"https:\/\/www.auxiliadorapredial.com.br\/blog\/fotos-de-imovel-para-venda-como-preparar-os-ambientes\/#A_primeira_impressao_acontece_online\" >A primeira impress\u00e3o acontece online<\/a><\/li><li class='ez-toc-page-1 ez-toc-heading-level-3'><a class=\"ez-toc-link ez-toc-heading-3\" href=\"https:\/\/www.auxiliadorapredial.com.br\/blog\/fotos-de-imovel-para-venda-como-preparar-os-ambientes\/#Fotos_ajudam_a_reduzir_o_tempo_de_negociacao\" >Fotos ajudam a reduzir o tempo de negocia\u00e7\u00e3o<\/a><\/li><\/ul><\/li><li class='ez-toc-page-1 ez-toc-heading-level-2'><a class=\"ez-toc-link ez-toc-heading-4\" href=\"https:\/\/www.auxiliadorapredial.com.br\/blog\/fotos-de-imovel-para-venda-como-preparar-os-ambientes\/#Como_preparar_o_imovel_antes_de_tirar_fotos\" >Como preparar o im\u00f3vel antes de tirar fotos?<\/a><\/li><li class='ez-toc-page-1 ez-toc-heading-level-2'><a class=\"ez-toc-link ez-toc-heading-5\" href=\"https:\/\/www.auxiliadorapredial.com.br\/blog\/fotos-de-imovel-para-venda-como-preparar-os-ambientes\/#Como_usar_a_iluminacao_para_valorizar_as_fotos_de_imovel_para_venda\" >Como usar a ilumina\u00e7\u00e3o para valorizar as fotos de im\u00f3vel para venda?<\/a><ul class='ez-toc-list-level-3' ><li class='ez-toc-heading-level-3'><a class=\"ez-toc-link ez-toc-heading-6\" href=\"https:\/\/www.auxiliadorapredial.com.br\/blog\/fotos-de-imovel-para-venda-como-preparar-os-ambientes\/#Apoie_com_luz_artificial_se_necessario\" >Apoie com luz artificial, se necess\u00e1rio<\/a><\/li><\/ul><\/li><li class='ez-toc-page-1 ez-toc-heading-level-2'><a class=\"ez-toc-link ez-toc-heading-7\" href=\"https:\/\/www.auxiliadorapredial.com.br\/blog\/fotos-de-imovel-para-venda-como-preparar-os-ambientes\/#O_que_esconder_ou_evitar_nas_fotos_de_imovel_para_venda\" >O que esconder ou evitar nas fotos de im\u00f3vel para venda?<\/a><\/li><li class='ez-toc-page-1 ez-toc-heading-level-2'><a class=\"ez-toc-link ez-toc-heading-8\" href=\"https:\/\/www.auxiliadorapredial.com.br\/blog\/fotos-de-imovel-para-venda-como-preparar-os-ambientes\/#Como_fotografar_ambientes_pequenos_sem_desvalorizar_o_imovel\" >Como fotografar ambientes pequenos sem desvalorizar o im\u00f3vel?<\/a><\/li><li class='ez-toc-page-1 ez-toc-heading-level-2'><a class=\"ez-toc-link ez-toc-heading-9\" href=\"https:\/\/www.auxiliadorapredial.com.br\/blog\/fotos-de-imovel-para-venda-como-preparar-os-ambientes\/#Qual_o_melhor_enquadramento_para_fotos_de_imovel\" >Qual o melhor enquadramento para fotos de im\u00f3vel?<\/a><\/li><li class='ez-toc-page-1 ez-toc-heading-level-2'><a class=\"ez-toc-link ez-toc-heading-10\" href=\"https:\/\/www.auxiliadorapredial.com.br\/blog\/fotos-de-imovel-para-venda-como-preparar-os-ambientes\/#Vale_a_pena_investir_tempo_nas_fotos_de_imovel\" >Vale a pena investir tempo nas fotos de im\u00f3vel?<\/a><\/li><li class='ez-toc-page-1 ez-toc-heading-level-2'><a class=\"ez-toc-link ez-toc-heading-11\" href=\"https:\/\/www.auxiliadorapredial.com.br\/blog\/fotos-de-imovel-para-venda-como-preparar-os-ambientes\/#Por_que_com_a_Auxiliadora_voce_nao_precisa_se_preocupar_com_fotos_de_imovel_para_venda\" >Por que com a Auxiliadora voc\u00ea n\u00e3o precisa se preocupar com fotos de im\u00f3vel para venda?<\/a><\/li><\/ul><\/nav><\/div>\n<h2 class=\"wp-block-heading\"><span class=\"ez-toc-section\" id=\"Por_que_as_fotos_de_imovel_para_venda_sao_tao_importantes\"><\/span>Por que as fotos de im\u00f3vel para venda s\u00e3o t\u00e3o importantes?<span class=\"ez-toc-section-end\"><\/span><\/h2>\n\n\n\n<p>As imagens s\u00e3o o primeiro contato do comprador com o an\u00fancio e funcionam como um verdadeiro filtro de decis\u00e3o. Em poucos segundos, o interessado avalia se o im\u00f3vel desperta interesse, transmite confian\u00e7a e parece bem cuidado. Assim, as imagens bem-feitas aumentam cliques, salvamentos e contatos qualificados.<\/p>\n\n\n\n<h3 class=\"wp-block-heading\"><span class=\"ez-toc-section\" id=\"A_primeira_impressao_acontece_online\"><\/span>A primeira impress\u00e3o acontece online<span class=\"ez-toc-section-end\"><\/span><\/h3>\n\n\n\n<p>Quando as fotos do im\u00f3vel s\u00e3o capturadas com qualidade e cuidado, o an\u00fancio recebe mais visualiza\u00e7\u00f5es, mais mensagens e visitas mais qualificadas. J\u00e1 fotos escuras, desorganizadas ou mal enquadradas afastam interessados, mesmo quando o im\u00f3vel \u00e9 bom.<\/p>\n\n\n\n<h3 class=\"wp-block-heading\"><span class=\"ez-toc-section\" id=\"Fotos_ajudam_a_reduzir_o_tempo_de_negociacao\"><\/span>Fotos ajudam a reduzir o tempo de negocia\u00e7\u00e3o<span class=\"ez-toc-section-end\"><\/span><\/h3>\n\n\n\n<p>Quando as fotos apresentam o im\u00f3vel de forma clara, realista e atrativa, o interessado chega \u00e0 visita com expectativas alinhadas e maior seguran\u00e7a na decis\u00e3o.&nbsp;<\/p>\n\n\n\n<p>Portanto, o cuidado durante a captura das imagens diminui d\u00favidas, evita frustra\u00e7\u00f5es, reduz visitas improdutivas e torna o processo de negocia\u00e7\u00e3o mais \u00e1gil, eficiente e com maiores chances de fechamento.<\/p>\n\n\n\n<h2 class=\"wp-block-heading\"><span class=\"ez-toc-section\" id=\"Como_preparar_o_imovel_antes_de_tirar_fotos\"><\/span>Como preparar o im\u00f3vel antes de tirar fotos?<span class=\"ez-toc-section-end\"><\/span><\/h2>\n\n\n\n<p>Antes da c\u00e2mera, vem a organiza\u00e7\u00e3o e alguns cuidados fazem toda a diferen\u00e7a no resultado. Por exemplo, ambientes muito carregados visualmente parecem menores nas fotos. Portanto, retire excessos, objetos pessoais e tudo o que n\u00e3o contribui para a leitura do espa\u00e7o.<\/p>\n\n\n\n<p><strong>Dicas pr\u00e1ticas que fazem diferen\u00e7a:<\/strong><\/p>\n\n\n\n<ul class=\"wp-block-list\">\n<li>Retire toalhas do banheiro;<\/li>\n\n\n\n<li>Feche a tampa do vaso sanit\u00e1rio;<\/li>\n\n\n\n<li>Esconda lixeiras, vassouras e produtos de limpeza;<\/li>\n\n\n\n<li>Alinhe almofadas, cadeiras e tapetes;<\/li>\n\n\n\n<li>Evite roupas, sapatos ou objetos espalhados.<\/li>\n<\/ul>\n\n\n\n<p>Esses detalhes simples deixam as fotos do im\u00f3vel para venda mais limpas, elegantes e profissionais.<\/p>\n\n\n\n<p><strong>Leia tamb\u00e9m: <\/strong><a href=\"https:\/\/www.auxiliadorapredial.com.br\/blog\/decoracao-para-quartos-transforme-seu-ambiente-com-dicas-de-conforto-e-estilo\/\"><strong>Decora\u00e7\u00e3o para quartos: transforme seu ambiente com dicas de conforto e estilo<\/strong><\/a><\/p>\n\n\n\n<h2 class=\"wp-block-heading\"><span class=\"ez-toc-section\" id=\"Como_usar_a_iluminacao_para_valorizar_as_fotos_de_imovel_para_venda\"><\/span>Como usar a ilumina\u00e7\u00e3o para valorizar as fotos de im\u00f3vel para venda?<span class=\"ez-toc-section-end\"><\/span><\/h2>\n\n\n\n<p>A ilumina\u00e7\u00e3o \u00e9 um dos fatores mais importantes na fotografia imobili\u00e1ria. Portanto, priorize a luz natural e evite fotografar com a exposi\u00e7\u00e3o solar direta. Sempre que poss\u00edvel, abra janelas, cortinas e persianas, pois a luz indireta amplia os espa\u00e7os, traz sensa\u00e7\u00e3o de conforto e deixa o resultado mais atrativo.<\/p>\n\n\n\n<h3 class=\"wp-block-heading\"><span class=\"ez-toc-section\" id=\"Apoie_com_luz_artificial_se_necessario\"><\/span>Apoie com luz artificial, se necess\u00e1rio<span class=\"ez-toc-section-end\"><\/span><\/h3>\n\n\n\n<p>De acordo com o hor\u00e1rio do dia, voc\u00ea pode ligar as lumin\u00e1rias e demais luzes do ambiente para eliminar sombras. Inclusive, se a <a href=\"https:\/\/www.auxiliadorapredial.com.br\/blog\/guia-completo-iluminacao-residencial\/\">ilumina\u00e7\u00e3o<\/a> tiver efeito decorativo, vale deixar ligada para garantir mais beleza nas fotos.&nbsp;<\/p>\n\n\n\n<p>Al\u00e9m disso, evite l\u00e2mpadas queimadas ou com tons muito diferentes no mesmo espa\u00e7o, pois isso prejudica o equil\u00edbrio visual das imagens.<\/p>\n\n\n\n<h2 class=\"wp-block-heading\"><span class=\"ez-toc-section\" id=\"O_que_esconder_ou_evitar_nas_fotos_de_imovel_para_venda\"><\/span>O que esconder ou evitar nas fotos de im\u00f3vel para venda?<span class=\"ez-toc-section-end\"><\/span><\/h2>\n\n\n\n<p>Alguns elementos desviam a aten\u00e7\u00e3o e prejudicam a percep\u00e7\u00e3o do im\u00f3vel. Portanto, procure deixar fora das fotos:<\/p>\n\n\n\n<ul class=\"wp-block-list\">\n<li>Produtos de higiene pessoal;<\/li>\n\n\n\n<li>Fotos de fam\u00edlia;<\/li>\n\n\n\n<li>Objetos muito pessoais;<\/li>\n\n\n\n<li>Cabos soltos, carregadores e eletr\u00f4nicos aparentes.<\/li>\n<\/ul>\n\n\n\n<p>Quanto mais neutro o ambiente, mais f\u00e1cil o comprador se imaginar vivendo ali e melhores ficam as fotos do im\u00f3vel que est\u00e1 \u00e0 venda.<\/p>\n\n\n\n<h2 class=\"wp-block-heading\"><span class=\"ez-toc-section\" id=\"Como_fotografar_ambientes_pequenos_sem_desvalorizar_o_imovel\"><\/span>Como fotografar ambientes pequenos sem desvalorizar o im\u00f3vel?<span class=\"ez-toc-section-end\"><\/span><\/h2>\n\n\n\n<p>Espa\u00e7os compactos exigem aten\u00e7\u00e3o especial no enquadramento, portanto:<\/p>\n\n\n\n<ul class=\"wp-block-list\">\n<li><strong>Use os cantos a seu favor:<\/strong> fotografar a partir dos cantos amplia a sensa\u00e7\u00e3o de profundidade e faz o ambiente parecer maior nas fotos de im\u00f3vel para venda;<\/li>\n\n\n\n<li><strong>Altura correta da c\u00e2mera:<\/strong> evite fotos muito altas ou muito baixas. O ideal \u00e9 manter a c\u00e2mera na altura do peito, garantindo propor\u00e7\u00e3o e equil\u00edbrio;<\/li>\n\n\n\n<li><strong>Menos \u00e9 mais:<\/strong> <a href=\"https:\/\/www.auxiliadorapredial.com.br\/blog\/decoracao-em-imoveis-pequenos\/\">ambientes pequenos<\/a> ficam mais valorizados quando est\u00e3o organizados, com poucos objetos e boa ilumina\u00e7\u00e3o.<\/li>\n<\/ul>\n\n\n\n<h2 class=\"wp-block-heading\"><span class=\"ez-toc-section\" id=\"Qual_o_melhor_enquadramento_para_fotos_de_imovel\"><\/span>Qual o melhor enquadramento para fotos de im\u00f3vel?<span class=\"ez-toc-section-end\"><\/span><\/h2>\n\n\n\n<p>O enquadramento certo direciona o olhar e destaca os pontos fortes do im\u00f3vel. Por isso, \u00e9 importante deixar claro se o espa\u00e7o \u00e9 uma sala de estar, jantar ou <a href=\"https:\/\/www.auxiliadorapredial.com.br\/blog\/home-office-como-ter-um-ambiente-saudavel-para-trabalhar-em-casa\/\">home office<\/a>, se o ambiente \u00e9 integrado ou como \u00e9 sua disposi\u00e7\u00e3o. Esses detalhes ajudam o interessado a entender o potencial do im\u00f3vel pelas fotos.&nbsp;<\/p>\n\n\n\n<p>Outra dica importante \u00e9 evidenciar os diferenciais de cada espa\u00e7o, como a varanda com churrasqueira, a <a href=\"https:\/\/www.auxiliadorapredial.com.br\/blog\/tipos-de-piscina-para-ter-no-condominio\/\">piscina<\/a> envolta pelo <a href=\"https:\/\/www.auxiliadorapredial.com.br\/blog\/tudo-o-que-voce-precisa-saber-sobre-paisagismo-em-condominio\/\">paisagismo<\/a>, a vista que se tem das janelas.&nbsp;<\/p>\n\n\n\n<p>Voc\u00ea tamb\u00e9m pode evidenciar os acabamentos, a ilumina\u00e7\u00e3o natural e mostrar a integra\u00e7\u00e3o entre as \u00e1reas. Esses detalhes costumam ser decisivos na escolha e podem ajudar a agregar valor ao seu im\u00f3vel.&nbsp;<\/p>\n\n\n\n<p><strong>Leia tamb\u00e9m: <\/strong><a href=\"https:\/\/www.auxiliadorapredial.com.br\/blog\/como-escolher-moveis-planejados-para-otimizar-seu-espaco\/\"><strong>Como escolher m\u00f3veis planejados para otimizar seu espa\u00e7o?<\/strong><\/a><\/p>\n\n\n\n<h2 class=\"wp-block-heading\"><span class=\"ez-toc-section\" id=\"Vale_a_pena_investir_tempo_nas_fotos_de_imovel\"><\/span>Vale a pena investir tempo nas fotos de im\u00f3vel?<span class=\"ez-toc-section-end\"><\/span><\/h2>\n\n\n\n<p>Sem d\u00favida, pois an\u00fancios com boas fotos geram:<\/p>\n\n\n\n<ul class=\"wp-block-list\">\n<li>Mais visualiza\u00e7\u00f5es;<\/li>\n\n\n\n<li>Mais contatos qualificados;<\/li>\n\n\n\n<li>Menos tempo parado no mercado;<\/li>\n\n\n\n<li>Maior percep\u00e7\u00e3o de valor.<\/li>\n<\/ul>\n\n\n\n<p>Ou seja, fotos bem-feitas n\u00e3o s\u00e3o um mero detalhe, elas fazem parte da estrat\u00e9gia de venda e podem ser decisivas na escolha entre o seu im\u00f3vel ou outro que est\u00e1 \u00e0 venda.<\/p>\n\n\n\n<h2 class=\"wp-block-heading\"><span class=\"ez-toc-section\" id=\"Por_que_com_a_Auxiliadora_voce_nao_precisa_se_preocupar_com_fotos_de_imovel_para_venda\"><\/span>Por que com a Auxiliadora voc\u00ea n\u00e3o precisa se preocupar com fotos de im\u00f3vel para venda?<span class=\"ez-toc-section-end\"><\/span><\/h2>\n\n\n\n<p>Quando voc\u00ea anuncia com a <a href=\"https:\/\/www.auxiliadorapredial.com.br\/\">Auxiliadora<\/a>, todo esse cuidado \u00e9 feito por especialistas. Nossa equipe entende que fotos de im\u00f3vel para venda n\u00e3o servem apenas para mostrar ambientes, mas para contar uma hist\u00f3ria, gerar desejo e acelerar resultados.<\/p>\n\n\n\n<p>Nossos corretores cuidam de todo o processo: prepara\u00e7\u00e3o do im\u00f3vel, orienta\u00e7\u00e3o ao propriet\u00e1rio, registros profissionais e divulga\u00e7\u00e3o estrat\u00e9gica na maior vitrine de im\u00f3veis da regi\u00e3o. Assim, seu im\u00f3vel ganha visibilidade, destaque e mais chances de fechar neg\u00f3cio no menor tempo poss\u00edvel.<\/p>\n\n\n\n<p>Anuncie seu im\u00f3vel com a Auxiliadora e deixe a apresenta\u00e7\u00e3o nas m\u00e3os de quem \u00e9 refer\u00eancia em venda e loca\u00e7\u00e3o. Afinal, seu im\u00f3vel merece ser visto da melhor forma e vendido com efici\u00eancia.<\/p>\n\n\n\n<p><a href=\"https:\/\/www.auxiliadorapredial.com.br\/fale-conosco\">Entre em contato<\/a> e converse com nossos especialistas!<\/p>\n","protected":false},"excerpt":{"rendered":"<p>Aprenda como fazer boas fotos de im\u00f3vel para venda, com dicas que valorizam os ambientes, atraem mais interessados e reduzem o tempo de negocia\u00e7\u00e3o.<\/p>\n","protected":false},"author":2,"featured_media":17397,"comment_status":"open","ping_status":"open","sticky":false,"template":"","format":"standard","meta":{"footnotes":""},"categories":[306],"tags":[300],"class_list":["post-17396","post","type-post","status-publish","format-standard","has-post-thumbnail","hentry","category-mercado-imobiliario","tag-conteudo-tecnico"],"yoast_head":"<!-- This site is optimized with the Yoast SEO plugin v27.3 - https:\/\/yoast.com\/product\/yoast-seo-wordpress\/ -->\n<title>Fotos de im\u00f3vel para venda: como preparar os ambientes? Dicas<\/title>\n<meta name=\"description\" content=\"Aprenda como fazer boas fotos de im\u00f3vel para venda, com dicas que valorizam os ambientes, atraem interessados e reduzem o tempo de negocia\u00e7\u00e3o.\" \/>\n<meta name=\"robots\" content=\"index, follow, max-snippet:-1, max-image-preview:large, max-video-preview:-1\" \/>\n<link rel=\"canonical\" href=\"https:\/\/www.auxiliadorapredial.com.br\/blog\/fotos-de-imovel-para-venda-como-preparar-os-ambientes\/\" \/>\n<meta property=\"og:locale\" content=\"pt_BR\" \/>\n<meta property=\"og:type\" content=\"article\" \/>\n<meta property=\"og:title\" content=\"Fotos de im\u00f3vel para venda: como preparar os ambientes? Dicas\" \/>\n<meta property=\"og:description\" content=\"Aprenda como fazer boas fotos de im\u00f3vel para venda, com dicas que valorizam os ambientes, atraem interessados e reduzem o tempo de negocia\u00e7\u00e3o.\" \/>\n<meta property=\"og:url\" content=\"https:\/\/www.auxiliadorapredial.com.br\/blog\/fotos-de-imovel-para-venda-como-preparar-os-ambientes\/\" \/>\n<meta property=\"og:site_name\" content=\"Blog da Auxiliadora Predial - Tudo sobre im\u00f3veis e condom\u00ednios\" \/>\n<meta property=\"article:published_time\" content=\"2026-01-22T13:00:00+00:00\" \/>\n<meta property=\"og:image\" content=\"https:\/\/www.auxiliadorapredial.com.br\/blog\/wp-content\/uploads\/como-tirar-boas-fotos-de-imovel-para-venda.webp\" \/>\n\t<meta property=\"og:image:width\" content=\"1000\" \/>\n\t<meta property=\"og:image:height\" content=\"827\" \/>\n\t<meta property=\"og:image:type\" content=\"image\/webp\" \/>\n<meta name=\"author\" content=\"Auxiliadora Predial\" \/>\n<meta name=\"twitter:card\" content=\"summary_large_image\" \/>\n<meta name=\"twitter:label1\" content=\"Escrito por\" \/>\n\t<meta name=\"twitter:data1\" content=\"Auxiliadora Predial\" \/>\n\t<meta name=\"twitter:label2\" content=\"Est. tempo de leitura\" \/>\n\t<meta name=\"twitter:data2\" content=\"6 minutos\" \/>\n<script type=\"application\/ld+json\" class=\"yoast-schema-graph\">{\"@context\":\"https:\\\/\\\/schema.org\",\"@graph\":[{\"@type\":\"Article\",\"@id\":\"https:\\\/\\\/www.auxiliadorapredial.com.br\\\/blog\\\/fotos-de-imovel-para-venda-como-preparar-os-ambientes\\\/#article\",\"isPartOf\":{\"@id\":\"https:\\\/\\\/www.auxiliadorapredial.com.br\\\/blog\\\/fotos-de-imovel-para-venda-como-preparar-os-ambientes\\\/\"},\"author\":{\"name\":\"Auxiliadora Predial\",\"@id\":\"https:\\\/\\\/www.auxiliadorapredial.com.br\\\/blog\\\/#\\\/schema\\\/person\\\/851e4e4185bc716576f2f383ed94ae33\"},\"headline\":\"Fotos de im\u00f3vel para venda: como preparar os ambientes e atrair mais interessados?\",\"datePublished\":\"2026-01-22T13:00:00+00:00\",\"mainEntityOfPage\":{\"@id\":\"https:\\\/\\\/www.auxiliadorapredial.com.br\\\/blog\\\/fotos-de-imovel-para-venda-como-preparar-os-ambientes\\\/\"},\"wordCount\":1135,\"commentCount\":0,\"image\":{\"@id\":\"https:\\\/\\\/www.auxiliadorapredial.com.br\\\/blog\\\/fotos-de-imovel-para-venda-como-preparar-os-ambientes\\\/#primaryimage\"},\"thumbnailUrl\":\"https:\\\/\\\/www.auxiliadorapredial.com.br\\\/blog\\\/wp-content\\\/uploads\\\/como-tirar-boas-fotos-de-imovel-para-venda.webp\",\"keywords\":[\"Conte\u00fado T\u00e9cnico\"],\"articleSection\":[\"Mercado Imobili\u00e1rio\"],\"inLanguage\":\"pt-BR\",\"potentialAction\":[{\"@type\":\"CommentAction\",\"name\":\"Comment\",\"target\":[\"https:\\\/\\\/www.auxiliadorapredial.com.br\\\/blog\\\/fotos-de-imovel-para-venda-como-preparar-os-ambientes\\\/#respond\"]}]},{\"@type\":\"WebPage\",\"@id\":\"https:\\\/\\\/www.auxiliadorapredial.com.br\\\/blog\\\/fotos-de-imovel-para-venda-como-preparar-os-ambientes\\\/\",\"url\":\"https:\\\/\\\/www.auxiliadorapredial.com.br\\\/blog\\\/fotos-de-imovel-para-venda-como-preparar-os-ambientes\\\/\",\"name\":\"Fotos de im\u00f3vel para venda: como preparar os ambientes? Dicas\",\"isPartOf\":{\"@id\":\"https:\\\/\\\/www.auxiliadorapredial.com.br\\\/blog\\\/#website\"},\"primaryImageOfPage\":{\"@id\":\"https:\\\/\\\/www.auxiliadorapredial.com.br\\\/blog\\\/fotos-de-imovel-para-venda-como-preparar-os-ambientes\\\/#primaryimage\"},\"image\":{\"@id\":\"https:\\\/\\\/www.auxiliadorapredial.com.br\\\/blog\\\/fotos-de-imovel-para-venda-como-preparar-os-ambientes\\\/#primaryimage\"},\"thumbnailUrl\":\"https:\\\/\\\/www.auxiliadorapredial.com.br\\\/blog\\\/wp-content\\\/uploads\\\/como-tirar-boas-fotos-de-imovel-para-venda.webp\",\"datePublished\":\"2026-01-22T13:00:00+00:00\",\"author\":{\"@id\":\"https:\\\/\\\/www.auxiliadorapredial.com.br\\\/blog\\\/#\\\/schema\\\/person\\\/851e4e4185bc716576f2f383ed94ae33\"},\"description\":\"Aprenda como fazer boas fotos de im\u00f3vel para venda, com dicas que valorizam os ambientes, atraem interessados e reduzem o tempo de negocia\u00e7\u00e3o.\",\"inLanguage\":\"pt-BR\",\"potentialAction\":[{\"@type\":\"ReadAction\",\"target\":[\"https:\\\/\\\/www.auxiliadorapredial.com.br\\\/blog\\\/fotos-de-imovel-para-venda-como-preparar-os-ambientes\\\/\"]}]},{\"@type\":\"ImageObject\",\"inLanguage\":\"pt-BR\",\"@id\":\"https:\\\/\\\/www.auxiliadorapredial.com.br\\\/blog\\\/fotos-de-imovel-para-venda-como-preparar-os-ambientes\\\/#primaryimage\",\"url\":\"https:\\\/\\\/www.auxiliadorapredial.com.br\\\/blog\\\/wp-content\\\/uploads\\\/como-tirar-boas-fotos-de-imovel-para-venda.webp\",\"contentUrl\":\"https:\\\/\\\/www.auxiliadorapredial.com.br\\\/blog\\\/wp-content\\\/uploads\\\/como-tirar-boas-fotos-de-imovel-para-venda.webp\",\"width\":1000,\"height\":827,\"caption\":\"como tirar boas fotos de im\u00f3vel para venda\"},{\"@type\":\"WebSite\",\"@id\":\"https:\\\/\\\/www.auxiliadorapredial.com.br\\\/blog\\\/#website\",\"url\":\"https:\\\/\\\/www.auxiliadorapredial.com.br\\\/blog\\\/\",\"name\":\"Blog da Auxiliadora Predial - Tudo sobre im\u00f3veis e condom\u00ednios\",\"description\":\"Dicas da Auxiliadora Predial sobre aluguel, compra e venda de im\u00f3veis, al\u00e9m de condom\u00ednios. Imobili\u00e1ria em Porto Alegre e interior do RS, Santa Catarina e S\u00e3o Paulo.\",\"potentialAction\":[{\"@type\":\"SearchAction\",\"target\":{\"@type\":\"EntryPoint\",\"urlTemplate\":\"https:\\\/\\\/www.auxiliadorapredial.com.br\\\/blog\\\/?s={search_term_string}\"},\"query-input\":{\"@type\":\"PropertyValueSpecification\",\"valueRequired\":true,\"valueName\":\"search_term_string\"}}],\"inLanguage\":\"pt-BR\"},{\"@type\":\"Person\",\"@id\":\"https:\\\/\\\/www.auxiliadorapredial.com.br\\\/blog\\\/#\\\/schema\\\/person\\\/851e4e4185bc716576f2f383ed94ae33\",\"name\":\"Auxiliadora Predial\",\"image\":{\"@type\":\"ImageObject\",\"inLanguage\":\"pt-BR\",\"@id\":\"https:\\\/\\\/secure.gravatar.com\\\/avatar\\\/96f819f3615570f75bc98a819541afa2cb796cbdd9086c22d71a1b162f1cd305?s=96&d=mm&r=g\",\"url\":\"https:\\\/\\\/secure.gravatar.com\\\/avatar\\\/96f819f3615570f75bc98a819541afa2cb796cbdd9086c22d71a1b162f1cd305?s=96&d=mm&r=g\",\"contentUrl\":\"https:\\\/\\\/secure.gravatar.com\\\/avatar\\\/96f819f3615570f75bc98a819541afa2cb796cbdd9086c22d71a1b162f1cd305?s=96&d=mm&r=g\",\"caption\":\"Auxiliadora Predial\"}}]}<\/script>\n<!-- \/ Yoast SEO plugin. -->","yoast_head_json":{"title":"Fotos de im\u00f3vel para venda: como preparar os ambientes? Dicas","description":"Aprenda como fazer boas fotos de im\u00f3vel para venda, com dicas que valorizam os ambientes, atraem interessados e reduzem o tempo de negocia\u00e7\u00e3o.","robots":{"index":"index","follow":"follow","max-snippet":"max-snippet:-1","max-image-preview":"max-image-preview:large","max-video-preview":"max-video-preview:-1"},"canonical":"https:\/\/www.auxiliadorapredial.com.br\/blog\/fotos-de-imovel-para-venda-como-preparar-os-ambientes\/","og_locale":"pt_BR","og_type":"article","og_title":"Fotos de im\u00f3vel para venda: como preparar os ambientes? Dicas","og_description":"Aprenda como fazer boas fotos de im\u00f3vel para venda, com dicas que valorizam os ambientes, atraem interessados e reduzem o tempo de negocia\u00e7\u00e3o.","og_url":"https:\/\/www.auxiliadorapredial.com.br\/blog\/fotos-de-imovel-para-venda-como-preparar-os-ambientes\/","og_site_name":"Blog da Auxiliadora Predial - Tudo sobre im\u00f3veis e condom\u00ednios","article_published_time":"2026-01-22T13:00:00+00:00","og_image":[{"width":1000,"height":827,"url":"https:\/\/www.auxiliadorapredial.com.br\/blog\/wp-content\/uploads\/como-tirar-boas-fotos-de-imovel-para-venda.webp","type":"image\/webp"}],"author":"Auxiliadora Predial","twitter_card":"summary_large_image","twitter_misc":{"Escrito por":"Auxiliadora Predial","Est. tempo de leitura":"6 minutos"},"schema":{"@context":"https:\/\/schema.org","@graph":[{"@type":"Article","@id":"https:\/\/www.auxiliadorapredial.com.br\/blog\/fotos-de-imovel-para-venda-como-preparar-os-ambientes\/#article","isPartOf":{"@id":"https:\/\/www.auxiliadorapredial.com.br\/blog\/fotos-de-imovel-para-venda-como-preparar-os-ambientes\/"},"author":{"name":"Auxiliadora Predial","@id":"https:\/\/www.auxiliadorapredial.com.br\/blog\/#\/schema\/person\/851e4e4185bc716576f2f383ed94ae33"},"headline":"Fotos de im\u00f3vel para venda: como preparar os ambientes e atrair mais interessados?","datePublished":"2026-01-22T13:00:00+00:00","mainEntityOfPage":{"@id":"https:\/\/www.auxiliadorapredial.com.br\/blog\/fotos-de-imovel-para-venda-como-preparar-os-ambientes\/"},"wordCount":1135,"commentCount":0,"image":{"@id":"https:\/\/www.auxiliadorapredial.com.br\/blog\/fotos-de-imovel-para-venda-como-preparar-os-ambientes\/#primaryimage"},"thumbnailUrl":"https:\/\/www.auxiliadorapredial.com.br\/blog\/wp-content\/uploads\/como-tirar-boas-fotos-de-imovel-para-venda.webp","keywords":["Conte\u00fado T\u00e9cnico"],"articleSection":["Mercado Imobili\u00e1rio"],"inLanguage":"pt-BR","potentialAction":[{"@type":"CommentAction","name":"Comment","target":["https:\/\/www.auxiliadorapredial.com.br\/blog\/fotos-de-imovel-para-venda-como-preparar-os-ambientes\/#respond"]}]},{"@type":"WebPage","@id":"https:\/\/www.auxiliadorapredial.com.br\/blog\/fotos-de-imovel-para-venda-como-preparar-os-ambientes\/","url":"https:\/\/www.auxiliadorapredial.com.br\/blog\/fotos-de-imovel-para-venda-como-preparar-os-ambientes\/","name":"Fotos de im\u00f3vel para venda: como preparar os ambientes? Dicas","isPartOf":{"@id":"https:\/\/www.auxiliadorapredial.com.br\/blog\/#website"},"primaryImageOfPage":{"@id":"https:\/\/www.auxiliadorapredial.com.br\/blog\/fotos-de-imovel-para-venda-como-preparar-os-ambientes\/#primaryimage"},"image":{"@id":"https:\/\/www.auxiliadorapredial.com.br\/blog\/fotos-de-imovel-para-venda-como-preparar-os-ambientes\/#primaryimage"},"thumbnailUrl":"https:\/\/www.auxiliadorapredial.com.br\/blog\/wp-content\/uploads\/como-tirar-boas-fotos-de-imovel-para-venda.webp","datePublished":"2026-01-22T13:00:00+00:00","author":{"@id":"https:\/\/www.auxiliadorapredial.com.br\/blog\/#\/schema\/person\/851e4e4185bc716576f2f383ed94ae33"},"description":"Aprenda como fazer boas fotos de im\u00f3vel para venda, com dicas que valorizam os ambientes, atraem interessados e reduzem o tempo de negocia\u00e7\u00e3o.","inLanguage":"pt-BR","potentialAction":[{"@type":"ReadAction","target":["https:\/\/www.auxiliadorapredial.com.br\/blog\/fotos-de-imovel-para-venda-como-preparar-os-ambientes\/"]}]},{"@type":"ImageObject","inLanguage":"pt-BR","@id":"https:\/\/www.auxiliadorapredial.com.br\/blog\/fotos-de-imovel-para-venda-como-preparar-os-ambientes\/#primaryimage","url":"https:\/\/www.auxiliadorapredial.com.br\/blog\/wp-content\/uploads\/como-tirar-boas-fotos-de-imovel-para-venda.webp","contentUrl":"https:\/\/www.auxiliadorapredial.com.br\/blog\/wp-content\/uploads\/como-tirar-boas-fotos-de-imovel-para-venda.webp","width":1000,"height":827,"caption":"como tirar boas fotos de im\u00f3vel para venda"},{"@type":"WebSite","@id":"https:\/\/www.auxiliadorapredial.com.br\/blog\/#website","url":"https:\/\/www.auxiliadorapredial.com.br\/blog\/","name":"Blog da Auxiliadora Predial - Tudo sobre im\u00f3veis e condom\u00ednios","description":"Dicas da Auxiliadora Predial sobre aluguel, compra e venda de im\u00f3veis, al\u00e9m de condom\u00ednios. Imobili\u00e1ria em Porto Alegre e interior do RS, Santa Catarina e S\u00e3o Paulo.","potentialAction":[{"@type":"SearchAction","target":{"@type":"EntryPoint","urlTemplate":"https:\/\/www.auxiliadorapredial.com.br\/blog\/?s={search_term_string}"},"query-input":{"@type":"PropertyValueSpecification","valueRequired":true,"valueName":"search_term_string"}}],"inLanguage":"pt-BR"},{"@type":"Person","@id":"https:\/\/www.auxiliadorapredial.com.br\/blog\/#\/schema\/person\/851e4e4185bc716576f2f383ed94ae33","name":"Auxiliadora Predial","image":{"@type":"ImageObject","inLanguage":"pt-BR","@id":"https:\/\/secure.gravatar.com\/avatar\/96f819f3615570f75bc98a819541afa2cb796cbdd9086c22d71a1b162f1cd305?s=96&d=mm&r=g","url":"https:\/\/secure.gravatar.com\/avatar\/96f819f3615570f75bc98a819541afa2cb796cbdd9086c22d71a1b162f1cd305?s=96&d=mm&r=g","contentUrl":"https:\/\/secure.gravatar.com\/avatar\/96f819f3615570f75bc98a819541afa2cb796cbdd9086c22d71a1b162f1cd305?s=96&d=mm&r=g","caption":"Auxiliadora Predial"}}]}},"views":999,"_links":{"self":[{"href":"https:\/\/www.auxiliadorapredial.com.br\/blog\/wp-json\/wp\/v2\/posts\/17396","targetHints":{"allow":["GET"]}}],"collection":[{"href":"https:\/\/www.auxiliadorapredial.com.br\/blog\/wp-json\/wp\/v2\/posts"}],"about":[{"href":"https:\/\/www.auxiliadorapredial.com.br\/blog\/wp-json\/wp\/v2\/types\/post"}],"author":[{"embeddable":true,"href":"https:\/\/www.auxiliadorapredial.com.br\/blog\/wp-json\/wp\/v2\/users\/2"}],"replies":[{"embeddable":true,"href":"https:\/\/www.auxiliadorapredial.com.br\/blog\/wp-json\/wp\/v2\/comments?post=17396"}],"version-history":[{"count":2,"href":"https:\/\/www.auxiliadorapredial.com.br\/blog\/wp-json\/wp\/v2\/posts\/17396\/revisions"}],"predecessor-version":[{"id":17399,"href":"https:\/\/www.auxiliadorapredial.com.br\/blog\/wp-json\/wp\/v2\/posts\/17396\/revisions\/17399"}],"wp:featuredmedia":[{"embeddable":true,"href":"https:\/\/www.auxiliadorapredial.com.br\/blog\/wp-json\/wp\/v2\/media\/17397"}],"wp:attachment":[{"href":"https:\/\/www.auxiliadorapredial.com.br\/blog\/wp-json\/wp\/v2\/media?parent=17396"}],"wp:term":[{"taxonomy":"category","embeddable":true,"href":"https:\/\/www.auxiliadorapredial.com.br\/blog\/wp-json\/wp\/v2\/categories?post=17396"},{"taxonomy":"post_tag","embeddable":true,"href":"https:\/\/www.auxiliadorapredial.com.br\/blog\/wp-json\/wp\/v2\/tags?post=17396"}],"curies":[{"name":"wp","href":"https:\/\/api.w.org\/{rel}","templated":true}]}}