{"id":17401,"date":"2026-01-26T10:00:00","date_gmt":"2026-01-26T13:00:00","guid":{"rendered":"https:\/\/www.auxiliadorapredial.com.br\/blog\/?p=17401"},"modified":"2026-01-09T15:11:10","modified_gmt":"2026-01-09T18:11:10","slug":"arquitetura-sustentavel-tendencias-2026","status":"publish","type":"post","link":"https:\/\/www.auxiliadorapredial.com.br\/blog\/arquitetura-sustentavel-tendencias-2026\/","title":{"rendered":"Arquitetura sustent\u00e1vel: tend\u00eancias para 2026 que v\u00e3o transformar os projetos residenciais"},"content":{"rendered":"\n<p>A busca por solu\u00e7\u00f5es mais respons\u00e1veis e inteligentes nunca esteve t\u00e3o presente no setor imobili\u00e1rio. Logo nos primeiros anos p\u00f3s-pandemia, o mercado come\u00e7ou a enxergar a arquitetura sustent\u00e1vel como mais do que um diferencial: tornou-se um caminho essencial para quem projeta espa\u00e7os onde conforto, efici\u00eancia e impacto ambiental caminham juntos.&nbsp;<\/p>\n\n\n\n<p>Hoje, ao olhar para as tend\u00eancias de arquitetura previstas para 2026, fica evidente que estamos entrando em uma nova era, mais ecol\u00f3gica, tecnol\u00f3gica e alinhada ao <a href=\"https:\/\/www.auxiliadorapredial.com.br\/blog\/como-evitar-umidade-no-inverno-e-manter-o-bem-estar-em-casa\/\">bem-estar<\/a> humano.<\/p>\n\n\n\n<p>Imagine uma cidade em que cada edif\u00edcio dialoga com a paisagem, respeita a hist\u00f3ria local, gasta menos energia, produz menos res\u00edduos e ainda devolve benef\u00edcios ao ambiente. Esse \u00e9 o futuro que a sustentabilidade se prop\u00f5e a construir no mercado imobili\u00e1rio. E o mais interessante: esse futuro j\u00e1 come\u00e7ou.<\/p>\n\n\n\n<div id=\"ez-toc-container\" class=\"ez-toc-v2_0_82_2 counter-hierarchy ez-toc-counter ez-toc-transparent ez-toc-container-direction\">\n<p class=\"ez-toc-title\" style=\"cursor:inherit\">Navegue pelo conte\u00fado<\/p>\n<label for=\"ez-toc-cssicon-toggle-item-69f6fed5c5398\" class=\"ez-toc-cssicon-toggle-label\"><span class=\"\"><span class=\"eztoc-hide\" style=\"display:none;\">Toggle<\/span><span class=\"ez-toc-icon-toggle-span\"><svg style=\"fill: #000000;color:#000000\" xmlns=\"http:\/\/www.w3.org\/2000\/svg\" class=\"list-377408\" width=\"20px\" height=\"20px\" viewBox=\"0 0 24 24\" fill=\"none\"><path d=\"M6 6H4v2h2V6zm14 0H8v2h12V6zM4 11h2v2H4v-2zm16 0H8v2h12v-2zM4 16h2v2H4v-2zm16 0H8v2h12v-2z\" fill=\"currentColor\"><\/path><\/svg><svg style=\"fill: #000000;color:#000000\" class=\"arrow-unsorted-368013\" xmlns=\"http:\/\/www.w3.org\/2000\/svg\" width=\"10px\" height=\"10px\" viewBox=\"0 0 24 24\" version=\"1.2\" baseProfile=\"tiny\"><path d=\"M18.2 9.3l-6.2-6.3-6.2 6.3c-.2.2-.3.4-.3.7s.1.5.3.7c.2.2.4.3.7.3h11c.3 0 .5-.1.7-.3.2-.2.3-.5.3-.7s-.1-.5-.3-.7zM5.8 14.7l6.2 6.3 6.2-6.3c.2-.2.3-.5.3-.7s-.1-.5-.3-.7c-.2-.2-.4-.3-.7-.3h-11c-.3 0-.5.1-.7.3-.2.2-.3.5-.3.7s.1.5.3.7z\"\/><\/svg><\/span><\/span><\/label><input type=\"checkbox\"  id=\"ez-toc-cssicon-toggle-item-69f6fed5c5398\"  aria-label=\"Alternar\" \/><nav><ul class='ez-toc-list ez-toc-list-level-1 ' ><li class='ez-toc-page-1 ez-toc-heading-level-2'><a class=\"ez-toc-link ez-toc-heading-1\" href=\"https:\/\/www.auxiliadorapredial.com.br\/blog\/arquitetura-sustentavel-tendencias-2026\/#Como_a_arquitetura_sustentavel_vai_evoluir_em_2026\" >Como a arquitetura sustent\u00e1vel vai evoluir em 2026?<\/a><\/li><li class='ez-toc-page-1 ez-toc-heading-level-2'><a class=\"ez-toc-link ez-toc-heading-2\" href=\"https:\/\/www.auxiliadorapredial.com.br\/blog\/arquitetura-sustentavel-tendencias-2026\/#5_tendencias_de_arquitetura_sustentavel_para_2026\" >5 tend\u00eancias de arquitetura sustent\u00e1vel para 2026<\/a><ul class='ez-toc-list-level-3' ><li class='ez-toc-heading-level-3'><a class=\"ez-toc-link ez-toc-heading-3\" href=\"https:\/\/www.auxiliadorapredial.com.br\/blog\/arquitetura-sustentavel-tendencias-2026\/#1_Reuso_adaptativo_e_preservacao_de_edificacoes_historicas\" >1. Reuso adaptativo e preserva\u00e7\u00e3o de edifica\u00e7\u00f5es hist\u00f3ricas<\/a><\/li><li class='ez-toc-page-1 ez-toc-heading-level-3'><a class=\"ez-toc-link ez-toc-heading-4\" href=\"https:\/\/www.auxiliadorapredial.com.br\/blog\/arquitetura-sustentavel-tendencias-2026\/#2_Arquitetura_regenerativa_e_materiais_ecologicos\" >2. Arquitetura regenerativa e materiais ecol\u00f3gicos<\/a><\/li><li class='ez-toc-page-1 ez-toc-heading-level-3'><a class=\"ez-toc-link ez-toc-heading-5\" href=\"https:\/\/www.auxiliadorapredial.com.br\/blog\/arquitetura-sustentavel-tendencias-2026\/#3_Espacos_flexiveis_e_adaptativos\" >3. Espa\u00e7os flex\u00edveis e adaptativos<\/a><\/li><li class='ez-toc-page-1 ez-toc-heading-level-3'><a class=\"ez-toc-link ez-toc-heading-6\" href=\"https:\/\/www.auxiliadorapredial.com.br\/blog\/arquitetura-sustentavel-tendencias-2026\/#4_Construcao_rapida_por_impressao_3D_e_metodos_inovadores\" >4. Constru\u00e7\u00e3o r\u00e1pida por impress\u00e3o 3D e m\u00e9todos inovadores<\/a><\/li><li class='ez-toc-page-1 ez-toc-heading-level-3'><a class=\"ez-toc-link ez-toc-heading-7\" href=\"https:\/\/www.auxiliadorapredial.com.br\/blog\/arquitetura-sustentavel-tendencias-2026\/#5_Design_biofilico_e_integracao_entre_natureza_e_arquitetura\" >5. Design biof\u00edlico e integra\u00e7\u00e3o entre natureza e arquitetura<\/a><\/li><\/ul><\/li><li class='ez-toc-page-1 ez-toc-heading-level-2'><a class=\"ez-toc-link ez-toc-heading-8\" href=\"https:\/\/www.auxiliadorapredial.com.br\/blog\/arquitetura-sustentavel-tendencias-2026\/#Quais_sao_os_beneficios_da_arquitetura_sustentavel\" >Quais s\u00e3o os benef\u00edcios da arquitetura sustent\u00e1vel?<\/a><\/li><li class='ez-toc-page-1 ez-toc-heading-level-2'><a class=\"ez-toc-link ez-toc-heading-9\" href=\"https:\/\/www.auxiliadorapredial.com.br\/blog\/arquitetura-sustentavel-tendencias-2026\/#A_arquitetura_sustentavel_e_mais_cara\" >A arquitetura sustent\u00e1vel \u00e9 mais cara?<\/a><\/li><li class='ez-toc-page-1 ez-toc-heading-level-2'><a class=\"ez-toc-link ez-toc-heading-10\" href=\"https:\/\/www.auxiliadorapredial.com.br\/blog\/arquitetura-sustentavel-tendencias-2026\/#Como_a_Auxiliadora_Predial_acompanha_a_evolucao_da_arquitetura\" >Como a Auxiliadora Predial acompanha a evolu\u00e7\u00e3o da arquitetura?<\/a><ul class='ez-toc-list-level-3' ><li class='ez-toc-heading-level-3'><a class=\"ez-toc-link ez-toc-heading-11\" href=\"https:\/\/www.auxiliadorapredial.com.br\/blog\/arquitetura-sustentavel-tendencias-2026\/#Acompanhe_mais_conteudos_como_este\" >Acompanhe mais conte\u00fados como este<\/a><\/li><\/ul><\/li><\/ul><\/nav><\/div>\n<h2 class=\"wp-block-heading\"><span class=\"ez-toc-section\" id=\"Como_a_arquitetura_sustentavel_vai_evoluir_em_2026\"><\/span>Como a arquitetura sustent\u00e1vel vai evoluir em 2026?<span class=\"ez-toc-section-end\"><\/span><\/h2>\n\n\n\n<p>A <a href=\"https:\/\/www.auxiliadorapredial.com.br\/blog\/sustentabilidade-no-mercado-imobiliario\/\">sustentabilidade no mercado imobili\u00e1rio<\/a> n\u00e3o ser\u00e1 apenas sobre reduzir impactos ambientais, mas sim criar sistemas que regeneram, inspiram e transformam a vida urbana. Por isso, as tend\u00eancias para 2026 combinam inova\u00e7\u00e3o, materiais ecol\u00f3gicos, tecnologia avan\u00e7ada e um olhar profundo para o bem-estar de todas as pessoas.<\/p>\n\n\n\n<p>A seguir, voc\u00ea confere 5 tend\u00eancias que est\u00e3o moldando os projetos residenciais e comerciais ao redor do mundo. E que devem se intensificar nos pr\u00f3ximos anos.<\/p>\n\n\n\n<h2 class=\"wp-block-heading\"><span class=\"ez-toc-section\" id=\"5_tendencias_de_arquitetura_sustentavel_para_2026\"><\/span>5 tend\u00eancias de arquitetura sustent\u00e1vel para 2026<span class=\"ez-toc-section-end\"><\/span><\/h2>\n\n\n\n<p>Entre as principais inova\u00e7\u00f5es est\u00e3o:<\/p>\n\n\n\n<ol class=\"wp-block-list\">\n<li>Reuso adaptativo e preserva\u00e7\u00e3o de edifica\u00e7\u00f5es hist\u00f3ricas;<\/li>\n\n\n\n<li>Arquitetura regenerativa e materiais de baixo impacto;<\/li>\n\n\n\n<li>Espa\u00e7os flex\u00edveis e adaptativos;<\/li>\n\n\n\n<li>Constru\u00e7\u00e3o por impress\u00e3o 3D e m\u00e9todos inovadores;<\/li>\n\n\n\n<li>Design biof\u00edlico e integra\u00e7\u00e3o com a natureza.<\/li>\n<\/ol>\n\n\n\n<p>Vamos entender melhor cada uma delas?<\/p>\n\n\n\n<h3 class=\"wp-block-heading\"><span class=\"ez-toc-section\" id=\"1_Reuso_adaptativo_e_preservacao_de_edificacoes_historicas\"><\/span>1. Reuso adaptativo e preserva\u00e7\u00e3o de edifica\u00e7\u00f5es hist\u00f3ricas<span class=\"ez-toc-section-end\"><\/span><\/h3>\n\n\n\n<p>A primeira grande tend\u00eancia \u00e9 o reuso inteligente de constru\u00e7\u00f5es j\u00e1 existentes. Em vez de demolir pr\u00e9dios antigos, que \u00e9 um procedimento caro, poluente e que contribui para o aumento de res\u00edduos, arquitetos do mundo inteiro est\u00e3o dando nova vida a estruturas tradicionais, de modo a preservar a hist\u00f3ria e, assim, reduzir o impacto ambiental.<\/p>\n\n\n\n<p>Esse movimento aparece com for\u00e7a no Brasil, especialmente em cidades que valorizam sua mem\u00f3ria urbana. Um exemplo emblem\u00e1tico \u00e9 o Marambaia Tower, novo empreendimento da FG Empreendimentos, em <a href=\"https:\/\/www.auxiliadorapredial.com.br\/blog\/morar-em-balneario-camboriu-descubra-os-atrativos-dessa-cidade-fascinante\/\">Balne\u00e1rio Cambori\u00fa<\/a> (SC).&nbsp;<\/p>\n\n\n\n<p>O empreendimento ser\u00e1 erguido ao lado do tradicional Hotel Marambaia, um \u00edcone da arquitetura brasileira inaugurado em 1964 com assinatura do arquiteto Roberto Veronezzi. Ali\u00e1s, o hotel de apenas tr\u00eas andares foi pioneiro ao adotar uma estrutura circular e se tornar um s\u00edmbolo da inova\u00e7\u00e3o da \u00e9poca.<\/p>\n\n\n\n<p>Agora, o projeto contempor\u00e2neo da FG chega para somar, sem apagar o passado. Com mais de 300 metros de altura, o Marambaia Tower ser\u00e1, dessa forma, um dos edif\u00edcios mais altos do Brasil e combinar\u00e1 unidades hoteleiras e residenciais.\u00a0<\/p>\n\n\n\n<p>Al\u00e9m disso, o complexo incluir\u00e1 \u00e1reas de lazer, restaurantes, galerias, um museu dedicado \u00e0 hist\u00f3ria da cidade e o Parque Linear do Rio Marambaia, com a revitaliza\u00e7\u00e3o da constru\u00e7\u00e3o antiga. Ou seja, \u00e9 um exemplo perfeito de arquitetura sustent\u00e1vel que une preserva\u00e7\u00e3o, modernidade e qualidade de vida.<\/p>\n\n\n\n<h3 class=\"wp-block-heading\"><span class=\"ez-toc-section\" id=\"2_Arquitetura_regenerativa_e_materiais_ecologicos\"><\/span>2. Arquitetura regenerativa e materiais ecol\u00f3gicos<span class=\"ez-toc-section-end\"><\/span><\/h3>\n\n\n\n<p>Outra tend\u00eancia para 2026 \u00e9 a arquitetura regenerativa, um passo al\u00e9m da <a href=\"https:\/\/www.auxiliadorapredial.com.br\/blog\/sustentabilidade-no-lar-praticas-simples-que-fazem-a-diferenca\/\">sustentabilidade<\/a> tradicional. Nesse caso, em vez de apenas reduzir danos, esses projetos buscam gerar impactos positivos na natureza, como, por exemplo, melhorar o microclima, regenerar biodiversidade ou reduzir emiss\u00f5es atrav\u00e9s dos materiais usados.<\/p>\n\n\n\n<p>A constru\u00e7\u00e3o com madeira engenheirada, materiais reciclados, comp\u00f3sitos biol\u00f3gicos, tintas naturais e isolamentos ecol\u00f3gicos devem ganhar ainda mais espa\u00e7o. Ao mesmo tempo, o conceito \u201cnet zero\u201d, que s\u00e3o edif\u00edcios que produzem tanta energia quanto consomem, passa a ser meta central em diversos projetos.&nbsp;<\/p>\n\n\n\n<p>Isso inclui pain\u00e9is solares integrados, ventila\u00e7\u00e3o cruzada, orienta\u00e7\u00e3o solar inteligente e estrat\u00e9gias de sombreamento para reduzir o uso de <a href=\"https:\/\/www.auxiliadorapredial.com.br\/blog\/ar-condicionado-em-apartamento\/\">ar-condicionado<\/a>.<\/p>\n\n\n\n<p>Em resumo, essa <a href=\"https:\/\/www.auxiliadorapredial.com.br\/blog\/tendencias-mercado-imobiliario\/\">tend\u00eancia<\/a> conecta a arquitetura cada vez mais ao conforto cotidiano, com ambientes mais frescos, eficientes e preparados para o clima do futuro.<\/p>\n\n\n\n<h3 class=\"wp-block-heading\"><span class=\"ez-toc-section\" id=\"3_Espacos_flexiveis_e_adaptativos\"><\/span>3. Espa\u00e7os flex\u00edveis e adaptativos<span class=\"ez-toc-section-end\"><\/span><\/h3>\n\n\n\n<p>A vida moderna exige ambientes capazes de acompanhar diferentes fases, rotinas e estilos de vida.&nbsp;<\/p>\n\n\n\n<p>Por isso, uma das tend\u00eancias de arquitetura mais fortes para 2026 \u00e9 a cria\u00e7\u00e3o de espa\u00e7os flex\u00edveis, que podem mudar de fun\u00e7\u00e3o com facilidade. Na verdade, trata-se de um movimento que j\u00e1 acompanhamos nos \u00faltimos anos, mas que tende a ganhar ainda mais for\u00e7a.<\/p>\n\n\n\n<p>Paredes m\u00f3veis, ambientes revers\u00edveis, divis\u00f3rias inteligentes, m\u00f3veis multifuncionais e plantas que permitem expans\u00f5es ou adapta\u00e7\u00f5es fazem parte dessa transforma\u00e7\u00e3o. Em muitos casos, um mesmo espa\u00e7o pode servir como escrit\u00f3rio, sala de estudos, \u00e1rea de lazer ou dormit\u00f3rio. Tudo vai depender da rotina da fam\u00edlia.<\/p>\n\n\n\n<p>Podemos dizer que essa \u00e9 uma resposta direta ao aumento do home office, ao crescimento das fam\u00edlias pequenas e \u00e0s mudan\u00e7as no comportamento dos moradores, refor\u00e7ando a sustentabilidade como uma ferramenta de otimiza\u00e7\u00e3o de recursos, tempo e espa\u00e7o.<\/p>\n\n\n\n<p><strong>Leia tamb\u00e9m: <\/strong><a href=\"https:\/\/www.auxiliadorapredial.com.br\/blog\/crescimento-vertical-por-que-os-apartamentos-estao-menores\/\"><strong>Crescimento vertical: por que os apartamentos est\u00e3o menores?<\/strong><\/a><\/p>\n\n\n\n<h3 class=\"wp-block-heading\"><span class=\"ez-toc-section\" id=\"4_Construcao_rapida_por_impressao_3D_e_metodos_inovadores\"><\/span>4. Constru\u00e7\u00e3o r\u00e1pida por impress\u00e3o 3D e m\u00e9todos inovadores<span class=\"ez-toc-section-end\"><\/span><\/h3>\n\n\n\n<p>A tecnologia tamb\u00e9m desempenha papel fundamental nas mudan\u00e7as previstas para 2026. A impress\u00e3o 3D aplicada \u00e0 constru\u00e7\u00e3o civil j\u00e1 \u00e9 realidade e deve ganhar escala crescente nos pr\u00f3ximos anos.<\/p>\n\n\n\n<p>Com essa t\u00e9cnica, pe\u00e7as, m\u00f3dulos e at\u00e9 casas inteiras podem ser constru\u00eddas com rapidez impressionante, menos desperd\u00edcio e menor consumo de materiais. Al\u00e9m disso, a liberdade formal que a impress\u00e3o 3D oferece permite criar designs inovadores, antes imposs\u00edveis com as t\u00e9cnicas tradicionais.<\/p>\n\n\n\n<p>Essa \u00e9 uma das tend\u00eancias mais promissoras, j\u00e1 que reduz custos, acelera cronogramas e refor\u00e7a princ\u00edpios da arquitetura sustent\u00e1vel, como reuso de materiais, alta precis\u00e3o e baixa gera\u00e7\u00e3o de res\u00edduos.<\/p>\n\n\n\n<h3 class=\"wp-block-heading\"><span class=\"ez-toc-section\" id=\"5_Design_biofilico_e_integracao_entre_natureza_e_arquitetura\"><\/span>5. Design biof\u00edlico e integra\u00e7\u00e3o entre natureza e arquitetura<span class=\"ez-toc-section-end\"><\/span><\/h3>\n\n\n\n<p>Nenhuma tend\u00eancia cresce t\u00e3o r\u00e1pido quanto o design biof\u00edlico. Esse conceito parte da premissa de que seres humanos prosperam quando vivem pr\u00f3ximos \u00e0 <a href=\"https:\/\/www.auxiliadorapredial.com.br\/blog\/05-dicas-de-imoveis-para-quem-gosta-de-natureza\/\">natureza<\/a>.&nbsp;<\/p>\n\n\n\n<p>Dessa forma, os projetos arquitet\u00f4nicos apostam em formas org\u00e2nicas, luz natural abundante, jardins internos, paredes verdes e espa\u00e7os que criam sensa\u00e7\u00e3o de abrigo, frescor e conex\u00e3o.<\/p>\n\n\n\n<p>Tanto em casas quanto em apartamentos, a biofilia transforma o bem-estar, reduz estresse, melhora a respira\u00e7\u00e3o e valoriza a est\u00e9tica do ambiente.&nbsp;<\/p>\n\n\n\n<p>Em edif\u00edcios maiores, essa tend\u00eancia aparece em varandas amplas, <a href=\"https:\/\/www.auxiliadorapredial.com.br\/blog\/morar-perto-de-areas-verdes-beneficios-para-saude-e-qualidade-de-vida\/\">\u00e1reas verdes<\/a> elevadas, <a href=\"https:\/\/www.auxiliadorapredial.com.br\/blog\/horta-em-apartamento-como-cultivar-temperos-e-hortalicas-em-pequenos-espacos\/\">hortas<\/a> compartilhadas, terra\u00e7os arborizados e transi\u00e7\u00f5es suaves entre \u00e1reas internas e externas.<\/p>\n\n\n\n<p>\u00c9 uma das tend\u00eancias de arquitetura que mais conversam com o estilo de vida contempor\u00e2neo.<\/p>\n\n\n\n<h2 class=\"wp-block-heading\"><span class=\"ez-toc-section\" id=\"Quais_sao_os_beneficios_da_arquitetura_sustentavel\"><\/span>Quais s\u00e3o os benef\u00edcios da arquitetura sustent\u00e1vel?<span class=\"ez-toc-section-end\"><\/span><\/h2>\n\n\n\n<p>Investir em sustentabilidade nos projetos arquitet\u00f4nicos se traduz em:<\/p>\n\n\n\n<ul class=\"wp-block-list\">\n<li>Redu\u00e7\u00e3o de custos com energia e \u00e1gua;<\/li>\n\n\n\n<li>Ambientes mais confort\u00e1veis e saud\u00e1veis;<\/li>\n\n\n\n<li>Valoriza\u00e7\u00e3o do im\u00f3vel;<\/li>\n\n\n\n<li>Redu\u00e7\u00e3o de res\u00edduos e impacto ambiental;<\/li>\n\n\n\n<li>Maior durabilidade das constru\u00e7\u00f5es.<\/li>\n<\/ul>\n\n\n\n<h2 class=\"wp-block-heading\"><span class=\"ez-toc-section\" id=\"A_arquitetura_sustentavel_e_mais_cara\"><\/span>A arquitetura sustent\u00e1vel \u00e9 mais cara?<span class=\"ez-toc-section-end\"><\/span><\/h2>\n\n\n\n<p>N\u00e3o necessariamente. Embora algumas solu\u00e7\u00f5es pare\u00e7am ter custo inicial mais alto, a economia gerada ao longo dos anos compensa o investimento. Efici\u00eancia energ\u00e9tica, durabilidade dos materiais, manuten\u00e7\u00e3o reduzida e valoriza\u00e7\u00e3o imobili\u00e1ria fazem com que, no longo prazo, a arquitetura sustent\u00e1vel se mostre mais vantajosa financeiramente.<\/p>\n\n\n\n<h2 class=\"wp-block-heading\"><span class=\"ez-toc-section\" id=\"Como_a_Auxiliadora_Predial_acompanha_a_evolucao_da_arquitetura\"><\/span>Como a Auxiliadora Predial acompanha a evolu\u00e7\u00e3o da arquitetura?<span class=\"ez-toc-section-end\"><\/span><\/h2>\n\n\n\n<p>A <a href=\"https:\/\/www.auxiliadorapredial.com.br\/\">Auxiliadora Predial<\/a> est\u00e1 sempre atenta \u00e0s transforma\u00e7\u00f5es do mercado imobili\u00e1rio e \u00e0s tend\u00eancias que moldam o futuro. Com d\u00e9cadas de atua\u00e7\u00e3o e forte presen\u00e7a no Sul e Sudeste do pa\u00eds, conectamos pessoas a im\u00f3veis modernos, bem localizados e alinhados aos princ\u00edpios da arquitetura sustent\u00e1vel.<\/p>\n\n\n\n<p>Seja para comprar, alugar ou investir, nossos consultores entendem as necessidades de cada cliente e oferecem solu\u00e7\u00f5es que combinam praticidade, qualidade de vida e vis\u00e3o de futuro.<\/p>\n\n\n\n<h3 class=\"wp-block-heading\"><span class=\"ez-toc-section\" id=\"Acompanhe_mais_conteudos_como_este\"><\/span>Acompanhe mais conte\u00fados como este<span class=\"ez-toc-section-end\"><\/span><\/h3>\n\n\n\n<p>Se voc\u00ea deseja acompanhar as novidades sobre arquitetura, mercado imobili\u00e1rio, design e estilo de vida, acesse o <a href=\"https:\/\/www.auxiliadorapredial.com.br\/blog\">blog da Auxiliadora Predial<\/a> e descubra conte\u00fados exclusivos pensados para inspirar suas pr\u00f3ximas escolhas.<\/p>\n","protected":false},"excerpt":{"rendered":"<p>A arquitetura sustent\u00e1vel em alta. Confira as tend\u00eancias para 2026 e saiba como novos projetos ecol\u00f3gicos est\u00e3o transformando o futuro, inclusive no Brasil.<\/p>\n","protected":false},"author":2,"featured_media":17402,"comment_status":"open","ping_status":"open","sticky":false,"template":"","format":"standard","meta":{"footnotes":""},"categories":[307],"tags":[49],"class_list":["post-17401","post","type-post","status-publish","format-standard","has-post-thumbnail","hentry","category-meu-lar","tag-mercado-imobiliario"],"yoast_head":"<!-- This site is optimized with the Yoast SEO plugin v27.3 - https:\/\/yoast.com\/product\/yoast-seo-wordpress\/ -->\n<title>Arquitetura sustent\u00e1vel: 5 tend\u00eancias para ficar atento em 2026<\/title>\n<meta name=\"description\" content=\"A arquitetura sustent\u00e1vel em alta. Confira as tend\u00eancias para 2026 e saiba como novos projetos ecol\u00f3gicos est\u00e3o transformando o futuro, inclusive no Brasil.\" \/>\n<meta name=\"robots\" content=\"index, follow, max-snippet:-1, max-image-preview:large, max-video-preview:-1\" \/>\n<link rel=\"canonical\" href=\"https:\/\/auxiliadorapredial.com.br\/blog\/arquitetura-sustentavel-tendencias-2026\/\" \/>\n<meta property=\"og:locale\" content=\"pt_BR\" \/>\n<meta property=\"og:type\" content=\"article\" \/>\n<meta property=\"og:title\" content=\"Arquitetura sustent\u00e1vel: 5 tend\u00eancias para ficar atento em 2026\" \/>\n<meta property=\"og:description\" content=\"A arquitetura sustent\u00e1vel em alta. Confira as tend\u00eancias para 2026 e saiba como novos projetos ecol\u00f3gicos est\u00e3o transformando o futuro, inclusive no Brasil.\" \/>\n<meta property=\"og:url\" content=\"https:\/\/auxiliadorapredial.com.br\/blog\/arquitetura-sustentavel-tendencias-2026\/\" \/>\n<meta property=\"og:site_name\" content=\"Blog da Auxiliadora Predial - Tudo sobre im\u00f3veis e condom\u00ednios\" \/>\n<meta property=\"article:published_time\" content=\"2026-01-26T13:00:00+00:00\" \/>\n<meta property=\"og:image\" content=\"https:\/\/auxiliadorapredial.com.br\/blog\/wp-content\/uploads\/tendencias-de-arquitetura-sustentavel-2026.webp\" \/>\n\t<meta property=\"og:image:width\" content=\"1000\" \/>\n\t<meta property=\"og:image:height\" content=\"563\" \/>\n\t<meta property=\"og:image:type\" content=\"image\/webp\" \/>\n<meta name=\"author\" content=\"Auxiliadora Predial\" \/>\n<meta name=\"twitter:card\" content=\"summary_large_image\" \/>\n<meta name=\"twitter:label1\" content=\"Escrito por\" \/>\n\t<meta name=\"twitter:data1\" content=\"Auxiliadora Predial\" \/>\n\t<meta name=\"twitter:label2\" content=\"Est. tempo de leitura\" \/>\n\t<meta name=\"twitter:data2\" content=\"7 minutos\" \/>\n<script type=\"application\/ld+json\" class=\"yoast-schema-graph\">{\"@context\":\"https:\\\/\\\/schema.org\",\"@graph\":[{\"@type\":\"Article\",\"@id\":\"https:\\\/\\\/auxiliadorapredial.com.br\\\/blog\\\/arquitetura-sustentavel-tendencias-2026\\\/#article\",\"isPartOf\":{\"@id\":\"https:\\\/\\\/auxiliadorapredial.com.br\\\/blog\\\/arquitetura-sustentavel-tendencias-2026\\\/\"},\"author\":{\"name\":\"Auxiliadora Predial\",\"@id\":\"https:\\\/\\\/www.auxiliadorapredial.com.br\\\/blog\\\/#\\\/schema\\\/person\\\/851e4e4185bc716576f2f383ed94ae33\"},\"headline\":\"Arquitetura sustent\u00e1vel: tend\u00eancias para 2026 que v\u00e3o transformar os projetos residenciais\",\"datePublished\":\"2026-01-26T13:00:00+00:00\",\"mainEntityOfPage\":{\"@id\":\"https:\\\/\\\/auxiliadorapredial.com.br\\\/blog\\\/arquitetura-sustentavel-tendencias-2026\\\/\"},\"wordCount\":1402,\"commentCount\":0,\"image\":{\"@id\":\"https:\\\/\\\/auxiliadorapredial.com.br\\\/blog\\\/arquitetura-sustentavel-tendencias-2026\\\/#primaryimage\"},\"thumbnailUrl\":\"https:\\\/\\\/www.auxiliadorapredial.com.br\\\/blog\\\/wp-content\\\/uploads\\\/tendencias-de-arquitetura-sustentavel-2026.webp\",\"keywords\":[\"mercado imobili\u00e1rio\"],\"articleSection\":[\"Meu Lar\"],\"inLanguage\":\"pt-BR\",\"potentialAction\":[{\"@type\":\"CommentAction\",\"name\":\"Comment\",\"target\":[\"https:\\\/\\\/auxiliadorapredial.com.br\\\/blog\\\/arquitetura-sustentavel-tendencias-2026\\\/#respond\"]}]},{\"@type\":\"WebPage\",\"@id\":\"https:\\\/\\\/auxiliadorapredial.com.br\\\/blog\\\/arquitetura-sustentavel-tendencias-2026\\\/\",\"url\":\"https:\\\/\\\/auxiliadorapredial.com.br\\\/blog\\\/arquitetura-sustentavel-tendencias-2026\\\/\",\"name\":\"Arquitetura sustent\u00e1vel: 5 tend\u00eancias para ficar atento em 2026\",\"isPartOf\":{\"@id\":\"https:\\\/\\\/www.auxiliadorapredial.com.br\\\/blog\\\/#website\"},\"primaryImageOfPage\":{\"@id\":\"https:\\\/\\\/auxiliadorapredial.com.br\\\/blog\\\/arquitetura-sustentavel-tendencias-2026\\\/#primaryimage\"},\"image\":{\"@id\":\"https:\\\/\\\/auxiliadorapredial.com.br\\\/blog\\\/arquitetura-sustentavel-tendencias-2026\\\/#primaryimage\"},\"thumbnailUrl\":\"https:\\\/\\\/www.auxiliadorapredial.com.br\\\/blog\\\/wp-content\\\/uploads\\\/tendencias-de-arquitetura-sustentavel-2026.webp\",\"datePublished\":\"2026-01-26T13:00:00+00:00\",\"author\":{\"@id\":\"https:\\\/\\\/www.auxiliadorapredial.com.br\\\/blog\\\/#\\\/schema\\\/person\\\/851e4e4185bc716576f2f383ed94ae33\"},\"description\":\"A arquitetura sustent\u00e1vel em alta. Confira as tend\u00eancias para 2026 e saiba como novos projetos ecol\u00f3gicos est\u00e3o transformando o futuro, inclusive no Brasil.\",\"inLanguage\":\"pt-BR\",\"potentialAction\":[{\"@type\":\"ReadAction\",\"target\":[\"https:\\\/\\\/auxiliadorapredial.com.br\\\/blog\\\/arquitetura-sustentavel-tendencias-2026\\\/\"]}]},{\"@type\":\"ImageObject\",\"inLanguage\":\"pt-BR\",\"@id\":\"https:\\\/\\\/auxiliadorapredial.com.br\\\/blog\\\/arquitetura-sustentavel-tendencias-2026\\\/#primaryimage\",\"url\":\"https:\\\/\\\/www.auxiliadorapredial.com.br\\\/blog\\\/wp-content\\\/uploads\\\/tendencias-de-arquitetura-sustentavel-2026.webp\",\"contentUrl\":\"https:\\\/\\\/www.auxiliadorapredial.com.br\\\/blog\\\/wp-content\\\/uploads\\\/tendencias-de-arquitetura-sustentavel-2026.webp\",\"width\":1000,\"height\":563,\"caption\":\"tend\u00eancias de arquitetura sustent\u00e1vel 2026\"},{\"@type\":\"WebSite\",\"@id\":\"https:\\\/\\\/www.auxiliadorapredial.com.br\\\/blog\\\/#website\",\"url\":\"https:\\\/\\\/www.auxiliadorapredial.com.br\\\/blog\\\/\",\"name\":\"Blog da Auxiliadora Predial - Tudo sobre im\u00f3veis e condom\u00ednios\",\"description\":\"Dicas da Auxiliadora Predial sobre aluguel, compra e venda de im\u00f3veis, al\u00e9m de condom\u00ednios. Imobili\u00e1ria em Porto Alegre e interior do RS, Santa Catarina e S\u00e3o Paulo.\",\"potentialAction\":[{\"@type\":\"SearchAction\",\"target\":{\"@type\":\"EntryPoint\",\"urlTemplate\":\"https:\\\/\\\/www.auxiliadorapredial.com.br\\\/blog\\\/?s={search_term_string}\"},\"query-input\":{\"@type\":\"PropertyValueSpecification\",\"valueRequired\":true,\"valueName\":\"search_term_string\"}}],\"inLanguage\":\"pt-BR\"},{\"@type\":\"Person\",\"@id\":\"https:\\\/\\\/www.auxiliadorapredial.com.br\\\/blog\\\/#\\\/schema\\\/person\\\/851e4e4185bc716576f2f383ed94ae33\",\"name\":\"Auxiliadora Predial\",\"image\":{\"@type\":\"ImageObject\",\"inLanguage\":\"pt-BR\",\"@id\":\"https:\\\/\\\/secure.gravatar.com\\\/avatar\\\/96f819f3615570f75bc98a819541afa2cb796cbdd9086c22d71a1b162f1cd305?s=96&d=mm&r=g\",\"url\":\"https:\\\/\\\/secure.gravatar.com\\\/avatar\\\/96f819f3615570f75bc98a819541afa2cb796cbdd9086c22d71a1b162f1cd305?s=96&d=mm&r=g\",\"contentUrl\":\"https:\\\/\\\/secure.gravatar.com\\\/avatar\\\/96f819f3615570f75bc98a819541afa2cb796cbdd9086c22d71a1b162f1cd305?s=96&d=mm&r=g\",\"caption\":\"Auxiliadora Predial\"}}]}<\/script>\n<!-- \/ Yoast SEO plugin. -->","yoast_head_json":{"title":"Arquitetura sustent\u00e1vel: 5 tend\u00eancias para ficar atento em 2026","description":"A arquitetura sustent\u00e1vel em alta. Confira as tend\u00eancias para 2026 e saiba como novos projetos ecol\u00f3gicos est\u00e3o transformando o futuro, inclusive no Brasil.","robots":{"index":"index","follow":"follow","max-snippet":"max-snippet:-1","max-image-preview":"max-image-preview:large","max-video-preview":"max-video-preview:-1"},"canonical":"https:\/\/auxiliadorapredial.com.br\/blog\/arquitetura-sustentavel-tendencias-2026\/","og_locale":"pt_BR","og_type":"article","og_title":"Arquitetura sustent\u00e1vel: 5 tend\u00eancias para ficar atento em 2026","og_description":"A arquitetura sustent\u00e1vel em alta. Confira as tend\u00eancias para 2026 e saiba como novos projetos ecol\u00f3gicos est\u00e3o transformando o futuro, inclusive no Brasil.","og_url":"https:\/\/auxiliadorapredial.com.br\/blog\/arquitetura-sustentavel-tendencias-2026\/","og_site_name":"Blog da Auxiliadora Predial - Tudo sobre im\u00f3veis e condom\u00ednios","article_published_time":"2026-01-26T13:00:00+00:00","og_image":[{"width":1000,"height":563,"url":"https:\/\/auxiliadorapredial.com.br\/blog\/wp-content\/uploads\/tendencias-de-arquitetura-sustentavel-2026.webp","type":"image\/webp"}],"author":"Auxiliadora Predial","twitter_card":"summary_large_image","twitter_misc":{"Escrito por":"Auxiliadora Predial","Est. tempo de leitura":"7 minutos"},"schema":{"@context":"https:\/\/schema.org","@graph":[{"@type":"Article","@id":"https:\/\/auxiliadorapredial.com.br\/blog\/arquitetura-sustentavel-tendencias-2026\/#article","isPartOf":{"@id":"https:\/\/auxiliadorapredial.com.br\/blog\/arquitetura-sustentavel-tendencias-2026\/"},"author":{"name":"Auxiliadora Predial","@id":"https:\/\/www.auxiliadorapredial.com.br\/blog\/#\/schema\/person\/851e4e4185bc716576f2f383ed94ae33"},"headline":"Arquitetura sustent\u00e1vel: tend\u00eancias para 2026 que v\u00e3o transformar os projetos residenciais","datePublished":"2026-01-26T13:00:00+00:00","mainEntityOfPage":{"@id":"https:\/\/auxiliadorapredial.com.br\/blog\/arquitetura-sustentavel-tendencias-2026\/"},"wordCount":1402,"commentCount":0,"image":{"@id":"https:\/\/auxiliadorapredial.com.br\/blog\/arquitetura-sustentavel-tendencias-2026\/#primaryimage"},"thumbnailUrl":"https:\/\/www.auxiliadorapredial.com.br\/blog\/wp-content\/uploads\/tendencias-de-arquitetura-sustentavel-2026.webp","keywords":["mercado imobili\u00e1rio"],"articleSection":["Meu Lar"],"inLanguage":"pt-BR","potentialAction":[{"@type":"CommentAction","name":"Comment","target":["https:\/\/auxiliadorapredial.com.br\/blog\/arquitetura-sustentavel-tendencias-2026\/#respond"]}]},{"@type":"WebPage","@id":"https:\/\/auxiliadorapredial.com.br\/blog\/arquitetura-sustentavel-tendencias-2026\/","url":"https:\/\/auxiliadorapredial.com.br\/blog\/arquitetura-sustentavel-tendencias-2026\/","name":"Arquitetura sustent\u00e1vel: 5 tend\u00eancias para ficar atento em 2026","isPartOf":{"@id":"https:\/\/www.auxiliadorapredial.com.br\/blog\/#website"},"primaryImageOfPage":{"@id":"https:\/\/auxiliadorapredial.com.br\/blog\/arquitetura-sustentavel-tendencias-2026\/#primaryimage"},"image":{"@id":"https:\/\/auxiliadorapredial.com.br\/blog\/arquitetura-sustentavel-tendencias-2026\/#primaryimage"},"thumbnailUrl":"https:\/\/www.auxiliadorapredial.com.br\/blog\/wp-content\/uploads\/tendencias-de-arquitetura-sustentavel-2026.webp","datePublished":"2026-01-26T13:00:00+00:00","author":{"@id":"https:\/\/www.auxiliadorapredial.com.br\/blog\/#\/schema\/person\/851e4e4185bc716576f2f383ed94ae33"},"description":"A arquitetura sustent\u00e1vel em alta. Confira as tend\u00eancias para 2026 e saiba como novos projetos ecol\u00f3gicos est\u00e3o transformando o futuro, inclusive no Brasil.","inLanguage":"pt-BR","potentialAction":[{"@type":"ReadAction","target":["https:\/\/auxiliadorapredial.com.br\/blog\/arquitetura-sustentavel-tendencias-2026\/"]}]},{"@type":"ImageObject","inLanguage":"pt-BR","@id":"https:\/\/auxiliadorapredial.com.br\/blog\/arquitetura-sustentavel-tendencias-2026\/#primaryimage","url":"https:\/\/www.auxiliadorapredial.com.br\/blog\/wp-content\/uploads\/tendencias-de-arquitetura-sustentavel-2026.webp","contentUrl":"https:\/\/www.auxiliadorapredial.com.br\/blog\/wp-content\/uploads\/tendencias-de-arquitetura-sustentavel-2026.webp","width":1000,"height":563,"caption":"tend\u00eancias de arquitetura sustent\u00e1vel 2026"},{"@type":"WebSite","@id":"https:\/\/www.auxiliadorapredial.com.br\/blog\/#website","url":"https:\/\/www.auxiliadorapredial.com.br\/blog\/","name":"Blog da Auxiliadora Predial - Tudo sobre im\u00f3veis e condom\u00ednios","description":"Dicas da Auxiliadora Predial sobre aluguel, compra e venda de im\u00f3veis, al\u00e9m de condom\u00ednios. Imobili\u00e1ria em Porto Alegre e interior do RS, Santa Catarina e S\u00e3o Paulo.","potentialAction":[{"@type":"SearchAction","target":{"@type":"EntryPoint","urlTemplate":"https:\/\/www.auxiliadorapredial.com.br\/blog\/?s={search_term_string}"},"query-input":{"@type":"PropertyValueSpecification","valueRequired":true,"valueName":"search_term_string"}}],"inLanguage":"pt-BR"},{"@type":"Person","@id":"https:\/\/www.auxiliadorapredial.com.br\/blog\/#\/schema\/person\/851e4e4185bc716576f2f383ed94ae33","name":"Auxiliadora Predial","image":{"@type":"ImageObject","inLanguage":"pt-BR","@id":"https:\/\/secure.gravatar.com\/avatar\/96f819f3615570f75bc98a819541afa2cb796cbdd9086c22d71a1b162f1cd305?s=96&d=mm&r=g","url":"https:\/\/secure.gravatar.com\/avatar\/96f819f3615570f75bc98a819541afa2cb796cbdd9086c22d71a1b162f1cd305?s=96&d=mm&r=g","contentUrl":"https:\/\/secure.gravatar.com\/avatar\/96f819f3615570f75bc98a819541afa2cb796cbdd9086c22d71a1b162f1cd305?s=96&d=mm&r=g","caption":"Auxiliadora Predial"}}]}},"views":2154,"_links":{"self":[{"href":"https:\/\/www.auxiliadorapredial.com.br\/blog\/wp-json\/wp\/v2\/posts\/17401","targetHints":{"allow":["GET"]}}],"collection":[{"href":"https:\/\/www.auxiliadorapredial.com.br\/blog\/wp-json\/wp\/v2\/posts"}],"about":[{"href":"https:\/\/www.auxiliadorapredial.com.br\/blog\/wp-json\/wp\/v2\/types\/post"}],"author":[{"embeddable":true,"href":"https:\/\/www.auxiliadorapredial.com.br\/blog\/wp-json\/wp\/v2\/users\/2"}],"replies":[{"embeddable":true,"href":"https:\/\/www.auxiliadorapredial.com.br\/blog\/wp-json\/wp\/v2\/comments?post=17401"}],"version-history":[{"count":1,"href":"https:\/\/www.auxiliadorapredial.com.br\/blog\/wp-json\/wp\/v2\/posts\/17401\/revisions"}],"predecessor-version":[{"id":17403,"href":"https:\/\/www.auxiliadorapredial.com.br\/blog\/wp-json\/wp\/v2\/posts\/17401\/revisions\/17403"}],"wp:featuredmedia":[{"embeddable":true,"href":"https:\/\/www.auxiliadorapredial.com.br\/blog\/wp-json\/wp\/v2\/media\/17402"}],"wp:attachment":[{"href":"https:\/\/www.auxiliadorapredial.com.br\/blog\/wp-json\/wp\/v2\/media?parent=17401"}],"wp:term":[{"taxonomy":"category","embeddable":true,"href":"https:\/\/www.auxiliadorapredial.com.br\/blog\/wp-json\/wp\/v2\/categories?post=17401"},{"taxonomy":"post_tag","embeddable":true,"href":"https:\/\/www.auxiliadorapredial.com.br\/blog\/wp-json\/wp\/v2\/tags?post=17401"}],"curies":[{"name":"wp","href":"https:\/\/api.w.org\/{rel}","templated":true}]}}