{"id":2881,"date":"2022-11-04T10:00:51","date_gmt":"2022-11-04T13:00:51","guid":{"rendered":"https:\/\/www.auxiliadorapredial.com.br\/new-blog\/?p=367"},"modified":"2024-12-17T10:23:10","modified_gmt":"2024-12-17T13:23:10","slug":"o-que-considerar-na-busca-do-imovel-para-alugar","status":"publish","type":"post","link":"https:\/\/www.auxiliadorapredial.com.br\/blog\/o-que-considerar-na-busca-do-imovel-para-alugar\/","title":{"rendered":"O que considerar na busca do im\u00f3vel para alugar"},"content":{"rendered":"<p>Procurar um<b> im\u00f3vel <\/b><strong>para<\/strong> <b>alugar<\/b> \u00e9 sempre desafiador. Muitos aspectos devem ser considerados, sobretudo se voc\u00ea deseja que a mudan\u00e7a facilite seu dia a dia. A <a href=\"https:\/\/www.auxiliadorapredial.com.br\/\" target=\"_blank\" rel=\"noopener\"><b>Auxiliadora Predial<\/b><\/a> sabe muito bem como \u00e9.<\/p>\n<p>Para ajud\u00e1-los nos primeiros passos, confira algumas dicas b\u00e1sicas para iniciar a busca pela op\u00e7\u00e3o perfeita quando o assunto \u00e9<b>\u00a0<a href=\"https:\/\/www.auxiliadorapredial.com.br\/blog\/casa-de-temporada\/\">im\u00f3vel para alugar<\/a>.<\/b><\/p>\n<div id=\"ez-toc-container\" class=\"ez-toc-v2_0_82_2 counter-hierarchy ez-toc-counter ez-toc-transparent ez-toc-container-direction\">\n<p class=\"ez-toc-title\" style=\"cursor:inherit\">Navegue pelo conte\u00fado<\/p>\n<label for=\"ez-toc-cssicon-toggle-item-69f5c137dd5cf\" class=\"ez-toc-cssicon-toggle-label\"><span class=\"\"><span class=\"eztoc-hide\" style=\"display:none;\">Toggle<\/span><span class=\"ez-toc-icon-toggle-span\"><svg style=\"fill: #000000;color:#000000\" xmlns=\"http:\/\/www.w3.org\/2000\/svg\" class=\"list-377408\" width=\"20px\" height=\"20px\" viewBox=\"0 0 24 24\" fill=\"none\"><path d=\"M6 6H4v2h2V6zm14 0H8v2h12V6zM4 11h2v2H4v-2zm16 0H8v2h12v-2zM4 16h2v2H4v-2zm16 0H8v2h12v-2z\" fill=\"currentColor\"><\/path><\/svg><svg style=\"fill: #000000;color:#000000\" class=\"arrow-unsorted-368013\" xmlns=\"http:\/\/www.w3.org\/2000\/svg\" width=\"10px\" height=\"10px\" viewBox=\"0 0 24 24\" version=\"1.2\" baseProfile=\"tiny\"><path d=\"M18.2 9.3l-6.2-6.3-6.2 6.3c-.2.2-.3.4-.3.7s.1.5.3.7c.2.2.4.3.7.3h11c.3 0 .5-.1.7-.3.2-.2.3-.5.3-.7s-.1-.5-.3-.7zM5.8 14.7l6.2 6.3 6.2-6.3c.2-.2.3-.5.3-.7s-.1-.5-.3-.7c-.2-.2-.4-.3-.7-.3h-11c-.3 0-.5.1-.7.3-.2.2-.3.5-.3.7s.1.5.3.7z\"\/><\/svg><\/span><\/span><\/label><input type=\"checkbox\"  id=\"ez-toc-cssicon-toggle-item-69f5c137dd5cf\"  aria-label=\"Alternar\" \/><nav><ul class='ez-toc-list ez-toc-list-level-1 ' ><li class='ez-toc-page-1 ez-toc-heading-level-2'><a class=\"ez-toc-link ez-toc-heading-1\" href=\"https:\/\/www.auxiliadorapredial.com.br\/blog\/o-que-considerar-na-busca-do-imovel-para-alugar\/#Meio_de_locomocao\" >Meio de locomo\u00e7\u00e3o<\/a><\/li><li class='ez-toc-page-1 ez-toc-heading-level-2'><a class=\"ez-toc-link ez-toc-heading-2\" href=\"https:\/\/www.auxiliadorapredial.com.br\/blog\/o-que-considerar-na-busca-do-imovel-para-alugar\/#Estilo_de_vida\" >Estilo de vida<\/a><\/li><li class='ez-toc-page-1 ez-toc-heading-level-2'><a class=\"ez-toc-link ez-toc-heading-3\" href=\"https:\/\/www.auxiliadorapredial.com.br\/blog\/o-que-considerar-na-busca-do-imovel-para-alugar\/#Espaco_X_Costume\" >Espa\u00e7o X Costume<\/a><\/li><li class='ez-toc-page-1 ez-toc-heading-level-2'><a class=\"ez-toc-link ez-toc-heading-4\" href=\"https:\/\/www.auxiliadorapredial.com.br\/blog\/o-que-considerar-na-busca-do-imovel-para-alugar\/#Infraestrutura\" >Infraestrutura<\/a><\/li><li class='ez-toc-page-1 ez-toc-heading-level-2'><a class=\"ez-toc-link ez-toc-heading-5\" href=\"https:\/\/www.auxiliadorapredial.com.br\/blog\/o-que-considerar-na-busca-do-imovel-para-alugar\/#Acustica_do_imovel\" >Ac\u00fastica do im\u00f3vel<\/a><\/li><li class='ez-toc-page-1 ez-toc-heading-level-2'><a class=\"ez-toc-link ez-toc-heading-6\" href=\"https:\/\/www.auxiliadorapredial.com.br\/blog\/o-que-considerar-na-busca-do-imovel-para-alugar\/#Orcamento\" >Or\u00e7amento<\/a><\/li><li class='ez-toc-page-1 ez-toc-heading-level-2'><a class=\"ez-toc-link ez-toc-heading-7\" href=\"https:\/\/www.auxiliadorapredial.com.br\/blog\/o-que-considerar-na-busca-do-imovel-para-alugar\/#Pesquise_junto_a_especialistas\" >Pesquise junto a especialistas<\/a><\/li><li class='ez-toc-page-1 ez-toc-heading-level-2'><a class=\"ez-toc-link ez-toc-heading-8\" href=\"https:\/\/www.auxiliadorapredial.com.br\/blog\/o-que-considerar-na-busca-do-imovel-para-alugar\/#Por_dentro_da_lei\" >Por dentro da lei<\/a><\/li><\/ul><\/nav><\/div>\n<h2><span class=\"ez-toc-section\" id=\"Meio_de_locomocao\"><\/span><b>Meio de locomo\u00e7\u00e3o <\/b><span class=\"ez-toc-section-end\"><\/span><\/h2>\n<p>Antes de escolher um endere\u00e7o novo, \u00e9 primordial lembrar o meio de transporte que voc\u00ea usa. Se \u00e9 o \u00f4nibus, por exemplo, n\u00e3o adiantar\u00e1 morar em um bairro onde o transporte p\u00fablico seja muito restrito.<\/p>\n<p>Nesse caso, \u00e9 interessante pesquisar as linhas dispon\u00edveis e como ser\u00e1 o trajeto ao trabalho ou institui\u00e7\u00e3o de ensino que voc\u00ea precisar\u00e1 chegar. Da mesma forma deve ocorrer com outras formas de locomo\u00e7\u00e3o, como trem e bicicleta, fatores determinantes na hora de escolher um <strong>im\u00f3vel para alugar<\/strong>.<\/p>\n<h3><\/h3>\n<p><strong>Leia tamb\u00e9m:<\/strong><\/p>\n<p><a href=\"https:\/\/www.auxiliadorapredial.com.br\/blog\/garantia-de-aluguel-entenda-como-alugar-na-auxiliadora-predial\/\" target=\"_blank\" rel=\"noopener\">Garantia de aluguel: entenda como alugar na Auxiliadora Predial<\/a><\/p>\n<p><a href=\"https:\/\/www.auxiliadorapredial.com.br\/blog\/o-que-voce-precisa-saber-antes-de-comprar-ou-alugar-um-imovel\/\" target=\"_blank\" rel=\"noopener\">O que voc\u00ea precisa saber antes de comprar ou alugar um im\u00f3vel<\/a><\/p>\n<p><a href=\"https:\/\/www.auxiliadorapredial.com.br\/blog\/alugar-ou-comprar-um-imovel-o-que-vale-a-pena\/\" target=\"_blank\" rel=\"noopener\">Alugar ou comprar um im\u00f3vel: o que vale a pena?<\/a><\/p>\n<h2><\/h2>\n<h2><span class=\"ez-toc-section\" id=\"Estilo_de_vida\"><\/span><b>Estilo de vida<\/b><span class=\"ez-toc-section-end\"><\/span><\/h2>\n<p>Enquanto alguns priorizam tranquilidade, outros desejam estar justamente nos lugares mais movimentados. E essa prefer\u00eancia vai muito al\u00e9m de idade: muitas vezes, faz parte mesmo do estilo de vida.<\/p>\n<p>Ent\u00e3o, voc\u00ea precisa entender se a sua busca \u00e9 por morar perto de op\u00e7\u00f5es de divers\u00e3o noturna, ou se \u00e9 de sil\u00eancio que voc\u00ea gosta na hora de escolher a regi\u00e3o para viver.<\/p>\n<h2><span class=\"ez-toc-section\" id=\"Espaco_X_Costume\"><\/span><b>Espa\u00e7o X Costume<\/b><span class=\"ez-toc-section-end\"><\/span><\/h2>\n<p>Ocorre, principalmente entre jovens, casos em que a mudan\u00e7a acaba sendo uma frustra\u00e7\u00e3o. Um exemplo disso \u00e9 em rela\u00e7\u00e3o ao tamanho dos ambientes.<\/p>\n<p>Se voc\u00ea est\u00e1 acostumado a ter o pr\u00f3prio quarto e espa\u00e7o de sobra, procure um <b>apartamento para alugar<\/b> que seja similar. Mesmo que muitas pessoas sejam adapt\u00e1veis a situa\u00e7\u00f5es novas, algumas vezes vale a pena trocar uma melhor localiza\u00e7\u00e3o por mais espa\u00e7o. Vai depender do seu perfil e do que voc\u00ea est\u00e1 disposto a abrir m\u00e3o.<\/p>\n<p>Portanto, essa \u00e9 a hora de compreender se voc\u00ea prefere casa, apartamento, kitnet, de 1 ou 2 quartos, e assim por diante. Refinar essas prefer\u00eancias \u00e9, tamb\u00e9m, refinar a sua busca.<\/p>\n<p><img fetchpriority=\"high\" decoding=\"async\" class=\"aligncenter wp-image-13733 size-full\" src=\"https:\/\/www.auxiliadorapredial.com.br\/blog\/wp-content\/uploads\/busca-imovel-para-alugar-2.webp\" alt=\"O que considerar na busca do im\u00f3vel para alugar?\" width=\"870\" height=\"580\" \/><\/p>\n<h2><\/h2>\n<h2><span class=\"ez-toc-section\" id=\"Infraestrutura\"><\/span><b>Infraestrutura<\/b><span class=\"ez-toc-section-end\"><\/span><\/h2>\n<p>Se a mudan\u00e7a ser\u00e1 <strong>em fam\u00edlia<\/strong>, incluindo crian\u00e7as, far\u00e1 diferen\u00e7a o im\u00f3vel ser num <a href=\"https:\/\/www.auxiliadorapredial.com.br\/blog\/gestao-financeira-em-condominio-como-garantir-mais-transparencia-e-seguranca\/\">condom\u00ednio<\/a> de boa estrutura, tanto para a seguran\u00e7a dos pequenos, quanto para o entretenimento, com o uso de piscina, brinquedoteca, quadras esportiva e etc.<\/p>\n<p>No entanto, se voc\u00ea dificilmente desfrutar\u00e1 dessas comodidades, um apartamento sem essa infraestrutura poder\u00e1 ser mais vantajoso &#8211; afinal, o custo condominial, provavelmente, ser\u00e1 menor.<\/p>\n<h2><span class=\"ez-toc-section\" id=\"Acustica_do_imovel\"><\/span><b>Ac\u00fastica do im\u00f3vel<\/b><span class=\"ez-toc-section-end\"><\/span><\/h2>\n<p><b><\/b>Voc\u00ea \u00e9 do tipo barulhento ou silencioso? A resposta dessa pergunta \u00e9 fundamental para ajud\u00e1-lo a fazer a escolha certa.<\/p>\n<p>Quem gosta de m\u00fasica alta e recebe amigos com frequ\u00eancia deve considerar a <strong>ac\u00fastica do<\/strong><b> im\u00f3vel para alugar<\/b>. Caso contr\u00e1rio, at\u00e9 o volume da televis\u00e3o poder\u00e1 virar motivo para reclama\u00e7\u00f5es e multas.<\/p>\n<p>Aqui, mais uma vez, valer\u00e1 o estilo de quem busca por <b>um im\u00f3vel para alugar<\/b>!<\/p>\n<h2><span class=\"ez-toc-section\" id=\"Orcamento\"><\/span><strong>Or\u00e7amento<\/strong><span class=\"ez-toc-section-end\"><\/span><\/h2>\n<p>O aluguel \u00e9 um compromisso s\u00e9rio, assim como as demais responsabilidades que envolvem suas finan\u00e7as ao longo da vida adulta. Portanto, isso significa que definir os seus &#8220;limites&#8221; na hora de buscar um im\u00f3vel para alugar tamb\u00e9m \u00e9 fundamental.<\/p>\n<p>Quando voc\u00ea tem estipulado os <strong>valores de im\u00f3veis<\/strong> que cabem no seu or\u00e7amento, a sua procura fica ainda mais refinada e, tamb\u00e9m, mais f\u00e1cil.<\/p>\n<p>Conforme os economistas, \u00e9 ideal que voc\u00ea considere n\u00e3o apenas o valor do aluguel em si no seu or\u00e7amento pessoal, mas, sim, o pagamento da taxa de condom\u00ednio, por exemplo, e de impostos que estar\u00e3o previstos no contrato de loca\u00e7\u00e3o.<\/p>\n<p>Com esse somat\u00f3rio, os especialistas indicam que as despesas n\u00e3o comprometam mais do que <strong>30% da renda<\/strong> da sua fam\u00edlia &#8211; caso as despesas venham a ser divididas com outras pessoas al\u00e9m de voc\u00ea.<\/p>\n<h2><span class=\"ez-toc-section\" id=\"Pesquise_junto_a_especialistas\"><\/span><strong>Pesquise junto a especialistas<\/strong><span class=\"ez-toc-section-end\"><\/span><\/h2>\n<p>Depois de entender todas aquelas quest\u00f5es que s\u00e3o prioridade para voc\u00ea durante essa busca, inicie, de fato, a procura pelo im\u00f3vel. Atualmente, \u00e9 poss\u00edvel fazer isso sem sair de casa, atrav\u00e9s dos canais digitais.<\/p>\n<p>Por\u00e9m, mais importante do que optar por pesquisar seu im\u00f3vel para alugar de forma remota, \u00e9 encontrar portais que facilitem essa experi\u00eancia e, ainda, contar com especialistas no assunto.<\/p>\n<p>Na <strong>Auxiliadora Predial<\/strong>, por exemplo, o cliente pode fazer sua busca refinada no <a href=\"https:\/\/www.auxiliadorapredial.com.br\/\" target=\"_blank\" rel=\"noopener\"><strong>site<\/strong><\/a>, selecionando tipologia (casa, apartamento, sobrado, etc.), n\u00famero de quartos e outros detalhes, cidade e bairro, se pretende alugar com ou sem fiador, al\u00e9m de diversos outros filtros que ajudam o usu\u00e1rio.<\/p>\n<p>Al\u00e9m disso, um <strong>time de consultores<\/strong> especialistas est\u00e1 sempre \u00e0 disposi\u00e7\u00e3o para auxiliar na busca do im\u00f3vel para alugar, na visita, na assinatura do contrato e em cada momento que envolve o processo de alugar e viver em um novo espa\u00e7o.<\/p>\n<p>Dessa forma, a <strong>Auxiliadora<\/strong> utiliza de toda a sua experi\u00eancia desde 1931 no mercado pra simplificar o caminho de quem procura por agilidade e facilidade durante este momento.<\/p>\n<h2><span class=\"ez-toc-section\" id=\"Por_dentro_da_lei\"><\/span><strong>Por dentro da lei<\/strong><span class=\"ez-toc-section-end\"><\/span><\/h2>\n<p>Durante a vistoria, a assinatura do contrato e de outros momentos importantes da jornada, \u00e9 essencial que voc\u00ea saiba identificar seus direitos e deveres enquanto inquilino.<\/p>\n<p>Para isso, existe a <a href=\"http:\/\/www.planalto.gov.br\/ccivil_03\/leis\/l8245.htm\" target=\"_blank\" rel=\"noopener\"><strong>Lei do Inquilinato<\/strong><\/a>: uma legisla\u00e7\u00e3o que prev\u00ea diversas quest\u00f5es nas tratativas entre inquilino, imobili\u00e1ria e propriet\u00e1rio, em todas as etapas envolvendo o aluguel de um im\u00f3vel.<\/p>\n<p>Procurar se informar e estar por dentro dessas obriga\u00e7\u00f5es legais garante que voc\u00ea tenha muito mais autonomia e seguran\u00e7a para agir e acompanhar os acontecimentos enquanto inquilino (a).<\/p>\n<p>Depois de fazer uma an\u00e1lise das caracter\u00edsticas que o seu novo lar precisa ter, \u00e9 s\u00f3 entrar em contato com a <a href=\"https:\/\/www.auxiliadorapredial.com.br\/\" target=\"_blank\" rel=\"noopener\"><b>Auxiliadora Predial<\/b><\/a>! Temos as melhores op\u00e7\u00f5es de <a href=\"https:\/\/www.auxiliadorapredial.com.br\/alugar\/residencial\/rs+porto-alegre\" target=\"_blank\" rel=\"noopener\"><b>im\u00f3vel para alugar <\/b><\/a>para os mais diferentes perfis de locat\u00e1rios. Conhe\u00e7a as oportunidades!<\/p>\n","protected":false},"excerpt":{"rendered":"<p>Tudo o que voc\u00ea precisa levar em considera\u00e7\u00e3o antes de escolher o seu im\u00f3vel para alugar, com dicas de quem entende sobre o assunto<\/p>\n","protected":false},"author":2,"featured_media":13736,"comment_status":"closed","ping_status":"open","sticky":false,"template":"","format":"standard","meta":{"footnotes":""},"categories":[307],"tags":[205,213,626,31,627,628,32],"class_list":["post-2881","post","type-post","status-publish","format-standard","has-post-thumbnail","hentry","category-meu-lar","tag-aluguel","tag-aluguel-de-apartamento","tag-aluguel-de-casa","tag-aluguel-de-imovel","tag-apartamento-para-alugar","tag-casa-para-alugar","tag-imovel-para-alugar"],"yoast_head":"<!-- This site is optimized with the Yoast SEO plugin v27.3 - https:\/\/yoast.com\/product\/yoast-seo-wordpress\/ -->\n<title>O que considerar na busca do im\u00f3vel para alugar<\/title>\n<meta name=\"description\" content=\"Tudo o que voc\u00ea precisa levar em considera\u00e7\u00e3o antes de escolher o seu im\u00f3vel para alugar, com dicas de quem entende sobre o assunto\" \/>\n<meta name=\"robots\" content=\"index, follow, max-snippet:-1, max-image-preview:large, max-video-preview:-1\" \/>\n<link rel=\"canonical\" href=\"https:\/\/www.auxiliadorapredial.com.br\/blog\/o-que-considerar-na-busca-do-imovel-para-alugar\/\" \/>\n<meta property=\"og:locale\" content=\"pt_BR\" \/>\n<meta property=\"og:type\" content=\"article\" \/>\n<meta property=\"og:title\" content=\"O que considerar na busca do im\u00f3vel para alugar\" \/>\n<meta property=\"og:description\" content=\"Tudo o que voc\u00ea precisa levar em considera\u00e7\u00e3o antes de escolher o seu im\u00f3vel para alugar, com dicas de quem entende sobre o assunto\" \/>\n<meta property=\"og:url\" content=\"https:\/\/www.auxiliadorapredial.com.br\/blog\/o-que-considerar-na-busca-do-imovel-para-alugar\/\" \/>\n<meta property=\"og:site_name\" content=\"Blog da Auxiliadora Predial - Tudo sobre im\u00f3veis e condom\u00ednios\" \/>\n<meta property=\"article:published_time\" content=\"2022-11-04T13:00:51+00:00\" \/>\n<meta property=\"article:modified_time\" content=\"2024-12-17T13:23:10+00:00\" \/>\n<meta property=\"og:image\" content=\"https:\/\/www.auxiliadorapredial.com.br\/blog\/wp-content\/uploads\/busca-imovel-para-alugar-1.jpg\" \/>\n\t<meta property=\"og:image:width\" content=\"860\" \/>\n\t<meta property=\"og:image:height\" content=\"440\" \/>\n\t<meta property=\"og:image:type\" content=\"image\/jpeg\" \/>\n<meta name=\"author\" content=\"Auxiliadora Predial\" \/>\n<meta name=\"twitter:card\" content=\"summary_large_image\" \/>\n<meta name=\"twitter:label1\" content=\"Escrito por\" \/>\n\t<meta name=\"twitter:data1\" content=\"Auxiliadora Predial\" \/>\n\t<meta name=\"twitter:label2\" content=\"Est. tempo de leitura\" \/>\n\t<meta name=\"twitter:data2\" content=\"6 minutos\" \/>\n<script type=\"application\/ld+json\" class=\"yoast-schema-graph\">{\"@context\":\"https:\\\/\\\/schema.org\",\"@graph\":[{\"@type\":\"Article\",\"@id\":\"https:\\\/\\\/www.auxiliadorapredial.com.br\\\/blog\\\/o-que-considerar-na-busca-do-imovel-para-alugar\\\/#article\",\"isPartOf\":{\"@id\":\"https:\\\/\\\/www.auxiliadorapredial.com.br\\\/blog\\\/o-que-considerar-na-busca-do-imovel-para-alugar\\\/\"},\"author\":{\"name\":\"Auxiliadora Predial\",\"@id\":\"https:\\\/\\\/www.auxiliadorapredial.com.br\\\/blog\\\/#\\\/schema\\\/person\\\/851e4e4185bc716576f2f383ed94ae33\"},\"headline\":\"O que considerar na busca do im\u00f3vel para alugar\",\"datePublished\":\"2022-11-04T13:00:51+00:00\",\"dateModified\":\"2024-12-17T13:23:10+00:00\",\"mainEntityOfPage\":{\"@id\":\"https:\\\/\\\/www.auxiliadorapredial.com.br\\\/blog\\\/o-que-considerar-na-busca-do-imovel-para-alugar\\\/\"},\"wordCount\":1021,\"image\":{\"@id\":\"https:\\\/\\\/www.auxiliadorapredial.com.br\\\/blog\\\/o-que-considerar-na-busca-do-imovel-para-alugar\\\/#primaryimage\"},\"thumbnailUrl\":\"https:\\\/\\\/www.auxiliadorapredial.com.br\\\/blog\\\/wp-content\\\/uploads\\\/busca-imovel-para-alugar-1.jpg\",\"keywords\":[\"aluguel\",\"Aluguel de Apartamento\",\"aluguel de casa\",\"aluguel de im\u00f3vel\",\"apartamento para alugar\",\"casa para alugar\",\"im\u00f3vel para alugar\"],\"articleSection\":[\"Meu Lar\"],\"inLanguage\":\"pt-BR\"},{\"@type\":\"WebPage\",\"@id\":\"https:\\\/\\\/www.auxiliadorapredial.com.br\\\/blog\\\/o-que-considerar-na-busca-do-imovel-para-alugar\\\/\",\"url\":\"https:\\\/\\\/www.auxiliadorapredial.com.br\\\/blog\\\/o-que-considerar-na-busca-do-imovel-para-alugar\\\/\",\"name\":\"O que considerar na busca do im\u00f3vel para alugar\",\"isPartOf\":{\"@id\":\"https:\\\/\\\/www.auxiliadorapredial.com.br\\\/blog\\\/#website\"},\"primaryImageOfPage\":{\"@id\":\"https:\\\/\\\/www.auxiliadorapredial.com.br\\\/blog\\\/o-que-considerar-na-busca-do-imovel-para-alugar\\\/#primaryimage\"},\"image\":{\"@id\":\"https:\\\/\\\/www.auxiliadorapredial.com.br\\\/blog\\\/o-que-considerar-na-busca-do-imovel-para-alugar\\\/#primaryimage\"},\"thumbnailUrl\":\"https:\\\/\\\/www.auxiliadorapredial.com.br\\\/blog\\\/wp-content\\\/uploads\\\/busca-imovel-para-alugar-1.jpg\",\"datePublished\":\"2022-11-04T13:00:51+00:00\",\"dateModified\":\"2024-12-17T13:23:10+00:00\",\"author\":{\"@id\":\"https:\\\/\\\/www.auxiliadorapredial.com.br\\\/blog\\\/#\\\/schema\\\/person\\\/851e4e4185bc716576f2f383ed94ae33\"},\"description\":\"Tudo o que voc\u00ea precisa levar em considera\u00e7\u00e3o antes de escolher o seu im\u00f3vel para alugar, com dicas de quem entende sobre o assunto\",\"inLanguage\":\"pt-BR\",\"potentialAction\":[{\"@type\":\"ReadAction\",\"target\":[\"https:\\\/\\\/www.auxiliadorapredial.com.br\\\/blog\\\/o-que-considerar-na-busca-do-imovel-para-alugar\\\/\"]}]},{\"@type\":\"ImageObject\",\"inLanguage\":\"pt-BR\",\"@id\":\"https:\\\/\\\/www.auxiliadorapredial.com.br\\\/blog\\\/o-que-considerar-na-busca-do-imovel-para-alugar\\\/#primaryimage\",\"url\":\"https:\\\/\\\/www.auxiliadorapredial.com.br\\\/blog\\\/wp-content\\\/uploads\\\/busca-imovel-para-alugar-1.jpg\",\"contentUrl\":\"https:\\\/\\\/www.auxiliadorapredial.com.br\\\/blog\\\/wp-content\\\/uploads\\\/busca-imovel-para-alugar-1.jpg\",\"width\":860,\"height\":440,\"caption\":\"O que considerar na busca do im\u00f3vel para alugar\"},{\"@type\":\"WebSite\",\"@id\":\"https:\\\/\\\/www.auxiliadorapredial.com.br\\\/blog\\\/#website\",\"url\":\"https:\\\/\\\/www.auxiliadorapredial.com.br\\\/blog\\\/\",\"name\":\"Blog da Auxiliadora Predial - Tudo sobre im\u00f3veis e condom\u00ednios\",\"description\":\"Dicas da Auxiliadora Predial sobre aluguel, compra e venda de im\u00f3veis, al\u00e9m de condom\u00ednios. Imobili\u00e1ria em Porto Alegre e interior do RS, Santa Catarina e S\u00e3o Paulo.\",\"potentialAction\":[{\"@type\":\"SearchAction\",\"target\":{\"@type\":\"EntryPoint\",\"urlTemplate\":\"https:\\\/\\\/www.auxiliadorapredial.com.br\\\/blog\\\/?s={search_term_string}\"},\"query-input\":{\"@type\":\"PropertyValueSpecification\",\"valueRequired\":true,\"valueName\":\"search_term_string\"}}],\"inLanguage\":\"pt-BR\"},{\"@type\":\"Person\",\"@id\":\"https:\\\/\\\/www.auxiliadorapredial.com.br\\\/blog\\\/#\\\/schema\\\/person\\\/851e4e4185bc716576f2f383ed94ae33\",\"name\":\"Auxiliadora Predial\",\"image\":{\"@type\":\"ImageObject\",\"inLanguage\":\"pt-BR\",\"@id\":\"https:\\\/\\\/secure.gravatar.com\\\/avatar\\\/96f819f3615570f75bc98a819541afa2cb796cbdd9086c22d71a1b162f1cd305?s=96&d=mm&r=g\",\"url\":\"https:\\\/\\\/secure.gravatar.com\\\/avatar\\\/96f819f3615570f75bc98a819541afa2cb796cbdd9086c22d71a1b162f1cd305?s=96&d=mm&r=g\",\"contentUrl\":\"https:\\\/\\\/secure.gravatar.com\\\/avatar\\\/96f819f3615570f75bc98a819541afa2cb796cbdd9086c22d71a1b162f1cd305?s=96&d=mm&r=g\",\"caption\":\"Auxiliadora Predial\"}}]}<\/script>\n<!-- \/ Yoast SEO plugin. -->","yoast_head_json":{"title":"O que considerar na busca do im\u00f3vel para alugar","description":"Tudo o que voc\u00ea precisa levar em considera\u00e7\u00e3o antes de escolher o seu im\u00f3vel para alugar, com dicas de quem entende sobre o assunto","robots":{"index":"index","follow":"follow","max-snippet":"max-snippet:-1","max-image-preview":"max-image-preview:large","max-video-preview":"max-video-preview:-1"},"canonical":"https:\/\/www.auxiliadorapredial.com.br\/blog\/o-que-considerar-na-busca-do-imovel-para-alugar\/","og_locale":"pt_BR","og_type":"article","og_title":"O que considerar na busca do im\u00f3vel para alugar","og_description":"Tudo o que voc\u00ea precisa levar em considera\u00e7\u00e3o antes de escolher o seu im\u00f3vel para alugar, com dicas de quem entende sobre o assunto","og_url":"https:\/\/www.auxiliadorapredial.com.br\/blog\/o-que-considerar-na-busca-do-imovel-para-alugar\/","og_site_name":"Blog da Auxiliadora Predial - Tudo sobre im\u00f3veis e condom\u00ednios","article_published_time":"2022-11-04T13:00:51+00:00","article_modified_time":"2024-12-17T13:23:10+00:00","og_image":[{"width":860,"height":440,"url":"https:\/\/www.auxiliadorapredial.com.br\/blog\/wp-content\/uploads\/busca-imovel-para-alugar-1.jpg","type":"image\/jpeg"}],"author":"Auxiliadora Predial","twitter_card":"summary_large_image","twitter_misc":{"Escrito por":"Auxiliadora Predial","Est. tempo de leitura":"6 minutos"},"schema":{"@context":"https:\/\/schema.org","@graph":[{"@type":"Article","@id":"https:\/\/www.auxiliadorapredial.com.br\/blog\/o-que-considerar-na-busca-do-imovel-para-alugar\/#article","isPartOf":{"@id":"https:\/\/www.auxiliadorapredial.com.br\/blog\/o-que-considerar-na-busca-do-imovel-para-alugar\/"},"author":{"name":"Auxiliadora Predial","@id":"https:\/\/www.auxiliadorapredial.com.br\/blog\/#\/schema\/person\/851e4e4185bc716576f2f383ed94ae33"},"headline":"O que considerar na busca do im\u00f3vel para alugar","datePublished":"2022-11-04T13:00:51+00:00","dateModified":"2024-12-17T13:23:10+00:00","mainEntityOfPage":{"@id":"https:\/\/www.auxiliadorapredial.com.br\/blog\/o-que-considerar-na-busca-do-imovel-para-alugar\/"},"wordCount":1021,"image":{"@id":"https:\/\/www.auxiliadorapredial.com.br\/blog\/o-que-considerar-na-busca-do-imovel-para-alugar\/#primaryimage"},"thumbnailUrl":"https:\/\/www.auxiliadorapredial.com.br\/blog\/wp-content\/uploads\/busca-imovel-para-alugar-1.jpg","keywords":["aluguel","Aluguel de Apartamento","aluguel de casa","aluguel de im\u00f3vel","apartamento para alugar","casa para alugar","im\u00f3vel para alugar"],"articleSection":["Meu Lar"],"inLanguage":"pt-BR"},{"@type":"WebPage","@id":"https:\/\/www.auxiliadorapredial.com.br\/blog\/o-que-considerar-na-busca-do-imovel-para-alugar\/","url":"https:\/\/www.auxiliadorapredial.com.br\/blog\/o-que-considerar-na-busca-do-imovel-para-alugar\/","name":"O que considerar na busca do im\u00f3vel para alugar","isPartOf":{"@id":"https:\/\/www.auxiliadorapredial.com.br\/blog\/#website"},"primaryImageOfPage":{"@id":"https:\/\/www.auxiliadorapredial.com.br\/blog\/o-que-considerar-na-busca-do-imovel-para-alugar\/#primaryimage"},"image":{"@id":"https:\/\/www.auxiliadorapredial.com.br\/blog\/o-que-considerar-na-busca-do-imovel-para-alugar\/#primaryimage"},"thumbnailUrl":"https:\/\/www.auxiliadorapredial.com.br\/blog\/wp-content\/uploads\/busca-imovel-para-alugar-1.jpg","datePublished":"2022-11-04T13:00:51+00:00","dateModified":"2024-12-17T13:23:10+00:00","author":{"@id":"https:\/\/www.auxiliadorapredial.com.br\/blog\/#\/schema\/person\/851e4e4185bc716576f2f383ed94ae33"},"description":"Tudo o que voc\u00ea precisa levar em considera\u00e7\u00e3o antes de escolher o seu im\u00f3vel para alugar, com dicas de quem entende sobre o assunto","inLanguage":"pt-BR","potentialAction":[{"@type":"ReadAction","target":["https:\/\/www.auxiliadorapredial.com.br\/blog\/o-que-considerar-na-busca-do-imovel-para-alugar\/"]}]},{"@type":"ImageObject","inLanguage":"pt-BR","@id":"https:\/\/www.auxiliadorapredial.com.br\/blog\/o-que-considerar-na-busca-do-imovel-para-alugar\/#primaryimage","url":"https:\/\/www.auxiliadorapredial.com.br\/blog\/wp-content\/uploads\/busca-imovel-para-alugar-1.jpg","contentUrl":"https:\/\/www.auxiliadorapredial.com.br\/blog\/wp-content\/uploads\/busca-imovel-para-alugar-1.jpg","width":860,"height":440,"caption":"O que considerar na busca do im\u00f3vel para alugar"},{"@type":"WebSite","@id":"https:\/\/www.auxiliadorapredial.com.br\/blog\/#website","url":"https:\/\/www.auxiliadorapredial.com.br\/blog\/","name":"Blog da Auxiliadora Predial - Tudo sobre im\u00f3veis e condom\u00ednios","description":"Dicas da Auxiliadora Predial sobre aluguel, compra e venda de im\u00f3veis, al\u00e9m de condom\u00ednios. Imobili\u00e1ria em Porto Alegre e interior do RS, Santa Catarina e S\u00e3o Paulo.","potentialAction":[{"@type":"SearchAction","target":{"@type":"EntryPoint","urlTemplate":"https:\/\/www.auxiliadorapredial.com.br\/blog\/?s={search_term_string}"},"query-input":{"@type":"PropertyValueSpecification","valueRequired":true,"valueName":"search_term_string"}}],"inLanguage":"pt-BR"},{"@type":"Person","@id":"https:\/\/www.auxiliadorapredial.com.br\/blog\/#\/schema\/person\/851e4e4185bc716576f2f383ed94ae33","name":"Auxiliadora Predial","image":{"@type":"ImageObject","inLanguage":"pt-BR","@id":"https:\/\/secure.gravatar.com\/avatar\/96f819f3615570f75bc98a819541afa2cb796cbdd9086c22d71a1b162f1cd305?s=96&d=mm&r=g","url":"https:\/\/secure.gravatar.com\/avatar\/96f819f3615570f75bc98a819541afa2cb796cbdd9086c22d71a1b162f1cd305?s=96&d=mm&r=g","contentUrl":"https:\/\/secure.gravatar.com\/avatar\/96f819f3615570f75bc98a819541afa2cb796cbdd9086c22d71a1b162f1cd305?s=96&d=mm&r=g","caption":"Auxiliadora Predial"}}]}},"views":1527,"_links":{"self":[{"href":"https:\/\/www.auxiliadorapredial.com.br\/blog\/wp-json\/wp\/v2\/posts\/2881","targetHints":{"allow":["GET"]}}],"collection":[{"href":"https:\/\/www.auxiliadorapredial.com.br\/blog\/wp-json\/wp\/v2\/posts"}],"about":[{"href":"https:\/\/www.auxiliadorapredial.com.br\/blog\/wp-json\/wp\/v2\/types\/post"}],"author":[{"embeddable":true,"href":"https:\/\/www.auxiliadorapredial.com.br\/blog\/wp-json\/wp\/v2\/users\/2"}],"replies":[{"embeddable":true,"href":"https:\/\/www.auxiliadorapredial.com.br\/blog\/wp-json\/wp\/v2\/comments?post=2881"}],"version-history":[{"count":22,"href":"https:\/\/www.auxiliadorapredial.com.br\/blog\/wp-json\/wp\/v2\/posts\/2881\/revisions"}],"predecessor-version":[{"id":16431,"href":"https:\/\/www.auxiliadorapredial.com.br\/blog\/wp-json\/wp\/v2\/posts\/2881\/revisions\/16431"}],"wp:featuredmedia":[{"embeddable":true,"href":"https:\/\/www.auxiliadorapredial.com.br\/blog\/wp-json\/wp\/v2\/media\/13736"}],"wp:attachment":[{"href":"https:\/\/www.auxiliadorapredial.com.br\/blog\/wp-json\/wp\/v2\/media?parent=2881"}],"wp:term":[{"taxonomy":"category","embeddable":true,"href":"https:\/\/www.auxiliadorapredial.com.br\/blog\/wp-json\/wp\/v2\/categories?post=2881"},{"taxonomy":"post_tag","embeddable":true,"href":"https:\/\/www.auxiliadorapredial.com.br\/blog\/wp-json\/wp\/v2\/tags?post=2881"}],"curies":[{"name":"wp","href":"https:\/\/api.w.org\/{rel}","templated":true}]}}