{"id":2911,"date":"2019-04-30T08:55:25","date_gmt":"2019-04-30T11:55:25","guid":{"rendered":"https:\/\/www.auxiliadorapredial.com.br\/new-blog\/?p=699"},"modified":"2023-10-04T15:27:26","modified_gmt":"2023-10-04T18:27:26","slug":"psicodinamica-das-cores-no-seu-lar","status":"publish","type":"post","link":"https:\/\/www.auxiliadorapredial.com.br\/blog\/psicodinamica-das-cores-no-seu-lar\/","title":{"rendered":"Psicodin\u00e2mica das cores no seu lar"},"content":{"rendered":"<p><span style=\"font-weight: 400;\">Quando o assunto \u00e9 mudar, seja de casa, apartamento, ou simplesmente renovar a decora\u00e7\u00e3o, a ideia principal \u00e9 deixar tudo com a nossa cara. O ambiente precisa ser aconchegante, passar tranquilidade e ter boas energias. A <\/span><b>psicodin\u00e2mica das cores<\/b><span style=\"font-weight: 400;\"> pode ajudar com isso, pois as cores do ambiente podem modificar as vibra\u00e7\u00f5es do local!<\/span><br \/>\n<span style=\"font-weight: 400;\">Os diferentes tons dos c\u00f4modos de seu lar transmitem sensa\u00e7\u00f5es e sentimentos, tanto para quem vive na resid\u00eancia quanto para quem visita. Voc\u00ea est\u00e1 com vontade de mudar a cor de alguma parte da sua casa, mas n\u00e3o sabe qual utilizar? Abaixo, listamos algumas cores e seus significados para ajudar voc\u00ea a escolher!<\/span><\/p>\n<div id=\"ez-toc-container\" class=\"ez-toc-v2_0_82_2 counter-hierarchy ez-toc-counter ez-toc-transparent ez-toc-container-direction\">\n<p class=\"ez-toc-title\" style=\"cursor:inherit\">Navegue pelo conte\u00fado<\/p>\n<label for=\"ez-toc-cssicon-toggle-item-69f70cac54b92\" class=\"ez-toc-cssicon-toggle-label\"><span class=\"\"><span class=\"eztoc-hide\" style=\"display:none;\">Toggle<\/span><span class=\"ez-toc-icon-toggle-span\"><svg style=\"fill: #000000;color:#000000\" xmlns=\"http:\/\/www.w3.org\/2000\/svg\" class=\"list-377408\" width=\"20px\" height=\"20px\" viewBox=\"0 0 24 24\" fill=\"none\"><path d=\"M6 6H4v2h2V6zm14 0H8v2h12V6zM4 11h2v2H4v-2zm16 0H8v2h12v-2zM4 16h2v2H4v-2zm16 0H8v2h12v-2z\" fill=\"currentColor\"><\/path><\/svg><svg style=\"fill: #000000;color:#000000\" class=\"arrow-unsorted-368013\" xmlns=\"http:\/\/www.w3.org\/2000\/svg\" width=\"10px\" height=\"10px\" viewBox=\"0 0 24 24\" version=\"1.2\" baseProfile=\"tiny\"><path d=\"M18.2 9.3l-6.2-6.3-6.2 6.3c-.2.2-.3.4-.3.7s.1.5.3.7c.2.2.4.3.7.3h11c.3 0 .5-.1.7-.3.2-.2.3-.5.3-.7s-.1-.5-.3-.7zM5.8 14.7l6.2 6.3 6.2-6.3c.2-.2.3-.5.3-.7s-.1-.5-.3-.7c-.2-.2-.4-.3-.7-.3h-11c-.3 0-.5.1-.7.3-.2.2-.3.5-.3.7s.1.5.3.7z\"\/><\/svg><\/span><\/span><\/label><input type=\"checkbox\"  id=\"ez-toc-cssicon-toggle-item-69f70cac54b92\"  aria-label=\"Alternar\" \/><nav><ul class='ez-toc-list ez-toc-list-level-1 ' ><li class='ez-toc-page-1 ez-toc-heading-level-2'><a class=\"ez-toc-link ez-toc-heading-1\" href=\"https:\/\/www.auxiliadorapredial.com.br\/blog\/psicodinamica-das-cores-no-seu-lar\/#Vermelho\" >Vermelho<\/a><\/li><li class='ez-toc-page-1 ez-toc-heading-level-2'><a class=\"ez-toc-link ez-toc-heading-2\" href=\"https:\/\/www.auxiliadorapredial.com.br\/blog\/psicodinamica-das-cores-no-seu-lar\/#Amarelo\" >Amarelo<\/a><\/li><li class='ez-toc-page-1 ez-toc-heading-level-2'><a class=\"ez-toc-link ez-toc-heading-3\" href=\"https:\/\/www.auxiliadorapredial.com.br\/blog\/psicodinamica-das-cores-no-seu-lar\/#Azul\" >Azul<\/a><\/li><li class='ez-toc-page-1 ez-toc-heading-level-2'><a class=\"ez-toc-link ez-toc-heading-4\" href=\"https:\/\/www.auxiliadorapredial.com.br\/blog\/psicodinamica-das-cores-no-seu-lar\/#Verde\" >Verde<\/a><\/li><li class='ez-toc-page-1 ez-toc-heading-level-2'><a class=\"ez-toc-link ez-toc-heading-5\" href=\"https:\/\/www.auxiliadorapredial.com.br\/blog\/psicodinamica-das-cores-no-seu-lar\/#Roxo\" >Roxo<\/a><\/li><li class='ez-toc-page-1 ez-toc-heading-level-2'><a class=\"ez-toc-link ez-toc-heading-6\" href=\"https:\/\/www.auxiliadorapredial.com.br\/blog\/psicodinamica-das-cores-no-seu-lar\/#Cinza\" >Cinza<\/a><\/li><li class='ez-toc-page-1 ez-toc-heading-level-2'><a class=\"ez-toc-link ez-toc-heading-7\" href=\"https:\/\/www.auxiliadorapredial.com.br\/blog\/psicodinamica-das-cores-no-seu-lar\/#Branco\" >Branco<\/a><\/li><\/ul><\/nav><\/div>\n<h2><span class=\"ez-toc-section\" id=\"Vermelho\"><\/span><b>Vermelho<\/b><span class=\"ez-toc-section-end\"><\/span><\/h2>\n<p><span style=\"font-weight: 400;\">Considerada a cor da vitalidade, representa os nossos impulsos. \u00c9 preciso ter cuidado no uso desta cor, pois ela pode deixar um ambiente que deveria ser tranquilo um pouco carregado, trazendo sensa\u00e7\u00f5es como irrita\u00e7\u00e3o, agressividade e aumento da frequ\u00eancia card\u00edaca. Indicamos seu uso em \u00e1reas de trabalho ou cozinhas.<\/span><\/p>\n<h2><span class=\"ez-toc-section\" id=\"Amarelo\"><\/span><b>Amarelo<\/b><span class=\"ez-toc-section-end\"><\/span><\/h2>\n<p><span style=\"font-weight: 400;\">\u00c9 a cor do Sol e do ouro, por isso possui um significado bastante simb\u00f3lico! Al\u00e9m disso, \u00e9 cientificamente comprovado que o tom que o olho humano detecta mais r\u00e1pido \u00e9 o amarelo. Essa cor desperta alegria, otimismo e felicidade no ambiente. Tamb\u00e9m considerada a cor da velocidade, \u00e9 recomendado usar com cautela, pois estimula muito os sentidos. Indicamos decorar com ela os ambientes em que a fam\u00edlia estar\u00e1 mais unida, como o quarto de brinquedos, sala de jogos e televis\u00e3o. Al\u00e9m disso, \u00e9 importante mesclar com tons mais claros para suavizar o ambiente.<\/span><\/p>\n<h2><span class=\"ez-toc-section\" id=\"Azul\"><\/span><b>Azul<\/b><span class=\"ez-toc-section-end\"><\/span><\/h2>\n<p><span style=\"font-weight: 400;\">Azul \u00e9 a cor que representa paz e tranquilidade. O tom mais claro representa calmaria, enquanto o escuro transmite seriedade, pureza e confian\u00e7a. \u00c9 uma das cores mais utilizadas nos lares brasileiros. Recomendamos seu uso em quartos ou em salas onde voc\u00ea deseja criar um ambiente que emane equil\u00edbrio e <a href=\"https:\/\/www.auxiliadorapredial.com.br\/blog\/como-evitar-umidade-no-inverno-e-manter-o-bem-estar-em-casa\/\">bem-estar<\/a>.<\/span><\/p>\n<h2><span class=\"ez-toc-section\" id=\"Verde\"><\/span><b>Verde<\/b><span class=\"ez-toc-section-end\"><\/span><\/h2>\n<p><span style=\"font-weight: 400;\">Representa a natureza, transmitindo paz e relaxamento. Os tons mais claros de verde passam a sensa\u00e7\u00e3o de esperan\u00e7a e frescor. Voc\u00ea pode utiliz\u00e1-los para decorar uma sala de jantar ou estar! Os tons mais escuros devem ser utilizados com cuidado, pois podem trazer sensa\u00e7\u00e3o de cansa\u00e7o ao ambiente. Entretanto, junto a outras cores, torna o espa\u00e7o bastante sofisticado.<\/span><\/p>\n<h2><span class=\"ez-toc-section\" id=\"Roxo\"><\/span><b>Roxo<\/b><span class=\"ez-toc-section-end\"><\/span><\/h2>\n<p><span style=\"font-weight: 400;\">\u00c9 a cor mais indicada para decorar espa\u00e7os de leitura ou relaxamento. Quando bem utilizada, transmite a impress\u00e3o de eleg\u00e2ncia e nobreza. Mas cuidado: em grande quantidade, essa cor tamb\u00e9m pode remeter \u00e0 saudade e melancolia.<\/span><\/p>\n<h2><span class=\"ez-toc-section\" id=\"Cinza\"><\/span><b>Cinza<\/b><span class=\"ez-toc-section-end\"><\/span><\/h2>\n<p><span style=\"font-weight: 400;\">Al\u00e9m de ser uma atual tend\u00eancia na decora\u00e7\u00e3o, a cor cinza \u00e9 excelente para neutralizar um ambiente e trazer serenidade. O tom pode ser utilizado em quartos, salas, varandas e banheiros. Tamb\u00e9m \u00e9 muito bom para ambientes profissionais!<\/span><\/p>\n<h2><span class=\"ez-toc-section\" id=\"Branco\"><\/span><b>Branco<\/b><span class=\"ez-toc-section-end\"><\/span><\/h2>\n<p><span style=\"font-weight: 400;\">O branco \u00e9 uma cor que transmite lucidez e calmaria. Pode ser utilizada em qualquer ambiente, desde que seja mesclada com outras cores ou objetos como quadros e plantas. Um ambiente completamente composto pela cor branca causa a impress\u00e3o de infinito, frieza, vazio e hostilidade. <\/span><\/p>\n<p><span style=\"font-weight: 400;\">Gostou das nossas sugest\u00f5es sobre a psicodin\u00e2mica das cores? J\u00e1 decidiu com que cor vai pintar seu lar ou utilizar\u00e1 na decora\u00e7\u00e3o? A <\/span><b>Auxiliadora Predial<\/b><span style=\"font-weight: 400;\"> se preocupa desde a escolha do im\u00f3vel perfeito at\u00e9 o momento de deixar ele bonito e aconchegante para receber voc\u00ea e sua fam\u00edlia. Para ler outras dicas de decora\u00e7\u00e3o, fique ligado aqui no <a href=\"https:\/\/www.auxiliadorapredial.com.br\/blog\/\">nosso blog<\/a>!<\/span><\/p>\n","protected":false},"excerpt":{"rendered":"<p>Voc\u00ea est\u00e1 com vontade de mudar a cor de alguma parte da sua casa, mas n\u00e3o sabe qual utilizar? Listamos algumas cores e seus significados para ajudar voc\u00ea a escolher!<\/p>\n","protected":false},"author":2,"featured_media":13849,"comment_status":"closed","ping_status":"open","sticky":false,"template":"","format":"standard","meta":{"footnotes":""},"categories":[307],"tags":[102,103,104,105],"class_list":["post-2911","post","type-post","status-publish","format-standard","has-post-thumbnail","hentry","category-meu-lar","tag-cores-para-a-casa","tag-cores-para-decoracao","tag-decoracao","tag-psicodinamica-das-cores"],"yoast_head":"<!-- This site is optimized with the Yoast SEO plugin v27.3 - https:\/\/yoast.com\/product\/yoast-seo-wordpress\/ -->\n<title>Psicodin\u00e2mica das cores no seu lar - Blog da Auxiliadora Predial - Tudo sobre im\u00f3veis e condom\u00ednios<\/title>\n<meta name=\"description\" content=\"Os tons do seu lar transmitem sensa\u00e7\u00f5es e sentimentos, tanto para quem vive quanto para quem visita. Saiba como escolher as cores corretas!\" \/>\n<meta name=\"robots\" content=\"index, follow, max-snippet:-1, max-image-preview:large, max-video-preview:-1\" \/>\n<link rel=\"canonical\" href=\"https:\/\/www.auxiliadorapredial.com.br\/blog\/psicodinamica-das-cores-no-seu-lar\/\" \/>\n<meta property=\"og:locale\" content=\"pt_BR\" \/>\n<meta property=\"og:type\" content=\"article\" \/>\n<meta property=\"og:title\" content=\"Psicodin\u00e2mica das cores no seu lar - Blog da Auxiliadora Predial - Tudo sobre im\u00f3veis e condom\u00ednios\" \/>\n<meta property=\"og:description\" content=\"Os tons do seu lar transmitem sensa\u00e7\u00f5es e sentimentos, tanto para quem vive quanto para quem visita. Saiba como escolher as cores corretas!\" \/>\n<meta property=\"og:url\" content=\"https:\/\/www.auxiliadorapredial.com.br\/blog\/psicodinamica-das-cores-no-seu-lar\/\" \/>\n<meta property=\"og:site_name\" content=\"Blog da Auxiliadora Predial - Tudo sobre im\u00f3veis e condom\u00ednios\" \/>\n<meta property=\"article:published_time\" content=\"2019-04-30T11:55:25+00:00\" \/>\n<meta property=\"article:modified_time\" content=\"2023-10-04T18:27:26+00:00\" \/>\n<meta property=\"og:image\" content=\"https:\/\/www.auxiliadorapredial.com.br\/blog\/wp-content\/uploads\/psicodinamica-cores-lar.webp\" \/>\n\t<meta property=\"og:image:width\" content=\"945\" \/>\n\t<meta property=\"og:image:height\" content=\"756\" \/>\n\t<meta property=\"og:image:type\" content=\"image\/webp\" \/>\n<meta name=\"author\" content=\"Auxiliadora Predial\" \/>\n<meta name=\"twitter:card\" content=\"summary_large_image\" \/>\n<meta name=\"twitter:label1\" content=\"Escrito por\" \/>\n\t<meta name=\"twitter:data1\" content=\"Auxiliadora Predial\" \/>\n\t<meta name=\"twitter:label2\" content=\"Est. tempo de leitura\" \/>\n\t<meta name=\"twitter:data2\" content=\"4 minutos\" \/>\n<script type=\"application\/ld+json\" class=\"yoast-schema-graph\">{\"@context\":\"https:\\\/\\\/schema.org\",\"@graph\":[{\"@type\":\"Article\",\"@id\":\"https:\\\/\\\/www.auxiliadorapredial.com.br\\\/blog\\\/psicodinamica-das-cores-no-seu-lar\\\/#article\",\"isPartOf\":{\"@id\":\"https:\\\/\\\/www.auxiliadorapredial.com.br\\\/blog\\\/psicodinamica-das-cores-no-seu-lar\\\/\"},\"author\":{\"name\":\"Auxiliadora Predial\",\"@id\":\"https:\\\/\\\/www.auxiliadorapredial.com.br\\\/blog\\\/#\\\/schema\\\/person\\\/851e4e4185bc716576f2f383ed94ae33\"},\"headline\":\"Psicodin\u00e2mica das cores no seu lar\",\"datePublished\":\"2019-04-30T11:55:25+00:00\",\"dateModified\":\"2023-10-04T18:27:26+00:00\",\"mainEntityOfPage\":{\"@id\":\"https:\\\/\\\/www.auxiliadorapredial.com.br\\\/blog\\\/psicodinamica-das-cores-no-seu-lar\\\/\"},\"wordCount\":578,\"image\":{\"@id\":\"https:\\\/\\\/www.auxiliadorapredial.com.br\\\/blog\\\/psicodinamica-das-cores-no-seu-lar\\\/#primaryimage\"},\"thumbnailUrl\":\"https:\\\/\\\/www.auxiliadorapredial.com.br\\\/blog\\\/wp-content\\\/uploads\\\/psicodinamica-cores-lar.webp\",\"keywords\":[\"cores para a casa\",\"cores para decora\u00e7\u00e3o\",\"decora\u00e7\u00e3o\",\"psicodin\u00e2mica das cores\"],\"articleSection\":[\"Meu Lar\"],\"inLanguage\":\"pt-BR\"},{\"@type\":\"WebPage\",\"@id\":\"https:\\\/\\\/www.auxiliadorapredial.com.br\\\/blog\\\/psicodinamica-das-cores-no-seu-lar\\\/\",\"url\":\"https:\\\/\\\/www.auxiliadorapredial.com.br\\\/blog\\\/psicodinamica-das-cores-no-seu-lar\\\/\",\"name\":\"Psicodin\u00e2mica das cores no seu lar - Blog da Auxiliadora Predial - Tudo sobre im\u00f3veis e condom\u00ednios\",\"isPartOf\":{\"@id\":\"https:\\\/\\\/www.auxiliadorapredial.com.br\\\/blog\\\/#website\"},\"primaryImageOfPage\":{\"@id\":\"https:\\\/\\\/www.auxiliadorapredial.com.br\\\/blog\\\/psicodinamica-das-cores-no-seu-lar\\\/#primaryimage\"},\"image\":{\"@id\":\"https:\\\/\\\/www.auxiliadorapredial.com.br\\\/blog\\\/psicodinamica-das-cores-no-seu-lar\\\/#primaryimage\"},\"thumbnailUrl\":\"https:\\\/\\\/www.auxiliadorapredial.com.br\\\/blog\\\/wp-content\\\/uploads\\\/psicodinamica-cores-lar.webp\",\"datePublished\":\"2019-04-30T11:55:25+00:00\",\"dateModified\":\"2023-10-04T18:27:26+00:00\",\"author\":{\"@id\":\"https:\\\/\\\/www.auxiliadorapredial.com.br\\\/blog\\\/#\\\/schema\\\/person\\\/851e4e4185bc716576f2f383ed94ae33\"},\"description\":\"Os tons do seu lar transmitem sensa\u00e7\u00f5es e sentimentos, tanto para quem vive quanto para quem visita. Saiba como escolher as cores corretas!\",\"inLanguage\":\"pt-BR\",\"potentialAction\":[{\"@type\":\"ReadAction\",\"target\":[\"https:\\\/\\\/www.auxiliadorapredial.com.br\\\/blog\\\/psicodinamica-das-cores-no-seu-lar\\\/\"]}]},{\"@type\":\"ImageObject\",\"inLanguage\":\"pt-BR\",\"@id\":\"https:\\\/\\\/www.auxiliadorapredial.com.br\\\/blog\\\/psicodinamica-das-cores-no-seu-lar\\\/#primaryimage\",\"url\":\"https:\\\/\\\/www.auxiliadorapredial.com.br\\\/blog\\\/wp-content\\\/uploads\\\/psicodinamica-cores-lar.webp\",\"contentUrl\":\"https:\\\/\\\/www.auxiliadorapredial.com.br\\\/blog\\\/wp-content\\\/uploads\\\/psicodinamica-cores-lar.webp\",\"width\":945,\"height\":756,\"caption\":\"Psicodin\u00e2mica das cores no seu lar\"},{\"@type\":\"WebSite\",\"@id\":\"https:\\\/\\\/www.auxiliadorapredial.com.br\\\/blog\\\/#website\",\"url\":\"https:\\\/\\\/www.auxiliadorapredial.com.br\\\/blog\\\/\",\"name\":\"Blog da Auxiliadora Predial - Tudo sobre im\u00f3veis e condom\u00ednios\",\"description\":\"Dicas da Auxiliadora Predial sobre aluguel, compra e venda de im\u00f3veis, al\u00e9m de condom\u00ednios. Imobili\u00e1ria em Porto Alegre e interior do RS, Santa Catarina e S\u00e3o Paulo.\",\"potentialAction\":[{\"@type\":\"SearchAction\",\"target\":{\"@type\":\"EntryPoint\",\"urlTemplate\":\"https:\\\/\\\/www.auxiliadorapredial.com.br\\\/blog\\\/?s={search_term_string}\"},\"query-input\":{\"@type\":\"PropertyValueSpecification\",\"valueRequired\":true,\"valueName\":\"search_term_string\"}}],\"inLanguage\":\"pt-BR\"},{\"@type\":\"Person\",\"@id\":\"https:\\\/\\\/www.auxiliadorapredial.com.br\\\/blog\\\/#\\\/schema\\\/person\\\/851e4e4185bc716576f2f383ed94ae33\",\"name\":\"Auxiliadora Predial\",\"image\":{\"@type\":\"ImageObject\",\"inLanguage\":\"pt-BR\",\"@id\":\"https:\\\/\\\/secure.gravatar.com\\\/avatar\\\/96f819f3615570f75bc98a819541afa2cb796cbdd9086c22d71a1b162f1cd305?s=96&d=mm&r=g\",\"url\":\"https:\\\/\\\/secure.gravatar.com\\\/avatar\\\/96f819f3615570f75bc98a819541afa2cb796cbdd9086c22d71a1b162f1cd305?s=96&d=mm&r=g\",\"contentUrl\":\"https:\\\/\\\/secure.gravatar.com\\\/avatar\\\/96f819f3615570f75bc98a819541afa2cb796cbdd9086c22d71a1b162f1cd305?s=96&d=mm&r=g\",\"caption\":\"Auxiliadora Predial\"}}]}<\/script>\n<!-- \/ Yoast SEO plugin. -->","yoast_head_json":{"title":"Psicodin\u00e2mica das cores no seu lar - Blog da Auxiliadora Predial - Tudo sobre im\u00f3veis e condom\u00ednios","description":"Os tons do seu lar transmitem sensa\u00e7\u00f5es e sentimentos, tanto para quem vive quanto para quem visita. Saiba como escolher as cores corretas!","robots":{"index":"index","follow":"follow","max-snippet":"max-snippet:-1","max-image-preview":"max-image-preview:large","max-video-preview":"max-video-preview:-1"},"canonical":"https:\/\/www.auxiliadorapredial.com.br\/blog\/psicodinamica-das-cores-no-seu-lar\/","og_locale":"pt_BR","og_type":"article","og_title":"Psicodin\u00e2mica das cores no seu lar - Blog da Auxiliadora Predial - Tudo sobre im\u00f3veis e condom\u00ednios","og_description":"Os tons do seu lar transmitem sensa\u00e7\u00f5es e sentimentos, tanto para quem vive quanto para quem visita. Saiba como escolher as cores corretas!","og_url":"https:\/\/www.auxiliadorapredial.com.br\/blog\/psicodinamica-das-cores-no-seu-lar\/","og_site_name":"Blog da Auxiliadora Predial - Tudo sobre im\u00f3veis e condom\u00ednios","article_published_time":"2019-04-30T11:55:25+00:00","article_modified_time":"2023-10-04T18:27:26+00:00","og_image":[{"width":945,"height":756,"url":"https:\/\/www.auxiliadorapredial.com.br\/blog\/wp-content\/uploads\/psicodinamica-cores-lar.webp","type":"image\/webp"}],"author":"Auxiliadora Predial","twitter_card":"summary_large_image","twitter_misc":{"Escrito por":"Auxiliadora Predial","Est. tempo de leitura":"4 minutos"},"schema":{"@context":"https:\/\/schema.org","@graph":[{"@type":"Article","@id":"https:\/\/www.auxiliadorapredial.com.br\/blog\/psicodinamica-das-cores-no-seu-lar\/#article","isPartOf":{"@id":"https:\/\/www.auxiliadorapredial.com.br\/blog\/psicodinamica-das-cores-no-seu-lar\/"},"author":{"name":"Auxiliadora Predial","@id":"https:\/\/www.auxiliadorapredial.com.br\/blog\/#\/schema\/person\/851e4e4185bc716576f2f383ed94ae33"},"headline":"Psicodin\u00e2mica das cores no seu lar","datePublished":"2019-04-30T11:55:25+00:00","dateModified":"2023-10-04T18:27:26+00:00","mainEntityOfPage":{"@id":"https:\/\/www.auxiliadorapredial.com.br\/blog\/psicodinamica-das-cores-no-seu-lar\/"},"wordCount":578,"image":{"@id":"https:\/\/www.auxiliadorapredial.com.br\/blog\/psicodinamica-das-cores-no-seu-lar\/#primaryimage"},"thumbnailUrl":"https:\/\/www.auxiliadorapredial.com.br\/blog\/wp-content\/uploads\/psicodinamica-cores-lar.webp","keywords":["cores para a casa","cores para decora\u00e7\u00e3o","decora\u00e7\u00e3o","psicodin\u00e2mica das cores"],"articleSection":["Meu Lar"],"inLanguage":"pt-BR"},{"@type":"WebPage","@id":"https:\/\/www.auxiliadorapredial.com.br\/blog\/psicodinamica-das-cores-no-seu-lar\/","url":"https:\/\/www.auxiliadorapredial.com.br\/blog\/psicodinamica-das-cores-no-seu-lar\/","name":"Psicodin\u00e2mica das cores no seu lar - Blog da Auxiliadora Predial - Tudo sobre im\u00f3veis e condom\u00ednios","isPartOf":{"@id":"https:\/\/www.auxiliadorapredial.com.br\/blog\/#website"},"primaryImageOfPage":{"@id":"https:\/\/www.auxiliadorapredial.com.br\/blog\/psicodinamica-das-cores-no-seu-lar\/#primaryimage"},"image":{"@id":"https:\/\/www.auxiliadorapredial.com.br\/blog\/psicodinamica-das-cores-no-seu-lar\/#primaryimage"},"thumbnailUrl":"https:\/\/www.auxiliadorapredial.com.br\/blog\/wp-content\/uploads\/psicodinamica-cores-lar.webp","datePublished":"2019-04-30T11:55:25+00:00","dateModified":"2023-10-04T18:27:26+00:00","author":{"@id":"https:\/\/www.auxiliadorapredial.com.br\/blog\/#\/schema\/person\/851e4e4185bc716576f2f383ed94ae33"},"description":"Os tons do seu lar transmitem sensa\u00e7\u00f5es e sentimentos, tanto para quem vive quanto para quem visita. Saiba como escolher as cores corretas!","inLanguage":"pt-BR","potentialAction":[{"@type":"ReadAction","target":["https:\/\/www.auxiliadorapredial.com.br\/blog\/psicodinamica-das-cores-no-seu-lar\/"]}]},{"@type":"ImageObject","inLanguage":"pt-BR","@id":"https:\/\/www.auxiliadorapredial.com.br\/blog\/psicodinamica-das-cores-no-seu-lar\/#primaryimage","url":"https:\/\/www.auxiliadorapredial.com.br\/blog\/wp-content\/uploads\/psicodinamica-cores-lar.webp","contentUrl":"https:\/\/www.auxiliadorapredial.com.br\/blog\/wp-content\/uploads\/psicodinamica-cores-lar.webp","width":945,"height":756,"caption":"Psicodin\u00e2mica das cores no seu lar"},{"@type":"WebSite","@id":"https:\/\/www.auxiliadorapredial.com.br\/blog\/#website","url":"https:\/\/www.auxiliadorapredial.com.br\/blog\/","name":"Blog da Auxiliadora Predial - Tudo sobre im\u00f3veis e condom\u00ednios","description":"Dicas da Auxiliadora Predial sobre aluguel, compra e venda de im\u00f3veis, al\u00e9m de condom\u00ednios. Imobili\u00e1ria em Porto Alegre e interior do RS, Santa Catarina e S\u00e3o Paulo.","potentialAction":[{"@type":"SearchAction","target":{"@type":"EntryPoint","urlTemplate":"https:\/\/www.auxiliadorapredial.com.br\/blog\/?s={search_term_string}"},"query-input":{"@type":"PropertyValueSpecification","valueRequired":true,"valueName":"search_term_string"}}],"inLanguage":"pt-BR"},{"@type":"Person","@id":"https:\/\/www.auxiliadorapredial.com.br\/blog\/#\/schema\/person\/851e4e4185bc716576f2f383ed94ae33","name":"Auxiliadora Predial","image":{"@type":"ImageObject","inLanguage":"pt-BR","@id":"https:\/\/secure.gravatar.com\/avatar\/96f819f3615570f75bc98a819541afa2cb796cbdd9086c22d71a1b162f1cd305?s=96&d=mm&r=g","url":"https:\/\/secure.gravatar.com\/avatar\/96f819f3615570f75bc98a819541afa2cb796cbdd9086c22d71a1b162f1cd305?s=96&d=mm&r=g","contentUrl":"https:\/\/secure.gravatar.com\/avatar\/96f819f3615570f75bc98a819541afa2cb796cbdd9086c22d71a1b162f1cd305?s=96&d=mm&r=g","caption":"Auxiliadora Predial"}}]}},"views":1208,"_links":{"self":[{"href":"https:\/\/www.auxiliadorapredial.com.br\/blog\/wp-json\/wp\/v2\/posts\/2911","targetHints":{"allow":["GET"]}}],"collection":[{"href":"https:\/\/www.auxiliadorapredial.com.br\/blog\/wp-json\/wp\/v2\/posts"}],"about":[{"href":"https:\/\/www.auxiliadorapredial.com.br\/blog\/wp-json\/wp\/v2\/types\/post"}],"author":[{"embeddable":true,"href":"https:\/\/www.auxiliadorapredial.com.br\/blog\/wp-json\/wp\/v2\/users\/2"}],"replies":[{"embeddable":true,"href":"https:\/\/www.auxiliadorapredial.com.br\/blog\/wp-json\/wp\/v2\/comments?post=2911"}],"version-history":[{"count":4,"href":"https:\/\/www.auxiliadorapredial.com.br\/blog\/wp-json\/wp\/v2\/posts\/2911\/revisions"}],"predecessor-version":[{"id":17356,"href":"https:\/\/www.auxiliadorapredial.com.br\/blog\/wp-json\/wp\/v2\/posts\/2911\/revisions\/17356"}],"wp:featuredmedia":[{"embeddable":true,"href":"https:\/\/www.auxiliadorapredial.com.br\/blog\/wp-json\/wp\/v2\/media\/13849"}],"wp:attachment":[{"href":"https:\/\/www.auxiliadorapredial.com.br\/blog\/wp-json\/wp\/v2\/media?parent=2911"}],"wp:term":[{"taxonomy":"category","embeddable":true,"href":"https:\/\/www.auxiliadorapredial.com.br\/blog\/wp-json\/wp\/v2\/categories?post=2911"},{"taxonomy":"post_tag","embeddable":true,"href":"https:\/\/www.auxiliadorapredial.com.br\/blog\/wp-json\/wp\/v2\/tags?post=2911"}],"curies":[{"name":"wp","href":"https:\/\/api.w.org\/{rel}","templated":true}]}}