{"id":596,"date":"2019-02-21T09:35:13","date_gmt":"2019-02-21T12:35:13","guid":{"rendered":"https:\/\/www.auxiliadorapredial.com.br\/new-blog\/?p=596"},"modified":"2025-05-16T15:58:49","modified_gmt":"2025-05-16T18:58:49","slug":"como-deixar-seu-imovel-para-alugar-mais-atrativo","status":"publish","type":"post","link":"https:\/\/www.auxiliadorapredial.com.br\/blog\/como-deixar-seu-imovel-para-alugar-mais-atrativo\/","title":{"rendered":"Como deixar seu im\u00f3vel para alugar mais atrativo"},"content":{"rendered":"\n<p><span style=\"font-weight: 400;\">Colocar seu im\u00f3vel no mercado n\u00e3o \u00e9 um bicho de sete cabe\u00e7as! Na verdade, \u00e9 uma tarefa muito mais simples do que imagina, e, com a assessoria certa, \u00e9 poss\u00edvel ter um processo \u00e1gil, r\u00e1pido e seguro! Entretanto, existem alguns requisitos que voc\u00ea pode cumprir caso deseje tornar seu im\u00f3vel irresist\u00edvel a qualquer interessado que fa\u00e7a uma visita. Pegue o papel e a caneta e anote: a <\/span><a href=\"https:\/\/www.auxiliadorapredial.com.br\" target=\"_blank\" rel=\"noreferrer noopener\"><b><strong>Auxiliadora Predial<\/strong><\/b><\/a><span style=\"font-weight: 400;\"> vai dar dicas de <\/span><b>como deixar seu im\u00f3vel mais atrativo para alugar<\/b><span style=\"font-weight: 400;\">!<\/span><\/p>\n\n\n\n<div id=\"ez-toc-container\" class=\"ez-toc-v2_0_82_2 counter-hierarchy ez-toc-counter ez-toc-transparent ez-toc-container-direction\">\n<p class=\"ez-toc-title\" style=\"cursor:inherit\">Navegue pelo conte\u00fado<\/p>\n<label for=\"ez-toc-cssicon-toggle-item-69f70c8d3b531\" class=\"ez-toc-cssicon-toggle-label\"><span class=\"\"><span class=\"eztoc-hide\" style=\"display:none;\">Toggle<\/span><span class=\"ez-toc-icon-toggle-span\"><svg style=\"fill: #000000;color:#000000\" xmlns=\"http:\/\/www.w3.org\/2000\/svg\" class=\"list-377408\" width=\"20px\" height=\"20px\" viewBox=\"0 0 24 24\" fill=\"none\"><path d=\"M6 6H4v2h2V6zm14 0H8v2h12V6zM4 11h2v2H4v-2zm16 0H8v2h12v-2zM4 16h2v2H4v-2zm16 0H8v2h12v-2z\" fill=\"currentColor\"><\/path><\/svg><svg style=\"fill: #000000;color:#000000\" class=\"arrow-unsorted-368013\" xmlns=\"http:\/\/www.w3.org\/2000\/svg\" width=\"10px\" height=\"10px\" viewBox=\"0 0 24 24\" version=\"1.2\" baseProfile=\"tiny\"><path d=\"M18.2 9.3l-6.2-6.3-6.2 6.3c-.2.2-.3.4-.3.7s.1.5.3.7c.2.2.4.3.7.3h11c.3 0 .5-.1.7-.3.2-.2.3-.5.3-.7s-.1-.5-.3-.7zM5.8 14.7l6.2 6.3 6.2-6.3c.2-.2.3-.5.3-.7s-.1-.5-.3-.7c-.2-.2-.4-.3-.7-.3h-11c-.3 0-.5.1-.7.3-.2.2-.3.5-.3.7s.1.5.3.7z\"\/><\/svg><\/span><\/span><\/label><input type=\"checkbox\"  id=\"ez-toc-cssicon-toggle-item-69f70c8d3b531\"  aria-label=\"Alternar\" \/><nav><ul class='ez-toc-list ez-toc-list-level-1 ' ><li class='ez-toc-page-1 ez-toc-heading-level-2'><a class=\"ez-toc-link ez-toc-heading-1\" href=\"https:\/\/www.auxiliadorapredial.com.br\/blog\/como-deixar-seu-imovel-para-alugar-mais-atrativo\/#Cara_de_novo\" >Cara de novo<\/a><\/li><li class='ez-toc-page-1 ez-toc-heading-level-2'><a class=\"ez-toc-link ez-toc-heading-2\" href=\"https:\/\/www.auxiliadorapredial.com.br\/blog\/como-deixar-seu-imovel-para-alugar-mais-atrativo\/#Limpeza_e_fundamental\" >Limpeza \u00e9 fundamental<\/a><\/li><li class='ez-toc-page-1 ez-toc-heading-level-2'><a class=\"ez-toc-link ez-toc-heading-3\" href=\"https:\/\/www.auxiliadorapredial.com.br\/blog\/como-deixar-seu-imovel-para-alugar-mais-atrativo\/#Cores_neutras_e_moveis_curinga\" >Cores neutras e m\u00f3veis curinga<\/a><\/li><li class='ez-toc-page-1 ez-toc-heading-level-2'><a class=\"ez-toc-link ez-toc-heading-4\" href=\"https:\/\/www.auxiliadorapredial.com.br\/blog\/como-deixar-seu-imovel-para-alugar-mais-atrativo\/#Cuide_da_parte_externa\" >Cuide da parte externa<\/a><\/li><li class='ez-toc-page-1 ez-toc-heading-level-2'><a class=\"ez-toc-link ez-toc-heading-5\" href=\"https:\/\/www.auxiliadorapredial.com.br\/blog\/como-deixar-seu-imovel-para-alugar-mais-atrativo\/#Valor_compativel\" >Valor compat\u00edvel<\/a><\/li><\/ul><\/nav><\/div>\n<h2 class=\"wp-block-heading\"><span class=\"ez-toc-section\" id=\"Cara_de_novo\"><\/span><b>Cara de novo<\/b><span class=\"ez-toc-section-end\"><\/span><\/h2>\n\n\n\n<p><span style=\"font-weight: 400;\">Uma boa reforma, ou at\u00e9 mesmo pequenos reparos, pode ajudar muito a melhorar a apar\u00eancia de um im\u00f3vel que j\u00e1 n\u00e3o \u00e9 novo. Uma pintura nas paredes, troca de utens\u00edlios quebrados (no caso de im\u00f3veis mobiliados), substitui\u00e7\u00e3o de pisos lascados\u2026 Tudo isso vai deixar o seu im\u00f3vel mais bonito e atraente aos olhos do poss\u00edvel locador <\/span><span style=\"font-weight: 400;\">\u2014<\/span><span style=\"font-weight: 400;\"> principalmente se ele tem pressa de se mudar.<\/span><\/p>\n\n\n\n<h2 class=\"wp-block-heading\"><span class=\"ez-toc-section\" id=\"Limpeza_e_fundamental\"><\/span><b>Limpeza \u00e9 fundamental<\/b><span class=\"ez-toc-section-end\"><\/span><\/h2>\n\n\n\n<p><span style=\"font-weight: 400;\">Ambientes sujos e desorganizados podem repelir quem se sentiu interessado pelo seu im\u00f3vel! Portanto, ter o cuidado de deix\u00e1-lo limpo faz bastante diferen\u00e7a. Tamb\u00e9m \u00e9 bom que algu\u00e9m v\u00e1 e abra as janelas pelo menos uma vez a cada duas semanas, para evitar mofo e outros fungos. Com essas atitudes, voc\u00ea evita o ac\u00famulo de p\u00f3, poss\u00edveis insetos e odores desagrad\u00e1veis. <\/span><\/p>\n\n\n\n<h2 class=\"wp-block-heading\"><span class=\"ez-toc-section\" id=\"Cores_neutras_e_moveis_curinga\"><\/span><b>Cores neutras e m\u00f3veis curinga<\/b><span class=\"ez-toc-section-end\"><\/span><\/h2>\n\n\n\n<p><span style=\"font-weight: 400;\">Se voc\u00ea mora ou j\u00e1 morou no apartamento, orientamos que n\u00e3o deixe objetos pessoais ou decora\u00e7\u00f5es. Assim, o locat\u00e1rio poder\u00e1 ver melhor o espa\u00e7o e visualizar como ele ficar\u00e1 depois da mudan\u00e7a, com seus pr\u00f3prios pertences.<\/span><\/p>\n\n\n\n<figure class=\"wp-block-image size-full\"><img fetchpriority=\"high\" decoding=\"async\" width=\"946\" height=\"631\" src=\"https:\/\/www.auxiliadorapredial.com.br\/blog\/wp-content\/uploads\/Como-deixar-seu-imovel-para-alugar-mais-atrativo-1.webp\" alt=\"\" class=\"wp-image-16823\" style=\"aspect-ratio:3\/2;object-fit:cover\" srcset=\"https:\/\/www.auxiliadorapredial.com.br\/blog\/wp-content\/uploads\/Como-deixar-seu-imovel-para-alugar-mais-atrativo-1.webp 946w, https:\/\/www.auxiliadorapredial.com.br\/blog\/wp-content\/uploads\/Como-deixar-seu-imovel-para-alugar-mais-atrativo-1-300x200.webp 300w, https:\/\/www.auxiliadorapredial.com.br\/blog\/wp-content\/uploads\/Como-deixar-seu-imovel-para-alugar-mais-atrativo-1-768x512.webp 768w\" sizes=\"(max-width: 946px) 100vw, 946px\" \/><\/figure>\n\n\n\n<h2 class=\"wp-block-heading\"><span class=\"ez-toc-section\" id=\"Cuide_da_parte_externa\"><\/span><b>Cuide da parte externa<\/b><span class=\"ez-toc-section-end\"><\/span><\/h2>\n\n\n\n<p><span style=\"font-weight: 400;\">O im\u00f3vel em quest\u00e3o \u00e9 uma casa? Certifique-se de que a grama est\u00e1 aparada e o jardim est\u00e1 bem cuidado como um todo. A pintura externa tamb\u00e9m \u00e9 importante <\/span><span style=\"font-weight: 400;\">\u2014<\/span><span style=\"font-weight: 400;\"> afinal, a fachada \u00e9 a primeira impress\u00e3o que o interessado ter\u00e1! Caso tenha piscina, mantenha a \u00e1gua sempre limpa ou cubra com uma lona. Quanto mais organizado o seu p\u00e1tio estiver, melhor!<\/span><\/p>\n\n\n\n<h2 class=\"wp-block-heading\"><span class=\"ez-toc-section\" id=\"Valor_compativel\"><\/span><b>Valor compat\u00edvel<\/b><span class=\"ez-toc-section-end\"><\/span><\/h2>\n\n\n\n<p><span style=\"font-weight: 400;\">A \u00faltima dica, mas n\u00e3o menos importante, \u00e9 avaliar o im\u00f3vel antes de anunci\u00e1-lo. O valor deve sempre estar alinhado ao tipo de im\u00f3vel, metragem, localiza\u00e7\u00e3o, idade e outros fatores. A melhor forma de saber exatamente qual o valor que deve constar no an\u00fancio \u00e9 conversar com profissionais da \u00e1rea. Pre\u00e7os muito altos, bem como os muito baixos, podem prejudicar seu desempenho e atrasar o aluguel. Nossos profissionais especializados est\u00e3o \u00e0 disposi\u00e7\u00e3o para ajud\u00e1-lo a definir o pre\u00e7o ideal e as melhores estrat\u00e9gias para anunciar o seu im\u00f3vel!<\/span><\/p>\n\n\n\n<p><span style=\"font-weight: 400;\">Gostou das nossas dicas de como tornar seu im\u00f3vel mais atrativo para alugar? Esperamos que sim! Caso queira conversar e tirar suas d\u00favidas sobre o aluguel do seu im\u00f3vel, <a href=\"https:\/\/www.auxiliadorapredial.com.br\/\" target=\"_blank\" rel=\"noreferrer noopener\"><strong>entre em contato conosco<\/strong><\/a>! Nossos profissionais est\u00e3o sempre dispostos a atend\u00ea-lo e a responder quaisquer quest\u00f5es trazidas. A sua satisfa\u00e7\u00e3o \u00e9 o nosso maior objetivo.<\/span><\/p>\n\n\n\n<p><\/p>\n","protected":false},"excerpt":{"rendered":"<p>Existem alguns requisitos que voc\u00ea pode cumprir caso deseje tornar seu im\u00f3vel irresist\u00edvel a qualquer interessado que fa\u00e7a uma visita. Confira.<\/p>\n","protected":false},"author":2,"featured_media":16822,"comment_status":"closed","ping_status":"open","sticky":false,"template":"","format":"standard","meta":{"footnotes":""},"categories":[307],"tags":[74,75],"class_list":["post-596","post","type-post","status-publish","format-standard","has-post-thumbnail","hentry","category-meu-lar","tag-como-alugar-mais-rapido","tag-facilitar-o-aluguel-do-seu-imovel"],"yoast_head":"<!-- This site is optimized with the Yoast SEO plugin v27.3 - https:\/\/yoast.com\/product\/yoast-seo-wordpress\/ -->\n<title>Como deixar seu im\u00f3vel para alugar mais atrativo<\/title>\n<meta name=\"description\" content=\"Quer tornar seu im\u00f3vel atrativo para alugar? Confira dicas essenciais para torn\u00e1-lo irresist\u00edvel para os visitantes.\" \/>\n<meta name=\"robots\" content=\"index, follow, max-snippet:-1, max-image-preview:large, max-video-preview:-1\" \/>\n<link rel=\"canonical\" href=\"https:\/\/www.auxiliadorapredial.com.br\/blog\/como-deixar-seu-imovel-para-alugar-mais-atrativo\/\" \/>\n<meta property=\"og:locale\" content=\"pt_BR\" \/>\n<meta property=\"og:type\" content=\"article\" \/>\n<meta property=\"og:title\" content=\"Como deixar seu im\u00f3vel para alugar mais atrativo\" \/>\n<meta property=\"og:description\" content=\"Quer tornar seu im\u00f3vel atrativo para alugar? Confira dicas essenciais para torn\u00e1-lo irresist\u00edvel para os visitantes.\" \/>\n<meta property=\"og:url\" content=\"https:\/\/www.auxiliadorapredial.com.br\/blog\/como-deixar-seu-imovel-para-alugar-mais-atrativo\/\" \/>\n<meta property=\"og:site_name\" content=\"Blog da Auxiliadora Predial - Tudo sobre im\u00f3veis e condom\u00ednios\" \/>\n<meta property=\"article:published_time\" content=\"2019-02-21T12:35:13+00:00\" \/>\n<meta property=\"article:modified_time\" content=\"2025-05-16T18:58:49+00:00\" \/>\n<meta property=\"og:image\" content=\"https:\/\/www.auxiliadorapredial.com.br\/blog\/wp-content\/uploads\/Como-deixar-seu-imovel-para-alugar-mais-atrativo-Capa.webp\" \/>\n\t<meta property=\"og:image:width\" content=\"1140\" \/>\n\t<meta property=\"og:image:height\" content=\"760\" \/>\n\t<meta property=\"og:image:type\" content=\"image\/webp\" \/>\n<meta name=\"author\" content=\"Auxiliadora Predial\" \/>\n<meta name=\"twitter:card\" content=\"summary_large_image\" \/>\n<meta name=\"twitter:label1\" content=\"Escrito por\" \/>\n\t<meta name=\"twitter:data1\" content=\"Auxiliadora Predial\" \/>\n\t<meta name=\"twitter:label2\" content=\"Est. tempo de leitura\" \/>\n\t<meta name=\"twitter:data2\" content=\"3 minutos\" \/>\n<script type=\"application\/ld+json\" class=\"yoast-schema-graph\">{\"@context\":\"https:\\\/\\\/schema.org\",\"@graph\":[{\"@type\":\"Article\",\"@id\":\"https:\\\/\\\/www.auxiliadorapredial.com.br\\\/blog\\\/como-deixar-seu-imovel-para-alugar-mais-atrativo\\\/#article\",\"isPartOf\":{\"@id\":\"https:\\\/\\\/www.auxiliadorapredial.com.br\\\/blog\\\/como-deixar-seu-imovel-para-alugar-mais-atrativo\\\/\"},\"author\":{\"name\":\"Auxiliadora Predial\",\"@id\":\"https:\\\/\\\/www.auxiliadorapredial.com.br\\\/blog\\\/#\\\/schema\\\/person\\\/851e4e4185bc716576f2f383ed94ae33\"},\"headline\":\"Como deixar seu im\u00f3vel para alugar mais atrativo\",\"datePublished\":\"2019-02-21T12:35:13+00:00\",\"dateModified\":\"2025-05-16T18:58:49+00:00\",\"mainEntityOfPage\":{\"@id\":\"https:\\\/\\\/www.auxiliadorapredial.com.br\\\/blog\\\/como-deixar-seu-imovel-para-alugar-mais-atrativo\\\/\"},\"wordCount\":516,\"image\":{\"@id\":\"https:\\\/\\\/www.auxiliadorapredial.com.br\\\/blog\\\/como-deixar-seu-imovel-para-alugar-mais-atrativo\\\/#primaryimage\"},\"thumbnailUrl\":\"https:\\\/\\\/www.auxiliadorapredial.com.br\\\/blog\\\/wp-content\\\/uploads\\\/Como-deixar-seu-imovel-para-alugar-mais-atrativo-Capa.webp\",\"keywords\":[\"como alugar mais r\u00e1pido\",\"facilitar o aluguel do seu im\u00f3vel\"],\"articleSection\":[\"Meu Lar\"],\"inLanguage\":\"pt-BR\"},{\"@type\":\"WebPage\",\"@id\":\"https:\\\/\\\/www.auxiliadorapredial.com.br\\\/blog\\\/como-deixar-seu-imovel-para-alugar-mais-atrativo\\\/\",\"url\":\"https:\\\/\\\/www.auxiliadorapredial.com.br\\\/blog\\\/como-deixar-seu-imovel-para-alugar-mais-atrativo\\\/\",\"name\":\"Como deixar seu im\u00f3vel para alugar mais atrativo\",\"isPartOf\":{\"@id\":\"https:\\\/\\\/www.auxiliadorapredial.com.br\\\/blog\\\/#website\"},\"primaryImageOfPage\":{\"@id\":\"https:\\\/\\\/www.auxiliadorapredial.com.br\\\/blog\\\/como-deixar-seu-imovel-para-alugar-mais-atrativo\\\/#primaryimage\"},\"image\":{\"@id\":\"https:\\\/\\\/www.auxiliadorapredial.com.br\\\/blog\\\/como-deixar-seu-imovel-para-alugar-mais-atrativo\\\/#primaryimage\"},\"thumbnailUrl\":\"https:\\\/\\\/www.auxiliadorapredial.com.br\\\/blog\\\/wp-content\\\/uploads\\\/Como-deixar-seu-imovel-para-alugar-mais-atrativo-Capa.webp\",\"datePublished\":\"2019-02-21T12:35:13+00:00\",\"dateModified\":\"2025-05-16T18:58:49+00:00\",\"author\":{\"@id\":\"https:\\\/\\\/www.auxiliadorapredial.com.br\\\/blog\\\/#\\\/schema\\\/person\\\/851e4e4185bc716576f2f383ed94ae33\"},\"description\":\"Quer tornar seu im\u00f3vel atrativo para alugar? Confira dicas essenciais para torn\u00e1-lo irresist\u00edvel para os visitantes.\",\"inLanguage\":\"pt-BR\",\"potentialAction\":[{\"@type\":\"ReadAction\",\"target\":[\"https:\\\/\\\/www.auxiliadorapredial.com.br\\\/blog\\\/como-deixar-seu-imovel-para-alugar-mais-atrativo\\\/\"]}]},{\"@type\":\"ImageObject\",\"inLanguage\":\"pt-BR\",\"@id\":\"https:\\\/\\\/www.auxiliadorapredial.com.br\\\/blog\\\/como-deixar-seu-imovel-para-alugar-mais-atrativo\\\/#primaryimage\",\"url\":\"https:\\\/\\\/www.auxiliadorapredial.com.br\\\/blog\\\/wp-content\\\/uploads\\\/Como-deixar-seu-imovel-para-alugar-mais-atrativo-Capa.webp\",\"contentUrl\":\"https:\\\/\\\/www.auxiliadorapredial.com.br\\\/blog\\\/wp-content\\\/uploads\\\/Como-deixar-seu-imovel-para-alugar-mais-atrativo-Capa.webp\",\"width\":1140,\"height\":760,\"caption\":\"Como deixar seu im\u00f3vel para alugar mais atrativo\"},{\"@type\":\"WebSite\",\"@id\":\"https:\\\/\\\/www.auxiliadorapredial.com.br\\\/blog\\\/#website\",\"url\":\"https:\\\/\\\/www.auxiliadorapredial.com.br\\\/blog\\\/\",\"name\":\"Blog da Auxiliadora Predial - Tudo sobre im\u00f3veis e condom\u00ednios\",\"description\":\"Dicas da Auxiliadora Predial sobre aluguel, compra e venda de im\u00f3veis, al\u00e9m de condom\u00ednios. Imobili\u00e1ria em Porto Alegre e interior do RS, Santa Catarina e S\u00e3o Paulo.\",\"potentialAction\":[{\"@type\":\"SearchAction\",\"target\":{\"@type\":\"EntryPoint\",\"urlTemplate\":\"https:\\\/\\\/www.auxiliadorapredial.com.br\\\/blog\\\/?s={search_term_string}\"},\"query-input\":{\"@type\":\"PropertyValueSpecification\",\"valueRequired\":true,\"valueName\":\"search_term_string\"}}],\"inLanguage\":\"pt-BR\"},{\"@type\":\"Person\",\"@id\":\"https:\\\/\\\/www.auxiliadorapredial.com.br\\\/blog\\\/#\\\/schema\\\/person\\\/851e4e4185bc716576f2f383ed94ae33\",\"name\":\"Auxiliadora Predial\",\"image\":{\"@type\":\"ImageObject\",\"inLanguage\":\"pt-BR\",\"@id\":\"https:\\\/\\\/secure.gravatar.com\\\/avatar\\\/96f819f3615570f75bc98a819541afa2cb796cbdd9086c22d71a1b162f1cd305?s=96&d=mm&r=g\",\"url\":\"https:\\\/\\\/secure.gravatar.com\\\/avatar\\\/96f819f3615570f75bc98a819541afa2cb796cbdd9086c22d71a1b162f1cd305?s=96&d=mm&r=g\",\"contentUrl\":\"https:\\\/\\\/secure.gravatar.com\\\/avatar\\\/96f819f3615570f75bc98a819541afa2cb796cbdd9086c22d71a1b162f1cd305?s=96&d=mm&r=g\",\"caption\":\"Auxiliadora Predial\"}}]}<\/script>\n<!-- \/ Yoast SEO plugin. -->","yoast_head_json":{"title":"Como deixar seu im\u00f3vel para alugar mais atrativo","description":"Quer tornar seu im\u00f3vel atrativo para alugar? Confira dicas essenciais para torn\u00e1-lo irresist\u00edvel para os visitantes.","robots":{"index":"index","follow":"follow","max-snippet":"max-snippet:-1","max-image-preview":"max-image-preview:large","max-video-preview":"max-video-preview:-1"},"canonical":"https:\/\/www.auxiliadorapredial.com.br\/blog\/como-deixar-seu-imovel-para-alugar-mais-atrativo\/","og_locale":"pt_BR","og_type":"article","og_title":"Como deixar seu im\u00f3vel para alugar mais atrativo","og_description":"Quer tornar seu im\u00f3vel atrativo para alugar? Confira dicas essenciais para torn\u00e1-lo irresist\u00edvel para os visitantes.","og_url":"https:\/\/www.auxiliadorapredial.com.br\/blog\/como-deixar-seu-imovel-para-alugar-mais-atrativo\/","og_site_name":"Blog da Auxiliadora Predial - Tudo sobre im\u00f3veis e condom\u00ednios","article_published_time":"2019-02-21T12:35:13+00:00","article_modified_time":"2025-05-16T18:58:49+00:00","og_image":[{"width":1140,"height":760,"url":"https:\/\/www.auxiliadorapredial.com.br\/blog\/wp-content\/uploads\/Como-deixar-seu-imovel-para-alugar-mais-atrativo-Capa.webp","type":"image\/webp"}],"author":"Auxiliadora Predial","twitter_card":"summary_large_image","twitter_misc":{"Escrito por":"Auxiliadora Predial","Est. tempo de leitura":"3 minutos"},"schema":{"@context":"https:\/\/schema.org","@graph":[{"@type":"Article","@id":"https:\/\/www.auxiliadorapredial.com.br\/blog\/como-deixar-seu-imovel-para-alugar-mais-atrativo\/#article","isPartOf":{"@id":"https:\/\/www.auxiliadorapredial.com.br\/blog\/como-deixar-seu-imovel-para-alugar-mais-atrativo\/"},"author":{"name":"Auxiliadora Predial","@id":"https:\/\/www.auxiliadorapredial.com.br\/blog\/#\/schema\/person\/851e4e4185bc716576f2f383ed94ae33"},"headline":"Como deixar seu im\u00f3vel para alugar mais atrativo","datePublished":"2019-02-21T12:35:13+00:00","dateModified":"2025-05-16T18:58:49+00:00","mainEntityOfPage":{"@id":"https:\/\/www.auxiliadorapredial.com.br\/blog\/como-deixar-seu-imovel-para-alugar-mais-atrativo\/"},"wordCount":516,"image":{"@id":"https:\/\/www.auxiliadorapredial.com.br\/blog\/como-deixar-seu-imovel-para-alugar-mais-atrativo\/#primaryimage"},"thumbnailUrl":"https:\/\/www.auxiliadorapredial.com.br\/blog\/wp-content\/uploads\/Como-deixar-seu-imovel-para-alugar-mais-atrativo-Capa.webp","keywords":["como alugar mais r\u00e1pido","facilitar o aluguel do seu im\u00f3vel"],"articleSection":["Meu Lar"],"inLanguage":"pt-BR"},{"@type":"WebPage","@id":"https:\/\/www.auxiliadorapredial.com.br\/blog\/como-deixar-seu-imovel-para-alugar-mais-atrativo\/","url":"https:\/\/www.auxiliadorapredial.com.br\/blog\/como-deixar-seu-imovel-para-alugar-mais-atrativo\/","name":"Como deixar seu im\u00f3vel para alugar mais atrativo","isPartOf":{"@id":"https:\/\/www.auxiliadorapredial.com.br\/blog\/#website"},"primaryImageOfPage":{"@id":"https:\/\/www.auxiliadorapredial.com.br\/blog\/como-deixar-seu-imovel-para-alugar-mais-atrativo\/#primaryimage"},"image":{"@id":"https:\/\/www.auxiliadorapredial.com.br\/blog\/como-deixar-seu-imovel-para-alugar-mais-atrativo\/#primaryimage"},"thumbnailUrl":"https:\/\/www.auxiliadorapredial.com.br\/blog\/wp-content\/uploads\/Como-deixar-seu-imovel-para-alugar-mais-atrativo-Capa.webp","datePublished":"2019-02-21T12:35:13+00:00","dateModified":"2025-05-16T18:58:49+00:00","author":{"@id":"https:\/\/www.auxiliadorapredial.com.br\/blog\/#\/schema\/person\/851e4e4185bc716576f2f383ed94ae33"},"description":"Quer tornar seu im\u00f3vel atrativo para alugar? Confira dicas essenciais para torn\u00e1-lo irresist\u00edvel para os visitantes.","inLanguage":"pt-BR","potentialAction":[{"@type":"ReadAction","target":["https:\/\/www.auxiliadorapredial.com.br\/blog\/como-deixar-seu-imovel-para-alugar-mais-atrativo\/"]}]},{"@type":"ImageObject","inLanguage":"pt-BR","@id":"https:\/\/www.auxiliadorapredial.com.br\/blog\/como-deixar-seu-imovel-para-alugar-mais-atrativo\/#primaryimage","url":"https:\/\/www.auxiliadorapredial.com.br\/blog\/wp-content\/uploads\/Como-deixar-seu-imovel-para-alugar-mais-atrativo-Capa.webp","contentUrl":"https:\/\/www.auxiliadorapredial.com.br\/blog\/wp-content\/uploads\/Como-deixar-seu-imovel-para-alugar-mais-atrativo-Capa.webp","width":1140,"height":760,"caption":"Como deixar seu im\u00f3vel para alugar mais atrativo"},{"@type":"WebSite","@id":"https:\/\/www.auxiliadorapredial.com.br\/blog\/#website","url":"https:\/\/www.auxiliadorapredial.com.br\/blog\/","name":"Blog da Auxiliadora Predial - Tudo sobre im\u00f3veis e condom\u00ednios","description":"Dicas da Auxiliadora Predial sobre aluguel, compra e venda de im\u00f3veis, al\u00e9m de condom\u00ednios. Imobili\u00e1ria em Porto Alegre e interior do RS, Santa Catarina e S\u00e3o Paulo.","potentialAction":[{"@type":"SearchAction","target":{"@type":"EntryPoint","urlTemplate":"https:\/\/www.auxiliadorapredial.com.br\/blog\/?s={search_term_string}"},"query-input":{"@type":"PropertyValueSpecification","valueRequired":true,"valueName":"search_term_string"}}],"inLanguage":"pt-BR"},{"@type":"Person","@id":"https:\/\/www.auxiliadorapredial.com.br\/blog\/#\/schema\/person\/851e4e4185bc716576f2f383ed94ae33","name":"Auxiliadora Predial","image":{"@type":"ImageObject","inLanguage":"pt-BR","@id":"https:\/\/secure.gravatar.com\/avatar\/96f819f3615570f75bc98a819541afa2cb796cbdd9086c22d71a1b162f1cd305?s=96&d=mm&r=g","url":"https:\/\/secure.gravatar.com\/avatar\/96f819f3615570f75bc98a819541afa2cb796cbdd9086c22d71a1b162f1cd305?s=96&d=mm&r=g","contentUrl":"https:\/\/secure.gravatar.com\/avatar\/96f819f3615570f75bc98a819541afa2cb796cbdd9086c22d71a1b162f1cd305?s=96&d=mm&r=g","caption":"Auxiliadora Predial"}}]}},"views":1328,"_links":{"self":[{"href":"https:\/\/www.auxiliadorapredial.com.br\/blog\/wp-json\/wp\/v2\/posts\/596","targetHints":{"allow":["GET"]}}],"collection":[{"href":"https:\/\/www.auxiliadorapredial.com.br\/blog\/wp-json\/wp\/v2\/posts"}],"about":[{"href":"https:\/\/www.auxiliadorapredial.com.br\/blog\/wp-json\/wp\/v2\/types\/post"}],"author":[{"embeddable":true,"href":"https:\/\/www.auxiliadorapredial.com.br\/blog\/wp-json\/wp\/v2\/users\/2"}],"replies":[{"embeddable":true,"href":"https:\/\/www.auxiliadorapredial.com.br\/blog\/wp-json\/wp\/v2\/comments?post=596"}],"version-history":[{"count":8,"href":"https:\/\/www.auxiliadorapredial.com.br\/blog\/wp-json\/wp\/v2\/posts\/596\/revisions"}],"predecessor-version":[{"id":17347,"href":"https:\/\/www.auxiliadorapredial.com.br\/blog\/wp-json\/wp\/v2\/posts\/596\/revisions\/17347"}],"wp:featuredmedia":[{"embeddable":true,"href":"https:\/\/www.auxiliadorapredial.com.br\/blog\/wp-json\/wp\/v2\/media\/16822"}],"wp:attachment":[{"href":"https:\/\/www.auxiliadorapredial.com.br\/blog\/wp-json\/wp\/v2\/media?parent=596"}],"wp:term":[{"taxonomy":"category","embeddable":true,"href":"https:\/\/www.auxiliadorapredial.com.br\/blog\/wp-json\/wp\/v2\/categories?post=596"},{"taxonomy":"post_tag","embeddable":true,"href":"https:\/\/www.auxiliadorapredial.com.br\/blog\/wp-json\/wp\/v2\/tags?post=596"}],"curies":[{"name":"wp","href":"https:\/\/api.w.org\/{rel}","templated":true}]}}