{"id":7675,"date":"2021-11-29T19:00:58","date_gmt":"2021-11-29T22:00:58","guid":{"rendered":"https:\/\/www.auxiliadorapredial.com.br\/blog\/?p=7675"},"modified":"2023-04-18T14:18:34","modified_gmt":"2023-04-18T17:18:34","slug":"5-respostas-sobre-desocupacao-de-imovel-alugado","status":"publish","type":"post","link":"https:\/\/www.auxiliadorapredial.com.br\/blog\/5-respostas-sobre-desocupacao-de-imovel-alugado\/","title":{"rendered":"Respostas para 5 perguntas sobre desocupa\u00e7\u00e3o de im\u00f3vel alugado"},"content":{"rendered":"<p><span style=\"font-weight: 400;\">Organizar uma mudan\u00e7a \u00e9 uma tarefa t\u00e3o dif\u00edcil quanto definir qual ser\u00e1 o seu pr\u00f3ximo lar. Antes de chegar na casa nova voc\u00ea precisa resolver uma s\u00e9rie de pend\u00eancias e, caso esteja morando de aluguel, a lista fica um pouco mais extensa.<\/span><\/p>\n<p><span style=\"font-weight: 400;\">Antes de mais nada, tudo que voc\u00ea deve fazer tem a ver com uma importante data. E \u00e9 nessa hora que podem surgir as d\u00favidas: <\/span><b>qual o prazo para a desocupa\u00e7\u00e3o de im\u00f3vel?<\/b><\/p>\n<p><span style=\"font-weight: 400;\">Por isso, neste artigo n\u00f3s vamos ajudar a solucionar as principais d\u00favidas de propriet\u00e1rios e inquilinos sobre <\/span><b>desocupa\u00e7\u00e3o de im\u00f3vel alugado<\/b><span style=\"font-weight: 400;\">. Tudo para que o per\u00edodo de transi\u00e7\u00e3o seja mais tranquilo e seguro para todos.<\/span><\/p>\n<p><span style=\"font-weight: 400;\">Vamos \u00e0s 5 principais perguntas e as melhores respostas sobre <\/span><b>prazo e orienta\u00e7\u00f5es para desocupar o im\u00f3vel:<\/b><\/p>\n<p>&nbsp;<\/p>\n<div id=\"ez-toc-container\" class=\"ez-toc-v2_0_82_2 counter-hierarchy ez-toc-counter ez-toc-transparent ez-toc-container-direction\">\n<p class=\"ez-toc-title\" style=\"cursor:inherit\">Navegue pelo conte\u00fado<\/p>\n<label for=\"ez-toc-cssicon-toggle-item-69f54132d6490\" class=\"ez-toc-cssicon-toggle-label\"><span class=\"\"><span class=\"eztoc-hide\" style=\"display:none;\">Toggle<\/span><span class=\"ez-toc-icon-toggle-span\"><svg style=\"fill: #000000;color:#000000\" xmlns=\"http:\/\/www.w3.org\/2000\/svg\" class=\"list-377408\" width=\"20px\" height=\"20px\" viewBox=\"0 0 24 24\" fill=\"none\"><path d=\"M6 6H4v2h2V6zm14 0H8v2h12V6zM4 11h2v2H4v-2zm16 0H8v2h12v-2zM4 16h2v2H4v-2zm16 0H8v2h12v-2z\" fill=\"currentColor\"><\/path><\/svg><svg style=\"fill: #000000;color:#000000\" class=\"arrow-unsorted-368013\" xmlns=\"http:\/\/www.w3.org\/2000\/svg\" width=\"10px\" height=\"10px\" viewBox=\"0 0 24 24\" version=\"1.2\" baseProfile=\"tiny\"><path d=\"M18.2 9.3l-6.2-6.3-6.2 6.3c-.2.2-.3.4-.3.7s.1.5.3.7c.2.2.4.3.7.3h11c.3 0 .5-.1.7-.3.2-.2.3-.5.3-.7s-.1-.5-.3-.7zM5.8 14.7l6.2 6.3 6.2-6.3c.2-.2.3-.5.3-.7s-.1-.5-.3-.7c-.2-.2-.4-.3-.7-.3h-11c-.3 0-.5.1-.7.3-.2.2-.3.5-.3.7s.1.5.3.7z\"\/><\/svg><\/span><\/span><\/label><input type=\"checkbox\"  id=\"ez-toc-cssicon-toggle-item-69f54132d6490\"  aria-label=\"Alternar\" \/><nav><ul class='ez-toc-list ez-toc-list-level-1 ' ><li class='ez-toc-page-1 ez-toc-heading-level-2'><a class=\"ez-toc-link ez-toc-heading-1\" href=\"https:\/\/www.auxiliadorapredial.com.br\/blog\/5-respostas-sobre-desocupacao-de-imovel-alugado\/#1_Quanto_tempo_o_inquilino_tem_para_fazer_a_desocupacao_de_um_imovel_alugado\" >1. Quanto tempo o inquilino tem para fazer a desocupa\u00e7\u00e3o de um im\u00f3vel alugado?<\/a><\/li><li class='ez-toc-page-1 ez-toc-heading-level-2'><a class=\"ez-toc-link ez-toc-heading-2\" href=\"https:\/\/www.auxiliadorapredial.com.br\/blog\/5-respostas-sobre-desocupacao-de-imovel-alugado\/#2_O_prazo_de_desocupacao_pode_ser_modificado\" >2. O prazo de desocupa\u00e7\u00e3o pode ser modificado?<\/a><\/li><li class='ez-toc-page-1 ez-toc-heading-level-2'><a class=\"ez-toc-link ez-toc-heading-3\" href=\"https:\/\/www.auxiliadorapredial.com.br\/blog\/5-respostas-sobre-desocupacao-de-imovel-alugado\/#3_Como_funciona_a_notificacao_de_desocupacao_de_um_imovel_alugado\" >3. Como funciona a notifica\u00e7\u00e3o de desocupa\u00e7\u00e3o de um im\u00f3vel alugado?<\/a><\/li><li class='ez-toc-page-1 ez-toc-heading-level-2'><a class=\"ez-toc-link ez-toc-heading-4\" href=\"https:\/\/www.auxiliadorapredial.com.br\/blog\/5-respostas-sobre-desocupacao-de-imovel-alugado\/#4_Quero_desocupar_o_imovel_alugado_O_que_preciso_fazer\" >4. Quero desocupar o im\u00f3vel alugado. O que preciso fazer?<\/a><\/li><li class='ez-toc-page-1 ez-toc-heading-level-2'><a class=\"ez-toc-link ez-toc-heading-5\" href=\"https:\/\/www.auxiliadorapredial.com.br\/blog\/5-respostas-sobre-desocupacao-de-imovel-alugado\/#5_A_pandemia_gerou_alguma_mudanca_nesses_processos\" >5. A pandemia gerou alguma mudan\u00e7a nesses processos?<\/a><\/li><\/ul><\/nav><\/div>\n<h2><span class=\"ez-toc-section\" id=\"1_Quanto_tempo_o_inquilino_tem_para_fazer_a_desocupacao_de_um_imovel_alugado\"><\/span><b>1. Quanto tempo o inquilino tem para fazer a desocupa\u00e7\u00e3o de um im\u00f3vel alugado?<\/b><b><\/b><span class=\"ez-toc-section-end\"><\/span><\/h2>\n<p><span style=\"font-weight: 400;\">Essa \u00e9 uma das principais d\u00favidas sobre o tema. Primeiramente, entenda que a desocupa\u00e7\u00e3o est\u00e1 ligada ao contrato de loca\u00e7\u00e3o.<\/span><\/p>\n<p><span style=\"font-weight: 400;\">Por exemplo, se no contrato h\u00e1 um prazo indeterminado ou cl\u00e1usula de 12 meses, ent\u00e3o o inquilino deve avisar <\/span><b>30 dias<\/b><span style=\"font-weight: 400;\"> antes da desocupa\u00e7\u00e3o. Essa determina\u00e7\u00e3o consta, inclusive, na <a href=\"http:\/\/www.planalto.gov.br\/ccivil_03\/leis\/l8245.htm\" target=\"_blank\" rel=\"noopener\">Lei do Inquilinato<\/a><\/span><span style=\"font-weight: 400;\">.<\/span><\/p>\n<p><span style=\"font-weight: 400;\">Agora, se for o caso de desocupar com <\/span><b>multa contratual<\/b><span style=\"font-weight: 400;\">, o inquilino pode deixar a casa ou o apartamento quando quiser, sem aviso pr\u00e9vio, bastando agendar a vistoria.<\/span><\/p>\n<p><span style=\"font-weight: 400;\">Lembre-se, tamb\u00e9m, que enquanto o contrato estiver vigente e o propriet\u00e1rio n\u00e3o se manifestar, \u00e9 o inquilino que decide se quer desocupar ou n\u00e3o.<\/span><\/p>\n<p><span style=\"font-weight: 400;\">J\u00e1 no caso de inadimpl\u00eancia \u00e9 solicitado o despejo via a\u00e7\u00e3o judicial.<\/span><\/p>\n<p>Al\u00e9m disso, tamb\u00e9m temos o caso em que a desocupa\u00e7\u00e3o \u00e9 consequ\u00eancia de uma necessidade do propriet\u00e1rio, que deseja <strong>vender o im\u00f3vel<\/strong>.<\/p>\n<p>A primeira oferta deve ser feita ao inquilino de aluguel, que possui a prefer\u00eancia de compra. Se n\u00e3o houver o interesse e a venda for conclu\u00edda para outra pessoa, ent\u00e3o o prazo para desocupar \u00e9 de at\u00e9 90 dias, independente do tempo de contrato.<\/p>\n<p>&nbsp;<\/p>\n<h2><span class=\"ez-toc-section\" id=\"2_O_prazo_de_desocupacao_pode_ser_modificado\"><\/span><b>2. O prazo de desocupa\u00e7\u00e3o pode ser modificado?<\/b><b><\/b><span class=\"ez-toc-section-end\"><\/span><\/h2>\n<p><span style=\"font-weight: 400;\">Na desocupa\u00e7\u00e3o de um im\u00f3vel alugado o inquilino at\u00e9 pode, sim, prorrogar o prazo de sa\u00edda, desde que tenha a autoriza\u00e7\u00e3o por parte do propriet\u00e1rio.<\/span><\/p>\n<p><span style=\"font-weight: 400;\">Por outro lado, o propriet\u00e1rio n\u00e3o pode reduzir o prazo de desocupa\u00e7\u00e3o e solicitar o im\u00f3vel antes do combinado. Por\u00e9m, se o inquilino j\u00e1 est\u00e1 no meio do processo de desocupar o im\u00f3vel e o propriet\u00e1rio tem mesmo essa urg\u00eancia, ambos podem entrar em acordo e formalizar via imobili\u00e1ria.<\/span><\/p>\n<p>&nbsp;<\/p>\n<h2><span class=\"ez-toc-section\" id=\"3_Como_funciona_a_notificacao_de_desocupacao_de_um_imovel_alugado\"><\/span><b>3. Como funciona a notifica\u00e7\u00e3o de desocupa\u00e7\u00e3o de um im\u00f3vel alugado?<\/b><b><\/b><span class=\"ez-toc-section-end\"><\/span><\/h2>\n<p><span style=\"font-weight: 400;\">Se voc\u00ea est\u00e1 falando do aviso pr\u00e9vio de 30 dias, ent\u00e3o o inquilino preenche um documento com endere\u00e7o completo, nome, telefone, e-mail, al\u00e9m do motivo da sa\u00edda e a data de solicita\u00e7\u00e3o &#8211; \u00e9 a partir dela que passam a ser contados os 30 dias.<\/span><\/p>\n<p><span style=\"font-weight: 400;\">No entanto, se o caso for de desocupa\u00e7\u00e3o por multa contratual, ent\u00e3o apenas um e-mail que comunique o interesse em desocupar j\u00e1 basta.<\/span><\/p>\n<p><span style=\"font-weight: 400;\">As duas comunica\u00e7\u00f5es s\u00e3o direcionadas para a imobili\u00e1ria, que \u00e9 respons\u00e1vel por dar andamento nas solicita\u00e7\u00f5es.<\/span><\/p>\n<p>&nbsp;<\/p>\n<p><img fetchpriority=\"high\" decoding=\"async\" class=\"aligncenter wp-image-12509 size-full\" src=\"https:\/\/www.auxiliadorapredial.com.br\/blog\/wp-content\/uploads\/desocupacao-imovel-alugado-2.webp\" alt=\"Respostas para 5 perguntas sobre desocupa\u00e7\u00e3o de im\u00f3vel alugado | Auxiliadora Predial\" width=\"996\" height=\"664\" srcset=\"https:\/\/www.auxiliadorapredial.com.br\/blog\/wp-content\/uploads\/desocupacao-imovel-alugado-2.webp 996w, https:\/\/www.auxiliadorapredial.com.br\/blog\/wp-content\/uploads\/desocupacao-imovel-alugado-2-300x200.webp 300w, https:\/\/www.auxiliadorapredial.com.br\/blog\/wp-content\/uploads\/desocupacao-imovel-alugado-2-768x512.webp 768w\" sizes=\"(max-width: 996px) 100vw, 996px\" \/><\/p>\n<p>&nbsp;<\/p>\n<h2><span class=\"ez-toc-section\" id=\"4_Quero_desocupar_o_imovel_alugado_O_que_preciso_fazer\"><\/span><b>4. Quero desocupar o im\u00f3vel alugado. O que preciso fazer?<\/b><b><\/b><span class=\"ez-toc-section-end\"><\/span><\/h2>\n<p><span style=\"font-weight: 400;\">Al\u00e9m da notifica\u00e7\u00e3o via documento de aviso pr\u00e9vio que explicamos acima, voc\u00ea precisa agendar uma <\/span><b>vistoria<\/b><span style=\"font-weight: 400;\">.<\/span><\/p>\n<p><span style=\"font-weight: 400;\">A vistoria nada mais \u00e9 do que a visita de um profissional capacitado que vai checar as condi\u00e7\u00f5es do im\u00f3vel e fazer a confer\u00eancia se voc\u00ea est\u00e1 entregando ele da mesma forma em que recebeu, ou seja, de acordo com a vistoria inicial.<\/span><\/p>\n<p><span style=\"font-weight: 400;\">De acordo com a vistoria, se algum item n\u00e3o estiver aprovado, o inquilino \u00e9 informado, deve realizar os reparos necess\u00e1rios e agendar uma nova vistoria.<\/span><\/p>\n<p><span style=\"font-weight: 400;\">Outro caso \u00e9 se o inquilino sair e deixar as suas contas em aberto. Ele ser\u00e1 informado sobre os d\u00e9bitos, enquanto o setor de cobran\u00e7as da imobili\u00e1ria tentar\u00e1 fazer acordo para quitar os valores.<\/span><\/p>\n<p>&nbsp;<\/p>\n<p><b>Leia tamb\u00e9m:\u00a0<\/b><\/p>\n<p><a href=\"https:\/\/www.auxiliadorapredial.com.br\/blog\/5-dicas-para-economizar-na-mudanca\/\" target=\"_blank\" rel=\"noopener\">5 dicas para economizar na mudan\u00e7a<\/a><\/p>\n<p><a href=\"https:\/\/www.auxiliadorapredial.com.br\/blog\/como-negociar-um-apartamento-a-venda-em-porto-alegre\/\" target=\"_blank\" rel=\"noopener\">Como negociar um apartamento \u00e0 venda em Porto Alegre<\/a><\/p>\n<h2><span class=\"ez-toc-section\" id=\"5_A_pandemia_gerou_alguma_mudanca_nesses_processos\"><\/span><b>5. A pandemia gerou alguma mudan\u00e7a nesses processos?<\/b><b><\/b><span class=\"ez-toc-section-end\"><\/span><\/h2>\n<p><span style=\"font-weight: 400;\">A verdade \u00e9 que esses \u201cnovos tempos\u201d n\u00e3o transformaram as etapas normais da desocupa\u00e7\u00e3o de um im\u00f3vel alugado. Por\u00e9m, os desafios desses tempos inesperados motivaram novas negocia\u00e7\u00f5es.<\/span><\/p>\n<p><span style=\"font-weight: 400;\">O que se viu em consequ\u00eancia da pandemia foi uma grande leva de negocia\u00e7\u00f5es entre inquilinos e propriet\u00e1rios na busca de diferentes solu\u00e7\u00f5es: isen\u00e7\u00e3o ou desconto em multa contratual, aviso pr\u00e9vio, isen\u00e7\u00e3o de reparos ou vistoria do im\u00f3vel.<\/span><\/p>\n<p><span style=\"font-weight: 400;\">Por fim, lembre-se que desocupar um im\u00f3vel alugado, quando todas as partes envolvidas est\u00e3o engajadas em fazer dar certo, \u00e9 um rito de passagem que pode ser positivo e conclu\u00eddo sem surpresas ou problemas.<\/span><\/p>\n<p><span style=\"font-weight: 400;\">Voc\u00ea viu neste artigo dicas e orienta\u00e7\u00f5es fornecidas pelo setor de Relacionamento ao Cliente da Auxiliadora Predial.<\/span><\/p>\n<p>&nbsp;<\/p>\n<p><a href=\"https:\/\/mkt.auxiliadorapredial.com.br\/anuncie-seu-imovel?utm_o_source=site&amp;utm_o_medium=cabecalho&amp;utm_o_campaign=anuncie-seu-imovel&amp;utm_o_source=facebook&amp;utm_o_medium=social&amp;utm_o_campaign=2020_mai_aptem_alcance&amp;utm_o_term=2020_mai_18_aptem_alcance&amp;utm_o_content=2020_mai_1&amp;utm_source=facebook&amp;utm_medium=social&amp;utm_campaign=2020_mai_aptem_alcance&amp;utm_term=2020_mai_18_aptem_alcance&amp;utm_content=2020_mai_1\" target=\"_blank\" rel=\"noopener\"><b>Saiba agora <\/b><\/a><span style=\"font-weight: 400;\">como anunciar o seu im\u00f3vel e alugar ou vender ainda mais r\u00e1pido.<\/span><\/p>\n<p><span style=\"font-weight: 400;\">Ou <\/span><a href=\"https:\/\/www.auxiliadorapredial.com.br\/\" target=\"_blank\" rel=\"noopener\"><b>encontre aqui <\/b><\/a><span style=\"font-weight: 400;\">a casa ou apartamento perfeito para alugar ou comprar.<\/span><\/p>\n","protected":false},"excerpt":{"rendered":"<p>Organizar uma mudan\u00e7a \u00e9 uma tarefa t\u00e3o dif\u00edcil quanto definir qual ser\u00e1 o seu pr\u00f3ximo lar. Antes de chegar na casa nova voc\u00ea precisa resolver uma s\u00e9rie de pend\u00eancias e, caso esteja morando de aluguel, a lista fica um pouco mais extensa. Antes de mais nada, tudo que voc\u00ea deve fazer tem a ver com [&hellip;]<\/p>\n","protected":false},"author":8,"featured_media":12585,"comment_status":"closed","ping_status":"open","sticky":false,"template":"","format":"standard","meta":{"footnotes":""},"categories":[307],"tags":[205,333,335,334],"class_list":["post-7675","post","type-post","status-publish","format-standard","has-post-thumbnail","hentry","category-meu-lar","tag-aluguel","tag-desocupacao-de-imovel","tag-desocupar-imovel","tag-venda"],"yoast_head":"<!-- This site is optimized with the Yoast SEO plugin v27.3 - https:\/\/yoast.com\/product\/yoast-seo-wordpress\/ -->\n<title>5 perguntas e respostas sobre desocupa\u00e7\u00e3o de im\u00f3vel alugado<\/title>\n<meta name=\"description\" content=\"Qual o prazo de desocupa\u00e7\u00e3o de um im\u00f3vel alugado? \u00c9 negoci\u00e1vel? Esclarecemos essas e outras d\u00favidas para inquilinos e propriet\u00e1rios.\" \/>\n<meta name=\"robots\" content=\"index, follow, max-snippet:-1, max-image-preview:large, max-video-preview:-1\" \/>\n<link rel=\"canonical\" href=\"https:\/\/auxiliadorapredial.com.br\/blog\/5-respostas-sobre-desocupacao-de-imovel-alugado\/\" \/>\n<meta property=\"og:locale\" content=\"pt_BR\" \/>\n<meta property=\"og:type\" content=\"article\" \/>\n<meta property=\"og:title\" content=\"5 perguntas e respostas sobre desocupa\u00e7\u00e3o de im\u00f3vel alugado\" \/>\n<meta property=\"og:description\" content=\"Qual o prazo de desocupa\u00e7\u00e3o de um im\u00f3vel alugado? \u00c9 negoci\u00e1vel? Esclarecemos essas e outras d\u00favidas para inquilinos e propriet\u00e1rios.\" \/>\n<meta property=\"og:url\" content=\"https:\/\/auxiliadorapredial.com.br\/blog\/5-respostas-sobre-desocupacao-de-imovel-alugado\/\" \/>\n<meta property=\"og:site_name\" content=\"Blog da Auxiliadora Predial - Tudo sobre im\u00f3veis e condom\u00ednios\" \/>\n<meta property=\"article:published_time\" content=\"2021-11-29T22:00:58+00:00\" \/>\n<meta property=\"article:modified_time\" content=\"2023-04-18T17:18:34+00:00\" \/>\n<meta property=\"og:image\" content=\"https:\/\/auxiliadorapredial.com.br\/blog\/wp-content\/uploads\/desocupacao-de-imovel-alugado-1.webp\" \/>\n\t<meta property=\"og:image:width\" content=\"1530\" \/>\n\t<meta property=\"og:image:height\" content=\"1020\" \/>\n\t<meta property=\"og:image:type\" content=\"image\/webp\" \/>\n<meta name=\"author\" content=\"Auxiliadora Predial\" \/>\n<meta name=\"twitter:card\" content=\"summary_large_image\" \/>\n<meta name=\"twitter:label1\" content=\"Escrito por\" \/>\n\t<meta name=\"twitter:data1\" content=\"Auxiliadora Predial\" \/>\n\t<meta name=\"twitter:label2\" content=\"Est. tempo de leitura\" \/>\n\t<meta name=\"twitter:data2\" content=\"5 minutos\" \/>\n<script type=\"application\/ld+json\" class=\"yoast-schema-graph\">{\"@context\":\"https:\\\/\\\/schema.org\",\"@graph\":[{\"@type\":\"Article\",\"@id\":\"https:\\\/\\\/auxiliadorapredial.com.br\\\/blog\\\/5-respostas-sobre-desocupacao-de-imovel-alugado\\\/#article\",\"isPartOf\":{\"@id\":\"https:\\\/\\\/auxiliadorapredial.com.br\\\/blog\\\/5-respostas-sobre-desocupacao-de-imovel-alugado\\\/\"},\"author\":{\"name\":\"Auxiliadora Predial\",\"@id\":\"https:\\\/\\\/www.auxiliadorapredial.com.br\\\/blog\\\/#\\\/schema\\\/person\\\/6f18fc59c4e49f77084c0b79db558b94\"},\"headline\":\"Respostas para 5 perguntas sobre desocupa\u00e7\u00e3o de im\u00f3vel alugado\",\"datePublished\":\"2021-11-29T22:00:58+00:00\",\"dateModified\":\"2023-04-18T17:18:34+00:00\",\"mainEntityOfPage\":{\"@id\":\"https:\\\/\\\/auxiliadorapredial.com.br\\\/blog\\\/5-respostas-sobre-desocupacao-de-imovel-alugado\\\/\"},\"wordCount\":894,\"image\":{\"@id\":\"https:\\\/\\\/auxiliadorapredial.com.br\\\/blog\\\/5-respostas-sobre-desocupacao-de-imovel-alugado\\\/#primaryimage\"},\"thumbnailUrl\":\"https:\\\/\\\/www.auxiliadorapredial.com.br\\\/blog\\\/wp-content\\\/uploads\\\/desocupacao-de-imovel-alugado-1.webp\",\"keywords\":[\"aluguel\",\"desocupa\u00e7\u00e3o de im\u00f3vel\",\"desocupar im\u00f3vel\",\"venda\"],\"articleSection\":[\"Meu Lar\"],\"inLanguage\":\"pt-BR\"},{\"@type\":\"WebPage\",\"@id\":\"https:\\\/\\\/auxiliadorapredial.com.br\\\/blog\\\/5-respostas-sobre-desocupacao-de-imovel-alugado\\\/\",\"url\":\"https:\\\/\\\/auxiliadorapredial.com.br\\\/blog\\\/5-respostas-sobre-desocupacao-de-imovel-alugado\\\/\",\"name\":\"5 perguntas e respostas sobre desocupa\u00e7\u00e3o de im\u00f3vel alugado\",\"isPartOf\":{\"@id\":\"https:\\\/\\\/www.auxiliadorapredial.com.br\\\/blog\\\/#website\"},\"primaryImageOfPage\":{\"@id\":\"https:\\\/\\\/auxiliadorapredial.com.br\\\/blog\\\/5-respostas-sobre-desocupacao-de-imovel-alugado\\\/#primaryimage\"},\"image\":{\"@id\":\"https:\\\/\\\/auxiliadorapredial.com.br\\\/blog\\\/5-respostas-sobre-desocupacao-de-imovel-alugado\\\/#primaryimage\"},\"thumbnailUrl\":\"https:\\\/\\\/www.auxiliadorapredial.com.br\\\/blog\\\/wp-content\\\/uploads\\\/desocupacao-de-imovel-alugado-1.webp\",\"datePublished\":\"2021-11-29T22:00:58+00:00\",\"dateModified\":\"2023-04-18T17:18:34+00:00\",\"author\":{\"@id\":\"https:\\\/\\\/www.auxiliadorapredial.com.br\\\/blog\\\/#\\\/schema\\\/person\\\/6f18fc59c4e49f77084c0b79db558b94\"},\"description\":\"Qual o prazo de desocupa\u00e7\u00e3o de um im\u00f3vel alugado? \u00c9 negoci\u00e1vel? Esclarecemos essas e outras d\u00favidas para inquilinos e propriet\u00e1rios.\",\"inLanguage\":\"pt-BR\",\"potentialAction\":[{\"@type\":\"ReadAction\",\"target\":[\"https:\\\/\\\/auxiliadorapredial.com.br\\\/blog\\\/5-respostas-sobre-desocupacao-de-imovel-alugado\\\/\"]}]},{\"@type\":\"ImageObject\",\"inLanguage\":\"pt-BR\",\"@id\":\"https:\\\/\\\/auxiliadorapredial.com.br\\\/blog\\\/5-respostas-sobre-desocupacao-de-imovel-alugado\\\/#primaryimage\",\"url\":\"https:\\\/\\\/www.auxiliadorapredial.com.br\\\/blog\\\/wp-content\\\/uploads\\\/desocupacao-de-imovel-alugado-1.webp\",\"contentUrl\":\"https:\\\/\\\/www.auxiliadorapredial.com.br\\\/blog\\\/wp-content\\\/uploads\\\/desocupacao-de-imovel-alugado-1.webp\",\"width\":1530,\"height\":1020,\"caption\":\"Respostas para 5 perguntas sobre desocupa\u00e7\u00e3o de im\u00f3vel alugado\"},{\"@type\":\"WebSite\",\"@id\":\"https:\\\/\\\/www.auxiliadorapredial.com.br\\\/blog\\\/#website\",\"url\":\"https:\\\/\\\/www.auxiliadorapredial.com.br\\\/blog\\\/\",\"name\":\"Blog da Auxiliadora Predial - Tudo sobre im\u00f3veis e condom\u00ednios\",\"description\":\"Dicas da Auxiliadora Predial sobre aluguel, compra e venda de im\u00f3veis, al\u00e9m de condom\u00ednios. Imobili\u00e1ria em Porto Alegre e interior do RS, Santa Catarina e S\u00e3o Paulo.\",\"potentialAction\":[{\"@type\":\"SearchAction\",\"target\":{\"@type\":\"EntryPoint\",\"urlTemplate\":\"https:\\\/\\\/www.auxiliadorapredial.com.br\\\/blog\\\/?s={search_term_string}\"},\"query-input\":{\"@type\":\"PropertyValueSpecification\",\"valueRequired\":true,\"valueName\":\"search_term_string\"}}],\"inLanguage\":\"pt-BR\"},{\"@type\":\"Person\",\"@id\":\"https:\\\/\\\/www.auxiliadorapredial.com.br\\\/blog\\\/#\\\/schema\\\/person\\\/6f18fc59c4e49f77084c0b79db558b94\",\"name\":\"Auxiliadora Predial\",\"image\":{\"@type\":\"ImageObject\",\"inLanguage\":\"pt-BR\",\"@id\":\"https:\\\/\\\/secure.gravatar.com\\\/avatar\\\/35e2e024be01cb7ad8d58228a0e85f870bdc4fcffc251c71ad386ea38ee05234?s=96&d=mm&r=g\",\"url\":\"https:\\\/\\\/secure.gravatar.com\\\/avatar\\\/35e2e024be01cb7ad8d58228a0e85f870bdc4fcffc251c71ad386ea38ee05234?s=96&d=mm&r=g\",\"contentUrl\":\"https:\\\/\\\/secure.gravatar.com\\\/avatar\\\/35e2e024be01cb7ad8d58228a0e85f870bdc4fcffc251c71ad386ea38ee05234?s=96&d=mm&r=g\",\"caption\":\"Auxiliadora Predial\"},\"sameAs\":[\"https:\\\/\\\/www.auxiliadorapredial.com.br\\\/\"]}]}<\/script>\n<!-- \/ Yoast SEO plugin. -->","yoast_head_json":{"title":"5 perguntas e respostas sobre desocupa\u00e7\u00e3o de im\u00f3vel alugado","description":"Qual o prazo de desocupa\u00e7\u00e3o de um im\u00f3vel alugado? \u00c9 negoci\u00e1vel? Esclarecemos essas e outras d\u00favidas para inquilinos e propriet\u00e1rios.","robots":{"index":"index","follow":"follow","max-snippet":"max-snippet:-1","max-image-preview":"max-image-preview:large","max-video-preview":"max-video-preview:-1"},"canonical":"https:\/\/auxiliadorapredial.com.br\/blog\/5-respostas-sobre-desocupacao-de-imovel-alugado\/","og_locale":"pt_BR","og_type":"article","og_title":"5 perguntas e respostas sobre desocupa\u00e7\u00e3o de im\u00f3vel alugado","og_description":"Qual o prazo de desocupa\u00e7\u00e3o de um im\u00f3vel alugado? \u00c9 negoci\u00e1vel? Esclarecemos essas e outras d\u00favidas para inquilinos e propriet\u00e1rios.","og_url":"https:\/\/auxiliadorapredial.com.br\/blog\/5-respostas-sobre-desocupacao-de-imovel-alugado\/","og_site_name":"Blog da Auxiliadora Predial - Tudo sobre im\u00f3veis e condom\u00ednios","article_published_time":"2021-11-29T22:00:58+00:00","article_modified_time":"2023-04-18T17:18:34+00:00","og_image":[{"width":1530,"height":1020,"url":"https:\/\/auxiliadorapredial.com.br\/blog\/wp-content\/uploads\/desocupacao-de-imovel-alugado-1.webp","type":"image\/webp"}],"author":"Auxiliadora Predial","twitter_card":"summary_large_image","twitter_misc":{"Escrito por":"Auxiliadora Predial","Est. tempo de leitura":"5 minutos"},"schema":{"@context":"https:\/\/schema.org","@graph":[{"@type":"Article","@id":"https:\/\/auxiliadorapredial.com.br\/blog\/5-respostas-sobre-desocupacao-de-imovel-alugado\/#article","isPartOf":{"@id":"https:\/\/auxiliadorapredial.com.br\/blog\/5-respostas-sobre-desocupacao-de-imovel-alugado\/"},"author":{"name":"Auxiliadora Predial","@id":"https:\/\/www.auxiliadorapredial.com.br\/blog\/#\/schema\/person\/6f18fc59c4e49f77084c0b79db558b94"},"headline":"Respostas para 5 perguntas sobre desocupa\u00e7\u00e3o de im\u00f3vel alugado","datePublished":"2021-11-29T22:00:58+00:00","dateModified":"2023-04-18T17:18:34+00:00","mainEntityOfPage":{"@id":"https:\/\/auxiliadorapredial.com.br\/blog\/5-respostas-sobre-desocupacao-de-imovel-alugado\/"},"wordCount":894,"image":{"@id":"https:\/\/auxiliadorapredial.com.br\/blog\/5-respostas-sobre-desocupacao-de-imovel-alugado\/#primaryimage"},"thumbnailUrl":"https:\/\/www.auxiliadorapredial.com.br\/blog\/wp-content\/uploads\/desocupacao-de-imovel-alugado-1.webp","keywords":["aluguel","desocupa\u00e7\u00e3o de im\u00f3vel","desocupar im\u00f3vel","venda"],"articleSection":["Meu Lar"],"inLanguage":"pt-BR"},{"@type":"WebPage","@id":"https:\/\/auxiliadorapredial.com.br\/blog\/5-respostas-sobre-desocupacao-de-imovel-alugado\/","url":"https:\/\/auxiliadorapredial.com.br\/blog\/5-respostas-sobre-desocupacao-de-imovel-alugado\/","name":"5 perguntas e respostas sobre desocupa\u00e7\u00e3o de im\u00f3vel alugado","isPartOf":{"@id":"https:\/\/www.auxiliadorapredial.com.br\/blog\/#website"},"primaryImageOfPage":{"@id":"https:\/\/auxiliadorapredial.com.br\/blog\/5-respostas-sobre-desocupacao-de-imovel-alugado\/#primaryimage"},"image":{"@id":"https:\/\/auxiliadorapredial.com.br\/blog\/5-respostas-sobre-desocupacao-de-imovel-alugado\/#primaryimage"},"thumbnailUrl":"https:\/\/www.auxiliadorapredial.com.br\/blog\/wp-content\/uploads\/desocupacao-de-imovel-alugado-1.webp","datePublished":"2021-11-29T22:00:58+00:00","dateModified":"2023-04-18T17:18:34+00:00","author":{"@id":"https:\/\/www.auxiliadorapredial.com.br\/blog\/#\/schema\/person\/6f18fc59c4e49f77084c0b79db558b94"},"description":"Qual o prazo de desocupa\u00e7\u00e3o de um im\u00f3vel alugado? \u00c9 negoci\u00e1vel? Esclarecemos essas e outras d\u00favidas para inquilinos e propriet\u00e1rios.","inLanguage":"pt-BR","potentialAction":[{"@type":"ReadAction","target":["https:\/\/auxiliadorapredial.com.br\/blog\/5-respostas-sobre-desocupacao-de-imovel-alugado\/"]}]},{"@type":"ImageObject","inLanguage":"pt-BR","@id":"https:\/\/auxiliadorapredial.com.br\/blog\/5-respostas-sobre-desocupacao-de-imovel-alugado\/#primaryimage","url":"https:\/\/www.auxiliadorapredial.com.br\/blog\/wp-content\/uploads\/desocupacao-de-imovel-alugado-1.webp","contentUrl":"https:\/\/www.auxiliadorapredial.com.br\/blog\/wp-content\/uploads\/desocupacao-de-imovel-alugado-1.webp","width":1530,"height":1020,"caption":"Respostas para 5 perguntas sobre desocupa\u00e7\u00e3o de im\u00f3vel alugado"},{"@type":"WebSite","@id":"https:\/\/www.auxiliadorapredial.com.br\/blog\/#website","url":"https:\/\/www.auxiliadorapredial.com.br\/blog\/","name":"Blog da Auxiliadora Predial - Tudo sobre im\u00f3veis e condom\u00ednios","description":"Dicas da Auxiliadora Predial sobre aluguel, compra e venda de im\u00f3veis, al\u00e9m de condom\u00ednios. Imobili\u00e1ria em Porto Alegre e interior do RS, Santa Catarina e S\u00e3o Paulo.","potentialAction":[{"@type":"SearchAction","target":{"@type":"EntryPoint","urlTemplate":"https:\/\/www.auxiliadorapredial.com.br\/blog\/?s={search_term_string}"},"query-input":{"@type":"PropertyValueSpecification","valueRequired":true,"valueName":"search_term_string"}}],"inLanguage":"pt-BR"},{"@type":"Person","@id":"https:\/\/www.auxiliadorapredial.com.br\/blog\/#\/schema\/person\/6f18fc59c4e49f77084c0b79db558b94","name":"Auxiliadora Predial","image":{"@type":"ImageObject","inLanguage":"pt-BR","@id":"https:\/\/secure.gravatar.com\/avatar\/35e2e024be01cb7ad8d58228a0e85f870bdc4fcffc251c71ad386ea38ee05234?s=96&d=mm&r=g","url":"https:\/\/secure.gravatar.com\/avatar\/35e2e024be01cb7ad8d58228a0e85f870bdc4fcffc251c71ad386ea38ee05234?s=96&d=mm&r=g","contentUrl":"https:\/\/secure.gravatar.com\/avatar\/35e2e024be01cb7ad8d58228a0e85f870bdc4fcffc251c71ad386ea38ee05234?s=96&d=mm&r=g","caption":"Auxiliadora Predial"},"sameAs":["https:\/\/www.auxiliadorapredial.com.br\/"]}]}},"views":10706,"_links":{"self":[{"href":"https:\/\/www.auxiliadorapredial.com.br\/blog\/wp-json\/wp\/v2\/posts\/7675","targetHints":{"allow":["GET"]}}],"collection":[{"href":"https:\/\/www.auxiliadorapredial.com.br\/blog\/wp-json\/wp\/v2\/posts"}],"about":[{"href":"https:\/\/www.auxiliadorapredial.com.br\/blog\/wp-json\/wp\/v2\/types\/post"}],"author":[{"embeddable":true,"href":"https:\/\/www.auxiliadorapredial.com.br\/blog\/wp-json\/wp\/v2\/users\/8"}],"replies":[{"embeddable":true,"href":"https:\/\/www.auxiliadorapredial.com.br\/blog\/wp-json\/wp\/v2\/comments?post=7675"}],"version-history":[{"count":9,"href":"https:\/\/www.auxiliadorapredial.com.br\/blog\/wp-json\/wp\/v2\/posts\/7675\/revisions"}],"predecessor-version":[{"id":7962,"href":"https:\/\/www.auxiliadorapredial.com.br\/blog\/wp-json\/wp\/v2\/posts\/7675\/revisions\/7962"}],"wp:featuredmedia":[{"embeddable":true,"href":"https:\/\/www.auxiliadorapredial.com.br\/blog\/wp-json\/wp\/v2\/media\/12585"}],"wp:attachment":[{"href":"https:\/\/www.auxiliadorapredial.com.br\/blog\/wp-json\/wp\/v2\/media?parent=7675"}],"wp:term":[{"taxonomy":"category","embeddable":true,"href":"https:\/\/www.auxiliadorapredial.com.br\/blog\/wp-json\/wp\/v2\/categories?post=7675"},{"taxonomy":"post_tag","embeddable":true,"href":"https:\/\/www.auxiliadorapredial.com.br\/blog\/wp-json\/wp\/v2\/tags?post=7675"}],"curies":[{"name":"wp","href":"https:\/\/api.w.org\/{rel}","templated":true}]}}