{"id":7742,"date":"2021-12-14T16:45:11","date_gmt":"2021-12-14T19:45:11","guid":{"rendered":"https:\/\/www.auxiliadorapredial.com.br\/blog\/?p=7742"},"modified":"2024-01-18T14:48:31","modified_gmt":"2024-01-18T17:48:31","slug":"5-razoes-para-morar-em-gramado","status":"publish","type":"post","link":"https:\/\/www.auxiliadorapredial.com.br\/blog\/5-razoes-para-morar-em-gramado\/","title":{"rendered":"5 raz\u00f5es para morar em Gramado"},"content":{"rendered":"<p><span style=\"font-weight: 400;\">Um destino tur\u00edstico que conquistou o pa\u00eds inteiro. Essa \u00e9 a cidade refer\u00eancia em turismo no Rio Grande do Sul que superou as fronteiras para virar uma sensa\u00e7\u00e3o em todo o Brasil &#8211; e at\u00e9 mesmo fora dele.<\/span><\/p>\n<p><span style=\"font-weight: 400;\">\u00c0 primeira vista, um dos lugares mais procurados para visitar e que, aos poucos, se tornou tamb\u00e9m uma op\u00e7\u00e3o para viver. Provavelmente voc\u00ea j\u00e1 pensou em<\/span><b> morar em Gramado <\/b><span style=\"font-weight: 400;\">ou conhece algu\u00e9m que se encaixa nesse sonho.<\/span><\/p>\n<p><span style=\"font-weight: 400;\">Agora, vamos entender neste artigo como a cidade ganhou esse lugar de destaque e, caso esteja na d\u00favida, temos alguns motivos para voc\u00ea levar em conta na hora de decidir se deveria se tornar um (a) novo (a) habitante da Serra Ga\u00facha.<\/span><br \/>\n<b><\/b><\/p>\n<p>&nbsp;<\/p>\n<div id=\"ez-toc-container\" class=\"ez-toc-v2_0_82_2 counter-hierarchy ez-toc-counter ez-toc-transparent ez-toc-container-direction\">\n<p class=\"ez-toc-title\" style=\"cursor:inherit\">Navegue pelo conte\u00fado<\/p>\n<label for=\"ez-toc-cssicon-toggle-item-69f25b5067d53\" class=\"ez-toc-cssicon-toggle-label\"><span class=\"\"><span class=\"eztoc-hide\" style=\"display:none;\">Toggle<\/span><span class=\"ez-toc-icon-toggle-span\"><svg style=\"fill: #000000;color:#000000\" xmlns=\"http:\/\/www.w3.org\/2000\/svg\" class=\"list-377408\" width=\"20px\" height=\"20px\" viewBox=\"0 0 24 24\" fill=\"none\"><path d=\"M6 6H4v2h2V6zm14 0H8v2h12V6zM4 11h2v2H4v-2zm16 0H8v2h12v-2zM4 16h2v2H4v-2zm16 0H8v2h12v-2z\" fill=\"currentColor\"><\/path><\/svg><svg style=\"fill: #000000;color:#000000\" class=\"arrow-unsorted-368013\" xmlns=\"http:\/\/www.w3.org\/2000\/svg\" width=\"10px\" height=\"10px\" viewBox=\"0 0 24 24\" version=\"1.2\" baseProfile=\"tiny\"><path d=\"M18.2 9.3l-6.2-6.3-6.2 6.3c-.2.2-.3.4-.3.7s.1.5.3.7c.2.2.4.3.7.3h11c.3 0 .5-.1.7-.3.2-.2.3-.5.3-.7s-.1-.5-.3-.7zM5.8 14.7l6.2 6.3 6.2-6.3c.2-.2.3-.5.3-.7s-.1-.5-.3-.7c-.2-.2-.4-.3-.7-.3h-11c-.3 0-.5.1-.7.3-.2.2-.3.5-.3.7s.1.5.3.7z\"\/><\/svg><\/span><\/span><\/label><input type=\"checkbox\"  id=\"ez-toc-cssicon-toggle-item-69f25b5067d53\"  aria-label=\"Alternar\" \/><nav><ul class='ez-toc-list ez-toc-list-level-1 ' ><li class='ez-toc-page-1 ez-toc-heading-level-2'><a class=\"ez-toc-link ez-toc-heading-1\" href=\"https:\/\/www.auxiliadorapredial.com.br\/blog\/5-razoes-para-morar-em-gramado\/#1_Turismo_o_ano_todo_para_quem_decide_morar_em_Gramado\" >1. Turismo o ano todo para quem decide morar em Gramado<\/a><ul class='ez-toc-list-level-3' ><li class='ez-toc-heading-level-3'><a class=\"ez-toc-link ez-toc-heading-2\" href=\"https:\/\/www.auxiliadorapredial.com.br\/blog\/5-razoes-para-morar-em-gramado\/#Festas_e_pontos_turisticos\" >Festas e pontos tur\u00edsticos<\/a><\/li><\/ul><\/li><li class='ez-toc-page-1 ez-toc-heading-level-2'><a class=\"ez-toc-link ez-toc-heading-3\" href=\"https:\/\/www.auxiliadorapredial.com.br\/blog\/5-razoes-para-morar-em-gramado\/#Leia_tambem\" >Leia tamb\u00e9m:<\/a><\/li><li class='ez-toc-page-1 ez-toc-heading-level-2'><a class=\"ez-toc-link ez-toc-heading-4\" href=\"https:\/\/www.auxiliadorapredial.com.br\/blog\/5-razoes-para-morar-em-gramado\/#2_Hospedagem_e_gastronomia\" >2. Hospedagem e gastronomia<\/a><\/li><li class='ez-toc-page-1 ez-toc-heading-level-2'><a class=\"ez-toc-link ez-toc-heading-5\" href=\"https:\/\/www.auxiliadorapredial.com.br\/blog\/5-razoes-para-morar-em-gramado\/#3_Seguranca_e_sossego\" >3. Seguran\u00e7a e sossego<\/a><\/li><li class='ez-toc-page-1 ez-toc-heading-level-2'><a class=\"ez-toc-link ez-toc-heading-6\" href=\"https:\/\/www.auxiliadorapredial.com.br\/blog\/5-razoes-para-morar-em-gramado\/#4_Cidade_para_todas_as_idades\" >4. Cidade para todas as idades<\/a><\/li><li class='ez-toc-page-1 ez-toc-heading-level-2'><a class=\"ez-toc-link ez-toc-heading-7\" href=\"https:\/\/www.auxiliadorapredial.com.br\/blog\/5-razoes-para-morar-em-gramado\/#5_Moradias_incriveis_em_bairros_estrategicos\" >5. Moradias incr\u00edveis em bairros estrat\u00e9gicos<\/a><\/li><li class='ez-toc-page-1 ez-toc-heading-level-2'><a class=\"ez-toc-link ez-toc-heading-8\" href=\"https:\/\/www.auxiliadorapredial.com.br\/blog\/5-razoes-para-morar-em-gramado\/#Gramado_solo_fertil_para_todos_os_publicos\" >Gramado, solo f\u00e9rtil para todos os p\u00fablicos<\/a><\/li><\/ul><\/nav><\/div>\n<h2><span class=\"ez-toc-section\" id=\"1_Turismo_o_ano_todo_para_quem_decide_morar_em_Gramado\"><\/span><b>1. Turismo o ano todo para quem decide morar em Gramado<\/b><span class=\"ez-toc-section-end\"><\/span><\/h2>\n<p><span style=\"font-weight: 400;\">Visitar uma cidade com potencial tur\u00edstico \u00e9 m\u00e1gico, mas j\u00e1 imaginou ter a possibilidade de redescobrir o lugar que voc\u00ea vive durante o ano inteiro?<\/span><\/p>\n<p><span style=\"font-weight: 400;\">Nesse sentido, estamos acostumados a ver as not\u00edcias e as novidades de Gramado em duas \u00e9pocas pontuais: durante o <\/span><b><a href=\"https:\/\/www.auxiliadorapredial.com.br\/blog\/como-evitar-umidade-no-inverno-e-manter-o-bem-estar-em-casa\/\">inverno<\/a> <\/b><span style=\"font-weight: 400;\">e durante o <\/span><b>Natal<\/b><span style=\"font-weight: 400;\">.<\/span><\/p>\n<p><span style=\"font-weight: 400;\">Famosa pelos dias frios com <\/span><b>neve <\/b><span style=\"font-weight: 400;\">e pela sua festa do <\/span><b>\u201cNatal Luz\u201d<\/b><span style=\"font-weight: 400;\">, a cidade \u00e9, na verdade, muito mais do que isso.<\/span><\/p>\n<p><span style=\"font-weight: 400;\">A verdade \u00e9 que morar em Gramado \u00e9 ter, sim, uma esp\u00e9cie de turismo o ano inteiro. Voc\u00ea vive \u201cturistando\u201d na sua pr\u00f3pria cidade.<\/span><\/p>\n<p><span style=\"font-weight: 400;\">Ao mesmo tempo em que a <\/span><b>programa\u00e7\u00e3o de atividades de cultura e lazer <\/b><span style=\"font-weight: 400;\">fica ativa em praticamente todos os meses, as<\/span><b> belezas naturais <\/b><span style=\"font-weight: 400;\">est\u00e3o ali o tempo todo, esperando olhares curiosos e novos admiradores.<\/span><\/p>\n<p><span style=\"font-weight: 400;\">A cidade tem atributos que encantam de um jeito f\u00e1cil: bonita, charmosa, pequena e hist\u00f3rica. Ao passo que a sua arquitetura traz um <\/span><b>ar europeu<\/b><span style=\"font-weight: 400;\">, outros elementos deixam evidente a <\/span><b>coloniza\u00e7\u00e3o alem\u00e3<\/b><span style=\"font-weight: 400;\">, passando pelas ra\u00edzes italianas e at\u00e9 mesmo su\u00ed\u00e7as.<\/span><\/p>\n<p><span style=\"font-weight: 400;\">Constru\u00e7\u00f5es hist\u00f3ricas, pra\u00e7as, parques, gastronomia t\u00edpica e at\u00e9 mesmo o com\u00e9rcio. Todo o ecossistema de Gramado reflete esse ar tur\u00edstico em cada detalhe. <\/span><span style=\"font-weight: 400;\">Perfeita para descobrir um novo lugar favorito a cada \u00e9poca do ano.<\/span><\/p>\n<p>&nbsp;<\/p>\n<h3><span class=\"ez-toc-section\" id=\"Festas_e_pontos_turisticos\"><\/span><em>Festas e pontos tur\u00edsticos<\/em><span class=\"ez-toc-section-end\"><\/span><\/h3>\n<p><span style=\"font-weight: 400;\">Enquanto isso, aos que preferem as programa\u00e7\u00f5es fixas, o <\/span><b>calend\u00e1rio festivo<\/b><span style=\"font-weight: 400;\"> tem suas op\u00e7\u00f5es cl\u00e1ssicas:<\/span><\/p>\n<ul>\n<li style=\"font-weight: 400;\" aria-level=\"1\"><b>Chocofest<\/b><span style=\"font-weight: 400;\">, na P\u00e1scoa;<\/span><\/li>\n<li style=\"font-weight: 400;\" aria-level=\"1\"><a href=\"https:\/\/www.instagram.com\/festadacolonia\/\" target=\"_blank\" rel=\"noopener\"><b>Festa da Col\u00f4nia<\/b><\/a><span style=\"font-weight: 400;\">, uma celebra\u00e7\u00e3o em homenagem aos povos colonizadores; Geralmente acontece no m\u00eas de maio;<\/span><\/li>\n<li style=\"font-weight: 400;\" aria-level=\"1\"><a href=\"http:\/\/www.festivaldegramado.net\/\" target=\"_blank\" rel=\"noopener\"><b>Festival de Cinema de Gramado<\/b><\/a><span style=\"font-weight: 400;\">, a mostra mais importante da Am\u00e9rica Latina; Geralmente acontece no m\u00eas de agosto;<\/span><\/li>\n<li style=\"font-weight: 400;\" aria-level=\"1\"><a href=\"https:\/\/www.natalluzdegramado.com.br\/\" target=\"_blank\" rel=\"noopener\"><b>Natal Luz<\/b><\/a><span style=\"font-weight: 400;\">, a festa natalina mais conhecida do Sul do pa\u00eds.<\/span><\/li>\n<\/ul>\n<p>&nbsp;<\/p>\n<p><span style=\"font-weight: 400;\">Por\u00e9m, se o assunto s\u00e3o os<\/span><b> pontos tur\u00edsticos<\/b><span style=\"font-weight: 400;\"> e as belas paisagens para conhecer o ano todo, as atra\u00e7\u00f5es s\u00e3o diversas, sendo que os destaques ficam com:<\/span><\/p>\n<ul>\n<li style=\"font-weight: 400;\" aria-level=\"1\"><span style=\"font-weight: 400;\">Rua Coberta<\/span><\/li>\n<li style=\"font-weight: 400;\" aria-level=\"1\"><span style=\"font-weight: 400;\">Rua Torta<\/span><\/li>\n<li style=\"font-weight: 400;\" aria-level=\"1\"><span style=\"font-weight: 400;\">Lago Negro<\/span><\/li>\n<li style=\"font-weight: 400;\" aria-level=\"1\"><a href=\"https:\/\/minimundo.com.br\/\" target=\"_blank\" rel=\"noopener\"><span style=\"font-weight: 400;\">Mini Mundo<\/span><\/a><\/li>\n<li style=\"font-weight: 400;\" aria-level=\"1\"><span style=\"font-weight: 400;\">Vale do Quilombo<\/span><\/li>\n<li style=\"font-weight: 400;\" aria-level=\"1\"><span style=\"font-weight: 400;\">Igrejas de Gramado e Canela<\/span><\/li>\n<li style=\"font-weight: 400;\" aria-level=\"1\"><span style=\"font-weight: 400;\">Casa do Colono<\/span><\/li>\n<li style=\"font-weight: 400;\" aria-level=\"1\"><a href=\"https:\/\/www.snowland.com.br\/\" target=\"_blank\" rel=\"noopener\"><span style=\"font-weight: 400;\">Parque de neve Snowland<\/span><\/a><\/li>\n<\/ul>\n<p>&nbsp;<\/p>\n<h2><span class=\"ez-toc-section\" id=\"Leia_tambem\"><\/span><b>Leia tamb\u00e9m:<\/b><span class=\"ez-toc-section-end\"><\/span><\/h2>\n<p><a href=\"https:\/\/www.auxiliadorapredial.com.br\/blog\/encontre-casas-a-venda-em-gramado-de-alto-padrao\/\" target=\"_blank\" rel=\"noopener\"><span style=\"font-weight: 400;\">Encontre Casas \u00e0 Venda em Gramado de Alto Padr\u00e3o<\/span><\/a><\/p>\n<p><a href=\"https:\/\/www.auxiliadorapredial.com.br\/blog\/alugar-ou-comprar-um-imovel-o-que-vale-a-pena\/\" target=\"_blank\" rel=\"noopener\"><span style=\"font-weight: 400;\">Alugar ou comprar um im\u00f3vel: o que vale a pena?<\/span><\/a><\/p>\n<p>&nbsp;<\/p>\n<p>&nbsp;<\/p>\n<h2><span class=\"ez-toc-section\" id=\"2_Hospedagem_e_gastronomia\"><\/span><b>2. Hospedagem e gastronomia<\/b><span class=\"ez-toc-section-end\"><\/span><\/h2>\n<p><span style=\"font-weight: 400;\">Se voc\u00ea \u00e9 do tipo que gosta de desbravar a <\/span><b>gastronomia <\/b><span style=\"font-weight: 400;\">da cidade onde mora, ent\u00e3o viver em Gramado \u00e9 um prato cheio (com o perd\u00e3o do trocadilho).<\/span><\/p>\n<p><span style=\"font-weight: 400;\">Em outras palavras, escolher a cidade como o seu novo lar significa ter, em poucos quil\u00f4metros, uma infinidade de op\u00e7\u00f5es da cozinha nacional e internacional para conhecer, repetir e se tornar um frequentador ass\u00edduo.<\/span><\/p>\n<p><span style=\"font-weight: 400;\">Restaurantes t\u00edpicos, galeterias, casas de fondue e o carro-chefe de Gramado: os <\/span><b>caf\u00e9s coloniais<\/b><span style=\"font-weight: 400;\">. Neste \u00faltimo, mesas inteiras de caf\u00e9 da manh\u00e3, da tarde ou ent\u00e3o de <\/span><i><span style=\"font-weight: 400;\">brunch <\/span><\/i><span style=\"font-weight: 400;\">com o que h\u00e1 de melhor da culin\u00e1ria alem\u00e3: p\u00e3es, cucas, schimier (geleia), embutidos e muito mais.<\/span><\/p>\n<p><span style=\"font-weight: 400;\">Da mesma forma, quem escolhe Gramado para morar tem sempre uma op\u00e7\u00e3o mais incr\u00edvel do que a outra para sair da rotina e fazer uma <\/span><b>hospedagem <\/b><span style=\"font-weight: 400;\">curta, por exemplo.\u00a0<\/span><\/p>\n<p><span style=\"font-weight: 400;\">Das pousadas cercadas de um cen\u00e1rio todo verde at\u00e9 os hot\u00e9is cinco estrelas, viver em Gramado \u00e9 a garantia de que uma data especial ou uma fuga da rotina sempre ter\u00e1 a combina\u00e7\u00e3o perfeita \u00e0 espera na rede hoteleira local.<\/span><\/p>\n<p>&nbsp;<\/p>\n<figure id=\"attachment_14479\" aria-describedby=\"caption-attachment-14479\" style=\"width: 1024px\" class=\"wp-caption alignnone\"><img fetchpriority=\"high\" decoding=\"async\" class=\"wp-image-14479 size-full\" src=\"https:\/\/www.auxiliadorapredial.com.br\/blog\/wp-content\/uploads\/morar-em-gramado-3.webp\" alt=\"5 raz\u00f5es para morar em Gramado | Auxiliadora Predial\" width=\"1024\" height=\"683\" srcset=\"https:\/\/www.auxiliadorapredial.com.br\/blog\/wp-content\/uploads\/morar-em-gramado-3.webp 1024w, https:\/\/www.auxiliadorapredial.com.br\/blog\/wp-content\/uploads\/morar-em-gramado-3-300x200.webp 300w, https:\/\/www.auxiliadorapredial.com.br\/blog\/wp-content\/uploads\/morar-em-gramado-3-768x512.webp 768w\" sizes=\"(max-width: 1024px) 100vw, 1024px\" \/><figcaption id=\"caption-attachment-14479\" class=\"wp-caption-text\">Morar em Gramado: ter uma infinidade de caf\u00e9s aconchegantes para conhecer<\/figcaption><\/figure>\n<h2><span class=\"ez-toc-section\" id=\"3_Seguranca_e_sossego\"><\/span><b>3. Seguran\u00e7a e sossego<\/b><span class=\"ez-toc-section-end\"><\/span><\/h2>\n<p><span style=\"font-weight: 400;\">Al\u00e9m de todo um universo encantador de lugares para conhecer, morar em Gramado traduz o significado de paz.<\/span><\/p>\n<p><span style=\"font-weight: 400;\">Basta uma r\u00e1pida caminhada, seja pela regi\u00e3o central ou pelos bairros mais afastados, para ter a sensa\u00e7\u00e3o de que o tempo passa menos depressa e o ar puro transforma qualquer humor.<\/span><\/p>\n<p><span style=\"font-weight: 400;\">Assim tamb\u00e9m acontece com a <\/span><b>seguran\u00e7a<\/b><span style=\"font-weight: 400;\">. Morar em Gramado \u00e9 viver sossegado em um n\u00edvel t\u00e3o natural que, infelizmente, destoa dos habituais \u00edndices de criminalidade do Brasil como um todo.<\/span><\/p>\n<p><span style=\"font-weight: 400;\">Definitivamente a tranquilidade em circular a p\u00e9 e a sensa\u00e7\u00e3o de seguran\u00e7a dentro de casa j\u00e1 s\u00e3o marcas registradas de Gramado, que ganha cada vez mais moradores tamb\u00e9m em fun\u00e7\u00e3o desse fator que \u00e9 decisivo para muitas fam\u00edlias.<\/span><\/p>\n<p><span style=\"font-weight: 400;\">Conforme os n\u00fameros oficiais, a cidade recebe mais de 1 milh\u00e3o de turistas por ano, o que gera um planejamento de trabalho muito estrat\u00e9gico por parte dos \u00f3rg\u00e3os respons\u00e1veis. O policiamento \u00e9 constante e coloca Gramado como um exemplo de seguran\u00e7a para todo o pa\u00eds.<\/span><br \/>\n<b><\/b><\/p>\n<p>&nbsp;<\/p>\n<h2><span class=\"ez-toc-section\" id=\"4_Cidade_para_todas_as_idades\"><\/span><b>4. Cidade para todas as idades<\/b><span class=\"ez-toc-section-end\"><\/span><\/h2>\n<p><span style=\"font-weight: 400;\">E esse \u00e9 o slogan que o munic\u00edpio est\u00e1 engajado em obter muito em breve. Como resultado de tantas belezas naturais e de sua longa lista de atra\u00e7\u00f5es durante o ano todo, Gramado \u00e9 sin\u00f4nimo de <\/span><b>qualidade de vida<\/b><span style=\"font-weight: 400;\"> para quem escolheu a cidade como lar.<\/span><\/p>\n<p><span style=\"font-weight: 400;\">Agora, o objetivo \u00e9 oficializar esse t\u00edtulo. O reconhecimento como <\/span><a href=\"https:\/\/extranet.who.int\/agefriendlyworld\/\" target=\"_blank\" rel=\"noopener\"><b>\u201ccidade para todas as idades\u201d<\/b><\/a><span style=\"font-weight: 400;\">, movimento criado pela Organiza\u00e7\u00e3o Mundial da Sa\u00fade <\/span><b>(OMS)<\/b><span style=\"font-weight: 400;\">, \u00e9 o novo <a href=\"https:\/\/gauchazh.clicrbs.com.br\/pioneiro\/geral\/noticia\/2021\/11\/gramado-quer-certificado-para-se-tornar-uma-cidade-para-todas-as-idades-ckvty4xtc0091019mpitei8r3.html\" target=\"_blank\" rel=\"noopener\">objetivo da sensa\u00e7\u00e3o da Serra Ga\u00facha<\/a><\/span><span style=\"font-weight: 400;\">.<\/span><\/p>\n<p><span style=\"font-weight: 400;\">Ou seja, Gramado busca o reconhecimento que valida os seus efeitos para uma melhor qualidade de vida, sobretudo para os moradores da faixa et\u00e1ria de 60 anos ou mais.<\/span><\/p>\n<p><span style=\"font-weight: 400;\">Trata-se de um conceito que estimula o munic\u00edpio a proporcionar uma conviv\u00eancia mais f\u00e1cil, confort\u00e1vel e segura para a popula\u00e7\u00e3o idosa.<\/span><\/p>\n<p><span style=\"font-weight: 400;\">Essa lista de cidades participantes \u00e9 seleta e, at\u00e9 agora, no Rio Grande do Sul s\u00f3 fazem parte dela os munic\u00edpios de Veran\u00f3polis e Porto Alegre.<\/span><br \/>\n<b><\/b><\/p>\n<p>&nbsp;<\/p>\n<h2><span class=\"ez-toc-section\" id=\"5_Moradias_incriveis_em_bairros_estrategicos\"><\/span><b>5. Moradias incr\u00edveis em bairros estrat\u00e9gicos<\/b><span class=\"ez-toc-section-end\"><\/span><\/h2>\n<p><span style=\"font-weight: 400;\">Por fim, morar em Gramado \u00e9 ter, \u00e0 sua escolha, <\/span><b>im\u00f3veis encantadores <\/b><span style=\"font-weight: 400;\">em bairros extremamente bem localizados. As casas para morar em Gramado n\u00e3o decepcionam.<\/span><\/p>\n<p><span style=\"font-weight: 400;\">A arquitetura residencial \u00e9 influenciada pela cultura alem\u00e3 que a cidade respira e, aliada a um design moderno, conquista qualquer pessoa e qualquer fam\u00edlia. As <a href=\"https:\/\/www.auxiliadorapredial.com.br\/blog\/morar-perto-de-areas-verdes-beneficios-para-saude-e-qualidade-de-vida\/\">\u00e1reas verdes<\/a> e os paisagismos d\u00e3o um toque de beleza a mais na vista local.<\/span><\/p>\n<p><span style=\"font-weight: 400;\">Igualmente, os<\/span><b> im\u00f3veis de alto padr\u00e3o <\/b><span style=\"font-weight: 400;\">s\u00e3o uma marca registrada de moradia na cidade. Os <\/span><b>lan\u00e7amentos <\/b><span style=\"font-weight: 400;\">s\u00e3o constantes e os <\/span><b>cl\u00e1ssicos<\/b><span style=\"font-weight: 400;\">, muitas vezes localizados em condom\u00ednios de tirar o f\u00f4lego, mesclam, juntos, sofistica\u00e7\u00e3o e uma sensa\u00e7\u00e3o acolhedora.<\/span><\/p>\n<p><span style=\"font-weight: 400;\">Por\u00e9m, podem surgir as d\u00favidas: \u201ccomo \u00e9 morar em Gramado?\u201d ou \u201conde morar em Gramado?\u201d E eis que a <\/span><b>localiza\u00e7\u00e3o <\/b><span style=\"font-weight: 400;\">\u00e9 mais um ponto positivo. Na maioria dos casos, os bairros mais procurados ficam extremamente pr\u00f3ximos dos pontos tur\u00edsticos e das op\u00e7\u00f5es de lazer.<\/span><\/p>\n<p><span style=\"font-weight: 400;\">Por exemplo, para quem escolhe o bairro <\/span><b>Planalto<\/b><span style=\"font-weight: 400;\">, um dos mais importantes da cidade, se mant\u00e9m pr\u00f3ximo de pontos como a Rua Coberta e o Parque do Lago Negro.<\/span><\/p>\n<p><span style=\"font-weight: 400;\">J\u00e1 para quem prefere n\u00e3o arriscar e escolhe morar no <\/span><b>Centro <\/b><span style=\"font-weight: 400;\">tem, a pouqu\u00edssimos metros, todos os acessos f\u00e1ceis: restaurantes, as famosas lojas de chocolate, eventos culturais, bares e caf\u00e9s, feiras e muito mais.<\/span><\/p>\n<p><span style=\"font-weight: 400;\">Tamb\u00e9m \u00e9 no Centro que est\u00e3o as vias mais famosas da cidade, como a Borges de Medeiros, a Rua Coberta e a Rua Garibaldi.<\/span><\/p>\n<p><span style=\"font-weight: 400;\">Outras regi\u00f5es como o <\/span><b>Bav\u00e1ria<\/b><span style=\"font-weight: 400;\">, com seu forte conceito arquitet\u00f4nico alem\u00e3o e uma verdadeira simula\u00e7\u00e3o da Europa em plena Serra Ga\u00facha, e o <\/span><b>Aspen Mountain<\/b><span style=\"font-weight: 400;\">, um <a href=\"https:\/\/www.auxiliadorapredial.com.br\/blog\/gestao-financeira-em-condominio-como-garantir-mais-transparencia-e-seguranca\/\">condom\u00ednio<\/a> de alto padr\u00e3o totalmente inovador com muita natureza e liberdade, tamb\u00e9m figuram entre as mais procuradas na cidade que sabe cativar e agradar.<\/span><\/p>\n<p>&nbsp;<\/p>\n<h2><span class=\"ez-toc-section\" id=\"Gramado_solo_fertil_para_todos_os_publicos\"><\/span><strong>Gramado, solo f\u00e9rtil para todos os p\u00fablicos<\/strong><span class=\"ez-toc-section-end\"><\/span><\/h2>\n<p>Conforme <strong>Diogo Bueno, franqueado da Ag\u00eancia Gramado<\/strong>, estamos falando de um solo f\u00e9rtil para moradores e investidores:<\/p>\n<blockquote>\n<p align=\"justify\"><em>Acima de tudo, \u00e9 um solo muito f\u00e9rtil para os <strong>investidores<\/strong> do mercado imobili\u00e1rio que ganham com a constante <strong>valoriza\u00e7\u00e3o<\/strong> e o crescimento da <strong>loca\u00e7\u00e3o por temporada<\/strong>. \u00c9 uma <strong>cidade limpa e segura<\/strong>. Ela traz para seu morador um <strong>mercado de trabalho<\/strong> de pleno emprego e, tudo isso, num <strong>clima agrad\u00e1vel<\/strong>, totalmente diferente da pressa e do estresse das grandes cidades. Ent\u00e3o, aqui temos aquele clima de interior, onde todos se conhecem e atuam de forma forte como comunidade.<\/em><\/p>\n<p align=\"justify\"><em>Al\u00e9m disso, para o investidor, o mercado segue uma constante de valoriza\u00e7\u00e3o, seguindo a t\u00edpica equa\u00e7\u00e3o de uma gigante demanda e uma limita\u00e7\u00e3o territorial pequena. <\/em>Portanto, esses fatores tornam as ofertas escassas e altamente valorizadas, principalmente nos bairros <strong>Centro<\/strong>, <strong>Bav\u00e1ria<\/strong> e <strong>Planalto<\/strong>. Devido \u00e0 restri\u00e7\u00e3o, bairros como <strong>Carniel<\/strong>, <strong>Floresta<\/strong> e <strong>V\u00e1rzea Grande<\/strong> t\u00eam se destacado com bel\u00edssimos empreendimentos que trazem pre\u00e7os mais competitivos em rela\u00e7\u00e3o aos tr\u00eas principais bairros.<\/p>\n<\/blockquote>\n<p>&nbsp;<\/p>\n<p><span style=\"font-weight: 400;\">Enfim, uma cidade que \u00e9 encantadora para quem a v\u00ea como destino tur\u00edstico, para visitar por um dia ou durante uma temporada de f\u00e9rias, mas que \u00e9 ainda mais apaixonante para quem a escolhe como a <strong>sua<\/strong> cidade. Morar em Gramado \u00e9 fascinante em todos os dias do ano.<\/span><\/p>\n<p>&nbsp;<\/p>\n<p><span style=\"font-weight: 400;\">Procurando <\/span><b>casas para morar em Gramado<\/b><span style=\"font-weight: 400;\">? Conhe\u00e7a agora as op\u00e7\u00f5es de<\/span><a href=\"https:\/\/www.auxiliadorapredial.com.br\/alugar\/residencial\/rs+gramado?agencia=17,120\" target=\"_blank\" rel=\"noopener\"><b> im\u00f3veis para alugar<\/b><\/a><span style=\"font-weight: 400;\"> na Serra Ga\u00facha ou ent\u00e3o consulte os <\/span><a href=\"https:\/\/www.auxiliadorapredial.com.br\/comprar\/residencial\/rs+gramado?agencia=17,120\" target=\"_blank\" rel=\"noopener\"><b>apartamentos e casas para comprar <\/b><\/a><span style=\"font-weight: 400;\">em Gramado.<\/span><\/p>\n","protected":false},"excerpt":{"rendered":"<p>Um destino tur\u00edstico que conquistou o pa\u00eds inteiro. Essa \u00e9 a cidade refer\u00eancia em turismo no Rio Grande do Sul que superou as fronteiras para virar uma sensa\u00e7\u00e3o em todo o Brasil &#8211; e at\u00e9 mesmo fora dele. \u00c0 primeira vista, um dos lugares mais procurados para visitar e que, aos poucos, se tornou tamb\u00e9m [&hellip;]<\/p>\n","protected":false},"author":8,"featured_media":14705,"comment_status":"closed","ping_status":"open","sticky":false,"template":"","format":"standard","meta":{"footnotes":""},"categories":[309],"tags":[351,353,350,525,354,352],"class_list":["post-7742","post","type-post","status-publish","format-standard","has-post-thumbnail","hentry","category-morar-bem","tag-alto-padrao","tag-canela","tag-gramado","tag-interior-gaucho","tag-natal-luz","tag-serra-gaucha"],"yoast_head":"<!-- This site is optimized with the Yoast SEO plugin v27.3 - https:\/\/yoast.com\/product\/yoast-seo-wordpress\/ -->\n<title>5 raz\u00f5es para morar em Gramado<\/title>\n<meta name=\"description\" content=\"Um destino tur\u00edstico que conquistou o pa\u00eds inteiro. Agora, \u00e9 procurado como uma op\u00e7\u00e3o para viver. Descubra como \u00e9 morar em Gramado.\" \/>\n<meta name=\"robots\" content=\"index, follow, max-snippet:-1, max-image-preview:large, max-video-preview:-1\" \/>\n<link rel=\"canonical\" href=\"https:\/\/auxiliadorapredial.com.br\/blog\/5-razoes-para-morar-em-gramado\/\" \/>\n<meta property=\"og:locale\" content=\"pt_BR\" \/>\n<meta property=\"og:type\" content=\"article\" \/>\n<meta property=\"og:title\" content=\"5 raz\u00f5es para morar em Gramado\" \/>\n<meta property=\"og:description\" content=\"Um destino tur\u00edstico que conquistou o pa\u00eds inteiro. Agora, \u00e9 procurado como uma op\u00e7\u00e3o para viver. Descubra como \u00e9 morar em Gramado.\" \/>\n<meta property=\"og:url\" content=\"https:\/\/auxiliadorapredial.com.br\/blog\/5-razoes-para-morar-em-gramado\/\" \/>\n<meta property=\"og:site_name\" content=\"Blog da Auxiliadora Predial - Tudo sobre im\u00f3veis e condom\u00ednios\" \/>\n<meta property=\"article:published_time\" content=\"2021-12-14T19:45:11+00:00\" \/>\n<meta property=\"article:modified_time\" content=\"2024-01-18T17:48:31+00:00\" \/>\n<meta property=\"og:image\" content=\"https:\/\/auxiliadorapredial.com.br\/blog\/wp-content\/uploads\/morar-em-gramado-1.webp\" \/>\n\t<meta property=\"og:image:width\" content=\"1616\" \/>\n\t<meta property=\"og:image:height\" content=\"1080\" \/>\n\t<meta property=\"og:image:type\" content=\"image\/webp\" \/>\n<meta name=\"author\" content=\"Auxiliadora Predial\" \/>\n<meta name=\"twitter:card\" content=\"summary_large_image\" \/>\n<meta name=\"twitter:label1\" content=\"Escrito por\" \/>\n\t<meta name=\"twitter:data1\" content=\"Auxiliadora Predial\" \/>\n\t<meta name=\"twitter:label2\" content=\"Est. tempo de leitura\" \/>\n\t<meta name=\"twitter:data2\" content=\"9 minutos\" \/>\n<script type=\"application\/ld+json\" class=\"yoast-schema-graph\">{\"@context\":\"https:\\\/\\\/schema.org\",\"@graph\":[{\"@type\":\"Article\",\"@id\":\"https:\\\/\\\/auxiliadorapredial.com.br\\\/blog\\\/5-razoes-para-morar-em-gramado\\\/#article\",\"isPartOf\":{\"@id\":\"https:\\\/\\\/auxiliadorapredial.com.br\\\/blog\\\/5-razoes-para-morar-em-gramado\\\/\"},\"author\":{\"name\":\"Auxiliadora Predial\",\"@id\":\"https:\\\/\\\/www.auxiliadorapredial.com.br\\\/blog\\\/#\\\/schema\\\/person\\\/6f18fc59c4e49f77084c0b79db558b94\"},\"headline\":\"5 raz\u00f5es para morar em Gramado\",\"datePublished\":\"2021-12-14T19:45:11+00:00\",\"dateModified\":\"2024-01-18T17:48:31+00:00\",\"mainEntityOfPage\":{\"@id\":\"https:\\\/\\\/auxiliadorapredial.com.br\\\/blog\\\/5-razoes-para-morar-em-gramado\\\/\"},\"wordCount\":1683,\"image\":{\"@id\":\"https:\\\/\\\/auxiliadorapredial.com.br\\\/blog\\\/5-razoes-para-morar-em-gramado\\\/#primaryimage\"},\"thumbnailUrl\":\"https:\\\/\\\/www.auxiliadorapredial.com.br\\\/blog\\\/wp-content\\\/uploads\\\/morar-em-gramado-1.webp\",\"keywords\":[\"alto padr\u00e3o\",\"canela\",\"gramado\",\"Interior Ga\u00facho\",\"natal luz\",\"serra ga\u00facha\"],\"articleSection\":[\"Morar Bem\"],\"inLanguage\":\"pt-BR\"},{\"@type\":\"WebPage\",\"@id\":\"https:\\\/\\\/auxiliadorapredial.com.br\\\/blog\\\/5-razoes-para-morar-em-gramado\\\/\",\"url\":\"https:\\\/\\\/auxiliadorapredial.com.br\\\/blog\\\/5-razoes-para-morar-em-gramado\\\/\",\"name\":\"5 raz\u00f5es para morar em Gramado\",\"isPartOf\":{\"@id\":\"https:\\\/\\\/www.auxiliadorapredial.com.br\\\/blog\\\/#website\"},\"primaryImageOfPage\":{\"@id\":\"https:\\\/\\\/auxiliadorapredial.com.br\\\/blog\\\/5-razoes-para-morar-em-gramado\\\/#primaryimage\"},\"image\":{\"@id\":\"https:\\\/\\\/auxiliadorapredial.com.br\\\/blog\\\/5-razoes-para-morar-em-gramado\\\/#primaryimage\"},\"thumbnailUrl\":\"https:\\\/\\\/www.auxiliadorapredial.com.br\\\/blog\\\/wp-content\\\/uploads\\\/morar-em-gramado-1.webp\",\"datePublished\":\"2021-12-14T19:45:11+00:00\",\"dateModified\":\"2024-01-18T17:48:31+00:00\",\"author\":{\"@id\":\"https:\\\/\\\/www.auxiliadorapredial.com.br\\\/blog\\\/#\\\/schema\\\/person\\\/6f18fc59c4e49f77084c0b79db558b94\"},\"description\":\"Um destino tur\u00edstico que conquistou o pa\u00eds inteiro. Agora, \u00e9 procurado como uma op\u00e7\u00e3o para viver. Descubra como \u00e9 morar em Gramado.\",\"inLanguage\":\"pt-BR\",\"potentialAction\":[{\"@type\":\"ReadAction\",\"target\":[\"https:\\\/\\\/auxiliadorapredial.com.br\\\/blog\\\/5-razoes-para-morar-em-gramado\\\/\"]}]},{\"@type\":\"ImageObject\",\"inLanguage\":\"pt-BR\",\"@id\":\"https:\\\/\\\/auxiliadorapredial.com.br\\\/blog\\\/5-razoes-para-morar-em-gramado\\\/#primaryimage\",\"url\":\"https:\\\/\\\/www.auxiliadorapredial.com.br\\\/blog\\\/wp-content\\\/uploads\\\/morar-em-gramado-1.webp\",\"contentUrl\":\"https:\\\/\\\/www.auxiliadorapredial.com.br\\\/blog\\\/wp-content\\\/uploads\\\/morar-em-gramado-1.webp\",\"width\":1616,\"height\":1080,\"caption\":\"5 raz\u00f5es para morar em Gramado\"},{\"@type\":\"WebSite\",\"@id\":\"https:\\\/\\\/www.auxiliadorapredial.com.br\\\/blog\\\/#website\",\"url\":\"https:\\\/\\\/www.auxiliadorapredial.com.br\\\/blog\\\/\",\"name\":\"Blog da Auxiliadora Predial - Tudo sobre im\u00f3veis e condom\u00ednios\",\"description\":\"Dicas da Auxiliadora Predial sobre aluguel, compra e venda de im\u00f3veis, al\u00e9m de condom\u00ednios. Imobili\u00e1ria em Porto Alegre e interior do RS, Santa Catarina e S\u00e3o Paulo.\",\"potentialAction\":[{\"@type\":\"SearchAction\",\"target\":{\"@type\":\"EntryPoint\",\"urlTemplate\":\"https:\\\/\\\/www.auxiliadorapredial.com.br\\\/blog\\\/?s={search_term_string}\"},\"query-input\":{\"@type\":\"PropertyValueSpecification\",\"valueRequired\":true,\"valueName\":\"search_term_string\"}}],\"inLanguage\":\"pt-BR\"},{\"@type\":\"Person\",\"@id\":\"https:\\\/\\\/www.auxiliadorapredial.com.br\\\/blog\\\/#\\\/schema\\\/person\\\/6f18fc59c4e49f77084c0b79db558b94\",\"name\":\"Auxiliadora Predial\",\"image\":{\"@type\":\"ImageObject\",\"inLanguage\":\"pt-BR\",\"@id\":\"https:\\\/\\\/secure.gravatar.com\\\/avatar\\\/35e2e024be01cb7ad8d58228a0e85f870bdc4fcffc251c71ad386ea38ee05234?s=96&d=mm&r=g\",\"url\":\"https:\\\/\\\/secure.gravatar.com\\\/avatar\\\/35e2e024be01cb7ad8d58228a0e85f870bdc4fcffc251c71ad386ea38ee05234?s=96&d=mm&r=g\",\"contentUrl\":\"https:\\\/\\\/secure.gravatar.com\\\/avatar\\\/35e2e024be01cb7ad8d58228a0e85f870bdc4fcffc251c71ad386ea38ee05234?s=96&d=mm&r=g\",\"caption\":\"Auxiliadora Predial\"},\"sameAs\":[\"https:\\\/\\\/www.auxiliadorapredial.com.br\\\/\"]}]}<\/script>\n<!-- \/ Yoast SEO plugin. -->","yoast_head_json":{"title":"5 raz\u00f5es para morar em Gramado","description":"Um destino tur\u00edstico que conquistou o pa\u00eds inteiro. Agora, \u00e9 procurado como uma op\u00e7\u00e3o para viver. Descubra como \u00e9 morar em Gramado.","robots":{"index":"index","follow":"follow","max-snippet":"max-snippet:-1","max-image-preview":"max-image-preview:large","max-video-preview":"max-video-preview:-1"},"canonical":"https:\/\/auxiliadorapredial.com.br\/blog\/5-razoes-para-morar-em-gramado\/","og_locale":"pt_BR","og_type":"article","og_title":"5 raz\u00f5es para morar em Gramado","og_description":"Um destino tur\u00edstico que conquistou o pa\u00eds inteiro. Agora, \u00e9 procurado como uma op\u00e7\u00e3o para viver. Descubra como \u00e9 morar em Gramado.","og_url":"https:\/\/auxiliadorapredial.com.br\/blog\/5-razoes-para-morar-em-gramado\/","og_site_name":"Blog da Auxiliadora Predial - Tudo sobre im\u00f3veis e condom\u00ednios","article_published_time":"2021-12-14T19:45:11+00:00","article_modified_time":"2024-01-18T17:48:31+00:00","og_image":[{"width":1616,"height":1080,"url":"https:\/\/auxiliadorapredial.com.br\/blog\/wp-content\/uploads\/morar-em-gramado-1.webp","type":"image\/webp"}],"author":"Auxiliadora Predial","twitter_card":"summary_large_image","twitter_misc":{"Escrito por":"Auxiliadora Predial","Est. tempo de leitura":"9 minutos"},"schema":{"@context":"https:\/\/schema.org","@graph":[{"@type":"Article","@id":"https:\/\/auxiliadorapredial.com.br\/blog\/5-razoes-para-morar-em-gramado\/#article","isPartOf":{"@id":"https:\/\/auxiliadorapredial.com.br\/blog\/5-razoes-para-morar-em-gramado\/"},"author":{"name":"Auxiliadora Predial","@id":"https:\/\/www.auxiliadorapredial.com.br\/blog\/#\/schema\/person\/6f18fc59c4e49f77084c0b79db558b94"},"headline":"5 raz\u00f5es para morar em Gramado","datePublished":"2021-12-14T19:45:11+00:00","dateModified":"2024-01-18T17:48:31+00:00","mainEntityOfPage":{"@id":"https:\/\/auxiliadorapredial.com.br\/blog\/5-razoes-para-morar-em-gramado\/"},"wordCount":1683,"image":{"@id":"https:\/\/auxiliadorapredial.com.br\/blog\/5-razoes-para-morar-em-gramado\/#primaryimage"},"thumbnailUrl":"https:\/\/www.auxiliadorapredial.com.br\/blog\/wp-content\/uploads\/morar-em-gramado-1.webp","keywords":["alto padr\u00e3o","canela","gramado","Interior Ga\u00facho","natal luz","serra ga\u00facha"],"articleSection":["Morar Bem"],"inLanguage":"pt-BR"},{"@type":"WebPage","@id":"https:\/\/auxiliadorapredial.com.br\/blog\/5-razoes-para-morar-em-gramado\/","url":"https:\/\/auxiliadorapredial.com.br\/blog\/5-razoes-para-morar-em-gramado\/","name":"5 raz\u00f5es para morar em Gramado","isPartOf":{"@id":"https:\/\/www.auxiliadorapredial.com.br\/blog\/#website"},"primaryImageOfPage":{"@id":"https:\/\/auxiliadorapredial.com.br\/blog\/5-razoes-para-morar-em-gramado\/#primaryimage"},"image":{"@id":"https:\/\/auxiliadorapredial.com.br\/blog\/5-razoes-para-morar-em-gramado\/#primaryimage"},"thumbnailUrl":"https:\/\/www.auxiliadorapredial.com.br\/blog\/wp-content\/uploads\/morar-em-gramado-1.webp","datePublished":"2021-12-14T19:45:11+00:00","dateModified":"2024-01-18T17:48:31+00:00","author":{"@id":"https:\/\/www.auxiliadorapredial.com.br\/blog\/#\/schema\/person\/6f18fc59c4e49f77084c0b79db558b94"},"description":"Um destino tur\u00edstico que conquistou o pa\u00eds inteiro. Agora, \u00e9 procurado como uma op\u00e7\u00e3o para viver. Descubra como \u00e9 morar em Gramado.","inLanguage":"pt-BR","potentialAction":[{"@type":"ReadAction","target":["https:\/\/auxiliadorapredial.com.br\/blog\/5-razoes-para-morar-em-gramado\/"]}]},{"@type":"ImageObject","inLanguage":"pt-BR","@id":"https:\/\/auxiliadorapredial.com.br\/blog\/5-razoes-para-morar-em-gramado\/#primaryimage","url":"https:\/\/www.auxiliadorapredial.com.br\/blog\/wp-content\/uploads\/morar-em-gramado-1.webp","contentUrl":"https:\/\/www.auxiliadorapredial.com.br\/blog\/wp-content\/uploads\/morar-em-gramado-1.webp","width":1616,"height":1080,"caption":"5 raz\u00f5es para morar em Gramado"},{"@type":"WebSite","@id":"https:\/\/www.auxiliadorapredial.com.br\/blog\/#website","url":"https:\/\/www.auxiliadorapredial.com.br\/blog\/","name":"Blog da Auxiliadora Predial - Tudo sobre im\u00f3veis e condom\u00ednios","description":"Dicas da Auxiliadora Predial sobre aluguel, compra e venda de im\u00f3veis, al\u00e9m de condom\u00ednios. Imobili\u00e1ria em Porto Alegre e interior do RS, Santa Catarina e S\u00e3o Paulo.","potentialAction":[{"@type":"SearchAction","target":{"@type":"EntryPoint","urlTemplate":"https:\/\/www.auxiliadorapredial.com.br\/blog\/?s={search_term_string}"},"query-input":{"@type":"PropertyValueSpecification","valueRequired":true,"valueName":"search_term_string"}}],"inLanguage":"pt-BR"},{"@type":"Person","@id":"https:\/\/www.auxiliadorapredial.com.br\/blog\/#\/schema\/person\/6f18fc59c4e49f77084c0b79db558b94","name":"Auxiliadora Predial","image":{"@type":"ImageObject","inLanguage":"pt-BR","@id":"https:\/\/secure.gravatar.com\/avatar\/35e2e024be01cb7ad8d58228a0e85f870bdc4fcffc251c71ad386ea38ee05234?s=96&d=mm&r=g","url":"https:\/\/secure.gravatar.com\/avatar\/35e2e024be01cb7ad8d58228a0e85f870bdc4fcffc251c71ad386ea38ee05234?s=96&d=mm&r=g","contentUrl":"https:\/\/secure.gravatar.com\/avatar\/35e2e024be01cb7ad8d58228a0e85f870bdc4fcffc251c71ad386ea38ee05234?s=96&d=mm&r=g","caption":"Auxiliadora Predial"},"sameAs":["https:\/\/www.auxiliadorapredial.com.br\/"]}]}},"views":3090,"_links":{"self":[{"href":"https:\/\/www.auxiliadorapredial.com.br\/blog\/wp-json\/wp\/v2\/posts\/7742","targetHints":{"allow":["GET"]}}],"collection":[{"href":"https:\/\/www.auxiliadorapredial.com.br\/blog\/wp-json\/wp\/v2\/posts"}],"about":[{"href":"https:\/\/www.auxiliadorapredial.com.br\/blog\/wp-json\/wp\/v2\/types\/post"}],"author":[{"embeddable":true,"href":"https:\/\/www.auxiliadorapredial.com.br\/blog\/wp-json\/wp\/v2\/users\/8"}],"replies":[{"embeddable":true,"href":"https:\/\/www.auxiliadorapredial.com.br\/blog\/wp-json\/wp\/v2\/comments?post=7742"}],"version-history":[{"count":9,"href":"https:\/\/www.auxiliadorapredial.com.br\/blog\/wp-json\/wp\/v2\/posts\/7742\/revisions"}],"predecessor-version":[{"id":14480,"href":"https:\/\/www.auxiliadorapredial.com.br\/blog\/wp-json\/wp\/v2\/posts\/7742\/revisions\/14480"}],"wp:featuredmedia":[{"embeddable":true,"href":"https:\/\/www.auxiliadorapredial.com.br\/blog\/wp-json\/wp\/v2\/media\/14705"}],"wp:attachment":[{"href":"https:\/\/www.auxiliadorapredial.com.br\/blog\/wp-json\/wp\/v2\/media?parent=7742"}],"wp:term":[{"taxonomy":"category","embeddable":true,"href":"https:\/\/www.auxiliadorapredial.com.br\/blog\/wp-json\/wp\/v2\/categories?post=7742"},{"taxonomy":"post_tag","embeddable":true,"href":"https:\/\/www.auxiliadorapredial.com.br\/blog\/wp-json\/wp\/v2\/tags?post=7742"}],"curies":[{"name":"wp","href":"https:\/\/api.w.org\/{rel}","templated":true}]}}