{"id":7786,"date":"2021-12-28T12:31:46","date_gmt":"2021-12-28T15:31:46","guid":{"rendered":"https:\/\/www.auxiliadorapredial.com.br\/blog\/?p=7786"},"modified":"2024-02-05T14:41:35","modified_gmt":"2024-02-05T17:41:35","slug":"3-verdades-sobre-como-e-morar-em-canela","status":"publish","type":"post","link":"https:\/\/www.auxiliadorapredial.com.br\/blog\/3-verdades-sobre-como-e-morar-em-canela\/","title":{"rendered":"3 verdades sobre como \u00e9 morar em Canela"},"content":{"rendered":"\t\t<div data-elementor-type=\"wp-post\" data-elementor-id=\"7786\" class=\"elementor elementor-7786\">\n\t\t\t\t\t\t<section class=\"elementor-section elementor-top-section elementor-element elementor-element-3bfd7b33 elementor-section-boxed elementor-section-height-default elementor-section-height-default\" data-id=\"3bfd7b33\" data-element_type=\"section\">\n\t\t\t\t\t\t<div class=\"elementor-container elementor-column-gap-default\">\n\t\t\t\t\t<div class=\"elementor-column elementor-col-100 elementor-top-column elementor-element elementor-element-4588648\" data-id=\"4588648\" data-element_type=\"column\">\n\t\t\t<div class=\"elementor-widget-wrap elementor-element-populated\">\n\t\t\t\t\t\t<div class=\"elementor-element elementor-element-1e82b35c elementor-widget elementor-widget-text-editor\" data-id=\"1e82b35c\" data-element_type=\"widget\" data-widget_type=\"text-editor.default\">\n\t\t\t\t<div class=\"elementor-widget-container\">\n\t\t\t\t\t\t\t<p><span style=\"font-weight: 400;\">A <\/span><b>Serra Ga\u00facha <\/b><span style=\"font-weight: 400;\">tem encantos muito particulares e atra\u00e7\u00f5es que voc\u00ea s\u00f3 encontra nos destinos tur\u00edsticos da regi\u00e3o. Por\u00e9m, para muitos, a moradia na localidade ainda \u00e9 um mist\u00e9rio. J\u00e1 pensou em <\/span><b>como \u00e9 morar em Canela<\/b><span style=\"font-weight: 400;\">?<\/span><\/p><p><span style=\"font-weight: 400;\">\u00c9 sobre essa cidade muito conhecida pelos turistas, mas que tamb\u00e9m encanta seus novos moradores, que vamos falar neste artigo.<\/span><\/p><p><span style=\"font-weight: 400;\">Para isso, separamos <strong>3 verdades<\/strong> sobre a vida dos canelenses e de quem resolveu adotar a cidade como endere\u00e7o para fugir do ritmo dos grandes centros urbanos.<\/span><\/p><div id=\"ez-toc-container\" class=\"ez-toc-v2_0_82_2 counter-hierarchy ez-toc-counter ez-toc-transparent ez-toc-container-direction\">\n<p class=\"ez-toc-title\" style=\"cursor:inherit\">Navegue pelo conte\u00fado<\/p>\n<label for=\"ez-toc-cssicon-toggle-item-69f256f06eb3c\" class=\"ez-toc-cssicon-toggle-label\"><span class=\"\"><span class=\"eztoc-hide\" style=\"display:none;\">Toggle<\/span><span class=\"ez-toc-icon-toggle-span\"><svg style=\"fill: #000000;color:#000000\" xmlns=\"http:\/\/www.w3.org\/2000\/svg\" class=\"list-377408\" width=\"20px\" height=\"20px\" viewBox=\"0 0 24 24\" fill=\"none\"><path d=\"M6 6H4v2h2V6zm14 0H8v2h12V6zM4 11h2v2H4v-2zm16 0H8v2h12v-2zM4 16h2v2H4v-2zm16 0H8v2h12v-2z\" fill=\"currentColor\"><\/path><\/svg><svg style=\"fill: #000000;color:#000000\" class=\"arrow-unsorted-368013\" xmlns=\"http:\/\/www.w3.org\/2000\/svg\" width=\"10px\" height=\"10px\" viewBox=\"0 0 24 24\" version=\"1.2\" baseProfile=\"tiny\"><path d=\"M18.2 9.3l-6.2-6.3-6.2 6.3c-.2.2-.3.4-.3.7s.1.5.3.7c.2.2.4.3.7.3h11c.3 0 .5-.1.7-.3.2-.2.3-.5.3-.7s-.1-.5-.3-.7zM5.8 14.7l6.2 6.3 6.2-6.3c.2-.2.3-.5.3-.7s-.1-.5-.3-.7c-.2-.2-.4-.3-.7-.3h-11c-.3 0-.5.1-.7.3-.2.2-.3.5-.3.7s.1.5.3.7z\"\/><\/svg><\/span><\/span><\/label><input type=\"checkbox\"  id=\"ez-toc-cssicon-toggle-item-69f256f06eb3c\"  aria-label=\"Alternar\" \/><nav><ul class='ez-toc-list ez-toc-list-level-1 ' ><li class='ez-toc-page-1 ez-toc-heading-level-2'><a class=\"ez-toc-link ez-toc-heading-1\" href=\"https:\/\/www.auxiliadorapredial.com.br\/blog\/3-verdades-sobre-como-e-morar-em-canela\/#1_77_anos_de_historia_em_Canela_para_conhecer\" >#1 77 anos de hist\u00f3ria em Canela para conhecer<\/a><\/li><li class='ez-toc-page-1 ez-toc-heading-level-2'><a class=\"ez-toc-link ez-toc-heading-2\" href=\"https:\/\/www.auxiliadorapredial.com.br\/blog\/3-verdades-sobre-como-e-morar-em-canela\/#2_Tranquilidade_e_lazer\" >#2 Tranquilidade e lazer<\/a><ul class='ez-toc-list-level-3' ><li class='ez-toc-heading-level-3'><a class=\"ez-toc-link ez-toc-heading-3\" href=\"https:\/\/www.auxiliadorapredial.com.br\/blog\/3-verdades-sobre-como-e-morar-em-canela\/#Principais_pontos_turisticos_de_Canela\" >Principais pontos tur\u00edsticos de Canela<\/a><\/li><\/ul><\/li><li class='ez-toc-page-1 ez-toc-heading-level-2'><a class=\"ez-toc-link ez-toc-heading-4\" href=\"https:\/\/www.auxiliadorapredial.com.br\/blog\/3-verdades-sobre-como-e-morar-em-canela\/#3_Bairros_seguros_e_em_pleno_desenvolvimento_para_morar_e_empreender\" >#3 Bairros seguros e em pleno desenvolvimento para morar e empreender<\/a><\/li><li class='ez-toc-page-1 ez-toc-heading-level-2'><a class=\"ez-toc-link ez-toc-heading-5\" href=\"https:\/\/www.auxiliadorapredial.com.br\/blog\/3-verdades-sobre-como-e-morar-em-canela\/#Leia_tambem\" >Leia tamb\u00e9m:\u00a0<\/a><ul class='ez-toc-list-level-3' ><li class='ez-toc-heading-level-3'><a class=\"ez-toc-link ez-toc-heading-6\" href=\"https:\/\/www.auxiliadorapredial.com.br\/blog\/3-verdades-sobre-como-e-morar-em-canela\/#Entao_como_e_morar_em_Canela\" >Ent\u00e3o, como \u00e9 morar em Canela?<\/a><\/li><li class='ez-toc-page-1 ez-toc-heading-level-3'><a class=\"ez-toc-link ez-toc-heading-7\" href=\"https:\/\/www.auxiliadorapredial.com.br\/blog\/3-verdades-sobre-como-e-morar-em-canela\/#Condominios_fechados_uma_verdade_extra_sobre_como_e_morar_em_Canela\" >Condom\u00ednios fechados: uma verdade extra sobre como \u00e9 morar em Canela<\/a><\/li><\/ul><\/li><li class='ez-toc-page-1 ez-toc-heading-level-2'><a class=\"ez-toc-link ez-toc-heading-8\" href=\"https:\/\/www.auxiliadorapredial.com.br\/blog\/3-verdades-sobre-como-e-morar-em-canela\/#Canela_charme_e_seguranca_para_viver\" >Canela, charme e seguran\u00e7a para viver<\/a><\/li><\/ul><\/nav><\/div>\n<h2><span class=\"ez-toc-section\" id=\"1_77_anos_de_historia_em_Canela_para_conhecer\"><\/span><b>#1 77 anos de hist\u00f3ria em Canela para conhecer<\/b><b><\/b><span class=\"ez-toc-section-end\"><\/span><\/h2><p><span style=\"font-weight: 400;\">Antes de mais nada, a primeira verdade sobre como \u00e9 morar em Canela \u00e9 que voc\u00ea tem <\/span><b>77 anos de hist\u00f3ria <\/b><span style=\"font-weight: 400;\">para conhecer atrav\u00e9s dos livros e dos acontecimentos que a cidade, que tem coloniza\u00e7\u00e3o italiana, alem\u00e3, portuguesa e s\u00edrio-libanesa, carrega.<\/span><\/p><p><span style=\"font-weight: 400;\">Em primeiro lugar, tudo come\u00e7a com os \u00edndios caingangues, primeiros habitantes da Serra Ga\u00facha. Por\u00e9m, o primeiro n\u00facleo urbano de Canela s\u00f3 veio anos depois, quando o coronel Jo\u00e3o Ferreira Corr\u00eaa da Silva escolheu o local para viver, desbravando o povoado que,<\/span><span style=\"font-weight: 400;\"> mais tarde, passaria pela fase de emancipa\u00e7\u00e3o.<\/span><\/p><p><span style=\"font-weight: 400;\">Canela est\u00e1 localizada na<\/span><b> Regi\u00e3o das Hort\u00eansias<\/b><span style=\"font-weight: 400;\"> e faz divisa com Gramado, S\u00e3o Francisco de Paula, Caxias do Sul e Tr\u00eas Coroas. <\/span><span style=\"font-weight: 400;\">S\u00e3o mais de <\/span><b>45 mil habitantes<\/b><span style=\"font-weight: 400;\"> na cidade que leva o nome de uma \u00e1rvore.<\/span><\/p><p><span style=\"font-weight: 400;\">Al\u00e9m disso, Canela \u00e9 uma cidade de muitos relevos e de uma hidrografia muito rica, j\u00e1 que \u00e9 cortada pelo rio Santa Cruz, pelo Rio Paranhana e por diversos riachos e nascentes.<\/span><\/p><p><span style=\"font-weight: 400;\">Portanto, essa combina\u00e7\u00e3o faz com que <\/span><b>cascatas <\/b><span style=\"font-weight: 400;\">e <\/span><b>vales <\/b><span style=\"font-weight: 400;\">se tornem atrativos naturais, sobre os quais vamos falar em seguida por aqui.<\/span><\/p><h2><span class=\"ez-toc-section\" id=\"2_Tranquilidade_e_lazer\"><\/span><b>#2 Tranquilidade e lazer<\/b><b><\/b><span class=\"ez-toc-section-end\"><\/span><\/h2><p><span style=\"font-weight: 400;\">Outra verdade sobre como \u00e9 morar em Canela \u00e9 que o lugar transmite <\/span><b>tranquilidade <\/b><span style=\"font-weight: 400;\">em tudo que se v\u00ea.<\/span><\/p><p><span style=\"font-weight: 400;\">Em outras palavras, a cidade tem op\u00e7\u00f5es de lazer e descanso cheias de belezas e encantos. As ruas largas e arborizadas d\u00e3o f\u00f4lego e a sensa\u00e7\u00e3o de qualidade de vida a qualquer hora do dia. N\u00e3o \u00e9 \u00e0 toa que a cidade \u00e9 destaque quando o assunto \u00e9<\/span><b> turismo sustent\u00e1vel<\/b><span style=\"font-weight: 400;\">.<\/span><\/p><p><span style=\"font-weight: 400;\">Nesse sentido, pouco mais de 8 quil\u00f4metros separam Gramado e Canela, mas, com certeza, a cidade vizinha tem bem mais agito, deixando para Canela esse ar que mistura grandes belezas naturais com vida tranquila.<\/span><\/p><p><span style=\"font-weight: 400;\">E se \u00e9 generosa com quem faz uma visita, Canela \u00e9 ainda mais gentil com quem a escolhe como lugar para viver.<\/span><\/p><p><span style=\"font-weight: 400;\">S\u00e3o parques e tantos outros atrativos que usam dos cen\u00e1rios naturais &#8211; matas nativas, ar puro, p\u00e1ssaros cantando e estruturas totalmente diferenciadas &#8211; para oferecer paz e momentos divertidos.<\/span><\/p><p><span style=\"font-weight: 400;\">Dessa forma, <\/span><b>quedas d\u2019\u00e1gua <\/b><span style=\"font-weight: 400;\">com mais de 130 metros, <\/span><b>trilhas<\/b><span style=\"font-weight: 400;\">, <\/span><b>morros<\/b><span style=\"font-weight: 400;\">, <\/span><b>vales <\/b><span style=\"font-weight: 400;\">com vistas incr\u00edveis e <\/span><b>parques <\/b><span style=\"font-weight: 400;\">cheios de <\/span><b>mata nativa<\/b><span style=\"font-weight: 400;\">, completam esse cen\u00e1rio de tranquilidade.<\/span><\/p><h3><span class=\"ez-toc-section\" id=\"Principais_pontos_turisticos_de_Canela\"><\/span><b>Principais pontos tur\u00edsticos de Canela<\/b><span class=\"ez-toc-section-end\"><\/span><\/h3><ul><li style=\"font-weight: 400;\" aria-level=\"1\"><span style=\"font-weight: 400;\"><a href=\"https:\/\/www.parquedocaracol.com\/\" target=\"_blank\" rel=\"noopener\">Parque Estadual do Caracol<\/a> (Cascata do Caracol)<\/span><\/li><li style=\"font-weight: 400;\" aria-level=\"1\"><span style=\"font-weight: 400;\">Vale do Quilombo<\/span><\/li><li style=\"font-weight: 400;\" aria-level=\"1\"><span style=\"font-weight: 400;\">Parque da Ferradura<\/span><\/li><li style=\"font-weight: 400;\" aria-level=\"1\"><span style=\"font-weight: 400;\"><a href=\"https:\/\/parquesdaserra.com.br\/\" target=\"_blank\" rel=\"noopener\">Bondinhos A\u00e9reos<\/a> &#8211; Parques da Serra<\/span><\/li><li style=\"font-weight: 400;\" aria-level=\"1\"><a href=\"https:\/\/ecoparquesperry.com.br\/\" target=\"_blank\" rel=\"noopener\"><span style=\"font-weight: 400;\">Ecoparque Sperry<\/span><\/a><\/li><li style=\"font-weight: 400;\" aria-level=\"1\"><a href=\"https:\/\/www.alpenpark.com.br\/\" target=\"_blank\" rel=\"noopener\"><span style=\"font-weight: 400;\">Alpen Park<\/span><\/a><\/li><li style=\"font-weight: 400;\" aria-level=\"1\"><a href=\"https:\/\/www.mundoavapor.com.br\/\" target=\"_blank\" rel=\"noopener\"><span style=\"font-weight: 400;\">Mundo a Vapor<\/span><\/a><\/li><li style=\"font-weight: 400;\" aria-level=\"1\"><span style=\"font-weight: 400;\">Catedral de Pedra<\/span><\/li><li style=\"font-weight: 400;\" aria-level=\"1\"><span style=\"font-weight: 400;\">Mirante Laje de Pedra<\/span><\/li><li style=\"font-weight: 400;\" aria-level=\"1\"><a href=\"https:\/\/www.museudecanela.com.br\/\" target=\"_blank\" rel=\"noopener\"><span style=\"font-weight: 400;\">Museu do Autom\u00f3vel de Canela<\/span><\/a><\/li><li style=\"font-weight: 400;\" aria-level=\"1\"><a href=\"http:\/\/www.museudamodadecanela.com.br\/\" target=\"_blank\" rel=\"noopener\"><span style=\"font-weight: 400;\">Museu da Moda de Canela<\/span><\/a><\/li><li style=\"font-weight: 400;\" aria-level=\"1\"><a href=\"https:\/\/www.castelinhocaracol.com.br\/pt\" target=\"_blank\" rel=\"noopener\"><span style=\"font-weight: 400;\">Castelinho Caracol<\/span><\/a><\/li><li style=\"font-weight: 400;\" aria-level=\"1\"><a href=\"https:\/\/museuegipcio.com.br\/\" target=\"_blank\" rel=\"noopener\"><span style=\"font-weight: 400;\">Museu Eg\u00edpcio<\/span><\/a><\/li><li style=\"font-weight: 400;\" aria-level=\"1\"><a href=\"https:\/\/parqueterramagicaflorybal.com.br\" target=\"_blank\" rel=\"noopener\"><span style=\"font-weight: 400;\">Parque Terra M\u00e1gica Florybal<\/span><\/a><\/li><li style=\"font-weight: 400;\" aria-level=\"1\"><a href=\"https:\/\/www.skyglasscanela.com.br\/\" target=\"_blank\" rel=\"noopener\"><span style=\"font-weight: 400;\">Skyglass Canela<\/span><\/a><\/li><li style=\"font-weight: 400;\" aria-level=\"1\"><a href=\"https:\/\/mundogeladodocapitao.com.br\/\" target=\"_blank\" rel=\"noopener\"><span style=\"font-weight: 400;\">Mundo Gelado do Capit\u00e3o<\/span><\/a><\/li><\/ul><figure id=\"attachment_13083\" aria-describedby=\"caption-attachment-13083\" style=\"width: 1024px\" class=\"wp-caption aligncenter\"><img fetchpriority=\"high\" decoding=\"async\" class=\"wp-image-13083 size-full\" src=\"https:\/\/www.auxiliadorapredial.com.br\/blog\/wp-content\/uploads\/morar-em-canela-1.webp\" alt=\"3 verdades sobre como \u00e9 morar em Canela\" width=\"1024\" height=\"768\" srcset=\"https:\/\/www.auxiliadorapredial.com.br\/blog\/wp-content\/uploads\/morar-em-canela-1.webp 1024w, https:\/\/www.auxiliadorapredial.com.br\/blog\/wp-content\/uploads\/morar-em-canela-1-300x225.webp 300w, https:\/\/www.auxiliadorapredial.com.br\/blog\/wp-content\/uploads\/morar-em-canela-1-768x576.webp 768w\" sizes=\"(max-width: 1024px) 100vw, 1024px\" \/><figcaption id=\"caption-attachment-13083\" class=\"wp-caption-text\">Mais de 45 mil habitantes tem em Canela o seu lar; Na foto, a famosa Catedral de Pedra<\/figcaption><\/figure><p><span style=\"font-weight: 400;\">Al\u00e9m disso, o \u201clazer\u201d tamb\u00e9m passa pela <\/span><b>gastronomia<\/b><span style=\"font-weight: 400;\">, \u00e9 claro. Canela re\u00fane culturas e temperos para uma vida inteira de descobertas e novas listas de lugares favoritos, al\u00e9m da chegada dos novos neg\u00f3cios para a lista do \u201cquero conhecer\u201d.<\/span><\/p><p><span style=\"font-weight: 400;\">Seja para o paladar tradicional, como um bom churrasco, ou para os cl\u00e1ssicos da Serra Ga\u00facha, como o fondue e os doces com chocolate caseiro, a cidade sabe agradar seus turistas e moradores com boas especialidades gastron\u00f4micas.<\/span><\/p><p><span style=\"font-weight: 400;\">Igualmente, as op\u00e7\u00f5es da culin\u00e1ria t\u00edpica alem\u00e3 e italiana tamb\u00e9m s\u00e3o uma atra\u00e7\u00e3o \u00e0 parte, al\u00e9m das vin\u00edcolas, perfeitas para os dias mais frios.<\/span><\/p><p><span style=\"font-weight: 400;\">Ao mesmo tempo, os eventos culturais fortalecem o lazer, com agendas para todas as idades e durante o ano todo, como a <\/span><b>Festa do Chocolate<\/b><span style=\"font-weight: 400;\">, a <\/span><b>Temporada de <a href=\"https:\/\/www.auxiliadorapredial.com.br\/blog\/como-evitar-umidade-no-inverno-e-manter-o-bem-estar-em-casa\/\">Inverno<\/a><\/b><span style=\"font-weight: 400;\">, o <\/span><b>Festival Internacional de Bonecos<\/b><span style=\"font-weight: 400;\">, o <\/span><b>Sonho de Natal<\/b><span style=\"font-weight: 400;\">, dentre tantas outras realiza\u00e7\u00f5es.<\/span><\/p><h2><span class=\"ez-toc-section\" id=\"3_Bairros_seguros_e_em_pleno_desenvolvimento_para_morar_e_empreender\"><\/span><b>#3 Bairros seguros e em pleno desenvolvimento para morar e empreender<\/b><b><\/b><span class=\"ez-toc-section-end\"><\/span><\/h2><p><span style=\"font-weight: 400;\">A forma do munic\u00edpio encantar a todos foi constru\u00edda junto com o seu processo civilizat\u00f3rio e se mant\u00e9m at\u00e9 hoje, com um destaque especial para a <\/span><b>seguran\u00e7a <\/b><span style=\"font-weight: 400;\">e para a <\/span><b>economia crescente<\/b><span style=\"font-weight: 400;\">, com seu com\u00e9rcio baseado em malhas, artesanatos, couros e grifes.<\/span><\/p><p><span style=\"font-weight: 400;\">Ou seja, para quem escolhe Canela para morar, esses benef\u00edcios s\u00e3o percebidos diretamente, no dia a dia e na conquista da qualidade de vida para todas as gera\u00e7\u00f5es.<\/span><\/p><p><span style=\"font-weight: 400;\">Do mesmo modo, para empreender, a cidade \u00e9 igualmente generosa. Por exemplo, sua \u00e1rea central passou por revitaliza\u00e7\u00f5es com a chegada constante de novos atrativos tur\u00edsticos, al\u00e9m de empreendimentos hoteleiros e imobili\u00e1rios.<\/span><\/p><p><span style=\"font-weight: 400;\">Nesse sentido, Canela \u00e9 um dos 162 munic\u00edpios ga\u00fachos habilitados pelo Conselho Estadual do Meio Ambiente que fornecem licenciamento ambiental para empres\u00e1rios que decidem investir na cidade.<\/span><\/p><p><span style=\"font-weight: 400;\">Enquanto isso, a retomada de voos de Porto Alegre para Canela e a chegada de voos diretos de Canela para Florian\u00f3polis influenciam a movimenta\u00e7\u00e3o na cidade, atraindo cada vez mais investimentos e impactando a valoriza\u00e7\u00e3o.<\/span><\/p><h2><span class=\"ez-toc-section\" id=\"Leia_tambem\"><\/span><b>Leia tamb\u00e9m:\u00a0<\/b><span class=\"ez-toc-section-end\"><\/span><\/h2><p><a href=\"https:\/\/www.auxiliadorapredial.com.br\/blog\/5-razoes-para-morar-em-gramado\/\" target=\"_blank\" rel=\"noopener\"><span style=\"font-weight: 400;\">5 raz\u00f5es para morar em Gramado<\/span><\/a><\/p><p><a href=\"https:\/\/www.auxiliadorapredial.com.br\/blog\/alugar-ou-comprar-um-imovel-o-que-vale-a-pena\/\" target=\"_blank\" rel=\"noopener\"><span style=\"font-weight: 400;\">Alugar ou comprar um im\u00f3vel: o que vale a pena?<\/span><\/a><\/p><h3><span class=\"ez-toc-section\" id=\"Entao_como_e_morar_em_Canela\"><\/span><b>Ent\u00e3o, como \u00e9 morar em Canela?<\/b><span class=\"ez-toc-section-end\"><\/span><\/h3><p><span style=\"font-weight: 400;\">Conforme explica <\/span><b>Mateus Reck, franqueado da Ag\u00eancia Canela<\/b><span style=\"font-weight: 400;\">, a cidade tem os seus destaques quando o assunto \u00e9 moradia, ent\u00e3o perguntamos a ele como \u00e9 morar em Canela atrav\u00e9s dos <\/span><b>bairros mais procurados<\/b><span style=\"font-weight: 400;\">.<\/span><\/p><blockquote><p><i><span style=\"font-weight: 400;\">Os lugares mais buscados pelas pessoas e que, ao mesmo tempo, concentram as melhores casas para morar em Canela se dividem em, basicamente, <\/span><\/i><b><i>tr\u00eas regi\u00f5es<\/i><\/b><i><span style=\"font-weight: 400;\">.<\/span><\/i><\/p><p><i><span style=\"font-weight: 400;\">Ent\u00e3o, temos o bairro <\/span><\/i><b><i>Centro<\/i><\/b><i><span style=\"font-weight: 400;\">, que \u00e9 uma busca natural, j\u00e1 que as pessoas gostam da praticidade de estarem pr\u00f3ximas de tudo. Al\u00e9m disso, aqui, diferente dos grandes centros urbanos, \u00e9 tudo muito pr\u00f3ximo, farm\u00e1cias, mercados, atra\u00e7\u00f5es tur\u00edsticas e atra\u00e7\u00f5es culturais. Tudo costuma se concentrar no Centro.<\/span><\/i><\/p><p><i><span style=\"font-weight: 400;\">O segundo bairro mais procurado \u00e9 a <\/span><\/i><b><i>Vila Suzana<\/i><\/b><i><span style=\"font-weight: 400;\">, um bairro anexo ao Centro, por\u00e9m mais tranquilo, com muita natureza e as ruas largas t\u00edpicas de Canela.<\/span><\/i><\/p><p><i><span style=\"font-weight: 400;\">Por \u00faltimo temos, hoje, outros bairros com bastante procura por parte dos clientes, como \u00e9 o caso da <\/span><\/i><b><i>Vila do Cedro<\/i><\/b><i><span style=\"font-weight: 400;\">, que tem apresentado um desenvolvimento muito bacana.<\/span><\/i><\/p><\/blockquote><h3><span class=\"ez-toc-section\" id=\"Condominios_fechados_uma_verdade_extra_sobre_como_e_morar_em_Canela\"><\/span><b>Condom\u00ednios fechados: uma verdade extra sobre como \u00e9 morar em Canela<\/b><span class=\"ez-toc-section-end\"><\/span><\/h3><p><span style=\"font-weight: 400;\">Por fim, para quem quer descobrir como \u00e9 morar em Canela, precisa saber mais dessa verdade extra que resolvemos trazer aqui: o incr\u00edvel mundo dos <\/span><b><a href=\"https:\/\/www.auxiliadorapredial.com.br\/blog\/condominio-fechado-como-e-caracteristicas-e-vantagens\/\">condom\u00ednios fechados<\/a><\/b><span style=\"font-weight: 400;\">.<\/span><\/p><p><span style=\"font-weight: 400;\">A Serra Ga\u00facha foi pioneira na cultura residencial dos condom\u00ednios fechados, com cen\u00e1rios naturais que favoreciam essa mistura de casas e natureza, al\u00e9m de um olhar muito voltado para a seguran\u00e7a das fam\u00edlias.<\/span><\/p><p><span style=\"font-weight: 400;\">De acordo com <strong>Reck<\/strong>, Canela foi claramente uma das cidades onde esse formato ganhou maior evid\u00eancia e ele <\/span><span style=\"font-weight: 400;\">aproveitou para comentar um pouco sobre os quatro principais condom\u00ednios fechados, cada vez mais procurados na cidade: <\/span><b>Laje de Pedra, Reserva da Serra, Quinta da Serra e Altos Pinheiros<\/b><span style=\"font-weight: 400;\">.<\/span><\/p><blockquote><p><i><span style=\"font-weight: 400;\">O<\/span><\/i><b><i> Laje de Pedra <\/i><\/b><i><span style=\"font-weight: 400;\">\u00e9 o mais tradicional e um dos mais elegantes da regi\u00e3o. Tem 40 anos de hist\u00f3ria e ganhar\u00e1, em 2024, o primeiro Hotel Kempinski na Am\u00e9rica do Sul, da rede hoteleira su\u00ed\u00e7a que representa o mais antigo grupo de hot\u00e9is de luxo da Europa. Todo o investimento envolvido ir\u00e1 transformar o antigo hotel e o <a href=\"https:\/\/www.auxiliadorapredial.com.br\/blog\/gestao-financeira-em-condominio-como-garantir-mais-transparencia-e-seguranca\/\">condom\u00ednio<\/a> onde est\u00e1 inserido.<\/span><\/i><\/p><p><i><span style=\"font-weight: 400;\">Depois, temos o <\/span><\/i><b><i>Reserva da Serra<\/i><\/b><i><span style=\"font-weight: 400;\">, com hotel, alguns edif\u00edcios e o restante do espa\u00e7o formado por casas. Ele \u00e9 mais exclusivo e tem\u00e1tico, j\u00e1 que remonta ao cen\u00e1rio de Toscana, no norte da It\u00e1lia. Foi inaugurado em 2008 e fica atr\u00e1s do Laje de Pedra.<\/span><\/i><\/p><p><i><span style=\"font-weight: 400;\">Tamb\u00e9m temos o <\/span><\/i><b><i>Quinta da Serra<\/i><\/b><i><span style=\"font-weight: 400;\">, mais antigo, sendo um misto de resid\u00eancias e edif\u00edcios, e, de todos, esse \u00e9 o mais pr\u00f3ximo do Centro. Ele gera uma grande procura por quem vem dos grandes centros urbanos e gosta da seguran\u00e7a que esses condom\u00ednios oferecem, com <a href=\"https:\/\/www.auxiliadorapredial.com.br\/blog\/portaria-em-condominios\/\">portaria<\/a> fechada e infraestrutura.<\/span><\/i><\/p><p><i><span style=\"font-weight: 400;\">Por \u00faltimo, temos o<\/span><\/i><b><i> Altos Pinheiros<\/i><\/b><i><span style=\"font-weight: 400;\">, que foi inaugurado em 2012. \u00c9 o mais novo e o mais central de todos. \u00c9 um dos mais procurados, seja para terrenos ou para casas prontas.<\/span><\/i><\/p><\/blockquote><h2><span class=\"ez-toc-section\" id=\"Canela_charme_e_seguranca_para_viver\"><\/span><strong>Canela, charme e seguran\u00e7a para viver<\/strong><span class=\"ez-toc-section-end\"><\/span><\/h2><p><span style=\"font-weight: 400;\">Em s\u00edntese, uma pequena, charmosa e segura cidade serrana em desenvolvimento. Canela \u00e9 imersa em um para\u00edso natural verde e esses atributos fazem justi\u00e7a \u00e0 vista e \u00e0 vida que se leva por l\u00e1.<\/span><\/p><p><span style=\"font-weight: 400;\">Definitivamente, morar na cidade \u00e9 a garantia de lindos lugares para conhecer e rever durante o ano todo. Enquanto isso, o ar puro faz voc\u00ea lembrar que os dias podem ser sempre de tranquilidade e belos cen\u00e1rios.<\/span><\/p><p><b>Comece agora <\/b>a procura pelo seu pr\u00f3ximo lar<span style=\"font-weight: 400;\"> na Serra Ga\u00facha: <a href=\"https:\/\/www.auxiliadorapredial.com.br\/agencias\/91\/agencia-canela\" target=\"_blank\" rel=\"noopener\"><strong>confira mais de 200 im\u00f3veis para comprar<\/strong><\/a> em Canela.<\/span><\/p>\t\t\t\t\t\t<\/div>\n\t\t\t\t<\/div>\n\t\t\t\t\t<\/div>\n\t\t<\/div>\n\t\t\t\t\t<\/div>\n\t\t<\/section>\n\t\t\t\t<\/div>\n\t\t","protected":false},"excerpt":{"rendered":"<p>A Serra Ga\u00facha tem encantos muito particulares e atra\u00e7\u00f5es que voc\u00ea s\u00f3 encontra nos destinos tur\u00edsticos da regi\u00e3o. Por\u00e9m, para muitos, a moradia na localidade ainda \u00e9 um mist\u00e9rio. J\u00e1 pensou em como \u00e9 morar em Canela? \u00c9 sobre essa cidade muito conhecida pelos turistas, mas que tamb\u00e9m encanta seus novos moradores, que vamos falar [&hellip;]<\/p>\n","protected":false},"author":8,"featured_media":13082,"comment_status":"open","ping_status":"open","sticky":false,"template":"","format":"standard","meta":{"footnotes":""},"categories":[309],"tags":[353,362,331,525,352],"class_list":["post-7786","post","type-post","status-publish","format-standard","has-post-thumbnail","hentry","category-morar-bem","tag-canela","tag-comprar-casa","tag-comprar-imovel","tag-interior-gaucho","tag-serra-gaucha"],"yoast_head":"<!-- This site is optimized with the Yoast SEO plugin v27.3 - https:\/\/yoast.com\/product\/yoast-seo-wordpress\/ -->\n<title>3 verdades sobre como \u00e9 morar em Canela<\/title>\n<meta name=\"description\" content=\"Uma bela hist\u00f3ria para descobrir, belezas naturais, economia crescente e seguran\u00e7a. E ainda tem muito mais! Descubra como \u00e9 morar em Canela!\" \/>\n<meta name=\"robots\" content=\"index, follow, max-snippet:-1, max-image-preview:large, max-video-preview:-1\" \/>\n<link rel=\"canonical\" href=\"https:\/\/www.auxiliadorapredial.com.br\/blog\/3-verdades-sobre-como-e-morar-em-canela\/\" \/>\n<meta property=\"og:locale\" content=\"pt_BR\" \/>\n<meta property=\"og:type\" content=\"article\" \/>\n<meta property=\"og:title\" content=\"3 verdades sobre como \u00e9 morar em Canela\" \/>\n<meta property=\"og:description\" content=\"Uma bela hist\u00f3ria para descobrir, belezas naturais, economia crescente e seguran\u00e7a. E ainda tem muito mais! Descubra como \u00e9 morar em Canela!\" \/>\n<meta property=\"og:url\" content=\"https:\/\/www.auxiliadorapredial.com.br\/blog\/3-verdades-sobre-como-e-morar-em-canela\/\" \/>\n<meta property=\"og:site_name\" content=\"Blog da Auxiliadora Predial - Tudo sobre im\u00f3veis e condom\u00ednios\" \/>\n<meta property=\"article:published_time\" content=\"2021-12-28T15:31:46+00:00\" \/>\n<meta property=\"article:modified_time\" content=\"2024-02-05T17:41:35+00:00\" \/>\n<meta property=\"og:image\" content=\"https:\/\/www.auxiliadorapredial.com.br\/blog\/wp-content\/uploads\/morar-em-canela-capa.webp\" \/>\n\t<meta property=\"og:image:width\" content=\"1620\" \/>\n\t<meta property=\"og:image:height\" content=\"1080\" \/>\n\t<meta property=\"og:image:type\" content=\"image\/webp\" \/>\n<meta name=\"author\" content=\"Auxiliadora Predial\" \/>\n<meta name=\"twitter:card\" content=\"summary_large_image\" \/>\n<meta name=\"twitter:label1\" content=\"Escrito por\" \/>\n\t<meta name=\"twitter:data1\" content=\"Auxiliadora Predial\" \/>\n\t<meta name=\"twitter:label2\" content=\"Est. tempo de leitura\" \/>\n\t<meta name=\"twitter:data2\" content=\"9 minutos\" \/>\n<script type=\"application\/ld+json\" class=\"yoast-schema-graph\">{\"@context\":\"https:\\\/\\\/schema.org\",\"@graph\":[{\"@type\":\"Article\",\"@id\":\"https:\\\/\\\/www.auxiliadorapredial.com.br\\\/blog\\\/3-verdades-sobre-como-e-morar-em-canela\\\/#article\",\"isPartOf\":{\"@id\":\"https:\\\/\\\/www.auxiliadorapredial.com.br\\\/blog\\\/3-verdades-sobre-como-e-morar-em-canela\\\/\"},\"author\":{\"name\":\"Auxiliadora Predial\",\"@id\":\"https:\\\/\\\/www.auxiliadorapredial.com.br\\\/blog\\\/#\\\/schema\\\/person\\\/6f18fc59c4e49f77084c0b79db558b94\"},\"headline\":\"3 verdades sobre como \u00e9 morar em Canela\",\"datePublished\":\"2021-12-28T15:31:46+00:00\",\"dateModified\":\"2024-02-05T17:41:35+00:00\",\"mainEntityOfPage\":{\"@id\":\"https:\\\/\\\/www.auxiliadorapredial.com.br\\\/blog\\\/3-verdades-sobre-como-e-morar-em-canela\\\/\"},\"wordCount\":1543,\"commentCount\":0,\"image\":{\"@id\":\"https:\\\/\\\/www.auxiliadorapredial.com.br\\\/blog\\\/3-verdades-sobre-como-e-morar-em-canela\\\/#primaryimage\"},\"thumbnailUrl\":\"https:\\\/\\\/www.auxiliadorapredial.com.br\\\/blog\\\/wp-content\\\/uploads\\\/morar-em-canela-capa.webp\",\"keywords\":[\"canela\",\"comprar casa\",\"comprar im\u00f3vel\",\"Interior Ga\u00facho\",\"serra ga\u00facha\"],\"articleSection\":[\"Morar Bem\"],\"inLanguage\":\"pt-BR\",\"potentialAction\":[{\"@type\":\"CommentAction\",\"name\":\"Comment\",\"target\":[\"https:\\\/\\\/www.auxiliadorapredial.com.br\\\/blog\\\/3-verdades-sobre-como-e-morar-em-canela\\\/#respond\"]}]},{\"@type\":\"WebPage\",\"@id\":\"https:\\\/\\\/www.auxiliadorapredial.com.br\\\/blog\\\/3-verdades-sobre-como-e-morar-em-canela\\\/\",\"url\":\"https:\\\/\\\/www.auxiliadorapredial.com.br\\\/blog\\\/3-verdades-sobre-como-e-morar-em-canela\\\/\",\"name\":\"3 verdades sobre como \u00e9 morar em Canela\",\"isPartOf\":{\"@id\":\"https:\\\/\\\/www.auxiliadorapredial.com.br\\\/blog\\\/#website\"},\"primaryImageOfPage\":{\"@id\":\"https:\\\/\\\/www.auxiliadorapredial.com.br\\\/blog\\\/3-verdades-sobre-como-e-morar-em-canela\\\/#primaryimage\"},\"image\":{\"@id\":\"https:\\\/\\\/www.auxiliadorapredial.com.br\\\/blog\\\/3-verdades-sobre-como-e-morar-em-canela\\\/#primaryimage\"},\"thumbnailUrl\":\"https:\\\/\\\/www.auxiliadorapredial.com.br\\\/blog\\\/wp-content\\\/uploads\\\/morar-em-canela-capa.webp\",\"datePublished\":\"2021-12-28T15:31:46+00:00\",\"dateModified\":\"2024-02-05T17:41:35+00:00\",\"author\":{\"@id\":\"https:\\\/\\\/www.auxiliadorapredial.com.br\\\/blog\\\/#\\\/schema\\\/person\\\/6f18fc59c4e49f77084c0b79db558b94\"},\"description\":\"Uma bela hist\u00f3ria para descobrir, belezas naturais, economia crescente e seguran\u00e7a. E ainda tem muito mais! Descubra como \u00e9 morar em Canela!\",\"inLanguage\":\"pt-BR\",\"potentialAction\":[{\"@type\":\"ReadAction\",\"target\":[\"https:\\\/\\\/www.auxiliadorapredial.com.br\\\/blog\\\/3-verdades-sobre-como-e-morar-em-canela\\\/\"]}]},{\"@type\":\"ImageObject\",\"inLanguage\":\"pt-BR\",\"@id\":\"https:\\\/\\\/www.auxiliadorapredial.com.br\\\/blog\\\/3-verdades-sobre-como-e-morar-em-canela\\\/#primaryimage\",\"url\":\"https:\\\/\\\/www.auxiliadorapredial.com.br\\\/blog\\\/wp-content\\\/uploads\\\/morar-em-canela-capa.webp\",\"contentUrl\":\"https:\\\/\\\/www.auxiliadorapredial.com.br\\\/blog\\\/wp-content\\\/uploads\\\/morar-em-canela-capa.webp\",\"width\":1620,\"height\":1080,\"caption\":\"3 verdades sobre como \u00e9 morar em Canela\"},{\"@type\":\"WebSite\",\"@id\":\"https:\\\/\\\/www.auxiliadorapredial.com.br\\\/blog\\\/#website\",\"url\":\"https:\\\/\\\/www.auxiliadorapredial.com.br\\\/blog\\\/\",\"name\":\"Blog da Auxiliadora Predial - Tudo sobre im\u00f3veis e condom\u00ednios\",\"description\":\"Dicas da Auxiliadora Predial sobre aluguel, compra e venda de im\u00f3veis, al\u00e9m de condom\u00ednios. Imobili\u00e1ria em Porto Alegre e interior do RS, Santa Catarina e S\u00e3o Paulo.\",\"potentialAction\":[{\"@type\":\"SearchAction\",\"target\":{\"@type\":\"EntryPoint\",\"urlTemplate\":\"https:\\\/\\\/www.auxiliadorapredial.com.br\\\/blog\\\/?s={search_term_string}\"},\"query-input\":{\"@type\":\"PropertyValueSpecification\",\"valueRequired\":true,\"valueName\":\"search_term_string\"}}],\"inLanguage\":\"pt-BR\"},{\"@type\":\"Person\",\"@id\":\"https:\\\/\\\/www.auxiliadorapredial.com.br\\\/blog\\\/#\\\/schema\\\/person\\\/6f18fc59c4e49f77084c0b79db558b94\",\"name\":\"Auxiliadora Predial\",\"image\":{\"@type\":\"ImageObject\",\"inLanguage\":\"pt-BR\",\"@id\":\"https:\\\/\\\/secure.gravatar.com\\\/avatar\\\/35e2e024be01cb7ad8d58228a0e85f870bdc4fcffc251c71ad386ea38ee05234?s=96&d=mm&r=g\",\"url\":\"https:\\\/\\\/secure.gravatar.com\\\/avatar\\\/35e2e024be01cb7ad8d58228a0e85f870bdc4fcffc251c71ad386ea38ee05234?s=96&d=mm&r=g\",\"contentUrl\":\"https:\\\/\\\/secure.gravatar.com\\\/avatar\\\/35e2e024be01cb7ad8d58228a0e85f870bdc4fcffc251c71ad386ea38ee05234?s=96&d=mm&r=g\",\"caption\":\"Auxiliadora Predial\"},\"sameAs\":[\"https:\\\/\\\/www.auxiliadorapredial.com.br\\\/\"]}]}<\/script>\n<!-- \/ Yoast SEO plugin. -->","yoast_head_json":{"title":"3 verdades sobre como \u00e9 morar em Canela","description":"Uma bela hist\u00f3ria para descobrir, belezas naturais, economia crescente e seguran\u00e7a. E ainda tem muito mais! Descubra como \u00e9 morar em Canela!","robots":{"index":"index","follow":"follow","max-snippet":"max-snippet:-1","max-image-preview":"max-image-preview:large","max-video-preview":"max-video-preview:-1"},"canonical":"https:\/\/www.auxiliadorapredial.com.br\/blog\/3-verdades-sobre-como-e-morar-em-canela\/","og_locale":"pt_BR","og_type":"article","og_title":"3 verdades sobre como \u00e9 morar em Canela","og_description":"Uma bela hist\u00f3ria para descobrir, belezas naturais, economia crescente e seguran\u00e7a. E ainda tem muito mais! Descubra como \u00e9 morar em Canela!","og_url":"https:\/\/www.auxiliadorapredial.com.br\/blog\/3-verdades-sobre-como-e-morar-em-canela\/","og_site_name":"Blog da Auxiliadora Predial - Tudo sobre im\u00f3veis e condom\u00ednios","article_published_time":"2021-12-28T15:31:46+00:00","article_modified_time":"2024-02-05T17:41:35+00:00","og_image":[{"width":1620,"height":1080,"url":"https:\/\/www.auxiliadorapredial.com.br\/blog\/wp-content\/uploads\/morar-em-canela-capa.webp","type":"image\/webp"}],"author":"Auxiliadora Predial","twitter_card":"summary_large_image","twitter_misc":{"Escrito por":"Auxiliadora Predial","Est. tempo de leitura":"9 minutos"},"schema":{"@context":"https:\/\/schema.org","@graph":[{"@type":"Article","@id":"https:\/\/www.auxiliadorapredial.com.br\/blog\/3-verdades-sobre-como-e-morar-em-canela\/#article","isPartOf":{"@id":"https:\/\/www.auxiliadorapredial.com.br\/blog\/3-verdades-sobre-como-e-morar-em-canela\/"},"author":{"name":"Auxiliadora Predial","@id":"https:\/\/www.auxiliadorapredial.com.br\/blog\/#\/schema\/person\/6f18fc59c4e49f77084c0b79db558b94"},"headline":"3 verdades sobre como \u00e9 morar em Canela","datePublished":"2021-12-28T15:31:46+00:00","dateModified":"2024-02-05T17:41:35+00:00","mainEntityOfPage":{"@id":"https:\/\/www.auxiliadorapredial.com.br\/blog\/3-verdades-sobre-como-e-morar-em-canela\/"},"wordCount":1543,"commentCount":0,"image":{"@id":"https:\/\/www.auxiliadorapredial.com.br\/blog\/3-verdades-sobre-como-e-morar-em-canela\/#primaryimage"},"thumbnailUrl":"https:\/\/www.auxiliadorapredial.com.br\/blog\/wp-content\/uploads\/morar-em-canela-capa.webp","keywords":["canela","comprar casa","comprar im\u00f3vel","Interior Ga\u00facho","serra ga\u00facha"],"articleSection":["Morar Bem"],"inLanguage":"pt-BR","potentialAction":[{"@type":"CommentAction","name":"Comment","target":["https:\/\/www.auxiliadorapredial.com.br\/blog\/3-verdades-sobre-como-e-morar-em-canela\/#respond"]}]},{"@type":"WebPage","@id":"https:\/\/www.auxiliadorapredial.com.br\/blog\/3-verdades-sobre-como-e-morar-em-canela\/","url":"https:\/\/www.auxiliadorapredial.com.br\/blog\/3-verdades-sobre-como-e-morar-em-canela\/","name":"3 verdades sobre como \u00e9 morar em Canela","isPartOf":{"@id":"https:\/\/www.auxiliadorapredial.com.br\/blog\/#website"},"primaryImageOfPage":{"@id":"https:\/\/www.auxiliadorapredial.com.br\/blog\/3-verdades-sobre-como-e-morar-em-canela\/#primaryimage"},"image":{"@id":"https:\/\/www.auxiliadorapredial.com.br\/blog\/3-verdades-sobre-como-e-morar-em-canela\/#primaryimage"},"thumbnailUrl":"https:\/\/www.auxiliadorapredial.com.br\/blog\/wp-content\/uploads\/morar-em-canela-capa.webp","datePublished":"2021-12-28T15:31:46+00:00","dateModified":"2024-02-05T17:41:35+00:00","author":{"@id":"https:\/\/www.auxiliadorapredial.com.br\/blog\/#\/schema\/person\/6f18fc59c4e49f77084c0b79db558b94"},"description":"Uma bela hist\u00f3ria para descobrir, belezas naturais, economia crescente e seguran\u00e7a. E ainda tem muito mais! Descubra como \u00e9 morar em Canela!","inLanguage":"pt-BR","potentialAction":[{"@type":"ReadAction","target":["https:\/\/www.auxiliadorapredial.com.br\/blog\/3-verdades-sobre-como-e-morar-em-canela\/"]}]},{"@type":"ImageObject","inLanguage":"pt-BR","@id":"https:\/\/www.auxiliadorapredial.com.br\/blog\/3-verdades-sobre-como-e-morar-em-canela\/#primaryimage","url":"https:\/\/www.auxiliadorapredial.com.br\/blog\/wp-content\/uploads\/morar-em-canela-capa.webp","contentUrl":"https:\/\/www.auxiliadorapredial.com.br\/blog\/wp-content\/uploads\/morar-em-canela-capa.webp","width":1620,"height":1080,"caption":"3 verdades sobre como \u00e9 morar em Canela"},{"@type":"WebSite","@id":"https:\/\/www.auxiliadorapredial.com.br\/blog\/#website","url":"https:\/\/www.auxiliadorapredial.com.br\/blog\/","name":"Blog da Auxiliadora Predial - Tudo sobre im\u00f3veis e condom\u00ednios","description":"Dicas da Auxiliadora Predial sobre aluguel, compra e venda de im\u00f3veis, al\u00e9m de condom\u00ednios. Imobili\u00e1ria em Porto Alegre e interior do RS, Santa Catarina e S\u00e3o Paulo.","potentialAction":[{"@type":"SearchAction","target":{"@type":"EntryPoint","urlTemplate":"https:\/\/www.auxiliadorapredial.com.br\/blog\/?s={search_term_string}"},"query-input":{"@type":"PropertyValueSpecification","valueRequired":true,"valueName":"search_term_string"}}],"inLanguage":"pt-BR"},{"@type":"Person","@id":"https:\/\/www.auxiliadorapredial.com.br\/blog\/#\/schema\/person\/6f18fc59c4e49f77084c0b79db558b94","name":"Auxiliadora Predial","image":{"@type":"ImageObject","inLanguage":"pt-BR","@id":"https:\/\/secure.gravatar.com\/avatar\/35e2e024be01cb7ad8d58228a0e85f870bdc4fcffc251c71ad386ea38ee05234?s=96&d=mm&r=g","url":"https:\/\/secure.gravatar.com\/avatar\/35e2e024be01cb7ad8d58228a0e85f870bdc4fcffc251c71ad386ea38ee05234?s=96&d=mm&r=g","contentUrl":"https:\/\/secure.gravatar.com\/avatar\/35e2e024be01cb7ad8d58228a0e85f870bdc4fcffc251c71ad386ea38ee05234?s=96&d=mm&r=g","caption":"Auxiliadora Predial"},"sameAs":["https:\/\/www.auxiliadorapredial.com.br\/"]}]}},"views":5520,"_links":{"self":[{"href":"https:\/\/www.auxiliadorapredial.com.br\/blog\/wp-json\/wp\/v2\/posts\/7786","targetHints":{"allow":["GET"]}}],"collection":[{"href":"https:\/\/www.auxiliadorapredial.com.br\/blog\/wp-json\/wp\/v2\/posts"}],"about":[{"href":"https:\/\/www.auxiliadorapredial.com.br\/blog\/wp-json\/wp\/v2\/types\/post"}],"author":[{"embeddable":true,"href":"https:\/\/www.auxiliadorapredial.com.br\/blog\/wp-json\/wp\/v2\/users\/8"}],"replies":[{"embeddable":true,"href":"https:\/\/www.auxiliadorapredial.com.br\/blog\/wp-json\/wp\/v2\/comments?post=7786"}],"version-history":[{"count":17,"href":"https:\/\/www.auxiliadorapredial.com.br\/blog\/wp-json\/wp\/v2\/posts\/7786\/revisions"}],"predecessor-version":[{"id":14853,"href":"https:\/\/www.auxiliadorapredial.com.br\/blog\/wp-json\/wp\/v2\/posts\/7786\/revisions\/14853"}],"wp:featuredmedia":[{"embeddable":true,"href":"https:\/\/www.auxiliadorapredial.com.br\/blog\/wp-json\/wp\/v2\/media\/13082"}],"wp:attachment":[{"href":"https:\/\/www.auxiliadorapredial.com.br\/blog\/wp-json\/wp\/v2\/media?parent=7786"}],"wp:term":[{"taxonomy":"category","embeddable":true,"href":"https:\/\/www.auxiliadorapredial.com.br\/blog\/wp-json\/wp\/v2\/categories?post=7786"},{"taxonomy":"post_tag","embeddable":true,"href":"https:\/\/www.auxiliadorapredial.com.br\/blog\/wp-json\/wp\/v2\/tags?post=7786"}],"curies":[{"name":"wp","href":"https:\/\/api.w.org\/{rel}","templated":true}]}}