{"id":7829,"date":"2022-01-12T20:55:02","date_gmt":"2022-01-12T23:55:02","guid":{"rendered":"https:\/\/www.auxiliadorapredial.com.br\/blog\/?p=7829"},"modified":"2024-01-24T16:06:02","modified_gmt":"2024-01-24T19:06:02","slug":"entenda-o-que-e-um-apartamento-garden-e-a-alta-procura-por-imoveis-com-area-de-lazer","status":"publish","type":"post","link":"https:\/\/www.auxiliadorapredial.com.br\/blog\/entenda-o-que-e-um-apartamento-garden-e-a-alta-procura-por-imoveis-com-area-de-lazer\/","title":{"rendered":"Entenda o que \u00e9 um apartamento garden e a alta procura por im\u00f3veis com \u00e1rea de lazer"},"content":{"rendered":"<p><span style=\"font-weight: 400;\">Se morar em um lugar com mais <\/span><b>espa\u00e7o <\/b><span style=\"font-weight: 400;\">e <\/span><b>conforto <\/b><span style=\"font-weight: 400;\">era uma mera quest\u00e3o de prefer\u00eancia, para muitas fam\u00edlias isso se tornou uma necessidade. As rotinas dentro do lar fizeram explodir o interesse pelo <\/span><b>o que \u00e9 um apartamento <\/b><b><i>garden <\/i><\/b><span style=\"font-weight: 400;\">e outras formas de ter mais <\/span><b>\u00e1rea livre<\/b><span style=\"font-weight: 400;\"> em um im\u00f3vel.<\/span><\/p>\n<p><span style=\"font-weight: 400;\">Nossas vidas foram impactadas com a pandemia e em diversos casos as mudan\u00e7as chegaram e ficaram. <em>Home office<\/em>, ensino \u00e0 dist\u00e2ncia, maior frequ\u00eancia para as reuni\u00f5es familiares, pr\u00e1ticas de sa\u00fade em casa &#8211; da <em>yoga<\/em> ao treino funcional.\u00a0<\/span><\/p>\n<p>Tudo isso mudou, tamb\u00e9m, a forma de morar e encontrar o lar ideal.<\/p>\n<p><span style=\"font-weight: 400;\">Neste artigo voc\u00ea vai entender como se caracterizam os tipos de im\u00f3veis que oferecem espa\u00e7os de <\/span><b>lazer <\/b><span style=\"font-weight: 400;\">e como essa prefer\u00eancia se popularizou na hora de escolher uma casa para comprar ou alugar.<\/span><\/p>\n<p>&nbsp;<\/p>\n<div id=\"ez-toc-container\" class=\"ez-toc-v2_0_82_2 counter-hierarchy ez-toc-counter ez-toc-transparent ez-toc-container-direction\">\n<p class=\"ez-toc-title\" style=\"cursor:inherit\">Navegue pelo conte\u00fado<\/p>\n<label for=\"ez-toc-cssicon-toggle-item-69f5af4283656\" class=\"ez-toc-cssicon-toggle-label\"><span class=\"\"><span class=\"eztoc-hide\" style=\"display:none;\">Toggle<\/span><span class=\"ez-toc-icon-toggle-span\"><svg style=\"fill: #000000;color:#000000\" xmlns=\"http:\/\/www.w3.org\/2000\/svg\" class=\"list-377408\" width=\"20px\" height=\"20px\" viewBox=\"0 0 24 24\" fill=\"none\"><path d=\"M6 6H4v2h2V6zm14 0H8v2h12V6zM4 11h2v2H4v-2zm16 0H8v2h12v-2zM4 16h2v2H4v-2zm16 0H8v2h12v-2z\" fill=\"currentColor\"><\/path><\/svg><svg style=\"fill: #000000;color:#000000\" class=\"arrow-unsorted-368013\" xmlns=\"http:\/\/www.w3.org\/2000\/svg\" width=\"10px\" height=\"10px\" viewBox=\"0 0 24 24\" version=\"1.2\" baseProfile=\"tiny\"><path d=\"M18.2 9.3l-6.2-6.3-6.2 6.3c-.2.2-.3.4-.3.7s.1.5.3.7c.2.2.4.3.7.3h11c.3 0 .5-.1.7-.3.2-.2.3-.5.3-.7s-.1-.5-.3-.7zM5.8 14.7l6.2 6.3 6.2-6.3c.2-.2.3-.5.3-.7s-.1-.5-.3-.7c-.2-.2-.4-.3-.7-.3h-11c-.3 0-.5.1-.7.3-.2.2-.3.5-.3.7s.1.5.3.7z\"\/><\/svg><\/span><\/span><\/label><input type=\"checkbox\"  id=\"ez-toc-cssicon-toggle-item-69f5af4283656\"  aria-label=\"Alternar\" \/><nav><ul class='ez-toc-list ez-toc-list-level-1 ' ><li class='ez-toc-page-1 ez-toc-heading-level-2'><a class=\"ez-toc-link ez-toc-heading-1\" href=\"https:\/\/www.auxiliadorapredial.com.br\/blog\/entenda-o-que-e-um-apartamento-garden-e-a-alta-procura-por-imoveis-com-area-de-lazer\/#Imoveis_com_espaco_de_lazer_e_convivencia_tendencia_ou_necessidade\" >Im\u00f3veis com espa\u00e7o de lazer e conviv\u00eancia: tend\u00eancia ou necessidade?<\/a><\/li><li class='ez-toc-page-1 ez-toc-heading-level-2'><a class=\"ez-toc-link ez-toc-heading-2\" href=\"https:\/\/www.auxiliadorapredial.com.br\/blog\/entenda-o-que-e-um-apartamento-garden-e-a-alta-procura-por-imoveis-com-area-de-lazer\/#Moradia_com_mais_espaco_e_mais_saude\" >Moradia com mais espa\u00e7o (e mais sa\u00fade)<\/a><ul class='ez-toc-list-level-3' ><li class='ez-toc-heading-level-3'><a class=\"ez-toc-link ez-toc-heading-3\" href=\"https:\/\/www.auxiliadorapredial.com.br\/blog\/entenda-o-que-e-um-apartamento-garden-e-a-alta-procura-por-imoveis-com-area-de-lazer\/#Categorias_de_apartamentos\" >Categorias de apartamentos<\/a><\/li><\/ul><\/li><li class='ez-toc-page-1 ez-toc-heading-level-2'><a class=\"ez-toc-link ez-toc-heading-4\" href=\"https:\/\/www.auxiliadorapredial.com.br\/blog\/entenda-o-que-e-um-apartamento-garden-e-a-alta-procura-por-imoveis-com-area-de-lazer\/#Leia_tambem\" >Leia tamb\u00e9m:\u00a0<\/a><\/li><li class='ez-toc-page-1 ez-toc-heading-level-2'><a class=\"ez-toc-link ez-toc-heading-5\" href=\"https:\/\/www.auxiliadorapredial.com.br\/blog\/entenda-o-que-e-um-apartamento-garden-e-a-alta-procura-por-imoveis-com-area-de-lazer\/#O_que_e_um_apartamento_garden_e_como_ele_se_popularizou\" >O que \u00e9 um apartamento garden e como ele se popularizou?<\/a><ul class='ez-toc-list-level-3' ><li class='ez-toc-heading-level-3'><a class=\"ez-toc-link ez-toc-heading-6\" href=\"https:\/\/www.auxiliadorapredial.com.br\/blog\/entenda-o-que-e-um-apartamento-garden-e-a-alta-procura-por-imoveis-com-area-de-lazer\/#Lazer_seguranca_e_valorizacao\" >Lazer, seguran\u00e7a e valoriza\u00e7\u00e3o<\/a><\/li><\/ul><\/li><li class='ez-toc-page-1 ez-toc-heading-level-2'><a class=\"ez-toc-link ez-toc-heading-7\" href=\"https:\/\/www.auxiliadorapredial.com.br\/blog\/entenda-o-que-e-um-apartamento-garden-e-a-alta-procura-por-imoveis-com-area-de-lazer\/#Outras_opcoes_com_areas_livres\" >Outras op\u00e7\u00f5es com \u00e1reas livres<\/a><\/li><li class='ez-toc-page-1 ez-toc-heading-level-2'><a class=\"ez-toc-link ez-toc-heading-8\" href=\"https:\/\/www.auxiliadorapredial.com.br\/blog\/entenda-o-que-e-um-apartamento-garden-e-a-alta-procura-por-imoveis-com-area-de-lazer\/#Condominio_com_piscina\" >Condom\u00ednio com piscina<\/a><\/li><li class='ez-toc-page-1 ez-toc-heading-level-2'><a class=\"ez-toc-link ez-toc-heading-9\" href=\"https:\/\/www.auxiliadorapredial.com.br\/blog\/entenda-o-que-e-um-apartamento-garden-e-a-alta-procura-por-imoveis-com-area-de-lazer\/#Sacada\" >Sacada<\/a><\/li><li class='ez-toc-page-1 ez-toc-heading-level-2'><a class=\"ez-toc-link ez-toc-heading-10\" href=\"https:\/\/www.auxiliadorapredial.com.br\/blog\/entenda-o-que-e-um-apartamento-garden-e-a-alta-procura-por-imoveis-com-area-de-lazer\/#Cobertura\" >Cobertura<\/a><\/li><\/ul><\/nav><\/div>\n<h2><span class=\"ez-toc-section\" id=\"Imoveis_com_espaco_de_lazer_e_convivencia_tendencia_ou_necessidade\"><\/span><b>Im\u00f3veis com espa\u00e7o de lazer e conviv\u00eancia: tend\u00eancia ou necessidade?<\/b><span class=\"ez-toc-section-end\"><\/span><\/h2>\n<p><span style=\"font-weight: 400;\">Primeiramente, relembre o contexto: o <\/span><b>isolamento social<\/b><span style=\"font-weight: 400;\">, em fun\u00e7\u00e3o da <a href=\"https:\/\/covid.saude.gov.br\/\" target=\"_blank\" rel=\"noopener\">pandemia de covid-19<\/a>, fez a maior parte da popula\u00e7\u00e3o reaprender a passar mais horas dentro da pr\u00f3pria resid\u00eancia do que fora dela.<\/span><\/p>\n<p><span style=\"font-weight: 400;\">Agora, por mais que ruas e escrit\u00f3rios estejam retomando suas rotinas, os comportamentos ultrapassaram a barreira da tend\u00eancia.<\/span><\/p>\n<p><span style=\"font-weight: 400;\">Isso porque algumas atitudes permaneceram e se tornaram, na verdade, necessidade.<\/span><\/p>\n<p><span style=\"font-weight: 400;\">Ter uma moradia onde seja poss\u00edvel viver com maior qualidade de vida foi uma demanda que cresceu e virou uma busca constante dos brasileiros.<\/span><\/p>\n<p><span style=\"font-weight: 400;\">Desde a <\/span><b>verticaliza\u00e7\u00e3o urbana<\/b><span style=\"font-weight: 400;\"> esse caminho j\u00e1 era uma realidade, mas o atual cen\u00e1rio, com diversas atividades sendo feitas no mesmo lugar, em pleno conforto de casa, fez os olhares se voltarem justamente para a palavra \u201c<\/span><b>conforto<\/b><span style=\"font-weight: 400;\">\u201d.<\/span><\/p>\n<p><span style=\"font-weight: 400;\">Veja um exemplo: o mesmo espa\u00e7o que antes abrigava tranquilamente uma fam\u00edlia de quatro pessoas, com muitas horas dedicadas ao trabalho, estudos e compromissos sociais fora de casa, j\u00e1 n\u00e3o atende mais aquelas expectativas de quem passa mais tempo no lar e quer, tamb\u00e9m, relaxar e ampliar suas atividades neste lugar.<\/span><\/p>\n<p>&nbsp;<\/p>\n<h2><span class=\"ez-toc-section\" id=\"Moradia_com_mais_espaco_e_mais_saude\"><\/span><b>Moradia com mais espa\u00e7o (e mais sa\u00fade)<\/b><span class=\"ez-toc-section-end\"><\/span><\/h2>\n<p><span style=\"font-weight: 400;\">A moradia, agora, precisa ir muito al\u00e9m do que apenas contar com um espa\u00e7o para <\/span><em>home office<\/em><span style=\"font-weight: 400;\">. <\/span><span style=\"font-weight: 400;\">Espa\u00e7o para as plantas, para pr\u00e1tica de exerc\u00edcios leves, para atividades art\u00edsticas e espa\u00e7o at\u00e9 mesmo para fazer absolutamente nada.<\/span><\/p>\n<p><span style=\"font-weight: 400;\">Essas s\u00e3o algumas das novas metas de quem deseja transformar o tempo \u00fatil e o tempo livre em casa. O lema \u00e9 conciliar os compromissos com mais sa\u00fade f\u00edsica e mental.<\/span><\/p>\n<p><span style=\"font-weight: 400;\">Em outras palavras, o padr\u00e3o de consumo mudou e o mercado imobili\u00e1rio tamb\u00e9m sentiu esse reflexo.<\/span><\/p>\n<p><span style=\"font-weight: 400;\">As pesquisas do setor feitas nos \u00faltimos dois anos identificam o crescimento da busca por<\/span><b> im\u00f3veis maiores e mais confort\u00e1veis<\/b><span style=\"font-weight: 400;\">, com<\/span><b> espa\u00e7os de lazer e conviv\u00eancia<\/b><span style=\"font-weight: 400;\">, al\u00e9m das<\/span><b> \u00e1reas de uso comum nos condom\u00ednios<\/b><span style=\"font-weight: 400;\">.<\/span><\/p>\n<p><span style=\"font-weight: 400;\">Por exemplo, buscas espec\u00edficas por<\/span><b> \u201capartamento com varanda\u201d<\/b><span style=\"font-weight: 400;\"> ou <\/span><b>\u201co que \u00e9 um apartamento <\/b><b><i>garden<\/i><\/b><b>\u201d<\/b><span style=\"font-weight: 400;\"> tiveram um aumento consider\u00e1vel nos per\u00edodos de 2020 e 2021, quando comparados com anos anteriores.<\/span><\/p>\n<p><span style=\"font-weight: 400;\">Mesmo aqueles que t\u00eam regime de trabalho h\u00edbrido tamb\u00e9m querem uma forma de conciliar o of\u00edcio em um local confort\u00e1vel na pr\u00f3pria casa.<\/span><\/p>\n<p><span style=\"font-weight: 400;\">Passar a semana inteira dentro da empresa? Isso tamb\u00e9m se enquadra na realidade de muitos brasileiros. Ent\u00e3o, o desejo vai para as<strong> <a href=\"https:\/\/www.auxiliadorapredial.com.br\/blog\/morar-perto-de-areas-verdes-beneficios-para-saude-e-qualidade-de-vida\/\">\u00e1reas verdes<\/a><\/strong> e outras alternativas para relaxar nos per\u00edodos de descanso, sem sair do pr\u00f3prio endere\u00e7o.<\/span><\/p>\n<p><b><i>Garden<\/i><\/b><b>, jardim, <a href=\"https:\/\/www.auxiliadorapredial.com.br\/blog\/casa-com-quintal\/\">quintal<\/a>, varanda, sacada, piscina, cobertura<\/b><span style=\"font-weight: 400;\">. S\u00e3o diversas as categorias e os atributos que receberam ainda mais aten\u00e7\u00e3o de 2020 pra c\u00e1.<\/span><\/p>\n<p>&nbsp;<\/p>\n<figure id=\"attachment_7831\" aria-describedby=\"caption-attachment-7831\" style=\"width: 800px\" class=\"wp-caption aligncenter\"><img fetchpriority=\"high\" decoding=\"async\" class=\"size-large wp-image-7831\" src=\"https:\/\/www.auxiliadorapredial.com.br\/blog\/wp-content\/uploads\/o-que-e-um-apartamento-garden-2-1024x768.jpg\" alt=\"O que \u00e9 um apartamento garden: os antigos espa\u00e7os somente para &quot;uma plantinha&quot; j\u00e1 n\u00e3o atendem mais as necessidades atuais \" width=\"800\" height=\"600\" srcset=\"https:\/\/www.auxiliadorapredial.com.br\/blog\/wp-content\/uploads\/o-que-e-um-apartamento-garden-2-1024x768.jpg 1024w, https:\/\/www.auxiliadorapredial.com.br\/blog\/wp-content\/uploads\/o-que-e-um-apartamento-garden-2-300x225.jpg 300w, https:\/\/www.auxiliadorapredial.com.br\/blog\/wp-content\/uploads\/o-que-e-um-apartamento-garden-2-768x576.jpg 768w, https:\/\/www.auxiliadorapredial.com.br\/blog\/wp-content\/uploads\/o-que-e-um-apartamento-garden-2.jpg 1440w\" sizes=\"(max-width: 800px) 100vw, 800px\" \/><figcaption id=\"caption-attachment-7831\" class=\"wp-caption-text\">O que \u00e9 um apartamento <em>garden<\/em>: os antigos espa\u00e7os somente para &#8220;uma plantinha&#8221; j\u00e1 n\u00e3o atendem mais as necessidades atuais<\/figcaption><\/figure>\n<p>&nbsp;<\/p>\n<h3><span class=\"ez-toc-section\" id=\"Categorias_de_apartamentos\"><\/span><b>Categorias de apartamentos<\/b><span class=\"ez-toc-section-end\"><\/span><\/h3>\n<p><span style=\"font-weight: 400;\">Nesse sentido, para entender um pouco mais da classifica\u00e7\u00e3o <\/span>dos im\u00f3veis<span style=\"font-weight: 400;\">, veja algumas defini\u00e7\u00f5es das <strong>categorias<\/strong> <\/span><b>de apartamentos<\/b><span style=\"font-weight: 400;\">:<\/span><\/p>\n<p>&nbsp;<\/p>\n<ul>\n<li style=\"font-weight: 400;\" aria-level=\"1\"><b>Apartamento padr\u00e3o: <\/b><span style=\"font-weight: 400;\">\u00e9 o \u201cap\u00ea\u201d que tem planta bem definida e divis\u00f5es internas que abrigam perfeitamente, de acordo com cada n\u00famero de c\u00f4modo, fam\u00edlias pequenas ou grandes;<\/span><\/li>\n<li style=\"font-weight: 400;\" aria-level=\"1\"><b>Cobertura:<\/b><span style=\"font-weight: 400;\"> tipo de apartamento classificado como alto padr\u00e3o e que fica localizado no topo do pr\u00e9dio. Geralmente conta com espa\u00e7os de lazer ao ar livre e atrativos como, por exemplo, piscina;<\/span><\/li>\n<li style=\"font-weight: 400;\" aria-level=\"1\"><b>Duplex ou triplex:<\/b><span style=\"font-weight: 400;\"> o primeiro d\u00e1 nome aos apartamentos com dois andares e, o segundo, com tr\u00eas. Espa\u00e7o de sobra, sofistica\u00e7\u00e3o e liga\u00e7\u00e3o interna por escada costumam caracterizar esses im\u00f3veis;<\/span><\/li>\n<li style=\"font-weight: 400;\" aria-level=\"1\"><b>Kitnet: <\/b><span style=\"font-weight: 400;\">apartamentos pequenos &#8211; e mais acess\u00edveis financeiramente -, com metragem de at\u00e9 50 m\u00b2, e c\u00f4modo integrando quarto e cozinha;<\/span><\/li>\n<li style=\"font-weight: 400;\" aria-level=\"1\"><b>Flat:<\/b><span style=\"font-weight: 400;\"> nessa configura\u00e7\u00e3o o morador tem acesso a servi\u00e7os de hotelaria, como limpeza, alimenta\u00e7\u00e3o e refeit\u00f3rio. Tamb\u00e9m \u00e9 conhecido como apart-hotel;<\/span><\/li>\n<li style=\"font-weight: 400;\" aria-level=\"1\"><b>Studio: <\/b><span style=\"font-weight: 400;\">apartamentos sem muitas divis\u00f3rias e em seus modelos mobiliados t\u00eam uma decora\u00e7\u00e3o moderna, lembrando os galp\u00f5es comerciais e industriais;<\/span><\/li>\n<li style=\"font-weight: 400;\" aria-level=\"1\"><b><i>Garden<\/i><\/b><b>:<\/b><span style=\"font-weight: 400;\"> apartamento tamb\u00e9m conhecido como <\/span><i><span style=\"font-weight: 400;\">Giardino<\/span><\/i><span style=\"font-weight: 400;\">, muitas vezes de alto padr\u00e3o e localizado no t\u00e9rreo, que pode contar com churrasqueira, forno \u00e0 lenha e piscina com \u00e1rea arborizada.<\/span><\/li>\n<\/ul>\n<p>&nbsp;<\/p>\n<h2><span class=\"ez-toc-section\" id=\"Leia_tambem\"><\/span><b>Leia tamb\u00e9m:\u00a0<\/b><span class=\"ez-toc-section-end\"><\/span><\/h2>\n<p><a href=\"https:\/\/www.auxiliadorapredial.com.br\/blog\/zona-norte-de-porto-alegre-para-conhecer-e-morar\/\" target=\"_blank\" rel=\"noopener\"><span style=\"font-weight: 400;\">Descubra como a Zona Norte de Porto Alegre se tornou uma regi\u00e3o incr\u00edvel para conhecer (e morar)<\/span><\/a><\/p>\n<p><a href=\"https:\/\/www.auxiliadorapredial.com.br\/blog\/alugar-ou-comprar-um-imovel-o-que-vale-a-pena\/\" target=\"_blank\" rel=\"noopener\"><span style=\"font-weight: 400;\">Alugar ou comprar um im\u00f3vel: o que vale a pena?<\/span><\/a><\/p>\n<p><a href=\"https:\/\/www.auxiliadorapredial.com.br\/blog\/5-respostas-sobre-desocupacao-de-imovel-alugado\/\" target=\"_blank\" rel=\"noopener\"><span style=\"font-weight: 400;\">As principais respostas para 5 perguntas sobre desocupa\u00e7\u00e3o de im\u00f3vel alugado<\/span><\/a><\/p>\n<p>&nbsp;<\/p>\n<h2><span class=\"ez-toc-section\" id=\"O_que_e_um_apartamento_garden_e_como_ele_se_popularizou\"><\/span><b>O que \u00e9 um apartamento <\/b><b><i>garden <\/i><\/b><b>e como ele se popularizou?<\/b><span class=\"ez-toc-section-end\"><\/span><\/h2>\n<p><span style=\"font-weight: 400;\">\u00c9 justamente a \u00faltima categoria da lista que ganha destaque neste artigo, da mesma forma que ocorreu com as prefer\u00eancias dos brasileiros: a curiosidade por entender sobre <\/span><b>o que \u00e9 um apartamento <\/b><b><i>garden <\/i><\/b><span style=\"font-weight: 400;\">colocou esse conceito de moradia em alta.<\/span><\/p>\n<p><b>Apartamento <\/b><b><i>garden<\/i><\/b><span style=\"font-weight: 400;\">, ou jardim privativo, \u00e9 o queridinho que est\u00e1 ganhando a aten\u00e7\u00e3o de quem busca um <a href=\"https:\/\/www.auxiliadorapredial.com.br\/blog\/casa-de-temporada\/\">im\u00f3vel para comprar<\/a> ou ent\u00e3o alugar.<\/span><\/p>\n<p><span style=\"font-weight: 400;\">Sob o mesmo ponto de vista, a busca por maior espa\u00e7o vai ao encontro dessas unidades de moradia, que oferecem atrativos como <\/span><b>quintais, piscinas, jardins<\/b><span style=\"font-weight: 400;\"> e at\u00e9 outros itens espec\u00edficos de lazer.<\/span><\/p>\n<p><span style=\"font-weight: 400;\">Sabe aquele pensamento de \u201cprefiro casa do que apartamento porque gosto de p\u00e1tio\u201d? O <\/span><i><span style=\"font-weight: 400;\">garden <\/span><\/i><span style=\"font-weight: 400;\">chegou para mudar isso de uma vez por todas.<\/span><\/p>\n<p>&nbsp;<\/p>\n<h3><span class=\"ez-toc-section\" id=\"Lazer_seguranca_e_valorizacao\"><\/span><b>Lazer, seguran\u00e7a e valoriza\u00e7\u00e3o<\/b><span class=\"ez-toc-section-end\"><\/span><\/h3>\n<p><span style=\"font-weight: 400;\">Portanto, os <\/span><i><span style=\"font-weight: 400;\">gardens <\/span><\/i><span style=\"font-weight: 400;\">nascem da necessidade das construtoras de<\/span><b> valorizar o im\u00f3vel <\/b><span style=\"font-weight: 400;\">e torn\u00e1-lo <\/span><b>mais atrativo<\/b><span style=\"font-weight: 400;\">, dando metragens maiores para os apartamentos t\u00e9rreos, quando comparados \u00e0s unidades dos andares superiores.<\/span><\/p>\n<p><span style=\"font-weight: 400;\">Por outro lado, nas novas constru\u00e7\u00f5es, o <em>garden<\/em> j\u00e1 pode ser encontrado em diferentes andares de um pr\u00e9dio.<\/span><\/p>\n<p><span style=\"font-weight: 400;\">A possibilidade de morar em um apartamento <\/span><i><span style=\"font-weight: 400;\">garden <\/span><\/i><span style=\"font-weight: 400;\">que, na verdade, lembra uma casa, atrai diferentes grupos de moradores, dos solit\u00e1rios que recebem os amigos com frequ\u00eancia at\u00e9 as fam\u00edlias com crian\u00e7as e <\/span><i><span style=\"font-weight: 400;\">pets<\/span><\/i><span style=\"font-weight: 400;\">.<\/span><\/p>\n<p><span style=\"font-weight: 400;\">Em outras palavras, esses <\/span><b>espa\u00e7os amplos<\/b><span style=\"font-weight: 400;\">, com<\/span><b> ar livre<\/b><span style=\"font-weight: 400;\">, conquistam o p\u00fablico de diversas maneiras, seja para promover pequenos eventos ou ent\u00e3o descansar com <\/span><b>seguran\u00e7a e privacidade<\/b><span style=\"font-weight: 400;\">, al\u00e9m da <\/span><b>divers\u00e3o<\/b><span style=\"font-weight: 400;\"> para a crian\u00e7ada.<\/span><\/p>\n<p><span style=\"font-weight: 400;\">O<\/span><b> lazer exclusivo<\/b><span style=\"font-weight: 400;\"> de quem descobre as maravilhas por tr\u00e1s do que \u00e9 um apartamento <\/span><i><span style=\"font-weight: 400;\">garden <\/span><\/i><span style=\"font-weight: 400;\">n\u00e3o \u00e9 a \u00fanica vantagem central do im\u00f3vel.<\/span><\/p>\n<p><span style=\"font-weight: 400;\">Nesse sentido, a <\/span><b>valoriza\u00e7\u00e3o <\/b><span style=\"font-weight: 400;\">tamb\u00e9m \u00e9 um dos grandes destaques das constru\u00e7\u00f5es <\/span><i><span style=\"font-weight: 400;\">gardens<\/span><\/i><span style=\"font-weight: 400;\">. Uma unidade com \u00e1rea extra ganha uma avalia\u00e7\u00e3o privilegiada no mercado imobili\u00e1rio, para a alegria de quem deseja morar ou mesmo investir.<\/span><\/p>\n<p>&nbsp;<\/p>\n<h2><span class=\"ez-toc-section\" id=\"Outras_opcoes_com_areas_livres\"><\/span><b>Outras op\u00e7\u00f5es com \u00e1reas livres<\/b><span class=\"ez-toc-section-end\"><\/span><\/h2>\n<p><span style=\"font-weight: 400;\">Quem opta por um apartamento <\/span><i><span style=\"font-weight: 400;\">garden <\/span><\/i><span style=\"font-weight: 400;\">n\u00e3o se arrepende e descobre, dia ap\u00f3s dia, as del\u00edcias de morar em um ambiente que proporciona <\/span><b>boa ilumina\u00e7\u00e3o, ar livre e mais espa\u00e7o<\/b><span style=\"font-weight: 400;\"> para a rotina.<\/span><\/p>\n<p><span style=\"font-weight: 400;\">Por\u00e9m, a verdade \u00e9 que o mercado est\u00e1 cada vez mais amplo quando o assunto \u00e9 conforto. Outras oportunidades contemplam aqueles que ainda n\u00e3o desejam optar por um jardim privativo e buscam algo diferente.<\/span><\/p>\n<p><span style=\"font-weight: 400;\">Por isso, listamos algumas<\/span><b> op\u00e7\u00f5es de im\u00f3veis com espa\u00e7os de lazer<\/b><span style=\"font-weight: 400;\">:<\/span><\/p>\n<p>&nbsp;<\/p>\n<p>&nbsp;<\/p>\n<ul>\n<li aria-level=\"1\">\n<h2><span class=\"ez-toc-section\" id=\"Condominio_com_piscina\"><\/span><b>Condom\u00ednio com piscina<\/b><span class=\"ez-toc-section-end\"><\/span><\/h2>\n<\/li>\n<\/ul>\n<p><span style=\"font-weight: 400;\">Os tradicionais n\u00e3o saem de moda &#8211; muito menos durante o ver\u00e3o!<\/span><\/p>\n<p><span style=\"font-weight: 400;\">Ent\u00e3o, se voc\u00ea prefere um espa\u00e7o tradicional na sua unidade, s\u00e3o diversas as op\u00e7\u00f5es que unem esses modelos de apartamentos em meio a condom\u00ednios com infraestrutura completa, incluindo piscina.<\/span><\/p>\n<p>&nbsp;<\/p>\n<figure id=\"attachment_7832\" aria-describedby=\"caption-attachment-7832\" style=\"width: 1024px\" class=\"wp-caption aligncenter\"><img decoding=\"async\" class=\"wp-image-7832 size-full\" src=\"https:\/\/www.auxiliadorapredial.com.br\/blog\/wp-content\/uploads\/o-que-e-um-apartamento-garden-venda-318563.jpg\" alt=\"Condom\u00ednio com Piscina | Auxiliadora Predial\" width=\"1024\" height=\"683\" srcset=\"https:\/\/www.auxiliadorapredial.com.br\/blog\/wp-content\/uploads\/o-que-e-um-apartamento-garden-venda-318563.jpg 1024w, https:\/\/www.auxiliadorapredial.com.br\/blog\/wp-content\/uploads\/o-que-e-um-apartamento-garden-venda-318563-300x200.jpg 300w, https:\/\/www.auxiliadorapredial.com.br\/blog\/wp-content\/uploads\/o-que-e-um-apartamento-garden-venda-318563-768x512.jpg 768w\" sizes=\"(max-width: 1024px) 100vw, 1024px\" \/><figcaption id=\"caption-attachment-7832\" class=\"wp-caption-text\">(C\u00f3d.: 318563)<\/figcaption><\/figure>\n<p>&nbsp;<\/p>\n<figure id=\"attachment_7852\" aria-describedby=\"caption-attachment-7852\" style=\"width: 1024px\" class=\"wp-caption aligncenter\"><img decoding=\"async\" class=\"wp-image-7852 size-full\" src=\"https:\/\/www.auxiliadorapredial.com.br\/blog\/wp-content\/uploads\/o-que-e-um-apartamento-garden-aluguel-361134-1.jpg\" alt=\"Condom\u00ednio com Piscina | Auxiliadora Predial\" width=\"1024\" height=\"683\" srcset=\"https:\/\/www.auxiliadorapredial.com.br\/blog\/wp-content\/uploads\/o-que-e-um-apartamento-garden-aluguel-361134-1.jpg 1024w, https:\/\/www.auxiliadorapredial.com.br\/blog\/wp-content\/uploads\/o-que-e-um-apartamento-garden-aluguel-361134-1-300x200.jpg 300w, https:\/\/www.auxiliadorapredial.com.br\/blog\/wp-content\/uploads\/o-que-e-um-apartamento-garden-aluguel-361134-1-768x512.jpg 768w\" sizes=\"(max-width: 1024px) 100vw, 1024px\" \/><figcaption id=\"caption-attachment-7852\" class=\"wp-caption-text\">(C\u00f3d.: 361134)<\/figcaption><\/figure>\n<p>&nbsp;<\/p>\n<p>&nbsp;<\/p>\n<ul>\n<li aria-level=\"1\">\n<h2><span class=\"ez-toc-section\" id=\"Sacada\"><\/span><b>Sacada<\/b><span class=\"ez-toc-section-end\"><\/span><\/h2>\n<\/li>\n<\/ul>\n<p><span style=\"font-weight: 400;\">Comece o dia abrindo um \u201cjanel\u00e3o\u201d com o sol invadindo a sua sala ou o seu quarto. Esse momento \u00e9 inexplic\u00e1vel e um apartamento com sacada pode deix\u00e1-lo ainda melhor.<\/span><\/p>\n<p><span style=\"font-weight: 400;\">Al\u00e9m disso, o que muita gente n\u00e3o sabe \u00e9 que os ambientes de <\/span><i><span style=\"font-weight: 400;\">living <\/span><\/i><span style=\"font-weight: 400;\">ou dormit\u00f3rios que incluem sacada n\u00e3o deixam o im\u00f3vel mais caro na hora de alugar ou comprar.<\/span><\/p>\n<p><span style=\"font-weight: 400;\">Pelo contr\u00e1rio, s\u00f3 valorizam o apartamento &#8211; e o espa\u00e7o para uma rede de descanso!<\/span><\/p>\n<p>&nbsp;<\/p>\n<figure id=\"attachment_7853\" aria-describedby=\"caption-attachment-7853\" style=\"width: 455px\" class=\"wp-caption aligncenter\"><img loading=\"lazy\" decoding=\"async\" class=\"wp-image-7853 size-full\" src=\"https:\/\/www.auxiliadorapredial.com.br\/blog\/wp-content\/uploads\/o-que-e-um-apartamento-garden-aluguel-322253-1.jpg\" alt=\"Apartamento com Sacada | Auxiliadora Predial\" width=\"455\" height=\"683\" srcset=\"https:\/\/www.auxiliadorapredial.com.br\/blog\/wp-content\/uploads\/o-que-e-um-apartamento-garden-aluguel-322253-1.jpg 455w, https:\/\/www.auxiliadorapredial.com.br\/blog\/wp-content\/uploads\/o-que-e-um-apartamento-garden-aluguel-322253-1-200x300.jpg 200w\" sizes=\"(max-width: 455px) 100vw, 455px\" \/><figcaption id=\"caption-attachment-7853\" class=\"wp-caption-text\">(C\u00f3d.: 322253)<\/figcaption><\/figure>\n<p>&nbsp;<\/p>\n<p>&nbsp;<\/p>\n<figure id=\"attachment_7835\" aria-describedby=\"caption-attachment-7835\" style=\"width: 768px\" class=\"wp-caption aligncenter\"><img loading=\"lazy\" decoding=\"async\" class=\"wp-image-7835 size-large\" src=\"https:\/\/www.auxiliadorapredial.com.br\/blog\/wp-content\/uploads\/o-que-e-um-apartamento-garden-venda-187356-768x1024.jpg\" alt=\"Apartamento com Sacada | Auxiliadora Predial\" width=\"768\" height=\"1024\" srcset=\"https:\/\/www.auxiliadorapredial.com.br\/blog\/wp-content\/uploads\/o-que-e-um-apartamento-garden-venda-187356-768x1025.jpg 768w, https:\/\/www.auxiliadorapredial.com.br\/blog\/wp-content\/uploads\/o-que-e-um-apartamento-garden-venda-187356-225x300.jpg 225w, https:\/\/www.auxiliadorapredial.com.br\/blog\/wp-content\/uploads\/o-que-e-um-apartamento-garden-venda-187356.jpg 1024w\" sizes=\"(max-width: 768px) 100vw, 768px\" \/><figcaption id=\"caption-attachment-7835\" class=\"wp-caption-text\">(C\u00f3d.: 187356)<\/figcaption><\/figure>\n<p>&nbsp;<\/p>\n<ul>\n<li aria-level=\"1\">\n<h2><span class=\"ez-toc-section\" id=\"Cobertura\"><\/span><b>Cobertura<\/b><span class=\"ez-toc-section-end\"><\/span><\/h2>\n<\/li>\n<\/ul>\n<p><span style=\"font-weight: 400;\">Por fim, toda a comodidade que um apartamento de cobertura pode oferecer!<\/span><\/p>\n<p><span style=\"font-weight: 400;\">Se for duplex, por exemplo, ganha um visual especial com um bom toque de criatividade na hora de decorar. Crie o seu espa\u00e7o de relaxamento ou at\u00e9 mesmo o pr\u00f3prio \u201crestaurante\u201d com vista exclusiva.<\/span><\/p>\n<p>&nbsp;<\/p>\n<figure id=\"attachment_7836\" aria-describedby=\"caption-attachment-7836\" style=\"width: 1024px\" class=\"wp-caption aligncenter\"><img loading=\"lazy\" decoding=\"async\" class=\"wp-image-7836 size-full\" src=\"https:\/\/www.auxiliadorapredial.com.br\/blog\/wp-content\/uploads\/o-que-e-um-apartamento-garden-venda-45351.jpg\" alt=\"Apartamento com Cobertura | Auxiliadora Predial\" width=\"1024\" height=\"683\" srcset=\"https:\/\/www.auxiliadorapredial.com.br\/blog\/wp-content\/uploads\/o-que-e-um-apartamento-garden-venda-45351.jpg 1024w, https:\/\/www.auxiliadorapredial.com.br\/blog\/wp-content\/uploads\/o-que-e-um-apartamento-garden-venda-45351-300x200.jpg 300w, https:\/\/www.auxiliadorapredial.com.br\/blog\/wp-content\/uploads\/o-que-e-um-apartamento-garden-venda-45351-768x512.jpg 768w\" sizes=\"(max-width: 1024px) 100vw, 1024px\" \/><figcaption id=\"caption-attachment-7836\" class=\"wp-caption-text\">(C\u00f3d.: 45351)<\/figcaption><\/figure>\n<p>&nbsp;<\/p>\n<figure id=\"attachment_7837\" aria-describedby=\"caption-attachment-7837\" style=\"width: 800px\" class=\"wp-caption aligncenter\"><img loading=\"lazy\" decoding=\"async\" class=\"wp-image-7837 size-large\" src=\"https:\/\/www.auxiliadorapredial.com.br\/blog\/wp-content\/uploads\/o-que-e-um-apartamento-garden-venda-254474-1024x768.jpg\" alt=\"Apartamento com Cobertura | Auxiliadora Predial\" width=\"800\" height=\"600\" srcset=\"https:\/\/www.auxiliadorapredial.com.br\/blog\/wp-content\/uploads\/o-que-e-um-apartamento-garden-venda-254474-1024x768.jpg 1024w, https:\/\/www.auxiliadorapredial.com.br\/blog\/wp-content\/uploads\/o-que-e-um-apartamento-garden-venda-254474-300x225.jpg 300w, https:\/\/www.auxiliadorapredial.com.br\/blog\/wp-content\/uploads\/o-que-e-um-apartamento-garden-venda-254474-768x576.jpg 768w, https:\/\/www.auxiliadorapredial.com.br\/blog\/wp-content\/uploads\/o-que-e-um-apartamento-garden-venda-254474.jpg 1280w\" sizes=\"(max-width: 800px) 100vw, 800px\" \/><figcaption id=\"caption-attachment-7837\" class=\"wp-caption-text\">(C\u00f3d.: 254474)<\/figcaption><\/figure>\n<p>&nbsp;<\/p>\n<p><span style=\"font-weight: 400;\">Agora que voc\u00ea j\u00e1 conhece as vantagens dos im\u00f3veis com \u00e1rea livre de lazer e conviv\u00eancia, <\/span><b>conhe\u00e7a agora <\/b><span style=\"font-weight: 400;\">as op\u00e7\u00f5es para <\/span><b><a href=\"https:\/\/www.auxiliadorapredial.com.br\/alugar\/residencial\/rs+porto-alegre\" target=\"_blank\" rel=\"noopener\">alugar<\/a> <\/b><span style=\"font-weight: 400;\">e para <\/span><b><a href=\"https:\/\/www.auxiliadorapredial.com.br\/comprar\/residencial\/rs+porto-alegre?apenasProntos=true&amp;tipoImovel=apartamento-garden\" target=\"_blank\" rel=\"noopener\">comprar <\/a><\/b>com <span style=\"font-weight: 400;\">os melhores im\u00f3veis deste estilo.<\/span><\/p>\n","protected":false},"excerpt":{"rendered":"<p>Se morar em um lugar com mais espa\u00e7o e conforto era uma mera quest\u00e3o de prefer\u00eancia, para muitas fam\u00edlias isso se tornou uma necessidade. As rotinas dentro do lar fizeram explodir o interesse pelo o que \u00e9 um apartamento garden e outras formas de ter mais \u00e1rea livre em um im\u00f3vel. Nossas vidas foram impactadas [&hellip;]<\/p>\n","protected":false},"author":8,"featured_media":14741,"comment_status":"closed","ping_status":"open","sticky":false,"template":"","format":"standard","meta":{"footnotes":""},"categories":[307],"tags":[351,373,372,215,375,374],"class_list":["post-7829","post","type-post","status-publish","format-standard","has-post-thumbnail","hentry","category-meu-lar","tag-alto-padrao","tag-alugar-apartamento","tag-apartamento-garden","tag-comprar-apartamento","tag-covid-19","tag-pandemia"],"yoast_head":"<!-- This site is optimized with the Yoast SEO plugin v27.3 - https:\/\/yoast.com\/product\/yoast-seo-wordpress\/ -->\n<title>Entenda o que \u00e9 um apartamento garden e a procura por \u00e1reas de lazer<\/title>\n<meta name=\"description\" content=\"O isolamento social e novas rotinas aumentaram o interesse pelo o que \u00e9 um apartamento garden e outras formas de ter \u00e1rea livre em um im\u00f3vel\" \/>\n<meta name=\"robots\" content=\"index, follow, max-snippet:-1, max-image-preview:large, max-video-preview:-1\" \/>\n<link rel=\"canonical\" href=\"https:\/\/www.auxiliadorapredial.com.br\/blog\/entenda-o-que-e-um-apartamento-garden-e-a-alta-procura-por-imoveis-com-area-de-lazer\/\" \/>\n<meta property=\"og:locale\" content=\"pt_BR\" \/>\n<meta property=\"og:type\" content=\"article\" \/>\n<meta property=\"og:title\" content=\"Entenda o que \u00e9 um apartamento garden e a procura por \u00e1reas de lazer\" \/>\n<meta property=\"og:description\" content=\"O isolamento social e novas rotinas aumentaram o interesse pelo o que \u00e9 um apartamento garden e outras formas de ter \u00e1rea livre em um im\u00f3vel\" \/>\n<meta property=\"og:url\" content=\"https:\/\/www.auxiliadorapredial.com.br\/blog\/entenda-o-que-e-um-apartamento-garden-e-a-alta-procura-por-imoveis-com-area-de-lazer\/\" \/>\n<meta property=\"og:site_name\" content=\"Blog da Auxiliadora Predial - Tudo sobre im\u00f3veis e condom\u00ednios\" \/>\n<meta property=\"article:published_time\" content=\"2022-01-12T23:55:02+00:00\" \/>\n<meta property=\"article:modified_time\" content=\"2024-01-24T19:06:02+00:00\" \/>\n<meta property=\"og:image\" content=\"https:\/\/www.auxiliadorapredial.com.br\/blog\/wp-content\/uploads\/o-que-e-um-apartamento-garden.webp\" \/>\n\t<meta property=\"og:image:width\" content=\"1629\" \/>\n\t<meta property=\"og:image:height\" content=\"1080\" \/>\n\t<meta property=\"og:image:type\" content=\"image\/webp\" \/>\n<meta name=\"author\" content=\"Auxiliadora Predial\" \/>\n<meta name=\"twitter:card\" content=\"summary_large_image\" \/>\n<meta name=\"twitter:label1\" content=\"Escrito por\" \/>\n\t<meta name=\"twitter:data1\" content=\"Auxiliadora Predial\" \/>\n\t<meta name=\"twitter:label2\" content=\"Est. tempo de leitura\" \/>\n\t<meta name=\"twitter:data2\" content=\"10 minutos\" \/>\n<script type=\"application\/ld+json\" class=\"yoast-schema-graph\">{\"@context\":\"https:\\\/\\\/schema.org\",\"@graph\":[{\"@type\":\"Article\",\"@id\":\"https:\\\/\\\/www.auxiliadorapredial.com.br\\\/blog\\\/entenda-o-que-e-um-apartamento-garden-e-a-alta-procura-por-imoveis-com-area-de-lazer\\\/#article\",\"isPartOf\":{\"@id\":\"https:\\\/\\\/www.auxiliadorapredial.com.br\\\/blog\\\/entenda-o-que-e-um-apartamento-garden-e-a-alta-procura-por-imoveis-com-area-de-lazer\\\/\"},\"author\":{\"name\":\"Auxiliadora Predial\",\"@id\":\"https:\\\/\\\/www.auxiliadorapredial.com.br\\\/blog\\\/#\\\/schema\\\/person\\\/6f18fc59c4e49f77084c0b79db558b94\"},\"headline\":\"Entenda o que \u00e9 um apartamento garden e a alta procura por im\u00f3veis com \u00e1rea de lazer\",\"datePublished\":\"2022-01-12T23:55:02+00:00\",\"dateModified\":\"2024-01-24T19:06:02+00:00\",\"mainEntityOfPage\":{\"@id\":\"https:\\\/\\\/www.auxiliadorapredial.com.br\\\/blog\\\/entenda-o-que-e-um-apartamento-garden-e-a-alta-procura-por-imoveis-com-area-de-lazer\\\/\"},\"wordCount\":1658,\"image\":{\"@id\":\"https:\\\/\\\/www.auxiliadorapredial.com.br\\\/blog\\\/entenda-o-que-e-um-apartamento-garden-e-a-alta-procura-por-imoveis-com-area-de-lazer\\\/#primaryimage\"},\"thumbnailUrl\":\"https:\\\/\\\/www.auxiliadorapredial.com.br\\\/blog\\\/wp-content\\\/uploads\\\/o-que-e-um-apartamento-garden.webp\",\"keywords\":[\"alto padr\u00e3o\",\"alugar apartamento\",\"apartamento garden\",\"Comprar Apartamento\",\"covid-19\",\"pandemia\"],\"articleSection\":[\"Meu Lar\"],\"inLanguage\":\"pt-BR\"},{\"@type\":\"WebPage\",\"@id\":\"https:\\\/\\\/www.auxiliadorapredial.com.br\\\/blog\\\/entenda-o-que-e-um-apartamento-garden-e-a-alta-procura-por-imoveis-com-area-de-lazer\\\/\",\"url\":\"https:\\\/\\\/www.auxiliadorapredial.com.br\\\/blog\\\/entenda-o-que-e-um-apartamento-garden-e-a-alta-procura-por-imoveis-com-area-de-lazer\\\/\",\"name\":\"Entenda o que \u00e9 um apartamento garden e a procura por \u00e1reas de lazer\",\"isPartOf\":{\"@id\":\"https:\\\/\\\/www.auxiliadorapredial.com.br\\\/blog\\\/#website\"},\"primaryImageOfPage\":{\"@id\":\"https:\\\/\\\/www.auxiliadorapredial.com.br\\\/blog\\\/entenda-o-que-e-um-apartamento-garden-e-a-alta-procura-por-imoveis-com-area-de-lazer\\\/#primaryimage\"},\"image\":{\"@id\":\"https:\\\/\\\/www.auxiliadorapredial.com.br\\\/blog\\\/entenda-o-que-e-um-apartamento-garden-e-a-alta-procura-por-imoveis-com-area-de-lazer\\\/#primaryimage\"},\"thumbnailUrl\":\"https:\\\/\\\/www.auxiliadorapredial.com.br\\\/blog\\\/wp-content\\\/uploads\\\/o-que-e-um-apartamento-garden.webp\",\"datePublished\":\"2022-01-12T23:55:02+00:00\",\"dateModified\":\"2024-01-24T19:06:02+00:00\",\"author\":{\"@id\":\"https:\\\/\\\/www.auxiliadorapredial.com.br\\\/blog\\\/#\\\/schema\\\/person\\\/6f18fc59c4e49f77084c0b79db558b94\"},\"description\":\"O isolamento social e novas rotinas aumentaram o interesse pelo o que \u00e9 um apartamento garden e outras formas de ter \u00e1rea livre em um im\u00f3vel\",\"inLanguage\":\"pt-BR\",\"potentialAction\":[{\"@type\":\"ReadAction\",\"target\":[\"https:\\\/\\\/www.auxiliadorapredial.com.br\\\/blog\\\/entenda-o-que-e-um-apartamento-garden-e-a-alta-procura-por-imoveis-com-area-de-lazer\\\/\"]}]},{\"@type\":\"ImageObject\",\"inLanguage\":\"pt-BR\",\"@id\":\"https:\\\/\\\/www.auxiliadorapredial.com.br\\\/blog\\\/entenda-o-que-e-um-apartamento-garden-e-a-alta-procura-por-imoveis-com-area-de-lazer\\\/#primaryimage\",\"url\":\"https:\\\/\\\/www.auxiliadorapredial.com.br\\\/blog\\\/wp-content\\\/uploads\\\/o-que-e-um-apartamento-garden.webp\",\"contentUrl\":\"https:\\\/\\\/www.auxiliadorapredial.com.br\\\/blog\\\/wp-content\\\/uploads\\\/o-que-e-um-apartamento-garden.webp\",\"width\":1629,\"height\":1080,\"caption\":\"Entenda o que \u00e9 um apartamento garden e a alta procura por im\u00f3veis com \u00e1rea de lazer\"},{\"@type\":\"WebSite\",\"@id\":\"https:\\\/\\\/www.auxiliadorapredial.com.br\\\/blog\\\/#website\",\"url\":\"https:\\\/\\\/www.auxiliadorapredial.com.br\\\/blog\\\/\",\"name\":\"Blog da Auxiliadora Predial - Tudo sobre im\u00f3veis e condom\u00ednios\",\"description\":\"Dicas da Auxiliadora Predial sobre aluguel, compra e venda de im\u00f3veis, al\u00e9m de condom\u00ednios. Imobili\u00e1ria em Porto Alegre e interior do RS, Santa Catarina e S\u00e3o Paulo.\",\"potentialAction\":[{\"@type\":\"SearchAction\",\"target\":{\"@type\":\"EntryPoint\",\"urlTemplate\":\"https:\\\/\\\/www.auxiliadorapredial.com.br\\\/blog\\\/?s={search_term_string}\"},\"query-input\":{\"@type\":\"PropertyValueSpecification\",\"valueRequired\":true,\"valueName\":\"search_term_string\"}}],\"inLanguage\":\"pt-BR\"},{\"@type\":\"Person\",\"@id\":\"https:\\\/\\\/www.auxiliadorapredial.com.br\\\/blog\\\/#\\\/schema\\\/person\\\/6f18fc59c4e49f77084c0b79db558b94\",\"name\":\"Auxiliadora Predial\",\"image\":{\"@type\":\"ImageObject\",\"inLanguage\":\"pt-BR\",\"@id\":\"https:\\\/\\\/secure.gravatar.com\\\/avatar\\\/35e2e024be01cb7ad8d58228a0e85f870bdc4fcffc251c71ad386ea38ee05234?s=96&d=mm&r=g\",\"url\":\"https:\\\/\\\/secure.gravatar.com\\\/avatar\\\/35e2e024be01cb7ad8d58228a0e85f870bdc4fcffc251c71ad386ea38ee05234?s=96&d=mm&r=g\",\"contentUrl\":\"https:\\\/\\\/secure.gravatar.com\\\/avatar\\\/35e2e024be01cb7ad8d58228a0e85f870bdc4fcffc251c71ad386ea38ee05234?s=96&d=mm&r=g\",\"caption\":\"Auxiliadora Predial\"},\"sameAs\":[\"https:\\\/\\\/www.auxiliadorapredial.com.br\\\/\"]}]}<\/script>\n<!-- \/ Yoast SEO plugin. -->","yoast_head_json":{"title":"Entenda o que \u00e9 um apartamento garden e a procura por \u00e1reas de lazer","description":"O isolamento social e novas rotinas aumentaram o interesse pelo o que \u00e9 um apartamento garden e outras formas de ter \u00e1rea livre em um im\u00f3vel","robots":{"index":"index","follow":"follow","max-snippet":"max-snippet:-1","max-image-preview":"max-image-preview:large","max-video-preview":"max-video-preview:-1"},"canonical":"https:\/\/www.auxiliadorapredial.com.br\/blog\/entenda-o-que-e-um-apartamento-garden-e-a-alta-procura-por-imoveis-com-area-de-lazer\/","og_locale":"pt_BR","og_type":"article","og_title":"Entenda o que \u00e9 um apartamento garden e a procura por \u00e1reas de lazer","og_description":"O isolamento social e novas rotinas aumentaram o interesse pelo o que \u00e9 um apartamento garden e outras formas de ter \u00e1rea livre em um im\u00f3vel","og_url":"https:\/\/www.auxiliadorapredial.com.br\/blog\/entenda-o-que-e-um-apartamento-garden-e-a-alta-procura-por-imoveis-com-area-de-lazer\/","og_site_name":"Blog da Auxiliadora Predial - Tudo sobre im\u00f3veis e condom\u00ednios","article_published_time":"2022-01-12T23:55:02+00:00","article_modified_time":"2024-01-24T19:06:02+00:00","og_image":[{"width":1629,"height":1080,"url":"https:\/\/www.auxiliadorapredial.com.br\/blog\/wp-content\/uploads\/o-que-e-um-apartamento-garden.webp","type":"image\/webp"}],"author":"Auxiliadora Predial","twitter_card":"summary_large_image","twitter_misc":{"Escrito por":"Auxiliadora Predial","Est. tempo de leitura":"10 minutos"},"schema":{"@context":"https:\/\/schema.org","@graph":[{"@type":"Article","@id":"https:\/\/www.auxiliadorapredial.com.br\/blog\/entenda-o-que-e-um-apartamento-garden-e-a-alta-procura-por-imoveis-com-area-de-lazer\/#article","isPartOf":{"@id":"https:\/\/www.auxiliadorapredial.com.br\/blog\/entenda-o-que-e-um-apartamento-garden-e-a-alta-procura-por-imoveis-com-area-de-lazer\/"},"author":{"name":"Auxiliadora Predial","@id":"https:\/\/www.auxiliadorapredial.com.br\/blog\/#\/schema\/person\/6f18fc59c4e49f77084c0b79db558b94"},"headline":"Entenda o que \u00e9 um apartamento garden e a alta procura por im\u00f3veis com \u00e1rea de lazer","datePublished":"2022-01-12T23:55:02+00:00","dateModified":"2024-01-24T19:06:02+00:00","mainEntityOfPage":{"@id":"https:\/\/www.auxiliadorapredial.com.br\/blog\/entenda-o-que-e-um-apartamento-garden-e-a-alta-procura-por-imoveis-com-area-de-lazer\/"},"wordCount":1658,"image":{"@id":"https:\/\/www.auxiliadorapredial.com.br\/blog\/entenda-o-que-e-um-apartamento-garden-e-a-alta-procura-por-imoveis-com-area-de-lazer\/#primaryimage"},"thumbnailUrl":"https:\/\/www.auxiliadorapredial.com.br\/blog\/wp-content\/uploads\/o-que-e-um-apartamento-garden.webp","keywords":["alto padr\u00e3o","alugar apartamento","apartamento garden","Comprar Apartamento","covid-19","pandemia"],"articleSection":["Meu Lar"],"inLanguage":"pt-BR"},{"@type":"WebPage","@id":"https:\/\/www.auxiliadorapredial.com.br\/blog\/entenda-o-que-e-um-apartamento-garden-e-a-alta-procura-por-imoveis-com-area-de-lazer\/","url":"https:\/\/www.auxiliadorapredial.com.br\/blog\/entenda-o-que-e-um-apartamento-garden-e-a-alta-procura-por-imoveis-com-area-de-lazer\/","name":"Entenda o que \u00e9 um apartamento garden e a procura por \u00e1reas de lazer","isPartOf":{"@id":"https:\/\/www.auxiliadorapredial.com.br\/blog\/#website"},"primaryImageOfPage":{"@id":"https:\/\/www.auxiliadorapredial.com.br\/blog\/entenda-o-que-e-um-apartamento-garden-e-a-alta-procura-por-imoveis-com-area-de-lazer\/#primaryimage"},"image":{"@id":"https:\/\/www.auxiliadorapredial.com.br\/blog\/entenda-o-que-e-um-apartamento-garden-e-a-alta-procura-por-imoveis-com-area-de-lazer\/#primaryimage"},"thumbnailUrl":"https:\/\/www.auxiliadorapredial.com.br\/blog\/wp-content\/uploads\/o-que-e-um-apartamento-garden.webp","datePublished":"2022-01-12T23:55:02+00:00","dateModified":"2024-01-24T19:06:02+00:00","author":{"@id":"https:\/\/www.auxiliadorapredial.com.br\/blog\/#\/schema\/person\/6f18fc59c4e49f77084c0b79db558b94"},"description":"O isolamento social e novas rotinas aumentaram o interesse pelo o que \u00e9 um apartamento garden e outras formas de ter \u00e1rea livre em um im\u00f3vel","inLanguage":"pt-BR","potentialAction":[{"@type":"ReadAction","target":["https:\/\/www.auxiliadorapredial.com.br\/blog\/entenda-o-que-e-um-apartamento-garden-e-a-alta-procura-por-imoveis-com-area-de-lazer\/"]}]},{"@type":"ImageObject","inLanguage":"pt-BR","@id":"https:\/\/www.auxiliadorapredial.com.br\/blog\/entenda-o-que-e-um-apartamento-garden-e-a-alta-procura-por-imoveis-com-area-de-lazer\/#primaryimage","url":"https:\/\/www.auxiliadorapredial.com.br\/blog\/wp-content\/uploads\/o-que-e-um-apartamento-garden.webp","contentUrl":"https:\/\/www.auxiliadorapredial.com.br\/blog\/wp-content\/uploads\/o-que-e-um-apartamento-garden.webp","width":1629,"height":1080,"caption":"Entenda o que \u00e9 um apartamento garden e a alta procura por im\u00f3veis com \u00e1rea de lazer"},{"@type":"WebSite","@id":"https:\/\/www.auxiliadorapredial.com.br\/blog\/#website","url":"https:\/\/www.auxiliadorapredial.com.br\/blog\/","name":"Blog da Auxiliadora Predial - Tudo sobre im\u00f3veis e condom\u00ednios","description":"Dicas da Auxiliadora Predial sobre aluguel, compra e venda de im\u00f3veis, al\u00e9m de condom\u00ednios. Imobili\u00e1ria em Porto Alegre e interior do RS, Santa Catarina e S\u00e3o Paulo.","potentialAction":[{"@type":"SearchAction","target":{"@type":"EntryPoint","urlTemplate":"https:\/\/www.auxiliadorapredial.com.br\/blog\/?s={search_term_string}"},"query-input":{"@type":"PropertyValueSpecification","valueRequired":true,"valueName":"search_term_string"}}],"inLanguage":"pt-BR"},{"@type":"Person","@id":"https:\/\/www.auxiliadorapredial.com.br\/blog\/#\/schema\/person\/6f18fc59c4e49f77084c0b79db558b94","name":"Auxiliadora Predial","image":{"@type":"ImageObject","inLanguage":"pt-BR","@id":"https:\/\/secure.gravatar.com\/avatar\/35e2e024be01cb7ad8d58228a0e85f870bdc4fcffc251c71ad386ea38ee05234?s=96&d=mm&r=g","url":"https:\/\/secure.gravatar.com\/avatar\/35e2e024be01cb7ad8d58228a0e85f870bdc4fcffc251c71ad386ea38ee05234?s=96&d=mm&r=g","contentUrl":"https:\/\/secure.gravatar.com\/avatar\/35e2e024be01cb7ad8d58228a0e85f870bdc4fcffc251c71ad386ea38ee05234?s=96&d=mm&r=g","caption":"Auxiliadora Predial"},"sameAs":["https:\/\/www.auxiliadorapredial.com.br\/"]}]}},"views":2078,"_links":{"self":[{"href":"https:\/\/www.auxiliadorapredial.com.br\/blog\/wp-json\/wp\/v2\/posts\/7829","targetHints":{"allow":["GET"]}}],"collection":[{"href":"https:\/\/www.auxiliadorapredial.com.br\/blog\/wp-json\/wp\/v2\/posts"}],"about":[{"href":"https:\/\/www.auxiliadorapredial.com.br\/blog\/wp-json\/wp\/v2\/types\/post"}],"author":[{"embeddable":true,"href":"https:\/\/www.auxiliadorapredial.com.br\/blog\/wp-json\/wp\/v2\/users\/8"}],"replies":[{"embeddable":true,"href":"https:\/\/www.auxiliadorapredial.com.br\/blog\/wp-json\/wp\/v2\/comments?post=7829"}],"version-history":[{"count":11,"href":"https:\/\/www.auxiliadorapredial.com.br\/blog\/wp-json\/wp\/v2\/posts\/7829\/revisions"}],"predecessor-version":[{"id":10344,"href":"https:\/\/www.auxiliadorapredial.com.br\/blog\/wp-json\/wp\/v2\/posts\/7829\/revisions\/10344"}],"wp:featuredmedia":[{"embeddable":true,"href":"https:\/\/www.auxiliadorapredial.com.br\/blog\/wp-json\/wp\/v2\/media\/14741"}],"wp:attachment":[{"href":"https:\/\/www.auxiliadorapredial.com.br\/blog\/wp-json\/wp\/v2\/media?parent=7829"}],"wp:term":[{"taxonomy":"category","embeddable":true,"href":"https:\/\/www.auxiliadorapredial.com.br\/blog\/wp-json\/wp\/v2\/categories?post=7829"},{"taxonomy":"post_tag","embeddable":true,"href":"https:\/\/www.auxiliadorapredial.com.br\/blog\/wp-json\/wp\/v2\/tags?post=7829"}],"curies":[{"name":"wp","href":"https:\/\/api.w.org\/{rel}","templated":true}]}}