{"id":8411,"date":"2022-03-07T18:52:44","date_gmt":"2022-03-07T21:52:44","guid":{"rendered":"https:\/\/www.auxiliadorapredial.com.br\/blog\/?p=8411"},"modified":"2023-02-22T14:18:01","modified_gmt":"2023-02-22T17:18:01","slug":"dia-da-mulher-historias-de-empreendedorismo-feminino-para-se-inspirar","status":"publish","type":"post","link":"https:\/\/www.auxiliadorapredial.com.br\/blog\/dia-da-mulher-historias-de-empreendedorismo-feminino-para-se-inspirar\/","title":{"rendered":"Dia da Mulher: hist\u00f3rias de empreendedorismo feminino para se inspirar"},"content":{"rendered":"<p><span style=\"font-weight: 400;\">A data de <strong>8 de Mar\u00e7o, Dia Internacional da Mulher<\/strong>, representa um marco na hist\u00f3ria do mundo desde 1975, quando passou a ser celebrada oficialmente.<\/span><\/p>\n<p><span style=\"font-weight: 400;\">Acima de tudo, igualdade de direitos e melhores condi\u00e7\u00f5es de trabalho ficaram marcadas como as principais bandeiras dentre as ra\u00edzes hist\u00f3ricas dessa data comemorativa.<\/span><\/p>\n<p><span style=\"font-weight: 400;\">Ent\u00e3o, com o passar dos anos, caminhos foram sendo trilhados para dar continuidade ao <strong>protagonismo feminino<\/strong>.<\/span><\/p>\n<p><span style=\"font-weight: 400;\">\u00c9 com essa miss\u00e3o, de retratar as mulheres que s\u00e3o protagonistas da pr\u00f3pria hist\u00f3ria e do seu tempo, que, neste Dia da Mulher, apresentamos duas hist\u00f3rias de<\/span><b> empreendedorismo feminino<\/b><span style=\"font-weight: 400;\">.<\/span><\/p>\n<p><span style=\"font-weight: 400;\">Confira os relatos de mulheres que trabalham, lutam e inspiram.<\/span><\/p>\n<p>&nbsp;<\/p>\n<div id=\"ez-toc-container\" class=\"ez-toc-v2_0_82_2 counter-hierarchy ez-toc-counter ez-toc-transparent ez-toc-container-direction\">\n<p class=\"ez-toc-title\" style=\"cursor:inherit\">Navegue pelo conte\u00fado<\/p>\n<label for=\"ez-toc-cssicon-toggle-item-69f70c9cece45\" class=\"ez-toc-cssicon-toggle-label\"><span class=\"\"><span class=\"eztoc-hide\" style=\"display:none;\">Toggle<\/span><span class=\"ez-toc-icon-toggle-span\"><svg style=\"fill: #000000;color:#000000\" xmlns=\"http:\/\/www.w3.org\/2000\/svg\" class=\"list-377408\" width=\"20px\" height=\"20px\" viewBox=\"0 0 24 24\" fill=\"none\"><path d=\"M6 6H4v2h2V6zm14 0H8v2h12V6zM4 11h2v2H4v-2zm16 0H8v2h12v-2zM4 16h2v2H4v-2zm16 0H8v2h12v-2z\" fill=\"currentColor\"><\/path><\/svg><svg style=\"fill: #000000;color:#000000\" class=\"arrow-unsorted-368013\" xmlns=\"http:\/\/www.w3.org\/2000\/svg\" width=\"10px\" height=\"10px\" viewBox=\"0 0 24 24\" version=\"1.2\" baseProfile=\"tiny\"><path d=\"M18.2 9.3l-6.2-6.3-6.2 6.3c-.2.2-.3.4-.3.7s.1.5.3.7c.2.2.4.3.7.3h11c.3 0 .5-.1.7-.3.2-.2.3-.5.3-.7s-.1-.5-.3-.7zM5.8 14.7l6.2 6.3 6.2-6.3c.2-.2.3-.5.3-.7s-.1-.5-.3-.7c-.2-.2-.4-.3-.7-.3h-11c-.3 0-.5.1-.7.3-.2.2-.3.5-.3.7s.1.5.3.7z\"\/><\/svg><\/span><\/span><\/label><input type=\"checkbox\"  id=\"ez-toc-cssicon-toggle-item-69f70c9cece45\"  aria-label=\"Alternar\" \/><nav><ul class='ez-toc-list ez-toc-list-level-1 ' ><li class='ez-toc-page-1 ez-toc-heading-level-2'><a class=\"ez-toc-link ez-toc-heading-1\" href=\"https:\/\/www.auxiliadorapredial.com.br\/blog\/dia-da-mulher-historias-de-empreendedorismo-feminino-para-se-inspirar\/#Luthiele_e_a_fisioterapia_por_maos_femininas\" >Luthiele e a fisioterapia por m\u00e3os femininas<\/a><ul class='ez-toc-list-level-3' ><li class='ez-toc-heading-level-3'><a class=\"ez-toc-link ez-toc-heading-2\" href=\"https:\/\/www.auxiliadorapredial.com.br\/blog\/dia-da-mulher-historias-de-empreendedorismo-feminino-para-se-inspirar\/#4_perguntas_sobre_desafios_e_inspiracoes_para_o_Dia_da_Mulher\" >4 perguntas sobre desafios e inspira\u00e7\u00f5es para o Dia da Mulher<\/a><\/li><\/ul><\/li><li class='ez-toc-page-1 ez-toc-heading-level-2'><a class=\"ez-toc-link ez-toc-heading-3\" href=\"https:\/\/www.auxiliadorapredial.com.br\/blog\/dia-da-mulher-historias-de-empreendedorismo-feminino-para-se-inspirar\/#Jaquiline_e_uma_bagagem_cheia_para_realizar_sonhos_no_mercado_imobiliario\" >Jaquiline e uma bagagem cheia para realizar sonhos no mercado imobili\u00e1rio<\/a><ul class='ez-toc-list-level-3' ><li class='ez-toc-heading-level-3'><a class=\"ez-toc-link ez-toc-heading-4\" href=\"https:\/\/www.auxiliadorapredial.com.br\/blog\/dia-da-mulher-historias-de-empreendedorismo-feminino-para-se-inspirar\/#4_perguntas_sobre_desafios_e_inspiracoes_para_o_Dia_da_Mulher-2\" >4 perguntas sobre desafios e inspira\u00e7\u00f5es para o Dia da Mulher<\/a><\/li><\/ul><\/li><\/ul><\/nav><\/div>\n<h2><span class=\"ez-toc-section\" id=\"Luthiele_e_a_fisioterapia_por_maos_femininas\"><\/span><b>Luthiele e a fisioterapia por m\u00e3os femininas<\/b><span class=\"ez-toc-section-end\"><\/span><\/h2>\n<p><span style=\"font-weight: 400;\">Luthiele Araujo Gomes tem 35 anos, \u00e9 formada em Fisioterapia e \u00e9 gestora da <\/span><a href=\"https:\/\/www.casamaisvida.com\" target=\"_blank\" rel=\"noopener\"><b>Casa + Vida<\/b><\/a><span style=\"font-weight: 400;\">.<\/span><span style=\"font-weight: 400;\">\u00a0<\/span><\/p>\n<p><span style=\"font-weight: 400;\">Depois de 11 anos atuando em um consult\u00f3rio, Luthiele decidiu empreender. Ao lado da sua s\u00f3cia, Carolina Garcia, criaram, h\u00e1 tr\u00eas anos, um espa\u00e7o integrado de sa\u00fade, em pleno bairro Petr\u00f3polis, em Porto Alegre, Rio Grande do Sul, realizando um sonho antigo.<\/span><\/p>\n<p><span style=\"font-weight: 400;\">Para concretizar o projeto da dupla, a <\/span><b><a href=\"https:\/\/www.auxiliadorapredial.com.br\/alugueis#corporate\" target=\"_blank\" rel=\"noopener\">Ag\u00eancia Corporate<\/a> da <a href=\"https:\/\/www.auxiliadorapredial.com.br\/\">Auxiliadora Predial <\/a><\/b><span style=\"font-weight: 400;\">foi respons\u00e1vel por ajudar a garantir a chave na m\u00e3o do im\u00f3vel comercial escolhido.<\/span><\/p>\n<p><span style=\"font-weight: 400;\">Com foco em uma vida mais saud\u00e1vel, a empresa de Luthiele e Carolina aposta na oferta de servi\u00e7os completos de <a href=\"https:\/\/www.auxiliadorapredial.com.br\/blog\/como-evitar-umidade-no-inverno-e-manter-o-bem-estar-em-casa\/\">bem-estar<\/a> e sa\u00fade em um mesmo espa\u00e7o: fisioterapia, odontologia, nutri\u00e7\u00e3o, pilates e treinamento funcional.<\/span><\/p>\n<p><span style=\"font-weight: 400;\">Elas acreditam que \u00e9 poss\u00edvel estabelecer um caminho mais positivo atrav\u00e9s do trabalho que oferecem, promovendo uma boa alimenta\u00e7\u00e3o e bons h\u00e1bitos.<\/span><\/p>\n<p><span style=\"font-weight: 400;\">O espa\u00e7o se envolve, inclusive, com a reciclagem de materiais e apoio \u00e0s causas sociais, provando que a transforma\u00e7\u00e3o pode acontecer de todos os lados.<\/span><\/p>\n<p>&nbsp;<\/p>\n<p>&nbsp;<\/p>\n<figure id=\"attachment_8412\" aria-describedby=\"caption-attachment-8412\" style=\"width: 626px\" class=\"wp-caption aligncenter\"><img fetchpriority=\"high\" decoding=\"async\" class=\"size-full wp-image-8412\" src=\"https:\/\/www.auxiliadorapredial.com.br\/blog\/wp-content\/uploads\/dia-da-mulher-luthiele-gomes-casa-mais-vida.jpeg\" alt=\"Dia da Mulher: Luthiele Gomes (D) e sua s\u00f3cia Carolina Garcia (E) fizeram o empreendedorismo feminino acontecer \u00e0 frente da Casa + Vida\" width=\"626\" height=\"418\" srcset=\"https:\/\/www.auxiliadorapredial.com.br\/blog\/wp-content\/uploads\/dia-da-mulher-luthiele-gomes-casa-mais-vida.jpeg 626w, https:\/\/www.auxiliadorapredial.com.br\/blog\/wp-content\/uploads\/dia-da-mulher-luthiele-gomes-casa-mais-vida-300x200.jpeg 300w\" sizes=\"(max-width: 626px) 100vw, 626px\" \/><figcaption id=\"caption-attachment-8412\" class=\"wp-caption-text\">Dia da Mulher: Luthiele Gomes (D) e sua s\u00f3cia Carolina Garcia (E) fizeram o empreendedorismo feminino acontecer \u00e0 frente da Casa + Vida<\/figcaption><\/figure>\n<p>&nbsp;<\/p>\n<h3><span class=\"ez-toc-section\" id=\"4_perguntas_sobre_desafios_e_inspiracoes_para_o_Dia_da_Mulher\"><\/span><b>4 perguntas sobre desafios e inspira\u00e7\u00f5es para o Dia da Mulher<\/b><span class=\"ez-toc-section-end\"><\/span><\/h3>\n<p>&nbsp;<\/p>\n<h4>Qual foi o maior desafio que j\u00e1 enfrentou?<\/h4>\n<p><i><span style=\"font-weight: 400;\">Abrimos a casa em 2019, ent\u00e3o, quando estava rec\u00e9m completando um ano, come\u00e7ou a pandemia.<\/span><\/i><\/p>\n<p><i><span style=\"font-weight: 400;\">Por isso, acho que o nosso maior desafio foi estar iniciando o projeto e ter uma pandemia pela frente. Tivemos que nos reinventar muito, mas, com muito esfor\u00e7o, conseguimos manter a casa em p\u00e9.<\/span><\/i><\/p>\n<p><i><span style=\"font-weight: 400;\">Al\u00e9m disso, acredito que, enquanto empreendedora, um dos maiores desafios \u00e9 a gest\u00e3o de pessoas.<\/span><\/i><\/p>\n<p>&nbsp;<\/p>\n<h4>O que mais te inspira? Onde voc\u00ea encontra for\u00e7as para continuar empreendendo?<\/h4>\n<p><i><span style=\"font-weight: 400;\">Os feedbacks dos clientes sobre o nosso trabalho. Quando uma pessoa entra no nosso espa\u00e7o e fica feliz e agradecida pelo servi\u00e7o prestado, isso me motiva demais.<\/span><\/i><\/p>\n<p>&nbsp;<\/p>\n<h4>O que \u00e9 ser uma mulher empreendedora para voc\u00ea?<\/h4>\n<p><i><span style=\"font-weight: 400;\">\u00c9 muito desafiador o cen\u00e1rio do empreendedorismo feminino.<\/span><\/i><\/p>\n<p><i><span style=\"font-weight: 400;\">Hoje, temos 12 mulheres e 1 homem na equipe, e isso demonstra um cen\u00e1rio bem diferente. Vejo que ainda precisamos lutar muito por um espa\u00e7o, para ter um cen\u00e1rio realmente diferente.<\/span><\/i><\/p>\n<p><i><span style=\"font-weight: 400;\">\u00c9 desafiador, ainda temos muito para batalhar nesse sentido.<\/span><\/i><\/p>\n<p>&nbsp;<\/p>\n<h4>Como gostaria de incentivar outras mulheres a trilharem o mesmo caminho? Qual mensagem poderia deixar para elas?<\/h4>\n<p><i><span style=\"font-weight: 400;\">Empreenda! Tire a ideia do papel porque tudo \u00e9 poss\u00edvel, qualquer ideia.<\/span><\/i><\/p>\n<p><i><span style=\"font-weight: 400;\">Estude e crie uma base. Mesmo que essa ideia n\u00e3o exista e ela seja s\u00f3 sua, vai l\u00e1, acredita que \u00e9 poss\u00edvel<\/span><\/i><span style=\"font-weight: 400;\">.<\/span><\/p>\n<p>&nbsp;<\/p>\n<h2><span class=\"ez-toc-section\" id=\"Jaquiline_e_uma_bagagem_cheia_para_realizar_sonhos_no_mercado_imobiliario\"><\/span><b>Jaquiline e u<\/b><b>ma bagagem cheia para realizar sonhos no mercado imobili\u00e1rio<\/b><span class=\"ez-toc-section-end\"><\/span><\/h2>\n<p><b>Jaquiline Savoldi <\/b><span style=\"font-weight: 400;\">tem 49 anos e est\u00e1 \u00e0 frente da <\/span><b>JS Neg\u00f3cios Imobili\u00e1rios<\/b><span style=\"font-weight: 400;\">. Ela acaba de abrir a sua primeira empresa no ramo imobili\u00e1rio, no bairro S\u00e3o Sebasti\u00e3o, em Porto Alegre, Rio Grande do Sul, ap\u00f3s 25 anos trabalhando no time da Auxiliadora Predial, junto \u00e0s \u00e1reas de vendas, alugu\u00e9is e condom\u00ednios.<\/span><\/p>\n<p><span style=\"font-weight: 400;\">Em outras palavras, Jaquiline, al\u00e9m de cliente, j\u00e1 que adquiriu seu im\u00f3vel atrav\u00e9s da <\/span><b>Ag\u00eancia Corporate<\/b><span style=\"font-weight: 400;\">, tamb\u00e9m \u00e9 uma <\/span><b><a href=\"https:\/\/mkt.auxiliadorapredial.com.br\/seja-um-franqueado?utm_campaign=temporada_corporate&amp;utm_content=aluguel&amp;utm_medium=email&amp;utm_source=dinamize&amp;utm_term=todos_leads\" target=\"_blank\" rel=\"noopener\">franqueada da Auxi<\/a>.<\/b><\/p>\n<p><span style=\"font-weight: 400;\">A decis\u00e3o aconteceu quando a vontade de empreender se uniu ao desafio de aprender ainda mais sobre Administra\u00e7\u00e3o, Transa\u00e7\u00f5es Imobili\u00e1rias e Gest\u00e3o de Pessoas.<\/span><\/p>\n<p><span style=\"font-weight: 400;\">Depois, o resultado chegou com um olhar certeiro para as<\/span> <span style=\"font-weight: 400;\">franquias de venda e aluguel de im\u00f3veis. Agora, Jaquiline se prepara para iniciar essa nova fase.<\/span><\/p>\n<p><span style=\"font-weight: 400;\">Ela fala com empolga\u00e7\u00e3o da decis\u00e3o de seguir trabalhando com pessoas, atendendo clientes, da busca de solu\u00e7\u00f5es e, agora, da busca de novos resultados como empreendedora.<\/span><\/p>\n<p><span style=\"font-weight: 400;\">Para Jaquiline, tudo isso acontece junto \u00e0 marca forte da Auxiliadora Predial, que d\u00e1 ainda mais confian\u00e7a e suporte em todas as etapas do processo, atrav\u00e9s do <em>know-how<\/em> de mercado, fatores que foram fundamentais para a sua decis\u00e3o, conforme explica.<\/span><\/p>\n<p>&nbsp;<\/p>\n<figure id=\"attachment_8413\" aria-describedby=\"caption-attachment-8413\" style=\"width: 768px\" class=\"wp-caption aligncenter\"><img decoding=\"async\" class=\"size-full wp-image-8413\" src=\"https:\/\/www.auxiliadorapredial.com.br\/blog\/wp-content\/uploads\/dia-da-mulher-jaquiline-savoldi-franqueada-auxiliadora-predial.jpeg\" alt=\"Dia da Mulher: Jaquiline Savoldi, ap\u00f3s 25 anos integrando o time Auxi, decidiu empreender e, ainda, se tornar uma franqueada da Auxiliadora Predial\" width=\"768\" height=\"1024\" srcset=\"https:\/\/www.auxiliadorapredial.com.br\/blog\/wp-content\/uploads\/dia-da-mulher-jaquiline-savoldi-franqueada-auxiliadora-predial.jpeg 768w, https:\/\/www.auxiliadorapredial.com.br\/blog\/wp-content\/uploads\/dia-da-mulher-jaquiline-savoldi-franqueada-auxiliadora-predial-225x300.jpeg 225w\" sizes=\"(max-width: 768px) 100vw, 768px\" \/><figcaption id=\"caption-attachment-8413\" class=\"wp-caption-text\">Dia da Mulher: Jaquiline Savoldi, ap\u00f3s 25 anos integrando o time Auxi, decidiu empreender e, ainda, se tornar uma franqueada da Auxiliadora Predial<\/figcaption><\/figure>\n<p>&nbsp;<\/p>\n<h3><span class=\"ez-toc-section\" id=\"4_perguntas_sobre_desafios_e_inspiracoes_para_o_Dia_da_Mulher-2\"><\/span><b>4 perguntas sobre desafios e <\/b><b>inspira\u00e7\u00f5es <\/b><b>para o Dia da Mulher<\/b><span class=\"ez-toc-section-end\"><\/span><\/h3>\n<p>&nbsp;<\/p>\n<h4>Qual foi o maior desafio que j\u00e1 enfrentou?<\/h4>\n<p><i><span style=\"font-weight: 400;\">Est\u00e1 sendo esse momento da abertura da loja e rotina de obras, pois \u00e9 algo totalmente novo, ent\u00e3o conduzir isso \u00e9 desafiador.<\/span><\/i><\/p>\n<p><i><span style=\"font-weight: 400;\">Sei que depois vir\u00e3o outros desafios porque a vida \u00e9 feita de ciclos. Tenho o entendimento de que preciso conduzir e organizar a loja para proporcionar um ambiente positivo, especialmente para os corretores. Em meio a uma franquia de vendas e alugu\u00e9is, eles precisam se sentir em um lugar agrad\u00e1vel, ent\u00e3o essa organiza\u00e7\u00e3o da loja para que seja um ambiente bacana de bons neg\u00f3cios foi um grande desafio<\/span><\/i><span style=\"font-weight: 400;\">.<\/span><\/p>\n<p>&nbsp;<\/p>\n<h4>O que mais te inspira? Onde voc\u00ea encontra for\u00e7as para continuar empreendendo?<\/h4>\n<p><i><span style=\"font-weight: 400;\">Minha filha, de 9 anos, \u00e9 minha incentivadora, me acompanhava na obra da loja e dizia &#8216;tudo vai dar certo&#8217;.<\/span><\/i><\/p>\n<p><i><span style=\"font-weight: 400;\">Gostar do que fa\u00e7o tamb\u00e9m me inspira porque a\u00ed a gente cria um ambiente cheio de vontade de fazer as coisas acontecerem.<\/span><\/i><\/p>\n<p><i><span style=\"font-weight: 400;\">E o empreendedorismo nada mais \u00e9 do que isso: fazer com que o investimento possa gerar bons resultados, mas isso s\u00f3 \u00e9 poss\u00edvel atrav\u00e9s das pessoas. Para isso, \u00e9 preciso atender bem o cliente, gostar do que voc\u00ea faz e ter uma boa equipe, al\u00e9m, \u00e9 claro, de ter os produtos adequados em rela\u00e7\u00e3o \u00e0s expectativas dos nossos clientes.<\/span><\/i><\/p>\n<p>&nbsp;<\/p>\n<h4>O que \u00e9 ser uma mulher empreendedora para voc\u00ea?<\/h4>\n<p><i><span style=\"font-weight: 400;\">\u00c9 ser uma pessoa que precisa ter coragem, especialmente para fazer algo diferente, se desafiar.<\/span><\/i><\/p>\n<p><i><span style=\"font-weight: 400;\">Por exemplo, eu estava em uma empresa que proporciona todas as possibilidades de trabalho, crescimento e desenvolvimento, mas tive vontade de fazer algo diferente, de me desafiar, precisava ter algo que me trouxesse novos desafios.<\/span><\/i><\/p>\n<p><i><span style=\"font-weight: 400;\">No meu caso, tive essa oportunidade de, no momento em que eu tinha tomado a decis\u00e3o, as coisas come\u00e7arem a se encaixar, a minha vontade com a necessidade que a Auxiliadora Predial tinha, ent\u00e3o conseguimos celebrar essa franquia.<\/span><\/i><\/p>\n<p><i><span style=\"font-weight: 400;\">Para empreender tamb\u00e9m acredito que \u00e9 preciso gostar do que faz porque o empreendedorismo n\u00e3o \u00e9 uma aventura.<\/span><\/i><\/p>\n<p>&nbsp;<\/p>\n<h4>Como gostaria de incentivar outras mulheres a trilharem o mesmo caminho? Qual mensagem poderia deixar para elas?<\/h4>\n<p><i><span style=\"font-weight: 400;\">Acredito que a mulher est\u00e1 assumindo um papel muito bacana, mas ainda existem muitos desafios para n\u00f3s.<\/span><\/i><\/p>\n<p><i><span style=\"font-weight: 400;\">Por isso, entenda o que voc\u00ea quer, o que voc\u00ea gosta e empreenda. Busque conhecimento, qualifica\u00e7\u00e3o, olhe para as pessoas que apoiam e incentivam voc\u00ea porque alguns dias s\u00e3o de ang\u00fastia e \u00e9 a\u00ed que entendemos que n\u00e3o estamos sozinhas.<\/span><\/i><\/p>\n<p><i><span style=\"font-weight: 400;\">Acredite na sua for\u00e7a e na sua vontade, se voc\u00ea gosta de algo, faz esse trabalho bem feito e se preparou para isso, ent\u00e3o, n\u00e3o precisa ter medo, as coisas v\u00e3o dar certo<\/span><\/i><span style=\"font-weight: 400;\">.<\/span><\/p>\n<p>&nbsp;<\/p>\n<p><span style=\"font-weight: 400;\">Definitivamente, um dos principais recados que as nossas entrevistadas trouxeram nesse post \u00e9 que voc\u00ea (sempre) consegue!<\/span><\/p>\n<p><span style=\"font-weight: 400;\">N\u00e3o esque\u00e7a disso: acredite em voc\u00ea, mulher!<\/span><\/p>\n<p>&nbsp;<\/p>\n<p><span style=\"font-weight: 400;\">E se voc\u00ea vai empreender e precisa de ajuda na hora de achar o melhor lugar para instalar a sua empresa,<\/span><a href=\"https:\/\/www.auxiliadorapredial.com.br\/alugar\/comercial\/rs+porto-alegre\" target=\"_blank\" rel=\"noopener\"><span style=\"font-weight: 400;\"><b> veja agora<\/b><\/span><\/a><span style=\"font-weight: 400;\">\u00a0como as solu\u00e7\u00f5es da Ag\u00eancia Corporate podem te ajudar.<\/span><\/p>\n","protected":false},"excerpt":{"rendered":"<p>Conhe\u00e7a duas mulheres que aceitaram o desafio de se tornarem protagonistas de suas trajet\u00f3rias, al\u00e9m de dicas para come\u00e7ar a empreender.<\/p>\n","protected":false},"author":8,"featured_media":8414,"comment_status":"open","ping_status":"open","sticky":false,"template":"","format":"standard","meta":{"footnotes":""},"categories":[306],"tags":[417,416,411,412,413,414,415],"class_list":["post-8411","post","type-post","status-publish","format-standard","has-post-thumbnail","hentry","category-mercado-imobiliario","tag-agencia-corporate","tag-corporate","tag-dia-da-mulher","tag-dia-internacional-da-mulher","tag-empreendedorismo","tag-empreendedorismo-feminino","tag-imovel-comercial"],"yoast_head":"<!-- This site is optimized with the Yoast SEO plugin v27.3 - https:\/\/yoast.com\/product\/yoast-seo-wordpress\/ -->\n<title>Dia da Mulher: hist\u00f3rias de empreendedorismo feminino para se inspirar<\/title>\n<meta name=\"description\" content=\"Saiba mais sobre mulheres que aceitaram o desafio de se tornarem protagonistas de suas trajet\u00f3rias, al\u00e9m de dicas para come\u00e7ar a empreender.\" \/>\n<meta name=\"robots\" content=\"index, follow, max-snippet:-1, max-image-preview:large, max-video-preview:-1\" \/>\n<link rel=\"canonical\" href=\"https:\/\/www.auxiliadorapredial.com.br\/blog\/dia-da-mulher-historias-de-empreendedorismo-feminino-para-se-inspirar\/\" \/>\n<meta property=\"og:locale\" content=\"pt_BR\" \/>\n<meta property=\"og:type\" content=\"article\" \/>\n<meta property=\"og:title\" content=\"Dia da Mulher: hist\u00f3rias de empreendedorismo feminino para se inspirar\" \/>\n<meta property=\"og:description\" content=\"Saiba mais sobre mulheres que aceitaram o desafio de se tornarem protagonistas de suas trajet\u00f3rias, al\u00e9m de dicas para come\u00e7ar a empreender.\" \/>\n<meta property=\"og:url\" content=\"https:\/\/www.auxiliadorapredial.com.br\/blog\/dia-da-mulher-historias-de-empreendedorismo-feminino-para-se-inspirar\/\" \/>\n<meta property=\"og:site_name\" content=\"Blog da Auxiliadora Predial - Tudo sobre im\u00f3veis e condom\u00ednios\" \/>\n<meta property=\"article:published_time\" content=\"2022-03-07T21:52:44+00:00\" \/>\n<meta property=\"article:modified_time\" content=\"2023-02-22T17:18:01+00:00\" \/>\n<meta property=\"og:image\" content=\"https:\/\/www.auxiliadorapredial.com.br\/blog\/wp-content\/uploads\/dia-da-mulher-.jpg\" \/>\n\t<meta property=\"og:image:width\" content=\"1620\" \/>\n\t<meta property=\"og:image:height\" content=\"1080\" \/>\n\t<meta property=\"og:image:type\" content=\"image\/jpeg\" \/>\n<meta name=\"author\" content=\"Auxiliadora Predial\" \/>\n<meta name=\"twitter:card\" content=\"summary_large_image\" \/>\n<meta name=\"twitter:label1\" content=\"Escrito por\" \/>\n\t<meta name=\"twitter:data1\" content=\"Auxiliadora Predial\" \/>\n\t<meta name=\"twitter:label2\" content=\"Est. tempo de leitura\" \/>\n\t<meta name=\"twitter:data2\" content=\"8 minutos\" \/>\n<script type=\"application\/ld+json\" class=\"yoast-schema-graph\">{\"@context\":\"https:\\\/\\\/schema.org\",\"@graph\":[{\"@type\":\"Article\",\"@id\":\"https:\\\/\\\/www.auxiliadorapredial.com.br\\\/blog\\\/dia-da-mulher-historias-de-empreendedorismo-feminino-para-se-inspirar\\\/#article\",\"isPartOf\":{\"@id\":\"https:\\\/\\\/www.auxiliadorapredial.com.br\\\/blog\\\/dia-da-mulher-historias-de-empreendedorismo-feminino-para-se-inspirar\\\/\"},\"author\":{\"name\":\"Auxiliadora Predial\",\"@id\":\"https:\\\/\\\/www.auxiliadorapredial.com.br\\\/blog\\\/#\\\/schema\\\/person\\\/6f18fc59c4e49f77084c0b79db558b94\"},\"headline\":\"Dia da Mulher: hist\u00f3rias de empreendedorismo feminino para se inspirar\",\"datePublished\":\"2022-03-07T21:52:44+00:00\",\"dateModified\":\"2023-02-22T17:18:01+00:00\",\"mainEntityOfPage\":{\"@id\":\"https:\\\/\\\/www.auxiliadorapredial.com.br\\\/blog\\\/dia-da-mulher-historias-de-empreendedorismo-feminino-para-se-inspirar\\\/\"},\"wordCount\":1365,\"commentCount\":0,\"image\":{\"@id\":\"https:\\\/\\\/www.auxiliadorapredial.com.br\\\/blog\\\/dia-da-mulher-historias-de-empreendedorismo-feminino-para-se-inspirar\\\/#primaryimage\"},\"thumbnailUrl\":\"https:\\\/\\\/www.auxiliadorapredial.com.br\\\/blog\\\/wp-content\\\/uploads\\\/dia-da-mulher-.jpg\",\"keywords\":[\"ag\u00eancia corporate\",\"corporate\",\"dia da mulher\",\"dia internacional da mulher\",\"empreendedorismo\",\"empreendedorismo feminino\",\"im\u00f3vel comercial\"],\"articleSection\":[\"Mercado Imobili\u00e1rio\"],\"inLanguage\":\"pt-BR\",\"potentialAction\":[{\"@type\":\"CommentAction\",\"name\":\"Comment\",\"target\":[\"https:\\\/\\\/www.auxiliadorapredial.com.br\\\/blog\\\/dia-da-mulher-historias-de-empreendedorismo-feminino-para-se-inspirar\\\/#respond\"]}]},{\"@type\":\"WebPage\",\"@id\":\"https:\\\/\\\/www.auxiliadorapredial.com.br\\\/blog\\\/dia-da-mulher-historias-de-empreendedorismo-feminino-para-se-inspirar\\\/\",\"url\":\"https:\\\/\\\/www.auxiliadorapredial.com.br\\\/blog\\\/dia-da-mulher-historias-de-empreendedorismo-feminino-para-se-inspirar\\\/\",\"name\":\"Dia da Mulher: hist\u00f3rias de empreendedorismo feminino para se inspirar\",\"isPartOf\":{\"@id\":\"https:\\\/\\\/www.auxiliadorapredial.com.br\\\/blog\\\/#website\"},\"primaryImageOfPage\":{\"@id\":\"https:\\\/\\\/www.auxiliadorapredial.com.br\\\/blog\\\/dia-da-mulher-historias-de-empreendedorismo-feminino-para-se-inspirar\\\/#primaryimage\"},\"image\":{\"@id\":\"https:\\\/\\\/www.auxiliadorapredial.com.br\\\/blog\\\/dia-da-mulher-historias-de-empreendedorismo-feminino-para-se-inspirar\\\/#primaryimage\"},\"thumbnailUrl\":\"https:\\\/\\\/www.auxiliadorapredial.com.br\\\/blog\\\/wp-content\\\/uploads\\\/dia-da-mulher-.jpg\",\"datePublished\":\"2022-03-07T21:52:44+00:00\",\"dateModified\":\"2023-02-22T17:18:01+00:00\",\"author\":{\"@id\":\"https:\\\/\\\/www.auxiliadorapredial.com.br\\\/blog\\\/#\\\/schema\\\/person\\\/6f18fc59c4e49f77084c0b79db558b94\"},\"description\":\"Saiba mais sobre mulheres que aceitaram o desafio de se tornarem protagonistas de suas trajet\u00f3rias, al\u00e9m de dicas para come\u00e7ar a empreender.\",\"inLanguage\":\"pt-BR\",\"potentialAction\":[{\"@type\":\"ReadAction\",\"target\":[\"https:\\\/\\\/www.auxiliadorapredial.com.br\\\/blog\\\/dia-da-mulher-historias-de-empreendedorismo-feminino-para-se-inspirar\\\/\"]}]},{\"@type\":\"ImageObject\",\"inLanguage\":\"pt-BR\",\"@id\":\"https:\\\/\\\/www.auxiliadorapredial.com.br\\\/blog\\\/dia-da-mulher-historias-de-empreendedorismo-feminino-para-se-inspirar\\\/#primaryimage\",\"url\":\"https:\\\/\\\/www.auxiliadorapredial.com.br\\\/blog\\\/wp-content\\\/uploads\\\/dia-da-mulher-.jpg\",\"contentUrl\":\"https:\\\/\\\/www.auxiliadorapredial.com.br\\\/blog\\\/wp-content\\\/uploads\\\/dia-da-mulher-.jpg\",\"width\":1620,\"height\":1080,\"caption\":\"Dia da Mulher: hist\u00f3rias de empreendedoras para se inspirar\"},{\"@type\":\"WebSite\",\"@id\":\"https:\\\/\\\/www.auxiliadorapredial.com.br\\\/blog\\\/#website\",\"url\":\"https:\\\/\\\/www.auxiliadorapredial.com.br\\\/blog\\\/\",\"name\":\"Blog da Auxiliadora Predial - Tudo sobre im\u00f3veis e condom\u00ednios\",\"description\":\"Dicas da Auxiliadora Predial sobre aluguel, compra e venda de im\u00f3veis, al\u00e9m de condom\u00ednios. Imobili\u00e1ria em Porto Alegre e interior do RS, Santa Catarina e S\u00e3o Paulo.\",\"potentialAction\":[{\"@type\":\"SearchAction\",\"target\":{\"@type\":\"EntryPoint\",\"urlTemplate\":\"https:\\\/\\\/www.auxiliadorapredial.com.br\\\/blog\\\/?s={search_term_string}\"},\"query-input\":{\"@type\":\"PropertyValueSpecification\",\"valueRequired\":true,\"valueName\":\"search_term_string\"}}],\"inLanguage\":\"pt-BR\"},{\"@type\":\"Person\",\"@id\":\"https:\\\/\\\/www.auxiliadorapredial.com.br\\\/blog\\\/#\\\/schema\\\/person\\\/6f18fc59c4e49f77084c0b79db558b94\",\"name\":\"Auxiliadora Predial\",\"image\":{\"@type\":\"ImageObject\",\"inLanguage\":\"pt-BR\",\"@id\":\"https:\\\/\\\/secure.gravatar.com\\\/avatar\\\/35e2e024be01cb7ad8d58228a0e85f870bdc4fcffc251c71ad386ea38ee05234?s=96&d=mm&r=g\",\"url\":\"https:\\\/\\\/secure.gravatar.com\\\/avatar\\\/35e2e024be01cb7ad8d58228a0e85f870bdc4fcffc251c71ad386ea38ee05234?s=96&d=mm&r=g\",\"contentUrl\":\"https:\\\/\\\/secure.gravatar.com\\\/avatar\\\/35e2e024be01cb7ad8d58228a0e85f870bdc4fcffc251c71ad386ea38ee05234?s=96&d=mm&r=g\",\"caption\":\"Auxiliadora Predial\"},\"sameAs\":[\"https:\\\/\\\/www.auxiliadorapredial.com.br\\\/\"]}]}<\/script>\n<!-- \/ Yoast SEO plugin. -->","yoast_head_json":{"title":"Dia da Mulher: hist\u00f3rias de empreendedorismo feminino para se inspirar","description":"Saiba mais sobre mulheres que aceitaram o desafio de se tornarem protagonistas de suas trajet\u00f3rias, al\u00e9m de dicas para come\u00e7ar a empreender.","robots":{"index":"index","follow":"follow","max-snippet":"max-snippet:-1","max-image-preview":"max-image-preview:large","max-video-preview":"max-video-preview:-1"},"canonical":"https:\/\/www.auxiliadorapredial.com.br\/blog\/dia-da-mulher-historias-de-empreendedorismo-feminino-para-se-inspirar\/","og_locale":"pt_BR","og_type":"article","og_title":"Dia da Mulher: hist\u00f3rias de empreendedorismo feminino para se inspirar","og_description":"Saiba mais sobre mulheres que aceitaram o desafio de se tornarem protagonistas de suas trajet\u00f3rias, al\u00e9m de dicas para come\u00e7ar a empreender.","og_url":"https:\/\/www.auxiliadorapredial.com.br\/blog\/dia-da-mulher-historias-de-empreendedorismo-feminino-para-se-inspirar\/","og_site_name":"Blog da Auxiliadora Predial - Tudo sobre im\u00f3veis e condom\u00ednios","article_published_time":"2022-03-07T21:52:44+00:00","article_modified_time":"2023-02-22T17:18:01+00:00","og_image":[{"width":1620,"height":1080,"url":"https:\/\/www.auxiliadorapredial.com.br\/blog\/wp-content\/uploads\/dia-da-mulher-.jpg","type":"image\/jpeg"}],"author":"Auxiliadora Predial","twitter_card":"summary_large_image","twitter_misc":{"Escrito por":"Auxiliadora Predial","Est. tempo de leitura":"8 minutos"},"schema":{"@context":"https:\/\/schema.org","@graph":[{"@type":"Article","@id":"https:\/\/www.auxiliadorapredial.com.br\/blog\/dia-da-mulher-historias-de-empreendedorismo-feminino-para-se-inspirar\/#article","isPartOf":{"@id":"https:\/\/www.auxiliadorapredial.com.br\/blog\/dia-da-mulher-historias-de-empreendedorismo-feminino-para-se-inspirar\/"},"author":{"name":"Auxiliadora Predial","@id":"https:\/\/www.auxiliadorapredial.com.br\/blog\/#\/schema\/person\/6f18fc59c4e49f77084c0b79db558b94"},"headline":"Dia da Mulher: hist\u00f3rias de empreendedorismo feminino para se inspirar","datePublished":"2022-03-07T21:52:44+00:00","dateModified":"2023-02-22T17:18:01+00:00","mainEntityOfPage":{"@id":"https:\/\/www.auxiliadorapredial.com.br\/blog\/dia-da-mulher-historias-de-empreendedorismo-feminino-para-se-inspirar\/"},"wordCount":1365,"commentCount":0,"image":{"@id":"https:\/\/www.auxiliadorapredial.com.br\/blog\/dia-da-mulher-historias-de-empreendedorismo-feminino-para-se-inspirar\/#primaryimage"},"thumbnailUrl":"https:\/\/www.auxiliadorapredial.com.br\/blog\/wp-content\/uploads\/dia-da-mulher-.jpg","keywords":["ag\u00eancia corporate","corporate","dia da mulher","dia internacional da mulher","empreendedorismo","empreendedorismo feminino","im\u00f3vel comercial"],"articleSection":["Mercado Imobili\u00e1rio"],"inLanguage":"pt-BR","potentialAction":[{"@type":"CommentAction","name":"Comment","target":["https:\/\/www.auxiliadorapredial.com.br\/blog\/dia-da-mulher-historias-de-empreendedorismo-feminino-para-se-inspirar\/#respond"]}]},{"@type":"WebPage","@id":"https:\/\/www.auxiliadorapredial.com.br\/blog\/dia-da-mulher-historias-de-empreendedorismo-feminino-para-se-inspirar\/","url":"https:\/\/www.auxiliadorapredial.com.br\/blog\/dia-da-mulher-historias-de-empreendedorismo-feminino-para-se-inspirar\/","name":"Dia da Mulher: hist\u00f3rias de empreendedorismo feminino para se inspirar","isPartOf":{"@id":"https:\/\/www.auxiliadorapredial.com.br\/blog\/#website"},"primaryImageOfPage":{"@id":"https:\/\/www.auxiliadorapredial.com.br\/blog\/dia-da-mulher-historias-de-empreendedorismo-feminino-para-se-inspirar\/#primaryimage"},"image":{"@id":"https:\/\/www.auxiliadorapredial.com.br\/blog\/dia-da-mulher-historias-de-empreendedorismo-feminino-para-se-inspirar\/#primaryimage"},"thumbnailUrl":"https:\/\/www.auxiliadorapredial.com.br\/blog\/wp-content\/uploads\/dia-da-mulher-.jpg","datePublished":"2022-03-07T21:52:44+00:00","dateModified":"2023-02-22T17:18:01+00:00","author":{"@id":"https:\/\/www.auxiliadorapredial.com.br\/blog\/#\/schema\/person\/6f18fc59c4e49f77084c0b79db558b94"},"description":"Saiba mais sobre mulheres que aceitaram o desafio de se tornarem protagonistas de suas trajet\u00f3rias, al\u00e9m de dicas para come\u00e7ar a empreender.","inLanguage":"pt-BR","potentialAction":[{"@type":"ReadAction","target":["https:\/\/www.auxiliadorapredial.com.br\/blog\/dia-da-mulher-historias-de-empreendedorismo-feminino-para-se-inspirar\/"]}]},{"@type":"ImageObject","inLanguage":"pt-BR","@id":"https:\/\/www.auxiliadorapredial.com.br\/blog\/dia-da-mulher-historias-de-empreendedorismo-feminino-para-se-inspirar\/#primaryimage","url":"https:\/\/www.auxiliadorapredial.com.br\/blog\/wp-content\/uploads\/dia-da-mulher-.jpg","contentUrl":"https:\/\/www.auxiliadorapredial.com.br\/blog\/wp-content\/uploads\/dia-da-mulher-.jpg","width":1620,"height":1080,"caption":"Dia da Mulher: hist\u00f3rias de empreendedoras para se inspirar"},{"@type":"WebSite","@id":"https:\/\/www.auxiliadorapredial.com.br\/blog\/#website","url":"https:\/\/www.auxiliadorapredial.com.br\/blog\/","name":"Blog da Auxiliadora Predial - Tudo sobre im\u00f3veis e condom\u00ednios","description":"Dicas da Auxiliadora Predial sobre aluguel, compra e venda de im\u00f3veis, al\u00e9m de condom\u00ednios. Imobili\u00e1ria em Porto Alegre e interior do RS, Santa Catarina e S\u00e3o Paulo.","potentialAction":[{"@type":"SearchAction","target":{"@type":"EntryPoint","urlTemplate":"https:\/\/www.auxiliadorapredial.com.br\/blog\/?s={search_term_string}"},"query-input":{"@type":"PropertyValueSpecification","valueRequired":true,"valueName":"search_term_string"}}],"inLanguage":"pt-BR"},{"@type":"Person","@id":"https:\/\/www.auxiliadorapredial.com.br\/blog\/#\/schema\/person\/6f18fc59c4e49f77084c0b79db558b94","name":"Auxiliadora Predial","image":{"@type":"ImageObject","inLanguage":"pt-BR","@id":"https:\/\/secure.gravatar.com\/avatar\/35e2e024be01cb7ad8d58228a0e85f870bdc4fcffc251c71ad386ea38ee05234?s=96&d=mm&r=g","url":"https:\/\/secure.gravatar.com\/avatar\/35e2e024be01cb7ad8d58228a0e85f870bdc4fcffc251c71ad386ea38ee05234?s=96&d=mm&r=g","contentUrl":"https:\/\/secure.gravatar.com\/avatar\/35e2e024be01cb7ad8d58228a0e85f870bdc4fcffc251c71ad386ea38ee05234?s=96&d=mm&r=g","caption":"Auxiliadora Predial"},"sameAs":["https:\/\/www.auxiliadorapredial.com.br\/"]}]}},"views":1160,"_links":{"self":[{"href":"https:\/\/www.auxiliadorapredial.com.br\/blog\/wp-json\/wp\/v2\/posts\/8411","targetHints":{"allow":["GET"]}}],"collection":[{"href":"https:\/\/www.auxiliadorapredial.com.br\/blog\/wp-json\/wp\/v2\/posts"}],"about":[{"href":"https:\/\/www.auxiliadorapredial.com.br\/blog\/wp-json\/wp\/v2\/types\/post"}],"author":[{"embeddable":true,"href":"https:\/\/www.auxiliadorapredial.com.br\/blog\/wp-json\/wp\/v2\/users\/8"}],"replies":[{"embeddable":true,"href":"https:\/\/www.auxiliadorapredial.com.br\/blog\/wp-json\/wp\/v2\/comments?post=8411"}],"version-history":[{"count":7,"href":"https:\/\/www.auxiliadorapredial.com.br\/blog\/wp-json\/wp\/v2\/posts\/8411\/revisions"}],"predecessor-version":[{"id":12256,"href":"https:\/\/www.auxiliadorapredial.com.br\/blog\/wp-json\/wp\/v2\/posts\/8411\/revisions\/12256"}],"wp:featuredmedia":[{"embeddable":true,"href":"https:\/\/www.auxiliadorapredial.com.br\/blog\/wp-json\/wp\/v2\/media\/8414"}],"wp:attachment":[{"href":"https:\/\/www.auxiliadorapredial.com.br\/blog\/wp-json\/wp\/v2\/media?parent=8411"}],"wp:term":[{"taxonomy":"category","embeddable":true,"href":"https:\/\/www.auxiliadorapredial.com.br\/blog\/wp-json\/wp\/v2\/categories?post=8411"},{"taxonomy":"post_tag","embeddable":true,"href":"https:\/\/www.auxiliadorapredial.com.br\/blog\/wp-json\/wp\/v2\/tags?post=8411"}],"curies":[{"name":"wp","href":"https:\/\/api.w.org\/{rel}","templated":true}]}}