{"id":8777,"date":"2022-06-17T19:05:34","date_gmt":"2022-06-17T22:05:34","guid":{"rendered":"https:\/\/www.auxiliadorapredial.com.br\/blog\/?p=8777"},"modified":"2024-08-22T13:10:12","modified_gmt":"2024-08-22T16:10:12","slug":"vagas-de-garagem-em-condominio-o-que-pode-e-nao-pode-ser-feito","status":"publish","type":"post","link":"https:\/\/www.auxiliadorapredial.com.br\/blog\/vagas-de-garagem-em-condominio-o-que-pode-e-nao-pode-ser-feito\/","title":{"rendered":"Vagas de garagem em condom\u00ednio: o que pode e n\u00e3o pode ser feito?"},"content":{"rendered":"<p><span style=\"font-weight: 400;\">Ser\u00e1 que as <strong>vagas de garagem em <a href=\"https:\/\/www.auxiliadorapredial.com.br\/blog\/gestao-financeira-em-condominio-como-garantir-mais-transparencia-e-seguranca\/\">condom\u00ednio<\/a><\/strong> s\u00e3o espa\u00e7os livres de regras? Acima de tudo, a verdade \u00e9 que todo espa\u00e7o do condom\u00ednio requer alguma organiza\u00e7\u00e3o.<\/span><\/p>\n<p><span style=\"font-weight: 400;\">Com a garagem do pr\u00e9dio n\u00e3o \u00e9 diferente e, justamente pelo seu alto fluxo de movimenta\u00e7\u00e3o e uso em geral, as regras s\u00e3o fundamentais.\u00a0<\/span><\/p>\n<p><span style=\"font-weight: 400;\">Neste artigo voc\u00ea conhece quais s\u00e3o as principais normas e leis em rela\u00e7\u00e3o \u00e0s <strong>vagas de garagem<\/strong> e o que n\u00e3o \u00e9 permitido no uso destes espa\u00e7os. Vamos l\u00e1?<\/span><\/p>\n<div id=\"ez-toc-container\" class=\"ez-toc-v2_0_82_2 counter-hierarchy ez-toc-counter ez-toc-transparent ez-toc-container-direction\">\n<p class=\"ez-toc-title\" style=\"cursor:inherit\">Navegue pelo conte\u00fado<\/p>\n<label for=\"ez-toc-cssicon-toggle-item-69f70cce1d712\" class=\"ez-toc-cssicon-toggle-label\"><span class=\"\"><span class=\"eztoc-hide\" style=\"display:none;\">Toggle<\/span><span class=\"ez-toc-icon-toggle-span\"><svg style=\"fill: #000000;color:#000000\" xmlns=\"http:\/\/www.w3.org\/2000\/svg\" class=\"list-377408\" width=\"20px\" height=\"20px\" viewBox=\"0 0 24 24\" fill=\"none\"><path d=\"M6 6H4v2h2V6zm14 0H8v2h12V6zM4 11h2v2H4v-2zm16 0H8v2h12v-2zM4 16h2v2H4v-2zm16 0H8v2h12v-2z\" fill=\"currentColor\"><\/path><\/svg><svg style=\"fill: #000000;color:#000000\" class=\"arrow-unsorted-368013\" xmlns=\"http:\/\/www.w3.org\/2000\/svg\" width=\"10px\" height=\"10px\" viewBox=\"0 0 24 24\" version=\"1.2\" baseProfile=\"tiny\"><path d=\"M18.2 9.3l-6.2-6.3-6.2 6.3c-.2.2-.3.4-.3.7s.1.5.3.7c.2.2.4.3.7.3h11c.3 0 .5-.1.7-.3.2-.2.3-.5.3-.7s-.1-.5-.3-.7zM5.8 14.7l6.2 6.3 6.2-6.3c.2-.2.3-.5.3-.7s-.1-.5-.3-.7c-.2-.2-.4-.3-.7-.3h-11c-.3 0-.5.1-.7.3-.2.2-.3.5-.3.7s.1.5.3.7z\"\/><\/svg><\/span><\/span><\/label><input type=\"checkbox\"  id=\"ez-toc-cssicon-toggle-item-69f70cce1d712\"  aria-label=\"Alternar\" \/><nav><ul class='ez-toc-list ez-toc-list-level-1 ' ><li class='ez-toc-page-1 ez-toc-heading-level-2'><a class=\"ez-toc-link ez-toc-heading-1\" href=\"https:\/\/www.auxiliadorapredial.com.br\/blog\/vagas-de-garagem-em-condominio-o-que-pode-e-nao-pode-ser-feito\/#Como_funciona_o_uso_das_vagas_de_garagem_em_condominio\" >Como funciona o uso das vagas de garagem em condom\u00ednio?<\/a><ul class='ez-toc-list-level-3' ><li class='ez-toc-heading-level-3'><a class=\"ez-toc-link ez-toc-heading-2\" href=\"https:\/\/www.auxiliadorapredial.com.br\/blog\/vagas-de-garagem-em-condominio-o-que-pode-e-nao-pode-ser-feito\/#Vagas_%E2%80%9Caleatorias%E2%80%9D\" >Vagas \u201caleat\u00f3rias\u201d<\/a><\/li><li class='ez-toc-page-1 ez-toc-heading-level-3'><a class=\"ez-toc-link ez-toc-heading-3\" href=\"https:\/\/www.auxiliadorapredial.com.br\/blog\/vagas-de-garagem-em-condominio-o-que-pode-e-nao-pode-ser-feito\/#Vagas_numeradas\" >Vagas numeradas<\/a><\/li><\/ul><\/li><li class='ez-toc-page-1 ez-toc-heading-level-2'><a class=\"ez-toc-link ez-toc-heading-4\" href=\"https:\/\/www.auxiliadorapredial.com.br\/blog\/vagas-de-garagem-em-condominio-o-que-pode-e-nao-pode-ser-feito\/#O_que_nao_pode_fazer_nas_vagas_de_garagem_em_condominio\" >O que n\u00e3o pode fazer nas vagas de garagem em condom\u00ednio<\/a><ul class='ez-toc-list-level-3' ><li class='ez-toc-heading-level-3'><a class=\"ez-toc-link ez-toc-heading-5\" href=\"https:\/\/www.auxiliadorapredial.com.br\/blog\/vagas-de-garagem-em-condominio-o-que-pode-e-nao-pode-ser-feito\/#1_Usar_a_vaga_para_outros_fins\" >1. Usar a vaga para outros fins<\/a><\/li><li class='ez-toc-page-1 ez-toc-heading-level-3'><a class=\"ez-toc-link ez-toc-heading-6\" href=\"https:\/\/www.auxiliadorapredial.com.br\/blog\/vagas-de-garagem-em-condominio-o-que-pode-e-nao-pode-ser-feito\/#2_Alugar_ou_ceder_a_vaga_para_terceiros\" >2. Alugar ou ceder a vaga para terceiros<\/a><\/li><li class='ez-toc-page-1 ez-toc-heading-level-3'><a class=\"ez-toc-link ez-toc-heading-7\" href=\"https:\/\/www.auxiliadorapredial.com.br\/blog\/vagas-de-garagem-em-condominio-o-que-pode-e-nao-pode-ser-feito\/#3_Descuido_com_o_estado_do_veiculo\" >3. Descuido com o estado do ve\u00edculo<\/a><\/li><li class='ez-toc-page-1 ez-toc-heading-level-3'><a class=\"ez-toc-link ez-toc-heading-8\" href=\"https:\/\/www.auxiliadorapredial.com.br\/blog\/vagas-de-garagem-em-condominio-o-que-pode-e-nao-pode-ser-feito\/#4_%E2%80%9CInvadir%E2%80%9D_a_vaga_ao_lado\" >4. \u201cInvadir\u201d a vaga ao lado<\/a><\/li><li class='ez-toc-page-1 ez-toc-heading-level-3'><a class=\"ez-toc-link ez-toc-heading-9\" href=\"https:\/\/www.auxiliadorapredial.com.br\/blog\/vagas-de-garagem-em-condominio-o-que-pode-e-nao-pode-ser-feito\/#5_Usar_a_garagem_como_uma_%E2%80%9Coficina_mecanica_particular%E2%80%9D\" >5. Usar a garagem como uma &#8220;oficina mec\u00e2nica particular&#8221;<\/a><\/li><\/ul><\/li><li class='ez-toc-page-1 ez-toc-heading-level-2'><a class=\"ez-toc-link ez-toc-heading-10\" href=\"https:\/\/www.auxiliadorapredial.com.br\/blog\/vagas-de-garagem-em-condominio-o-que-pode-e-nao-pode-ser-feito\/#O_que_pode_fazer_nas_vagas_de_garagem_em_condominio\" >O que pode fazer nas vagas de garagem em condom\u00ednio<\/a><ul class='ez-toc-list-level-3' ><li class='ez-toc-heading-level-3'><a class=\"ez-toc-link ez-toc-heading-11\" href=\"https:\/\/www.auxiliadorapredial.com.br\/blog\/vagas-de-garagem-em-condominio-o-que-pode-e-nao-pode-ser-feito\/#1_Utilizar_a_vaga_para_o_seu_fim_especifico\" >1. Utilizar a vaga para o seu fim espec\u00edfico<\/a><\/li><li class='ez-toc-page-1 ez-toc-heading-level-3'><a class=\"ez-toc-link ez-toc-heading-12\" href=\"https:\/\/www.auxiliadorapredial.com.br\/blog\/vagas-de-garagem-em-condominio-o-que-pode-e-nao-pode-ser-feito\/#2_Acionar_o_sindico_se_houver_algum_conflito\" >2. Acionar o s\u00edndico se houver algum conflito<\/a><\/li><li class='ez-toc-page-1 ez-toc-heading-level-3'><a class=\"ez-toc-link ez-toc-heading-13\" href=\"https:\/\/www.auxiliadorapredial.com.br\/blog\/vagas-de-garagem-em-condominio-o-que-pode-e-nao-pode-ser-feito\/#3_Criacao_de_vaga_para_idoso\" >3. Cria\u00e7\u00e3o de vaga para idoso<\/a><\/li><li class='ez-toc-page-1 ez-toc-heading-level-3'><a class=\"ez-toc-link ez-toc-heading-14\" href=\"https:\/\/www.auxiliadorapredial.com.br\/blog\/vagas-de-garagem-em-condominio-o-que-pode-e-nao-pode-ser-feito\/#4_Criacao_de_vaga_para_PcD\" >4. Cria\u00e7\u00e3o de vaga para PcD<\/a><\/li><li class='ez-toc-page-1 ez-toc-heading-level-3'><a class=\"ez-toc-link ez-toc-heading-15\" href=\"https:\/\/www.auxiliadorapredial.com.br\/blog\/vagas-de-garagem-em-condominio-o-que-pode-e-nao-pode-ser-feito\/#5_Guardar_outros_tipos_de_veiculos\" >5. Guardar outros tipos de ve\u00edculos<\/a><\/li><\/ul><\/li><\/ul><\/nav><\/div>\n<h2><span class=\"ez-toc-section\" id=\"Como_funciona_o_uso_das_vagas_de_garagem_em_condominio\"><\/span><b>Como funciona o uso das vagas de garagem em condom\u00ednio?<\/b><span class=\"ez-toc-section-end\"><\/span><\/h2>\n<p><span style=\"font-weight: 400;\">Primeiramente, \u00e9 preciso entender que todas as regras de uso est\u00e3o previstas na <strong>Conven\u00e7\u00e3o Coletiva<\/strong> e no <strong>Regimento Interno<\/strong> de cada condom\u00ednio.<\/span><\/p>\n<p><span style=\"font-weight: 400;\">Em outras palavras, todas as normas espec\u00edficas que prevalecem s\u00e3o aquelas determinadas pelo condom\u00ednio e que est\u00e3o estipuladas em seus materiais pr\u00f3prios e oficiais.<\/span><\/p>\n<p><span style=\"font-weight: 400;\">Por outro lado, existem<strong> regras gerais<\/strong> que ajudam a organizar as permiss\u00f5es e proibi\u00e7\u00f5es na vida coletiva &#8211; e com as vagas de garagem isso tamb\u00e9m acontece.<\/span><\/p>\n<p><span style=\"font-weight: 400;\">Portanto, o morador pode ter direito \u00e0 <strong>vaga de garagem<\/strong> em duas formas diferentes:<\/span><\/p>\n<h3><span class=\"ez-toc-section\" id=\"Vagas_%E2%80%9Caleatorias%E2%80%9D\"><\/span><span style=\"font-weight: 400;\">Vagas \u201caleat\u00f3rias\u201d<\/span><span class=\"ez-toc-section-end\"><\/span><\/h3>\n<p><span style=\"font-weight: 400;\">No momento da compra de um im\u00f3vel, as vagas podem ser indeterminadas e o cond\u00f4mino tem o direito de uso das vagas com numera\u00e7\u00e3o aleat\u00f3ria e atrav\u00e9s de sorteio bienal ou anual. Al\u00e9m disso, a prefer\u00eancia de escolha da vaga \u00e9 sempre de quem est\u00e1 chegando.<\/span><\/p>\n<h3><span class=\"ez-toc-section\" id=\"Vagas_numeradas\"><\/span><span style=\"font-weight: 400;\">Vagas numeradas<\/span><span class=\"ez-toc-section-end\"><\/span><\/h3>\n<p><span style=\"font-weight: 400;\">Ao contr\u00e1rio do exemplo acima, \u00e9 poss\u00edvel garantir vagas determinadas. Dessa forma, al\u00e9m da unidade aut\u00f4noma &#8211; no caso, o apartamento -, \u00e9 poss\u00edvel tamb\u00e9m adquirir vagas de garagem aut\u00f4nomas e diretamente vinculadas \u00e0 unidade. Neste caso a numera\u00e7\u00e3o \u00e9 determinada e os locais tamb\u00e9m.<\/span><\/p>\n<p><span style=\"font-weight: 400;\">Por\u00e9m, essas vagas pagam o condom\u00ednio e o IPTU separadamente, por exemplo. Tamb\u00e9m podem ter peso diferente nas eventuais vota\u00e7\u00f5es em assembleias, ou seja, com direito a mais votos nas suas propor\u00e7\u00f5es.<\/span><\/p>\n<p><strong>Leia tamb\u00e9m:<\/strong><\/p>\n<p><a href=\"https:\/\/www.auxiliadorapredial.com.br\/blog\/como-fazer-um-abaixo-assinado-no-condominio\/\" target=\"_blank\" rel=\"noopener\">Como fazer um abaixo-assinado no condom\u00ednio?<\/a><\/p>\n<p><a href=\"https:\/\/www.auxiliadorapredial.com.br\/blog\/seguranca-no-trabalho-dos-funcionarios-de-condominio-entenda-tudo-aqui\/\" target=\"_blank\" rel=\"noopener\">Seguran\u00e7a no trabalho dos funcion\u00e1rios de condom\u00ednio: entenda tudo aqui<\/a><\/p>\n<p><a href=\"https:\/\/www.auxiliadorapredial.com.br\/blog\/dia-do-porteiro-historias-de-quem-cuida-protege-e-convive\/\" target=\"_blank\" rel=\"noopener\">Dia do Porteiro: hist\u00f3rias de quem cuida, protege e convive<\/a><\/p>\n<p><a href=\"https:\/\/www.auxiliadorapredial.com.br\/blog\/area-comum-do-condominio-o-que-e-e-quais-sao-as-regras\/\" target=\"_blank\" rel=\"noopener\">\u00c1rea comum do condom\u00ednio: o que \u00e9 e quais s\u00e3o as regras?<\/a><\/p>\n<h2><span class=\"ez-toc-section\" id=\"O_que_nao_pode_fazer_nas_vagas_de_garagem_em_condominio\"><\/span><b>O que<em> n\u00e3o pode<\/em> fazer nas vagas de garagem em condom\u00ednio<\/b><span class=\"ez-toc-section-end\"><\/span><\/h2>\n<h3><span class=\"ez-toc-section\" id=\"1_Usar_a_vaga_para_outros_fins\"><\/span><span style=\"font-weight: 400;\">1. Usar a vaga para outros fins<\/span><span class=\"ez-toc-section-end\"><\/span><\/h3>\n<p><span style=\"font-weight: 400;\">A vaga n\u00e3o deve ser usada para fins diversos que n\u00e3o seja a guarda de ve\u00edculos. Um exemplo \u00e9 utilizar a vaga da garagem como guarda de objetos, quase como um dep\u00f3sito particular abrigando entulhos ou m\u00f3veis.<\/span><\/p>\n<p><span style=\"font-weight: 400;\">Isso n\u00e3o \u00e9 permitido no condom\u00ednio.<\/span><\/p>\n<h3><span class=\"ez-toc-section\" id=\"2_Alugar_ou_ceder_a_vaga_para_terceiros\"><\/span><span style=\"font-weight: 400;\">2. Alugar ou ceder a vaga para terceiros<\/span><span class=\"ez-toc-section-end\"><\/span><\/h3>\n<p><span style=\"font-weight: 400;\">A vaga de garagem tamb\u00e9m n\u00e3o pode ser cedida ou, ent\u00e3o, alugada para estranhos ao condom\u00ednio se a mesma for determinada.<\/span><\/p>\n<p><span style=\"font-weight: 400;\">Ela s\u00f3 deve ser ocupada pelo cond\u00f4mino que adquiriu a vaga aut\u00f4noma.<\/span><\/p>\n<h3><span class=\"ez-toc-section\" id=\"3_Descuido_com_o_estado_do_veiculo\"><\/span><span style=\"font-weight: 400;\">3. Descuido com o estado do ve\u00edculo<\/span><span class=\"ez-toc-section-end\"><\/span><\/h3>\n<p><span style=\"font-weight: 400;\">A forma de cuidado do ve\u00edculo tamb\u00e9m importa e n\u00e3o \u00e9 permitido que ele esteja em condi\u00e7\u00f5es inapropriadas enquanto ocupa a vaga de garagem. Um exemplo \u00e9 se um carro estiver vazando \u00f3leo, por exemplo. Isso tamb\u00e9m n\u00e3o \u00e9 aceito.<\/span><\/p>\n<h3><span class=\"ez-toc-section\" id=\"4_%E2%80%9CInvadir%E2%80%9D_a_vaga_ao_lado\"><\/span><span style=\"font-weight: 400;\">4. \u201cInvadir\u201d a vaga ao lado<\/span><span class=\"ez-toc-section-end\"><\/span><\/h3>\n<p><span style=\"font-weight: 400;\">Na hora de estacionar, \u00e9 preciso que o cond\u00f4mino respeite os limites da sua vaga, deixando o carro em alinhamento central, sem \u201cinvadir\u201d a vaga do vizinho.<\/span><\/p>\n<h3><span class=\"ez-toc-section\" id=\"5_Usar_a_garagem_como_uma_%E2%80%9Coficina_mecanica_particular%E2%80%9D\"><\/span><span style=\"font-weight: 400;\">5. Usar a garagem como uma &#8220;oficina mec\u00e2nica particular&#8221;<\/span><span class=\"ez-toc-section-end\"><\/span><\/h3>\n<p>N\u00e3o \u00e9 permitido que reparos no ve\u00edculo sejam feitos no espa\u00e7o da vaga da garagem. As \u00fanicas exce\u00e7\u00f5es s\u00e3o os pequenos ajustes como trocar o pneu ou, ent\u00e3o, dar carga na bateria, que a\u00ed podem ser feitos no local.<\/p>\n<figure id=\"attachment_8784\" aria-describedby=\"caption-attachment-8784\" style=\"width: 720px\" class=\"wp-caption aligncenter\"><img fetchpriority=\"high\" decoding=\"async\" class=\"wp-image-8784 size-full\" src=\"https:\/\/www.auxiliadorapredial.com.br\/blog\/wp-content\/uploads\/vagas-de-garagem-em-condominio-2.jpg\" alt=\"Vagas de Garagem em Condom\u00ednio | Auxiliadora Predial\" width=\"720\" height=\"1080\" srcset=\"https:\/\/www.auxiliadorapredial.com.br\/blog\/wp-content\/uploads\/vagas-de-garagem-em-condominio-2.jpg 720w, https:\/\/www.auxiliadorapredial.com.br\/blog\/wp-content\/uploads\/vagas-de-garagem-em-condominio-2-200x300.jpg 200w, https:\/\/www.auxiliadorapredial.com.br\/blog\/wp-content\/uploads\/vagas-de-garagem-em-condominio-2-683x1024.jpg 683w\" sizes=\"(max-width: 720px) 100vw, 720px\" \/><figcaption id=\"caption-attachment-8784\" class=\"wp-caption-text\">Estacionar respeitando os limites da vaga \u00e9 essencial para o bom uso do espa\u00e7o<\/figcaption><\/figure>\n<h2><span class=\"ez-toc-section\" id=\"O_que_pode_fazer_nas_vagas_de_garagem_em_condominio\"><\/span><b>O que <em>pode <\/em>fazer nas vagas de garagem em condom\u00ednio<\/b><span class=\"ez-toc-section-end\"><\/span><\/h2>\n<h3><span class=\"ez-toc-section\" id=\"1_Utilizar_a_vaga_para_o_seu_fim_especifico\"><\/span><span style=\"font-weight: 400;\">1. Utilizar a vaga para o seu fim espec\u00edfico<\/span><span class=\"ez-toc-section-end\"><\/span><\/h3>\n<p><span style=\"font-weight: 400;\">\u00c9 permitido &#8211; e obrigat\u00f3rio &#8211; que a vaga de garagem seja usada para o seu fim espec\u00edfico, ou seja, apenas para a guarda de ve\u00edculos &#8211; e nenhuma outra finalidade al\u00e9m dessa.<\/span><\/p>\n<h3><span class=\"ez-toc-section\" id=\"2_Acionar_o_sindico_se_houver_algum_conflito\"><\/span><span style=\"font-weight: 400;\">2. Acionar o s\u00edndico se houver algum conflito<\/span><span class=\"ez-toc-section-end\"><\/span><\/h3>\n<p><span style=\"font-weight: 400;\">Para qualquer tipo de situa\u00e7\u00e3o de conflito envolvendo as vagas da garagem, o (a) <a href=\"https:\/\/www.auxiliadorapredial.com.br\/blog\/portaria-em-condominios\/\">s\u00edndico<\/a> (a) deve ser acionado imediatamente. \u00c9 ele que deve fazer o papel de gestor (a) e mediar a situa\u00e7\u00e3o em busca de uma solu\u00e7\u00e3o.<\/span><\/p>\n<h3><span class=\"ez-toc-section\" id=\"3_Criacao_de_vaga_para_idoso\"><\/span><span style=\"font-weight: 400;\">3. Cria\u00e7\u00e3o de vaga para idoso<\/span><span class=\"ez-toc-section-end\"><\/span><\/h3>\n<p><span style=\"font-weight: 400;\">Apesar de n\u00e3o existir uma Lei de Vaga de Garagem que obrigue condom\u00ednios a providenciar direitos espec\u00edficos para a popula\u00e7\u00e3o idosa no seu uso, \u00e9 permitido que isso aconte\u00e7a.<\/span><\/p>\n<p><span style=\"font-weight: 400;\">Para essa defini\u00e7\u00e3o, \u00e9 preciso aprovar em assembleia que os idosos do pr\u00e9dio tenham prioridade na escolha de vagas indeterminadas, desde que sejam apresentados laudos m\u00e9dicos, recomenda\u00e7\u00e3o m\u00e9dica, entre outros documentos.<\/span><\/p>\n<h3><span class=\"ez-toc-section\" id=\"4_Criacao_de_vaga_para_PcD\"><\/span><span style=\"font-weight: 400;\">4. Cria\u00e7\u00e3o de vaga para PcD<\/span><span class=\"ez-toc-section-end\"><\/span><\/h3>\n<p><span style=\"font-weight: 400;\">Diferente do caso anterior, a lei de vaga de garagem para Pessoa com Defici\u00eancia (PcD) \u00e9 obrigat\u00f3ria: todo condom\u00ednio deve oferecer um n\u00famero m\u00ednimo dessas vagas.\u00a0<\/span><\/p>\n<p><span style=\"font-weight: 400;\">Al\u00e9m disso, o uso \u00e9 rotativo, o que significa que a vaga tamb\u00e9m serve para descarga, al\u00e9m de ser de uso espec\u00edfico deste p\u00fablico.<\/span><\/p>\n<h3><span class=\"ez-toc-section\" id=\"5_Guardar_outros_tipos_de_veiculos\"><\/span><span style=\"font-weight: 400;\">5. Guardar outros tipos de ve\u00edculos<\/span><span class=\"ez-toc-section-end\"><\/span><\/h3>\n<p>Talvez na hora de imaginar o que uma garagem do condom\u00ednio possa armazenar, o primeiro pensamento seja relacionado a ve\u00edculos como um carro, n\u00e3o \u00e9 mesmo?!<\/p>\n<p>No entanto, a lei diz que \u00e9 permitido guardar outros tipos, como barcos, jet skis e motos, por exemplo, desde que o ve\u00edculo tenha mobilidade e possa caber perfeitamente no lugar.<\/p>\n<p><span style=\"font-weight: 400;\">Precisa de ajuda com a gest\u00e3o do condom\u00ednio?<\/span> <a href=\"https:\/\/www.auxiliadorapredial.com.br\/condominios\/servicos-auxiliadora\" target=\"_blank\" rel=\"noopener\"><b>Veja agora<\/b><\/a><span style=\"font-weight: 400;\"> como a Auxiliadora Predial pode resolver a rotina de cond\u00f4minos e s\u00edndicos.<\/span><\/p>\n","protected":false},"excerpt":{"rendered":"<p>Ser\u00e1 que as vagas de garagem em condom\u00ednio s\u00e3o espa\u00e7os livres de regras? Acima de tudo, a verdade \u00e9 que todo espa\u00e7o do condom\u00ednio requer alguma organiza\u00e7\u00e3o. Com a garagem do pr\u00e9dio n\u00e3o \u00e9 diferente e, justamente pelo seu alto fluxo de movimenta\u00e7\u00e3o e uso em geral, as regras s\u00e3o fundamentais.\u00a0 Neste artigo voc\u00ea conhece [&hellip;]<\/p>\n","protected":false},"author":8,"featured_media":12533,"comment_status":"open","ping_status":"open","sticky":false,"template":"","format":"standard","meta":{"footnotes":""},"categories":[308],"tags":[360,359,185,493,112,492,494],"class_list":["post-8777","post","type-post","status-publish","format-standard","has-post-thumbnail","hentry","category-chama-o-sindico","tag-administracao-de-condominio","tag-chama-o-sindico","tag-condominio","tag-garagem","tag-sindico","tag-vaga-de-garagem","tag-vagas-de-garagem-em-condominio"],"yoast_head":"<!-- This site is optimized with the Yoast SEO plugin v27.3 - https:\/\/yoast.com\/product\/yoast-seo-wordpress\/ -->\n<title>Vagas de garagem em condom\u00ednio: o que pode e n\u00e3o pode ser feito?<\/title>\n<meta name=\"description\" content=\"Guia com dicas completas para s\u00edndicos e cond\u00f4minos dominarem as regras e proibi\u00e7\u00f5es envolvidas no uso das vagas de garagem em condom\u00ednio.\" \/>\n<meta name=\"robots\" content=\"index, follow, max-snippet:-1, max-image-preview:large, max-video-preview:-1\" \/>\n<link rel=\"canonical\" href=\"https:\/\/www.auxiliadorapredial.com.br\/blog\/vagas-de-garagem-em-condominio-o-que-pode-e-nao-pode-ser-feito\/\" \/>\n<meta property=\"og:locale\" content=\"pt_BR\" \/>\n<meta property=\"og:type\" content=\"article\" \/>\n<meta property=\"og:title\" content=\"Vagas de garagem em condom\u00ednio: o que pode e n\u00e3o pode ser feito?\" \/>\n<meta property=\"og:description\" content=\"Guia com dicas completas para s\u00edndicos e cond\u00f4minos dominarem as regras e proibi\u00e7\u00f5es envolvidas no uso das vagas de garagem em condom\u00ednio.\" \/>\n<meta property=\"og:url\" content=\"https:\/\/www.auxiliadorapredial.com.br\/blog\/vagas-de-garagem-em-condominio-o-que-pode-e-nao-pode-ser-feito\/\" \/>\n<meta property=\"og:site_name\" content=\"Blog da Auxiliadora Predial - Tudo sobre im\u00f3veis e condom\u00ednios\" \/>\n<meta property=\"article:published_time\" content=\"2022-06-17T22:05:34+00:00\" \/>\n<meta property=\"article:modified_time\" content=\"2024-08-22T16:10:12+00:00\" \/>\n<meta property=\"og:image\" content=\"https:\/\/www.auxiliadorapredial.com.br\/blog\/wp-content\/uploads\/vagas-de-garagem-em-condominio.webp\" \/>\n\t<meta property=\"og:image:width\" content=\"1620\" \/>\n\t<meta property=\"og:image:height\" content=\"1080\" \/>\n\t<meta property=\"og:image:type\" content=\"image\/webp\" \/>\n<meta name=\"author\" content=\"Auxiliadora Predial\" \/>\n<meta name=\"twitter:card\" content=\"summary_large_image\" \/>\n<meta name=\"twitter:label1\" content=\"Escrito por\" \/>\n\t<meta name=\"twitter:data1\" content=\"Auxiliadora Predial\" \/>\n\t<meta name=\"twitter:label2\" content=\"Est. tempo de leitura\" \/>\n\t<meta name=\"twitter:data2\" content=\"6 minutos\" \/>\n<script type=\"application\/ld+json\" class=\"yoast-schema-graph\">{\"@context\":\"https:\\\/\\\/schema.org\",\"@graph\":[{\"@type\":\"Article\",\"@id\":\"https:\\\/\\\/www.auxiliadorapredial.com.br\\\/blog\\\/vagas-de-garagem-em-condominio-o-que-pode-e-nao-pode-ser-feito\\\/#article\",\"isPartOf\":{\"@id\":\"https:\\\/\\\/www.auxiliadorapredial.com.br\\\/blog\\\/vagas-de-garagem-em-condominio-o-que-pode-e-nao-pode-ser-feito\\\/\"},\"author\":{\"name\":\"Auxiliadora Predial\",\"@id\":\"https:\\\/\\\/www.auxiliadorapredial.com.br\\\/blog\\\/#\\\/schema\\\/person\\\/6f18fc59c4e49f77084c0b79db558b94\"},\"headline\":\"Vagas de garagem em condom\u00ednio: o que pode e n\u00e3o pode ser feito?\",\"datePublished\":\"2022-06-17T22:05:34+00:00\",\"dateModified\":\"2024-08-22T16:10:12+00:00\",\"mainEntityOfPage\":{\"@id\":\"https:\\\/\\\/www.auxiliadorapredial.com.br\\\/blog\\\/vagas-de-garagem-em-condominio-o-que-pode-e-nao-pode-ser-feito\\\/\"},\"wordCount\":1008,\"commentCount\":0,\"image\":{\"@id\":\"https:\\\/\\\/www.auxiliadorapredial.com.br\\\/blog\\\/vagas-de-garagem-em-condominio-o-que-pode-e-nao-pode-ser-feito\\\/#primaryimage\"},\"thumbnailUrl\":\"https:\\\/\\\/www.auxiliadorapredial.com.br\\\/blog\\\/wp-content\\\/uploads\\\/vagas-de-garagem-em-condominio.webp\",\"keywords\":[\"administra\u00e7\u00e3o de condom\u00ednio\",\"chama o s\u00edndico\",\"condom\u00ednio\",\"garagem\",\"s\u00edndico\",\"vaga de garagem\",\"vagas de garagem em condom\u00ednio\"],\"articleSection\":[\"Chama o S\u00edndico\"],\"inLanguage\":\"pt-BR\",\"potentialAction\":[{\"@type\":\"CommentAction\",\"name\":\"Comment\",\"target\":[\"https:\\\/\\\/www.auxiliadorapredial.com.br\\\/blog\\\/vagas-de-garagem-em-condominio-o-que-pode-e-nao-pode-ser-feito\\\/#respond\"]}]},{\"@type\":\"WebPage\",\"@id\":\"https:\\\/\\\/www.auxiliadorapredial.com.br\\\/blog\\\/vagas-de-garagem-em-condominio-o-que-pode-e-nao-pode-ser-feito\\\/\",\"url\":\"https:\\\/\\\/www.auxiliadorapredial.com.br\\\/blog\\\/vagas-de-garagem-em-condominio-o-que-pode-e-nao-pode-ser-feito\\\/\",\"name\":\"Vagas de garagem em condom\u00ednio: o que pode e n\u00e3o pode ser feito?\",\"isPartOf\":{\"@id\":\"https:\\\/\\\/www.auxiliadorapredial.com.br\\\/blog\\\/#website\"},\"primaryImageOfPage\":{\"@id\":\"https:\\\/\\\/www.auxiliadorapredial.com.br\\\/blog\\\/vagas-de-garagem-em-condominio-o-que-pode-e-nao-pode-ser-feito\\\/#primaryimage\"},\"image\":{\"@id\":\"https:\\\/\\\/www.auxiliadorapredial.com.br\\\/blog\\\/vagas-de-garagem-em-condominio-o-que-pode-e-nao-pode-ser-feito\\\/#primaryimage\"},\"thumbnailUrl\":\"https:\\\/\\\/www.auxiliadorapredial.com.br\\\/blog\\\/wp-content\\\/uploads\\\/vagas-de-garagem-em-condominio.webp\",\"datePublished\":\"2022-06-17T22:05:34+00:00\",\"dateModified\":\"2024-08-22T16:10:12+00:00\",\"author\":{\"@id\":\"https:\\\/\\\/www.auxiliadorapredial.com.br\\\/blog\\\/#\\\/schema\\\/person\\\/6f18fc59c4e49f77084c0b79db558b94\"},\"description\":\"Guia com dicas completas para s\u00edndicos e cond\u00f4minos dominarem as regras e proibi\u00e7\u00f5es envolvidas no uso das vagas de garagem em condom\u00ednio.\",\"inLanguage\":\"pt-BR\",\"potentialAction\":[{\"@type\":\"ReadAction\",\"target\":[\"https:\\\/\\\/www.auxiliadorapredial.com.br\\\/blog\\\/vagas-de-garagem-em-condominio-o-que-pode-e-nao-pode-ser-feito\\\/\"]}]},{\"@type\":\"ImageObject\",\"inLanguage\":\"pt-BR\",\"@id\":\"https:\\\/\\\/www.auxiliadorapredial.com.br\\\/blog\\\/vagas-de-garagem-em-condominio-o-que-pode-e-nao-pode-ser-feito\\\/#primaryimage\",\"url\":\"https:\\\/\\\/www.auxiliadorapredial.com.br\\\/blog\\\/wp-content\\\/uploads\\\/vagas-de-garagem-em-condominio.webp\",\"contentUrl\":\"https:\\\/\\\/www.auxiliadorapredial.com.br\\\/blog\\\/wp-content\\\/uploads\\\/vagas-de-garagem-em-condominio.webp\",\"width\":1620,\"height\":1080,\"caption\":\"Vagas de garagem em condom\u00ednio: o que pode e n\u00e3o pode ser feito?\"},{\"@type\":\"WebSite\",\"@id\":\"https:\\\/\\\/www.auxiliadorapredial.com.br\\\/blog\\\/#website\",\"url\":\"https:\\\/\\\/www.auxiliadorapredial.com.br\\\/blog\\\/\",\"name\":\"Blog da Auxiliadora Predial - Tudo sobre im\u00f3veis e condom\u00ednios\",\"description\":\"Dicas da Auxiliadora Predial sobre aluguel, compra e venda de im\u00f3veis, al\u00e9m de condom\u00ednios. Imobili\u00e1ria em Porto Alegre e interior do RS, Santa Catarina e S\u00e3o Paulo.\",\"potentialAction\":[{\"@type\":\"SearchAction\",\"target\":{\"@type\":\"EntryPoint\",\"urlTemplate\":\"https:\\\/\\\/www.auxiliadorapredial.com.br\\\/blog\\\/?s={search_term_string}\"},\"query-input\":{\"@type\":\"PropertyValueSpecification\",\"valueRequired\":true,\"valueName\":\"search_term_string\"}}],\"inLanguage\":\"pt-BR\"},{\"@type\":\"Person\",\"@id\":\"https:\\\/\\\/www.auxiliadorapredial.com.br\\\/blog\\\/#\\\/schema\\\/person\\\/6f18fc59c4e49f77084c0b79db558b94\",\"name\":\"Auxiliadora Predial\",\"image\":{\"@type\":\"ImageObject\",\"inLanguage\":\"pt-BR\",\"@id\":\"https:\\\/\\\/secure.gravatar.com\\\/avatar\\\/35e2e024be01cb7ad8d58228a0e85f870bdc4fcffc251c71ad386ea38ee05234?s=96&d=mm&r=g\",\"url\":\"https:\\\/\\\/secure.gravatar.com\\\/avatar\\\/35e2e024be01cb7ad8d58228a0e85f870bdc4fcffc251c71ad386ea38ee05234?s=96&d=mm&r=g\",\"contentUrl\":\"https:\\\/\\\/secure.gravatar.com\\\/avatar\\\/35e2e024be01cb7ad8d58228a0e85f870bdc4fcffc251c71ad386ea38ee05234?s=96&d=mm&r=g\",\"caption\":\"Auxiliadora Predial\"},\"sameAs\":[\"https:\\\/\\\/www.auxiliadorapredial.com.br\\\/\"]}]}<\/script>\n<!-- \/ Yoast SEO plugin. -->","yoast_head_json":{"title":"Vagas de garagem em condom\u00ednio: o que pode e n\u00e3o pode ser feito?","description":"Guia com dicas completas para s\u00edndicos e cond\u00f4minos dominarem as regras e proibi\u00e7\u00f5es envolvidas no uso das vagas de garagem em condom\u00ednio.","robots":{"index":"index","follow":"follow","max-snippet":"max-snippet:-1","max-image-preview":"max-image-preview:large","max-video-preview":"max-video-preview:-1"},"canonical":"https:\/\/www.auxiliadorapredial.com.br\/blog\/vagas-de-garagem-em-condominio-o-que-pode-e-nao-pode-ser-feito\/","og_locale":"pt_BR","og_type":"article","og_title":"Vagas de garagem em condom\u00ednio: o que pode e n\u00e3o pode ser feito?","og_description":"Guia com dicas completas para s\u00edndicos e cond\u00f4minos dominarem as regras e proibi\u00e7\u00f5es envolvidas no uso das vagas de garagem em condom\u00ednio.","og_url":"https:\/\/www.auxiliadorapredial.com.br\/blog\/vagas-de-garagem-em-condominio-o-que-pode-e-nao-pode-ser-feito\/","og_site_name":"Blog da Auxiliadora Predial - Tudo sobre im\u00f3veis e condom\u00ednios","article_published_time":"2022-06-17T22:05:34+00:00","article_modified_time":"2024-08-22T16:10:12+00:00","og_image":[{"width":1620,"height":1080,"url":"https:\/\/www.auxiliadorapredial.com.br\/blog\/wp-content\/uploads\/vagas-de-garagem-em-condominio.webp","type":"image\/webp"}],"author":"Auxiliadora Predial","twitter_card":"summary_large_image","twitter_misc":{"Escrito por":"Auxiliadora Predial","Est. tempo de leitura":"6 minutos"},"schema":{"@context":"https:\/\/schema.org","@graph":[{"@type":"Article","@id":"https:\/\/www.auxiliadorapredial.com.br\/blog\/vagas-de-garagem-em-condominio-o-que-pode-e-nao-pode-ser-feito\/#article","isPartOf":{"@id":"https:\/\/www.auxiliadorapredial.com.br\/blog\/vagas-de-garagem-em-condominio-o-que-pode-e-nao-pode-ser-feito\/"},"author":{"name":"Auxiliadora Predial","@id":"https:\/\/www.auxiliadorapredial.com.br\/blog\/#\/schema\/person\/6f18fc59c4e49f77084c0b79db558b94"},"headline":"Vagas de garagem em condom\u00ednio: o que pode e n\u00e3o pode ser feito?","datePublished":"2022-06-17T22:05:34+00:00","dateModified":"2024-08-22T16:10:12+00:00","mainEntityOfPage":{"@id":"https:\/\/www.auxiliadorapredial.com.br\/blog\/vagas-de-garagem-em-condominio-o-que-pode-e-nao-pode-ser-feito\/"},"wordCount":1008,"commentCount":0,"image":{"@id":"https:\/\/www.auxiliadorapredial.com.br\/blog\/vagas-de-garagem-em-condominio-o-que-pode-e-nao-pode-ser-feito\/#primaryimage"},"thumbnailUrl":"https:\/\/www.auxiliadorapredial.com.br\/blog\/wp-content\/uploads\/vagas-de-garagem-em-condominio.webp","keywords":["administra\u00e7\u00e3o de condom\u00ednio","chama o s\u00edndico","condom\u00ednio","garagem","s\u00edndico","vaga de garagem","vagas de garagem em condom\u00ednio"],"articleSection":["Chama o S\u00edndico"],"inLanguage":"pt-BR","potentialAction":[{"@type":"CommentAction","name":"Comment","target":["https:\/\/www.auxiliadorapredial.com.br\/blog\/vagas-de-garagem-em-condominio-o-que-pode-e-nao-pode-ser-feito\/#respond"]}]},{"@type":"WebPage","@id":"https:\/\/www.auxiliadorapredial.com.br\/blog\/vagas-de-garagem-em-condominio-o-que-pode-e-nao-pode-ser-feito\/","url":"https:\/\/www.auxiliadorapredial.com.br\/blog\/vagas-de-garagem-em-condominio-o-que-pode-e-nao-pode-ser-feito\/","name":"Vagas de garagem em condom\u00ednio: o que pode e n\u00e3o pode ser feito?","isPartOf":{"@id":"https:\/\/www.auxiliadorapredial.com.br\/blog\/#website"},"primaryImageOfPage":{"@id":"https:\/\/www.auxiliadorapredial.com.br\/blog\/vagas-de-garagem-em-condominio-o-que-pode-e-nao-pode-ser-feito\/#primaryimage"},"image":{"@id":"https:\/\/www.auxiliadorapredial.com.br\/blog\/vagas-de-garagem-em-condominio-o-que-pode-e-nao-pode-ser-feito\/#primaryimage"},"thumbnailUrl":"https:\/\/www.auxiliadorapredial.com.br\/blog\/wp-content\/uploads\/vagas-de-garagem-em-condominio.webp","datePublished":"2022-06-17T22:05:34+00:00","dateModified":"2024-08-22T16:10:12+00:00","author":{"@id":"https:\/\/www.auxiliadorapredial.com.br\/blog\/#\/schema\/person\/6f18fc59c4e49f77084c0b79db558b94"},"description":"Guia com dicas completas para s\u00edndicos e cond\u00f4minos dominarem as regras e proibi\u00e7\u00f5es envolvidas no uso das vagas de garagem em condom\u00ednio.","inLanguage":"pt-BR","potentialAction":[{"@type":"ReadAction","target":["https:\/\/www.auxiliadorapredial.com.br\/blog\/vagas-de-garagem-em-condominio-o-que-pode-e-nao-pode-ser-feito\/"]}]},{"@type":"ImageObject","inLanguage":"pt-BR","@id":"https:\/\/www.auxiliadorapredial.com.br\/blog\/vagas-de-garagem-em-condominio-o-que-pode-e-nao-pode-ser-feito\/#primaryimage","url":"https:\/\/www.auxiliadorapredial.com.br\/blog\/wp-content\/uploads\/vagas-de-garagem-em-condominio.webp","contentUrl":"https:\/\/www.auxiliadorapredial.com.br\/blog\/wp-content\/uploads\/vagas-de-garagem-em-condominio.webp","width":1620,"height":1080,"caption":"Vagas de garagem em condom\u00ednio: o que pode e n\u00e3o pode ser feito?"},{"@type":"WebSite","@id":"https:\/\/www.auxiliadorapredial.com.br\/blog\/#website","url":"https:\/\/www.auxiliadorapredial.com.br\/blog\/","name":"Blog da Auxiliadora Predial - Tudo sobre im\u00f3veis e condom\u00ednios","description":"Dicas da Auxiliadora Predial sobre aluguel, compra e venda de im\u00f3veis, al\u00e9m de condom\u00ednios. Imobili\u00e1ria em Porto Alegre e interior do RS, Santa Catarina e S\u00e3o Paulo.","potentialAction":[{"@type":"SearchAction","target":{"@type":"EntryPoint","urlTemplate":"https:\/\/www.auxiliadorapredial.com.br\/blog\/?s={search_term_string}"},"query-input":{"@type":"PropertyValueSpecification","valueRequired":true,"valueName":"search_term_string"}}],"inLanguage":"pt-BR"},{"@type":"Person","@id":"https:\/\/www.auxiliadorapredial.com.br\/blog\/#\/schema\/person\/6f18fc59c4e49f77084c0b79db558b94","name":"Auxiliadora Predial","image":{"@type":"ImageObject","inLanguage":"pt-BR","@id":"https:\/\/secure.gravatar.com\/avatar\/35e2e024be01cb7ad8d58228a0e85f870bdc4fcffc251c71ad386ea38ee05234?s=96&d=mm&r=g","url":"https:\/\/secure.gravatar.com\/avatar\/35e2e024be01cb7ad8d58228a0e85f870bdc4fcffc251c71ad386ea38ee05234?s=96&d=mm&r=g","contentUrl":"https:\/\/secure.gravatar.com\/avatar\/35e2e024be01cb7ad8d58228a0e85f870bdc4fcffc251c71ad386ea38ee05234?s=96&d=mm&r=g","caption":"Auxiliadora Predial"},"sameAs":["https:\/\/www.auxiliadorapredial.com.br\/"]}]}},"views":10401,"_links":{"self":[{"href":"https:\/\/www.auxiliadorapredial.com.br\/blog\/wp-json\/wp\/v2\/posts\/8777","targetHints":{"allow":["GET"]}}],"collection":[{"href":"https:\/\/www.auxiliadorapredial.com.br\/blog\/wp-json\/wp\/v2\/posts"}],"about":[{"href":"https:\/\/www.auxiliadorapredial.com.br\/blog\/wp-json\/wp\/v2\/types\/post"}],"author":[{"embeddable":true,"href":"https:\/\/www.auxiliadorapredial.com.br\/blog\/wp-json\/wp\/v2\/users\/8"}],"replies":[{"embeddable":true,"href":"https:\/\/www.auxiliadorapredial.com.br\/blog\/wp-json\/wp\/v2\/comments?post=8777"}],"version-history":[{"count":12,"href":"https:\/\/www.auxiliadorapredial.com.br\/blog\/wp-json\/wp\/v2\/posts\/8777\/revisions"}],"predecessor-version":[{"id":14980,"href":"https:\/\/www.auxiliadorapredial.com.br\/blog\/wp-json\/wp\/v2\/posts\/8777\/revisions\/14980"}],"wp:featuredmedia":[{"embeddable":true,"href":"https:\/\/www.auxiliadorapredial.com.br\/blog\/wp-json\/wp\/v2\/media\/12533"}],"wp:attachment":[{"href":"https:\/\/www.auxiliadorapredial.com.br\/blog\/wp-json\/wp\/v2\/media?parent=8777"}],"wp:term":[{"taxonomy":"category","embeddable":true,"href":"https:\/\/www.auxiliadorapredial.com.br\/blog\/wp-json\/wp\/v2\/categories?post=8777"},{"taxonomy":"post_tag","embeddable":true,"href":"https:\/\/www.auxiliadorapredial.com.br\/blog\/wp-json\/wp\/v2\/tags?post=8777"}],"curies":[{"name":"wp","href":"https:\/\/api.w.org\/{rel}","templated":true}]}}